{"id":1491,"date":"2023-04-12T12:39:51","date_gmt":"2023-04-12T11:39:51","guid":{"rendered":"https:\/\/www.praha14.cz\/ctrnactka-podle-vas\/?p=1491"},"modified":"2023-04-12T12:40:17","modified_gmt":"2023-04-12T11:40:17","slug":"plecharensky-vnitrni-skejtovy-park-slavnostne-otevren","status":"publish","type":"post","link":"https:\/\/www.praha14.cz\/ctrnactka-podle-vas\/2023\/04\/12\/plecharensky-vnitrni-skejtovy-park-slavnostne-otevren\/","title":{"rendered":"Plech\u00e1rensk\u00fd vnit\u0159n\u00ed skatepark slavnostn\u011b otev\u0159en"},"content":{"rendered":"<p>V sobotu 11. b\u0159ezna 2023 se slavnostn\u011b otev\u0159el zrekonstruovan\u00fd vnit\u0159n\u00ed skatepark na Plech\u00e1rn\u011b, jeho\u017e p\u0159ek\u00e1\u017eky byly renovov\u00e1ny v r\u00e1mci 3. ro\u010dn\u00edku participativn\u00edho rozpo\u010dtu \u010ctrn\u00e1ctka podle v\u00e1s.<\/p>\n\n\t\t<style type=\"text\/css\">\n\t\t\t#gallery-1 {\n\t\t\t\tmargin: auto;\n\t\t\t}\n\t\t\t#gallery-1 .gallery-item {\n\t\t\t\tfloat: left;\n\t\t\t\tmargin-top: 10px;\n\t\t\t\ttext-align: center;\n\t\t\t\twidth: 20%;\n\t\t\t}\n\t\t\t#gallery-1 img {\n\t\t\t\tborder: 2px solid #cfcfcf;\n\t\t\t}\n\t\t\t#gallery-1 .gallery-caption {\n\t\t\t\tmargin-left: 0;\n\t\t\t}\n\t\t\t\/* see gallery_shortcode() in wp-includes\/media.php *\/\n\t\t<\/style>\n\t\t<div id='gallery-1' class='gallery galleryid-1491 gallery-columns-5 gallery-size-thumbnail'><dl class='gallery-item'>\n\t\t\t<dt class='gallery-icon landscape'>\n\t\t\t\t<a rel=\"galleryInfomapa\" class=\"thickbox no_icon rl-gallery-link\"  href='https:\/\/www.praha14.cz\/app\/uploads\/sites\/5\/2023\/04\/DSCF1445-2-scaled.jpg' title=\"\" data-rl_title=\"\" data-rl_caption=\"\" data-rel=\"lightbox-gallery-1\"><img loading=\"lazy\" decoding=\"async\" width=\"150\" height=\"150\" src=\"https:\/\/www.praha14.cz\/app\/uploads\/sites\/5\/2023\/04\/DSCF1445-2-150x150.jpg\" class=\"attachment-thumbnail size-thumbnail\" alt=\"DSCF1445-2\" \/><\/a>\n\t\t\t<\/dt><\/dl><dl class='gallery-item'>\n\t\t\t<dt class='gallery-icon portrait'>\n\t\t\t\t<a rel=\"galleryInfomapa\" class=\"thickbox no_icon rl-gallery-link\"  href='https:\/\/www.praha14.cz\/app\/uploads\/sites\/5\/2023\/04\/DSCF1433-1.jpg' title=\"\" data-rl_title=\"\" data-rl_caption=\"\" data-rel=\"lightbox-gallery-1\"><img loading=\"lazy\" decoding=\"async\" width=\"150\" height=\"150\" src=\"https:\/\/www.praha14.cz\/app\/uploads\/sites\/5\/2023\/04\/DSCF1433-1-150x150.jpg\" class=\"attachment-thumbnail size-thumbnail\" alt=\"DSCF1433\" \/><\/a>\n\t\t\t<\/dt><\/dl><dl class='gallery-item'>\n\t\t\t<dt class='gallery-icon landscape'>\n\t\t\t\t<a rel=\"galleryInfomapa\" class=\"thickbox no_icon rl-gallery-link\"  href='https:\/\/www.praha14.cz\/app\/uploads\/sites\/5\/2023\/04\/DSCF1438-1.jpg' title=\"\" data-rl_title=\"\" data-rl_caption=\"\" data-rel=\"lightbox-gallery-1\"><img loading=\"lazy\" decoding=\"async\" width=\"150\" height=\"150\" src=\"https:\/\/www.praha14.cz\/app\/uploads\/sites\/5\/2023\/04\/DSCF1438-1-150x150.jpg\" class=\"attachment-thumbnail size-thumbnail\" alt=\"DSCF1438\" \/><\/a>\n\t\t\t<\/dt><\/dl><dl class='gallery-item'>\n\t\t\t<dt class='gallery-icon portrait'>\n\t\t\t\t<a rel=\"galleryInfomapa\" class=\"thickbox no_icon rl-gallery-link\"  href='https:\/\/www.praha14.cz\/app\/uploads\/sites\/5\/2023\/04\/DSCF1441-1.jpg' title=\"\" data-rl_title=\"\" data-rl_caption=\"\" data-rel=\"lightbox-gallery-1\"><img loading=\"lazy\" decoding=\"async\" width=\"150\" height=\"150\" src=\"https:\/\/www.praha14.cz\/app\/uploads\/sites\/5\/2023\/04\/DSCF1441-1-150x150.jpg\" class=\"attachment-thumbnail size-thumbnail\" alt=\"DSCF1441\" \/><\/a>\n\t\t\t<\/dt><\/dl><dl class='gallery-item'>\n\t\t\t<dt class='gallery-icon landscape'>\n\t\t\t\t<a rel=\"galleryInfomapa\" class=\"thickbox no_icon rl-gallery-link\"  href='https:\/\/www.praha14.cz\/app\/uploads\/sites\/5\/2023\/04\/DSCF1445-1.jpg' title=\"\" data-rl_title=\"\" data-rl_caption=\"\" data-rel=\"lightbox-gallery-1\"><img loading=\"lazy\" decoding=\"async\" width=\"150\" height=\"150\" src=\"https:\/\/www.praha14.cz\/app\/uploads\/sites\/5\/2023\/04\/DSCF1445-1-150x150.jpg\" class=\"attachment-thumbnail size-thumbnail\" alt=\"DSCF1445\" \/><\/a>\n\t\t\t<\/dt><\/dl><br style=\"clear: both\" \/><dl class='gallery-item'>\n\t\t\t<dt class='gallery-icon landscape'>\n\t\t\t\t<a rel=\"galleryInfomapa\" class=\"thickbox no_icon rl-gallery-link\"  href='https:\/\/www.praha14.cz\/app\/uploads\/sites\/5\/2023\/04\/DSCF1475-1.jpg' title=\"\" data-rl_title=\"\" data-rl_caption=\"\" data-rel=\"lightbox-gallery-1\"><img loading=\"lazy\" decoding=\"async\" width=\"150\" height=\"150\" src=\"https:\/\/www.praha14.cz\/app\/uploads\/sites\/5\/2023\/04\/DSCF1475-1-150x150.jpg\" class=\"attachment-thumbnail size-thumbnail\" alt=\"DSCF1475\" \/><\/a>\n\t\t\t<\/dt><\/dl><dl class='gallery-item'>\n\t\t\t<dt class='gallery-icon portrait'>\n\t\t\t\t<a rel=\"galleryInfomapa\" class=\"thickbox no_icon rl-gallery-link\"  href='https:\/\/www.praha14.cz\/app\/uploads\/sites\/5\/2023\/04\/DSCF1488-1.jpg' title=\"\" data-rl_title=\"\" data-rl_caption=\"\" data-rel=\"lightbox-gallery-1\"><img loading=\"lazy\" decoding=\"async\" width=\"150\" height=\"150\" src=\"https:\/\/www.praha14.cz\/app\/uploads\/sites\/5\/2023\/04\/DSCF1488-1-150x150.jpg\" class=\"attachment-thumbnail size-thumbnail\" alt=\"DSCF1488\" \/><\/a>\n\t\t\t<\/dt><\/dl><dl class='gallery-item'>\n\t\t\t<dt class='gallery-icon landscape'>\n\t\t\t\t<a rel=\"galleryInfomapa\" class=\"thickbox no_icon rl-gallery-link\"  href='https:\/\/www.praha14.cz\/app\/uploads\/sites\/5\/2023\/04\/DSCF1493-1.jpg' title=\"\" data-rl_title=\"\" data-rl_caption=\"\" data-rel=\"lightbox-gallery-1\"><img loading=\"lazy\" decoding=\"async\" width=\"150\" height=\"150\" src=\"https:\/\/www.praha14.cz\/app\/uploads\/sites\/5\/2023\/04\/DSCF1493-1-150x150.jpg\" class=\"attachment-thumbnail size-thumbnail\" alt=\"DSCF1493\" \/><\/a>\n\t\t\t<\/dt><\/dl><dl class='gallery-item'>\n\t\t\t<dt class='gallery-icon landscape'>\n\t\t\t\t<a rel=\"galleryInfomapa\" class=\"thickbox no_icon rl-gallery-link\"  href='https:\/\/www.praha14.cz\/app\/uploads\/sites\/5\/2023\/04\/DSCF1495-1.jpg' title=\"\" data-rl_title=\"\" data-rl_caption=\"\" data-rel=\"lightbox-gallery-1\"><img loading=\"lazy\" decoding=\"async\" width=\"150\" height=\"150\" src=\"https:\/\/www.praha14.cz\/app\/uploads\/sites\/5\/2023\/04\/DSCF1495-1-150x150.jpg\" class=\"attachment-thumbnail size-thumbnail\" alt=\"DSCF1495\" \/><\/a>\n\t\t\t<\/dt><\/dl><dl class='gallery-item'>\n\t\t\t<dt class='gallery-icon landscape'>\n\t\t\t\t<a rel=\"galleryInfomapa\" class=\"thickbox no_icon rl-gallery-link\"  href='https:\/\/www.praha14.cz\/app\/uploads\/sites\/5\/2023\/04\/DSCF1498-1.jpg' title=\"\" data-rl_title=\"\" data-rl_caption=\"\" data-rel=\"lightbox-gallery-1\"><img loading=\"lazy\" decoding=\"async\" width=\"150\" height=\"150\" src=\"https:\/\/www.praha14.cz\/app\/uploads\/sites\/5\/2023\/04\/DSCF1498-1-150x150.jpg\" class=\"attachment-thumbnail size-thumbnail\" alt=\"DSCF1498\" \/><\/a>\n\t\t\t<\/dt><\/dl><br style=\"clear: both\" \/><dl class='gallery-item'>\n\t\t\t<dt class='gallery-icon portrait'>\n\t\t\t\t<a rel=\"galleryInfomapa\" class=\"thickbox no_icon rl-gallery-link\"  href='https:\/\/www.praha14.cz\/app\/uploads\/sites\/5\/2023\/04\/DSCF1500-1.jpg' title=\"\" data-rl_title=\"\" data-rl_caption=\"\" data-rel=\"lightbox-gallery-1\"><img loading=\"lazy\" decoding=\"async\" width=\"150\" height=\"150\" src=\"https:\/\/www.praha14.cz\/app\/uploads\/sites\/5\/2023\/04\/DSCF1500-1-150x150.jpg\" class=\"attachment-thumbnail size-thumbnail\" alt=\"DSCF1500\" \/><\/a>\n\t\t\t<\/dt><\/dl><dl class='gallery-item'>\n\t\t\t<dt class='gallery-icon portrait'>\n\t\t\t\t<a rel=\"galleryInfomapa\" class=\"thickbox no_icon rl-gallery-link\"  href='https:\/\/www.praha14.cz\/app\/uploads\/sites\/5\/2023\/04\/DSCF1524-1.jpg' title=\"\" data-rl_title=\"\" data-rl_caption=\"\" data-rel=\"lightbox-gallery-1\"><img loading=\"lazy\" decoding=\"async\" width=\"150\" height=\"150\" src=\"https:\/\/www.praha14.cz\/app\/uploads\/sites\/5\/2023\/04\/DSCF1524-1-150x150.jpg\" class=\"attachment-thumbnail size-thumbnail\" alt=\"DSCF1524\" \/><\/a>\n\t\t\t<\/dt><\/dl><dl class='gallery-item'>\n\t\t\t<dt class='gallery-icon landscape'>\n\t\t\t\t<a rel=\"galleryInfomapa\" class=\"thickbox no_icon rl-gallery-link\"  href='https:\/\/www.praha14.cz\/app\/uploads\/sites\/5\/2023\/04\/DSCF1532-1.jpg' title=\"\" data-rl_title=\"\" data-rl_caption=\"\" data-rel=\"lightbox-gallery-1\"><img loading=\"lazy\" decoding=\"async\" width=\"150\" height=\"150\" src=\"https:\/\/www.praha14.cz\/app\/uploads\/sites\/5\/2023\/04\/DSCF1532-1-150x150.jpg\" class=\"attachment-thumbnail size-thumbnail\" alt=\"DSCF1532\" \/><\/a>\n\t\t\t<\/dt><\/dl><dl class='gallery-item'>\n\t\t\t<dt class='gallery-icon landscape'>\n\t\t\t\t<a rel=\"galleryInfomapa\" class=\"thickbox no_icon rl-gallery-link\"  href='https:\/\/www.praha14.cz\/app\/uploads\/sites\/5\/2023\/04\/DSCF1536-1.jpg' title=\"\" data-rl_title=\"\" data-rl_caption=\"\" data-rel=\"lightbox-gallery-1\"><img loading=\"lazy\" decoding=\"async\" width=\"150\" height=\"150\" src=\"https:\/\/www.praha14.cz\/app\/uploads\/sites\/5\/2023\/04\/DSCF1536-1-150x150.jpg\" class=\"attachment-thumbnail size-thumbnail\" alt=\"DSCF1536\" \/><\/a>\n\t\t\t<\/dt><\/dl><dl class='gallery-item'>\n\t\t\t<dt class='gallery-icon landscape'>\n\t\t\t\t<a rel=\"galleryInfomapa\" class=\"thickbox no_icon rl-gallery-link\"  href='https:\/\/www.praha14.cz\/app\/uploads\/sites\/5\/2023\/04\/DSCF1545.jpg' title=\"\" data-rl_title=\"\" data-rl_caption=\"\" data-rel=\"lightbox-gallery-1\"><img loading=\"lazy\" decoding=\"async\" width=\"150\" height=\"150\" src=\"https:\/\/www.praha14.cz\/app\/uploads\/sites\/5\/2023\/04\/DSCF1545-150x150.jpg\" class=\"attachment-thumbnail size-thumbnail\" alt=\"DSCF1545\" \/><\/a>\n\t\t\t<\/dt><\/dl><br style=\"clear: both\" \/><dl class='gallery-item'>\n\t\t\t<dt class='gallery-icon landscape'>\n\t\t\t\t<a rel=\"galleryInfomapa\" class=\"thickbox no_icon rl-gallery-link\"  href='https:\/\/www.praha14.cz\/app\/uploads\/sites\/5\/2023\/04\/DSCF1547.jpg' title=\"\" data-rl_title=\"\" data-rl_caption=\"\" data-rel=\"lightbox-gallery-1\"><img loading=\"lazy\" decoding=\"async\" width=\"150\" height=\"150\" src=\"https:\/\/www.praha14.cz\/app\/uploads\/sites\/5\/2023\/04\/DSCF1547-150x150.jpg\" class=\"attachment-thumbnail size-thumbnail\" alt=\"DSCF1547\" \/><\/a>\n\t\t\t<\/dt><\/dl><dl class='gallery-item'>\n\t\t\t<dt class='gallery-icon landscape'>\n\t\t\t\t<a rel=\"galleryInfomapa\" class=\"thickbox no_icon rl-gallery-link\"  href='https:\/\/www.praha14.cz\/app\/uploads\/sites\/5\/2023\/04\/DSCF1559.jpg' title=\"\" data-rl_title=\"\" data-rl_caption=\"\" data-rel=\"lightbox-gallery-1\"><img loading=\"lazy\" decoding=\"async\" width=\"150\" height=\"150\" src=\"https:\/\/www.praha14.cz\/app\/uploads\/sites\/5\/2023\/04\/DSCF1559-150x150.jpg\" class=\"attachment-thumbnail size-thumbnail\" alt=\"DSCF1559\" \/><\/a>\n\t\t\t<\/dt><\/dl><dl class='gallery-item'>\n\t\t\t<dt class='gallery-icon landscape'>\n\t\t\t\t<a rel=\"galleryInfomapa\" class=\"thickbox no_icon rl-gallery-link\"  href='https:\/\/www.praha14.cz\/app\/uploads\/sites\/5\/2023\/04\/DSCF1561.jpg' title=\"\" data-rl_title=\"\" data-rl_caption=\"\" data-rel=\"lightbox-gallery-1\"><img loading=\"lazy\" decoding=\"async\" width=\"150\" height=\"150\" src=\"https:\/\/www.praha14.cz\/app\/uploads\/sites\/5\/2023\/04\/DSCF1561-150x150.jpg\" class=\"attachment-thumbnail size-thumbnail\" alt=\"DSCF1561\" \/><\/a>\n\t\t\t<\/dt><\/dl><dl class='gallery-item'>\n\t\t\t<dt class='gallery-icon landscape'>\n\t\t\t\t<a rel=\"galleryInfomapa\" class=\"thickbox no_icon rl-gallery-link\"  href='https:\/\/www.praha14.cz\/app\/uploads\/sites\/5\/2023\/04\/DSCF1563.jpg' title=\"\" data-rl_title=\"\" data-rl_caption=\"\" data-rel=\"lightbox-gallery-1\"><img loading=\"lazy\" decoding=\"async\" width=\"150\" height=\"150\" src=\"https:\/\/www.praha14.cz\/app\/uploads\/sites\/5\/2023\/04\/DSCF1563-150x150.jpg\" class=\"attachment-thumbnail size-thumbnail\" alt=\"DSCF1563\" \/><\/a>\n\t\t\t<\/dt><\/dl><dl class='gallery-item'>\n\t\t\t<dt class='gallery-icon landscape'>\n\t\t\t\t<a rel=\"galleryInfomapa\" class=\"thickbox no_icon rl-gallery-link\"  href='https:\/\/www.praha14.cz\/app\/uploads\/sites\/5\/2023\/04\/DSCF1565.jpg' title=\"\" data-rl_title=\"\" data-rl_caption=\"\" data-rel=\"lightbox-gallery-1\"><img loading=\"lazy\" decoding=\"async\" width=\"150\" height=\"150\" src=\"https:\/\/www.praha14.cz\/app\/uploads\/sites\/5\/2023\/04\/DSCF1565-150x150.jpg\" class=\"attachment-thumbnail size-thumbnail\" alt=\"DSCF1565\" \/><\/a>\n\t\t\t<\/dt><\/dl><br style=\"clear: both\" \/>\n\t\t<\/div>\n\n","protected":false},"excerpt":{"rendered":"<p>V sobotu 11. b\u0159ezna 2023 se slavnostn\u011b otev\u0159el zrekonstruovan\u00fd vnit\u0159n\u00ed skatepark na Plech\u00e1rn\u011b, jeho\u017e p\u0159ek\u00e1\u017eky byly renovov\u00e1ny v r\u00e1mci 3. ro\u010dn\u00edku participativn\u00edho rozpo\u010dtu \u010ctrn\u00e1ctka podle v\u00e1s.<\/p>\n","protected":false},"author":1057,"featured_media":0,"comment_status":"closed","ping_status":"open","sticky":false,"template":"","format":"standard","meta":{"_acf_changed":false,"footnotes":""},"categories":[1],"tags":[],"class_list":["post-1491","post","type-post","status-publish","format-standard","hentry","category-aktuality"],"acf":[],"geo":null,"yoast_head":"<!-- This site is optimized with the Yoast SEO plugin v27.2 - https:\/\/yoast.com\/product\/yoast-seo-wordpress\/ -->\n<title>Plech\u00e1rensk\u00fd vnit\u0159n\u00ed skatepark slavnostn\u011b otev\u0159en - M\u011b\u0148te s n\u00e1mi Prahu 14<\/title>\n<meta name=\"robots\" content=\"index, follow, max-snippet:-1, max-image-preview:large, max-video-preview:-1\" \/>\n<link rel=\"canonical\" href=\"https:\/\/www.praha14.cz\/ctrnactka-podle-vas\/2023\/04\/12\/plecharensky-vnitrni-skejtovy-park-slavnostne-otevren\/\" \/>\n<meta property=\"og:locale\" content=\"cs_CZ\" \/>\n<meta property=\"og:type\" content=\"article\" \/>\n<meta property=\"og:title\" content=\"Plech\u00e1rensk\u00fd vnit\u0159n\u00ed skatepark slavnostn\u011b otev\u0159en - M\u011b\u0148te s n\u00e1mi Prahu 14\" \/>\n<meta property=\"og:description\" content=\"V sobotu 11. b\u0159ezna 2023 se slavnostn\u011b otev\u0159el zrekonstruovan\u00fd vnit\u0159n\u00ed skatepark na Plech\u00e1rn\u011b, jeho\u017e p\u0159ek\u00e1\u017eky byly renovov\u00e1ny v r\u00e1mci 3. ro\u010dn\u00edku participativn\u00edho rozpo\u010dtu \u010ctrn\u00e1ctka podle v\u00e1s.\" \/>\n<meta property=\"og:url\" content=\"https:\/\/www.praha14.cz\/ctrnactka-podle-vas\/2023\/04\/12\/plecharensky-vnitrni-skejtovy-park-slavnostne-otevren\/\" \/>\n<meta property=\"og:site_name\" content=\"M\u011b\u0148te s n\u00e1mi Prahu 14\" \/>\n<meta property=\"article:published_time\" content=\"2023-04-12T11:39:51+00:00\" \/>\n<meta property=\"article:modified_time\" content=\"2023-04-12T11:40:17+00:00\" \/>\n<meta property=\"og:image\" content=\"https:\/\/www.praha14.cz\/app\/uploads\/sites\/5\/2023\/04\/DSCF1445-2-150x150.jpg\" \/>\n<meta name=\"author\" content=\"Odd\u011blen\u00ed komunikace\" \/>\n<meta name=\"twitter:card\" content=\"summary_large_image\" \/>\n<meta name=\"twitter:label1\" content=\"Written by\" \/>\n\t<meta name=\"twitter:data1\" content=\"Odd\u011blen\u00ed komunikace\" \/>\n<script type=\"application\/ld+json\" class=\"yoast-schema-graph\">{\"@context\":\"https:\/\/schema.org\",\"@graph\":[{\"@type\":\"Article\",\"@id\":\"https:\/\/www.praha14.cz\/ctrnactka-podle-vas\/2023\/04\/12\/plecharensky-vnitrni-skejtovy-park-slavnostne-otevren\/#article\",\"isPartOf\":{\"@id\":\"https:\/\/www.praha14.cz\/ctrnactka-podle-vas\/2023\/04\/12\/plecharensky-vnitrni-skejtovy-park-slavnostne-otevren\/\"},\"author\":{\"name\":\"Odd\u011blen\u00ed komunikace\",\"@id\":\"https:\/\/www.praha14.cz\/ctrnactka-podle-vas\/#\/schema\/person\/127a1d778cbcf76b257f93fb8c42591c\"},\"headline\":\"Plech\u00e1rensk\u00fd vnit\u0159n\u00ed skatepark slavnostn\u011b otev\u0159en\",\"datePublished\":\"2023-04-12T11:39:51+00:00\",\"dateModified\":\"2023-04-12T11:40:17+00:00\",\"mainEntityOfPage\":{\"@id\":\"https:\/\/www.praha14.cz\/ctrnactka-podle-vas\/2023\/04\/12\/plecharensky-vnitrni-skejtovy-park-slavnostne-otevren\/\"},\"wordCount\":50,\"articleSection\":[\"Aktuality\"],\"inLanguage\":\"cs\"},{\"@type\":\"WebPage\",\"@id\":\"https:\/\/www.praha14.cz\/ctrnactka-podle-vas\/2023\/04\/12\/plecharensky-vnitrni-skejtovy-park-slavnostne-otevren\/\",\"url\":\"https:\/\/www.praha14.cz\/ctrnactka-podle-vas\/2023\/04\/12\/plecharensky-vnitrni-skejtovy-park-slavnostne-otevren\/\",\"name\":\"Plech\u00e1rensk\u00fd vnit\u0159n\u00ed skatepark slavnostn\u011b otev\u0159en - M\u011b\u0148te s n\u00e1mi Prahu 14\",\"isPartOf\":{\"@id\":\"https:\/\/www.praha14.cz\/ctrnactka-podle-vas\/#website\"},\"datePublished\":\"2023-04-12T11:39:51+00:00\",\"dateModified\":\"2023-04-12T11:40:17+00:00\",\"author\":{\"@id\":\"https:\/\/www.praha14.cz\/ctrnactka-podle-vas\/#\/schema\/person\/127a1d778cbcf76b257f93fb8c42591c\"},\"breadcrumb\":{\"@id\":\"https:\/\/www.praha14.cz\/ctrnactka-podle-vas\/2023\/04\/12\/plecharensky-vnitrni-skejtovy-park-slavnostne-otevren\/#breadcrumb\"},\"inLanguage\":\"cs\",\"potentialAction\":[{\"@type\":\"ReadAction\",\"target\":[\"https:\/\/www.praha14.cz\/ctrnactka-podle-vas\/2023\/04\/12\/plecharensky-vnitrni-skejtovy-park-slavnostne-otevren\/\"]}]},{\"@type\":\"BreadcrumbList\",\"@id\":\"https:\/\/www.praha14.cz\/ctrnactka-podle-vas\/2023\/04\/12\/plecharensky-vnitrni-skejtovy-park-slavnostne-otevren\/#breadcrumb\",\"itemListElement\":[{\"@type\":\"ListItem\",\"position\":1,\"name\":\"M\u011b\u0148te s n\u00e1mi Prahu 14\",\"item\":\"https:\/\/www.praha14.cz\/ctrnactka-podle-vas\/\"},{\"@type\":\"ListItem\",\"position\":2,\"name\":\"Plech\u00e1rensk\u00fd vnit\u0159n\u00ed skatepark slavnostn\u011b otev\u0159en\"}]},{\"@type\":\"WebSite\",\"@id\":\"https:\/\/www.praha14.cz\/ctrnactka-podle-vas\/#website\",\"url\":\"https:\/\/www.praha14.cz\/ctrnactka-podle-vas\/\",\"name\":\"M\u011b\u0148te s n\u00e1mi Prahu 14\",\"description\":\"\u010ctrn\u00e1ctka podle v\u00e1s\",\"potentialAction\":[{\"@type\":\"SearchAction\",\"target\":{\"@type\":\"EntryPoint\",\"urlTemplate\":\"https:\/\/www.praha14.cz\/ctrnactka-podle-vas\/?s={search_term_string}\"},\"query-input\":{\"@type\":\"PropertyValueSpecification\",\"valueRequired\":true,\"valueName\":\"search_term_string\"}}],\"inLanguage\":\"cs\"},{\"@type\":\"Person\",\"@id\":\"https:\/\/www.praha14.cz\/ctrnactka-podle-vas\/#\/schema\/person\/127a1d778cbcf76b257f93fb8c42591c\",\"name\":\"Odd\u011blen\u00ed komunikace\",\"image\":{\"@type\":\"ImageObject\",\"inLanguage\":\"cs\",\"@id\":\"https:\/\/secure.gravatar.com\/avatar\/e958f3d1e915848093abf89585ec4bb6a7daede2e0322c416842d9f94c3fdaca?s=96&d=mm&r=g\",\"url\":\"https:\/\/secure.gravatar.com\/avatar\/e958f3d1e915848093abf89585ec4bb6a7daede2e0322c416842d9f94c3fdaca?s=96&d=mm&r=g\",\"contentUrl\":\"https:\/\/secure.gravatar.com\/avatar\/e958f3d1e915848093abf89585ec4bb6a7daede2e0322c416842d9f94c3fdaca?s=96&d=mm&r=g\",\"caption\":\"Odd\u011blen\u00ed komunikace\"},\"url\":\"https:\/\/www.praha14.cz\/ctrnactka-podle-vas\/author\/luciehlavackova\/\"}]}<\/script>\n<!-- \/ Yoast SEO plugin. -->","yoast_head_json":{"title":"Plech\u00e1rensk\u00fd vnit\u0159n\u00ed skatepark slavnostn\u011b otev\u0159en - M\u011b\u0148te s n\u00e1mi Prahu 14","robots":{"index":"index","follow":"follow","max-snippet":"max-snippet:-1","max-image-preview":"max-image-preview:large","max-video-preview":"max-video-preview:-1"},"canonical":"https:\/\/www.praha14.cz\/ctrnactka-podle-vas\/2023\/04\/12\/plecharensky-vnitrni-skejtovy-park-slavnostne-otevren\/","og_locale":"cs_CZ","og_type":"article","og_title":"Plech\u00e1rensk\u00fd vnit\u0159n\u00ed skatepark slavnostn\u011b otev\u0159en - M\u011b\u0148te s n\u00e1mi Prahu 14","og_description":"V sobotu 11. b\u0159ezna 2023 se slavnostn\u011b otev\u0159el zrekonstruovan\u00fd vnit\u0159n\u00ed skatepark na Plech\u00e1rn\u011b, jeho\u017e p\u0159ek\u00e1\u017eky byly renovov\u00e1ny v r\u00e1mci 3. ro\u010dn\u00edku participativn\u00edho rozpo\u010dtu \u010ctrn\u00e1ctka podle v\u00e1s.","og_url":"https:\/\/www.praha14.cz\/ctrnactka-podle-vas\/2023\/04\/12\/plecharensky-vnitrni-skejtovy-park-slavnostne-otevren\/","og_site_name":"M\u011b\u0148te s n\u00e1mi Prahu 14","article_published_time":"2023-04-12T11:39:51+00:00","article_modified_time":"2023-04-12T11:40:17+00:00","og_image":[{"url":"https:\/\/www.praha14.cz\/app\/uploads\/sites\/5\/2023\/04\/DSCF1445-2-150x150.jpg","type":"","width":"","height":""}],"author":"Odd\u011blen\u00ed komunikace","twitter_card":"summary_large_image","twitter_misc":{"Written by":"Odd\u011blen\u00ed komunikace"},"schema":{"@context":"https:\/\/schema.org","@graph":[{"@type":"Article","@id":"https:\/\/www.praha14.cz\/ctrnactka-podle-vas\/2023\/04\/12\/plecharensky-vnitrni-skejtovy-park-slavnostne-otevren\/#article","isPartOf":{"@id":"https:\/\/www.praha14.cz\/ctrnactka-podle-vas\/2023\/04\/12\/plecharensky-vnitrni-skejtovy-park-slavnostne-otevren\/"},"author":{"name":"Odd\u011blen\u00ed komunikace","@id":"https:\/\/www.praha14.cz\/ctrnactka-podle-vas\/#\/schema\/person\/127a1d778cbcf76b257f93fb8c42591c"},"headline":"Plech\u00e1rensk\u00fd vnit\u0159n\u00ed skatepark slavnostn\u011b otev\u0159en","datePublished":"2023-04-12T11:39:51+00:00","dateModified":"2023-04-12T11:40:17+00:00","mainEntityOfPage":{"@id":"https:\/\/www.praha14.cz\/ctrnactka-podle-vas\/2023\/04\/12\/plecharensky-vnitrni-skejtovy-park-slavnostne-otevren\/"},"wordCount":50,"articleSection":["Aktuality"],"inLanguage":"cs"},{"@type":"WebPage","@id":"https:\/\/www.praha14.cz\/ctrnactka-podle-vas\/2023\/04\/12\/plecharensky-vnitrni-skejtovy-park-slavnostne-otevren\/","url":"https:\/\/www.praha14.cz\/ctrnactka-podle-vas\/2023\/04\/12\/plecharensky-vnitrni-skejtovy-park-slavnostne-otevren\/","name":"Plech\u00e1rensk\u00fd vnit\u0159n\u00ed skatepark slavnostn\u011b otev\u0159en - M\u011b\u0148te s n\u00e1mi Prahu 14","isPartOf":{"@id":"https:\/\/www.praha14.cz\/ctrnactka-podle-vas\/#website"},"datePublished":"2023-04-12T11:39:51+00:00","dateModified":"2023-04-12T11:40:17+00:00","author":{"@id":"https:\/\/www.praha14.cz\/ctrnactka-podle-vas\/#\/schema\/person\/127a1d778cbcf76b257f93fb8c42591c"},"breadcrumb":{"@id":"https:\/\/www.praha14.cz\/ctrnactka-podle-vas\/2023\/04\/12\/plecharensky-vnitrni-skejtovy-park-slavnostne-otevren\/#breadcrumb"},"inLanguage":"cs","potentialAction":[{"@type":"ReadAction","target":["https:\/\/www.praha14.cz\/ctrnactka-podle-vas\/2023\/04\/12\/plecharensky-vnitrni-skejtovy-park-slavnostne-otevren\/"]}]},{"@type":"BreadcrumbList","@id":"https:\/\/www.praha14.cz\/ctrnactka-podle-vas\/2023\/04\/12\/plecharensky-vnitrni-skejtovy-park-slavnostne-otevren\/#breadcrumb","itemListElement":[{"@type":"ListItem","position":1,"name":"M\u011b\u0148te s n\u00e1mi Prahu 14","item":"https:\/\/www.praha14.cz\/ctrnactka-podle-vas\/"},{"@type":"ListItem","position":2,"name":"Plech\u00e1rensk\u00fd vnit\u0159n\u00ed skatepark slavnostn\u011b otev\u0159en"}]},{"@type":"WebSite","@id":"https:\/\/www.praha14.cz\/ctrnactka-podle-vas\/#website","url":"https:\/\/www.praha14.cz\/ctrnactka-podle-vas\/","name":"M\u011b\u0148te s n\u00e1mi Prahu 14","description":"\u010ctrn\u00e1ctka podle v\u00e1s","potentialAction":[{"@type":"SearchAction","target":{"@type":"EntryPoint","urlTemplate":"https:\/\/www.praha14.cz\/ctrnactka-podle-vas\/?s={search_term_string}"},"query-input":{"@type":"PropertyValueSpecification","valueRequired":true,"valueName":"search_term_string"}}],"inLanguage":"cs"},{"@type":"Person","@id":"https:\/\/www.praha14.cz\/ctrnactka-podle-vas\/#\/schema\/person\/127a1d778cbcf76b257f93fb8c42591c","name":"Odd\u011blen\u00ed komunikace","image":{"@type":"ImageObject","inLanguage":"cs","@id":"https:\/\/secure.gravatar.com\/avatar\/e958f3d1e915848093abf89585ec4bb6a7daede2e0322c416842d9f94c3fdaca?s=96&d=mm&r=g","url":"https:\/\/secure.gravatar.com\/avatar\/e958f3d1e915848093abf89585ec4bb6a7daede2e0322c416842d9f94c3fdaca?s=96&d=mm&r=g","contentUrl":"https:\/\/secure.gravatar.com\/avatar\/e958f3d1e915848093abf89585ec4bb6a7daede2e0322c416842d9f94c3fdaca?s=96&d=mm&r=g","caption":"Odd\u011blen\u00ed komunikace"},"url":"https:\/\/www.praha14.cz\/ctrnactka-podle-vas\/author\/luciehlavackova\/"}]}},"_links":{"self":[{"href":"https:\/\/www.praha14.cz\/ctrnactka-podle-vas\/wp-json\/wp\/v2\/posts\/1491","targetHints":{"allow":["GET"]}}],"collection":[{"href":"https:\/\/www.praha14.cz\/ctrnactka-podle-vas\/wp-json\/wp\/v2\/posts"}],"about":[{"href":"https:\/\/www.praha14.cz\/ctrnactka-podle-vas\/wp-json\/wp\/v2\/types\/post"}],"author":[{"embeddable":true,"href":"https:\/\/www.praha14.cz\/ctrnactka-podle-vas\/wp-json\/wp\/v2\/users\/1057"}],"replies":[{"embeddable":true,"href":"https:\/\/www.praha14.cz\/ctrnactka-podle-vas\/wp-json\/wp\/v2\/comments?post=1491"}],"version-history":[{"count":2,"href":"https:\/\/www.praha14.cz\/ctrnactka-podle-vas\/wp-json\/wp\/v2\/posts\/1491\/revisions"}],"predecessor-version":[{"id":1536,"href":"https:\/\/www.praha14.cz\/ctrnactka-podle-vas\/wp-json\/wp\/v2\/posts\/1491\/revisions\/1536"}],"wp:attachment":[{"href":"https:\/\/www.praha14.cz\/ctrnactka-podle-vas\/wp-json\/wp\/v2\/media?parent=1491"}],"wp:term":[{"taxonomy":"category","embeddable":true,"href":"https:\/\/www.praha14.cz\/ctrnactka-podle-vas\/wp-json\/wp\/v2\/categories?post=1491"},{"taxonomy":"post_tag","embeddable":true,"href":"https:\/\/www.praha14.cz\/ctrnactka-podle-vas\/wp-json\/wp\/v2\/tags?post=1491"}],"curies":[{"name":"wp","href":"https:\/\/api.w.org\/{rel}","templated":true}]}}