{"id":21532,"date":"2014-10-22T12:59:45","date_gmt":"2014-10-22T10:59:45","guid":{"rendered":"https:\/\/www.praha14.cz\/zivot-na-praze-14\/?p=21532"},"modified":"2015-02-19T15:04:02","modified_gmt":"2015-02-19T14:04:02","slug":"dotkni-se-vedy","status":"publish","type":"post","link":"https:\/\/www.praha14.cz\/zivot-na-praze-14\/dotkni-se-vedy\/","title":{"rendered":"Dotkni se v\u011bdy"},"content":{"rendered":"<p><strong>Program nejv\u011bt\u0161\u00edho v\u011bdeck\u00e9ho festivalu v \u010cesku je zve\u0159ejn\u011bn. T\u00fdden v\u011bdy a techniky AV \u010cR &#8211; nejrozs\u00e1hlej\u0161\u00ed v\u011bdeck\u00fd festival v \u010cesk\u00e9 republice &#8211; letos po \u010dtrn\u00e1ct\u00e9 po\u0159\u00e1d\u00e1 Akademie v\u011bd \u010cR. P\u0159ichyst\u00e1no je na 500 akc\u00ed po cel\u00e9 republice.\u00a0<\/strong><\/p>\n<p>Nejenom milovn\u00edci v\u011bdy si p\u0159ijdou na\u00a0sv\u00e9 od 1. do 15. listopadu v Praze,\u00a0Brn\u011b, Ostrav\u011b, v ostatn\u00edch krajsk\u00fdch\u00a0m\u011bstech a na des\u00edtk\u00e1ch dal\u0161\u00edch m\u00edst\u00a0po cel\u00e9m \u010cesku. Leto\u0161n\u00ed ro\u010dn\u00edk festivalu\u00a0nab\u00eddne krom\u011b jin\u00e9ho na 220<br \/>\np\u0159edn\u00e1\u0161ek, 40 v\u00fdstav, 70 dn\u016f otev\u0159en\u00fdch\u00a0dve\u0159\u00ed a 14 interaktivn\u00edch expozic.<\/p>\n<p>\u201eSv\u011bt kolem n\u00e1s je pln\u00fd technologi\u00ed,\u00a0kter\u00e9 reaguj\u00ed na n\u00e1\u0161 dotyk a my jsme\u00a0si zvykli hmat pou\u017e\u00edvat p\u0159i pozn\u00e1v\u00e1n\u00ed\u00a0a pro\u017e\u00edv\u00e1n\u00ed sv\u011bta v\u00edc, ne\u017e kdy p\u0159edt\u00edm.\u00a0V\u011b\u0159\u00edm proto, \u017ee p\u0159ibl\u00ed\u017een\u00ed pr\u00e1ce \u010desk\u00fdch\u00a0v\u011bdc\u016f a\u017e na dotyk v\u00e1m pom\u016f\u017ee\u00a0nal\u00e9zt odpov\u011bdi na ot\u00e1zky a poskytne\u00a0jedine\u010dn\u00fd z\u00e1\u017eitek nap\u0159\u00ed\u010d v\u0161emi v\u011bdeck\u00fdmi\u00a0obory,\u201c uvedl p\u0159edseda Akademie\u00a0v\u011bd \u010cR, profesor Ji\u0159\u00ed Draho\u0161.<\/p>\n<p>Hlavn\u00edm centrem festivalu bude ji\u017e\u00a0tradi\u010dn\u011b budova Akademie v\u011bd \u010cR\u00a0v Praze na N\u00e1rodn\u00ed t\u0159\u00edd\u011b 3, kter\u00e1 se\u00a0op\u011bt prom\u011bn\u00ed v science centrum s 11\u00a0interaktivn\u00edmi expozicemi a dal\u0161\u00edmi\u00a0akcemi. Prost\u0159ednictv\u00edm v\u00fdstavy Aerodynamika\u00a0pro sv\u011btlo a teplo domov\u016f\u201c\u00a0se n\u00e1v\u0161t\u011bvn\u00edci sezn\u00e1m\u00ed s fungov\u00e1n\u00edm\u00a0turb\u00edn v tepeln\u00fdch elektr\u00e1rn\u00e1ch<br \/>\npod hlavi\u010dko \u00dastavu termomechaniky\u00a0AV \u010cR a Doosan \u0160koda Power.<\/p>\n<p>Do T\u00fddne v\u011bdy a techniky AV \u010cR se\u00a0zapoj\u00ed v\u0161echna pracovi\u0161t\u011b Akademie\u00a0v\u011bd \u010cesk\u00e9 republiky a v\u00edce ne\u017e 50\u00a0spolupracuj\u00edc\u00edch organizac\u00ed, kter\u00e9\u00a0zaru\u010d\u00ed atraktivn\u00ed program v podob\u011b\u00a0dn\u016f otev\u0159en\u00fdch dve\u0159\u00ed, odborn\u00fdch\u00a0p\u0159edn\u00e1\u0161ek, semin\u00e1\u0159\u016f, neform\u00e1ln\u00edch\u00a0v\u011bdeck\u00fdch kav\u00e1ren a filmov\u00fdch dokument\u016f.\u00a0V souladu s leto\u0161n\u00edm t\u00e9matem \u201eDotkni\u00a0se v\u011bdy\u201c jsou p\u0159ipraveny tak\u00e9 interaktivn\u00ed\u00a0expozice a v\u00fdstavy, kter\u00e9\u00a0umo\u017en\u00ed za\u017e\u00edt v\u011bd na vlastn\u00ed k\u016f\u017ei. Festival\u00a0T\u00fdden v\u011bdy a techniky AV \u010cR je\u00a0zam\u011b\u0159en prim\u00e1rn\u011b na studenty st\u0159edn\u00edch\u00a0\u0161kol, kter\u00fdm jsou ur\u010deny zejm\u00e9na\u00a0p\u0159edn\u00e1\u0161ky a exkurze v dopoledn\u00edch\u00a0hodin\u00e1ch. Odpoledn\u00ed, podve\u010dern\u00ed program\u00a0a doprovodn\u00e9 akce jsou vhodn\u00e9\u00a0pro \u0161irokou ve\u0159ejnost.\u00a0Vstup na festival je bezplatn\u00fd, na n\u011bkter\u00e9\u00a0akce je v\u0161ak pot\u0159eba se dop\u0159edu\u00a0rezervovat na \u00a0<a href=\"http:\/\/www.tydenvedy.cz\/\" target=\"_blank\">www.tydenvedy.cz<\/a>.<\/p>\n<p>&nbsp;<\/p>\n","protected":false},"excerpt":{"rendered":"<p>Program nejv\u011bt\u0161\u00edho v\u011bdeck\u00e9ho festivalu v \u010cesku je zve\u0159ejn\u011bn. T\u00fdden v\u011bdy a techniky AV \u010cR &#8211; nejrozs\u00e1hlej\u0161\u00ed v\u011bdeck\u00fd festival v \u010cesk\u00e9 republice &#8211; letos po \u010dtrn\u00e1ct\u00e9 po\u0159\u00e1d\u00e1 Akademie v\u011bd \u010cR. P\u0159ichyst\u00e1no je na 500 akc\u00ed po cel\u00e9 republice.\u00a0 Nejenom milovn\u00edci v\u011bdy si p\u0159ijdou na\u00a0sv\u00e9 od 1. do 15. listopadu v Praze,\u00a0Brn\u011b, Ostrav\u011b, v ostatn\u00edch krajsk\u00fdch\u00a0m\u011bstech a&#8230;<\/p>\n","protected":false},"author":6,"featured_media":0,"comment_status":"open","ping_status":"open","sticky":true,"template":"","format":"standard","meta":{"_acf_changed":false,"footnotes":""},"categories":[1],"tags":[175],"class_list":["post-21532","post","type-post","status-publish","format-standard","hentry","category-nezarazene","tag-ruzne"],"acf":[],"geo":null,"yoast_head":"<!-- This site is optimized with the Yoast SEO plugin v27.2 - https:\/\/yoast.com\/product\/yoast-seo-wordpress\/ -->\n<title>Dotkni se v\u011bdy - \u017divot na Praze 14<\/title>\n<meta name=\"robots\" content=\"index, follow, max-snippet:-1, max-image-preview:large, max-video-preview:-1\" \/>\n<link rel=\"canonical\" href=\"https:\/\/www.praha14.cz\/zivot-na-praze-14\/dotkni-se-vedy\/\" \/>\n<meta property=\"og:locale\" content=\"cs_CZ\" \/>\n<meta property=\"og:type\" content=\"article\" \/>\n<meta property=\"og:title\" content=\"Dotkni se v\u011bdy - \u017divot na Praze 14\" \/>\n<meta property=\"og:description\" content=\"Program nejv\u011bt\u0161\u00edho v\u011bdeck\u00e9ho festivalu v \u010cesku je zve\u0159ejn\u011bn. T\u00fdden v\u011bdy a techniky AV \u010cR &#8211; nejrozs\u00e1hlej\u0161\u00ed v\u011bdeck\u00fd festival v \u010cesk\u00e9 republice &#8211; letos po \u010dtrn\u00e1ct\u00e9 po\u0159\u00e1d\u00e1 Akademie v\u011bd \u010cR. P\u0159ichyst\u00e1no je na 500 akc\u00ed po cel\u00e9 republice.\u00a0 Nejenom milovn\u00edci v\u011bdy si p\u0159ijdou na\u00a0sv\u00e9 od 1. do 15. listopadu v Praze,\u00a0Brn\u011b, Ostrav\u011b, v ostatn\u00edch krajsk\u00fdch\u00a0m\u011bstech a...\" \/>\n<meta property=\"og:url\" content=\"https:\/\/www.praha14.cz\/zivot-na-praze-14\/dotkni-se-vedy\/\" \/>\n<meta property=\"og:site_name\" content=\"\u017divot na Praze 14\" \/>\n<meta property=\"article:published_time\" content=\"2014-10-22T10:59:45+00:00\" \/>\n<meta property=\"article:modified_time\" content=\"2015-02-19T14:04:02+00:00\" \/>\n<meta name=\"author\" content=\"M\u011bstsk\u00e1 \u010d\u00e1st Praha 14\" \/>\n<meta name=\"twitter:card\" content=\"summary_large_image\" \/>\n<meta name=\"twitter:label1\" content=\"Written by\" \/>\n\t<meta name=\"twitter:data1\" content=\"M\u011bstsk\u00e1 \u010d\u00e1st Praha 14\" \/>\n\t<meta name=\"twitter:label2\" content=\"Est. reading time\" \/>\n\t<meta name=\"twitter:data2\" content=\"2 minuty\" \/>\n<script type=\"application\/ld+json\" class=\"yoast-schema-graph\">{\"@context\":\"https:\/\/schema.org\",\"@graph\":[{\"@type\":\"Article\",\"@id\":\"https:\/\/www.praha14.cz\/zivot-na-praze-14\/dotkni-se-vedy\/#article\",\"isPartOf\":{\"@id\":\"https:\/\/www.praha14.cz\/zivot-na-praze-14\/dotkni-se-vedy\/\"},\"author\":{\"name\":\"M\u011bstsk\u00e1 \u010d\u00e1st Praha 14\",\"@id\":\"https:\/\/www.praha14.cz\/zivot-na-praze-14\/#\/schema\/person\/1474cc87232cf4e8fd1ceb216decb2ce\"},\"headline\":\"Dotkni se v\u011bdy\",\"datePublished\":\"2014-10-22T10:59:45+00:00\",\"dateModified\":\"2015-02-19T14:04:02+00:00\",\"mainEntityOfPage\":{\"@id\":\"https:\/\/www.praha14.cz\/zivot-na-praze-14\/dotkni-se-vedy\/\"},\"wordCount\":449,\"commentCount\":0,\"keywords\":[\"R\u016eZN\u00c9\"],\"inLanguage\":\"cs\",\"potentialAction\":[{\"@type\":\"CommentAction\",\"name\":\"Comment\",\"target\":[\"https:\/\/www.praha14.cz\/zivot-na-praze-14\/dotkni-se-vedy\/#respond\"]}]},{\"@type\":\"WebPage\",\"@id\":\"https:\/\/www.praha14.cz\/zivot-na-praze-14\/dotkni-se-vedy\/\",\"url\":\"https:\/\/www.praha14.cz\/zivot-na-praze-14\/dotkni-se-vedy\/\",\"name\":\"Dotkni se v\u011bdy - \u017divot na Praze 14\",\"isPartOf\":{\"@id\":\"https:\/\/www.praha14.cz\/zivot-na-praze-14\/#website\"},\"datePublished\":\"2014-10-22T10:59:45+00:00\",\"dateModified\":\"2015-02-19T14:04:02+00:00\",\"author\":{\"@id\":\"https:\/\/www.praha14.cz\/zivot-na-praze-14\/#\/schema\/person\/1474cc87232cf4e8fd1ceb216decb2ce\"},\"breadcrumb\":{\"@id\":\"https:\/\/www.praha14.cz\/zivot-na-praze-14\/dotkni-se-vedy\/#breadcrumb\"},\"inLanguage\":\"cs\",\"potentialAction\":[{\"@type\":\"ReadAction\",\"target\":[\"https:\/\/www.praha14.cz\/zivot-na-praze-14\/dotkni-se-vedy\/\"]}]},{\"@type\":\"BreadcrumbList\",\"@id\":\"https:\/\/www.praha14.cz\/zivot-na-praze-14\/dotkni-se-vedy\/#breadcrumb\",\"itemListElement\":[{\"@type\":\"ListItem\",\"position\":1,\"name\":\"\u017divot na Praze 14\",\"item\":\"https:\/\/www.praha14.cz\/zivot-na-praze-14\/\"},{\"@type\":\"ListItem\",\"position\":2,\"name\":\"Dotkni se v\u011bdy\"}]},{\"@type\":\"WebSite\",\"@id\":\"https:\/\/www.praha14.cz\/zivot-na-praze-14\/#website\",\"url\":\"https:\/\/www.praha14.cz\/zivot-na-praze-14\/\",\"name\":\"\u017divot na Praze 14\",\"description\":\"\",\"potentialAction\":[{\"@type\":\"SearchAction\",\"target\":{\"@type\":\"EntryPoint\",\"urlTemplate\":\"https:\/\/www.praha14.cz\/zivot-na-praze-14\/?s={search_term_string}\"},\"query-input\":{\"@type\":\"PropertyValueSpecification\",\"valueRequired\":true,\"valueName\":\"search_term_string\"}}],\"inLanguage\":\"cs\"},{\"@type\":\"Person\",\"@id\":\"https:\/\/www.praha14.cz\/zivot-na-praze-14\/#\/schema\/person\/1474cc87232cf4e8fd1ceb216decb2ce\",\"name\":\"M\u011bstsk\u00e1 \u010d\u00e1st Praha 14\",\"image\":{\"@type\":\"ImageObject\",\"inLanguage\":\"cs\",\"@id\":\"https:\/\/secure.gravatar.com\/avatar\/e51dd751c5fcbc2776e05ea4f0dca77132897c8db7e45d2d1d7d428fc20c00ef?s=96&d=mm&r=g\",\"url\":\"https:\/\/secure.gravatar.com\/avatar\/e51dd751c5fcbc2776e05ea4f0dca77132897c8db7e45d2d1d7d428fc20c00ef?s=96&d=mm&r=g\",\"contentUrl\":\"https:\/\/secure.gravatar.com\/avatar\/e51dd751c5fcbc2776e05ea4f0dca77132897c8db7e45d2d1d7d428fc20c00ef?s=96&d=mm&r=g\",\"caption\":\"M\u011bstsk\u00e1 \u010d\u00e1st Praha 14\"},\"url\":\"https:\/\/www.praha14.cz\/zivot-na-praze-14\/author\/veronikaberna\/\"}]}<\/script>\n<!-- \/ Yoast SEO plugin. -->","yoast_head_json":{"title":"Dotkni se v\u011bdy - \u017divot na Praze 14","robots":{"index":"index","follow":"follow","max-snippet":"max-snippet:-1","max-image-preview":"max-image-preview:large","max-video-preview":"max-video-preview:-1"},"canonical":"https:\/\/www.praha14.cz\/zivot-na-praze-14\/dotkni-se-vedy\/","og_locale":"cs_CZ","og_type":"article","og_title":"Dotkni se v\u011bdy - \u017divot na Praze 14","og_description":"Program nejv\u011bt\u0161\u00edho v\u011bdeck\u00e9ho festivalu v \u010cesku je zve\u0159ejn\u011bn. T\u00fdden v\u011bdy a techniky AV \u010cR &#8211; nejrozs\u00e1hlej\u0161\u00ed v\u011bdeck\u00fd festival v \u010cesk\u00e9 republice &#8211; letos po \u010dtrn\u00e1ct\u00e9 po\u0159\u00e1d\u00e1 Akademie v\u011bd \u010cR. P\u0159ichyst\u00e1no je na 500 akc\u00ed po cel\u00e9 republice.\u00a0 Nejenom milovn\u00edci v\u011bdy si p\u0159ijdou na\u00a0sv\u00e9 od 1. do 15. listopadu v Praze,\u00a0Brn\u011b, Ostrav\u011b, v ostatn\u00edch krajsk\u00fdch\u00a0m\u011bstech a...","og_url":"https:\/\/www.praha14.cz\/zivot-na-praze-14\/dotkni-se-vedy\/","og_site_name":"\u017divot na Praze 14","article_published_time":"2014-10-22T10:59:45+00:00","article_modified_time":"2015-02-19T14:04:02+00:00","author":"M\u011bstsk\u00e1 \u010d\u00e1st Praha 14","twitter_card":"summary_large_image","twitter_misc":{"Written by":"M\u011bstsk\u00e1 \u010d\u00e1st Praha 14","Est. reading time":"2 minuty"},"schema":{"@context":"https:\/\/schema.org","@graph":[{"@type":"Article","@id":"https:\/\/www.praha14.cz\/zivot-na-praze-14\/dotkni-se-vedy\/#article","isPartOf":{"@id":"https:\/\/www.praha14.cz\/zivot-na-praze-14\/dotkni-se-vedy\/"},"author":{"name":"M\u011bstsk\u00e1 \u010d\u00e1st Praha 14","@id":"https:\/\/www.praha14.cz\/zivot-na-praze-14\/#\/schema\/person\/1474cc87232cf4e8fd1ceb216decb2ce"},"headline":"Dotkni se v\u011bdy","datePublished":"2014-10-22T10:59:45+00:00","dateModified":"2015-02-19T14:04:02+00:00","mainEntityOfPage":{"@id":"https:\/\/www.praha14.cz\/zivot-na-praze-14\/dotkni-se-vedy\/"},"wordCount":449,"commentCount":0,"keywords":["R\u016eZN\u00c9"],"inLanguage":"cs","potentialAction":[{"@type":"CommentAction","name":"Comment","target":["https:\/\/www.praha14.cz\/zivot-na-praze-14\/dotkni-se-vedy\/#respond"]}]},{"@type":"WebPage","@id":"https:\/\/www.praha14.cz\/zivot-na-praze-14\/dotkni-se-vedy\/","url":"https:\/\/www.praha14.cz\/zivot-na-praze-14\/dotkni-se-vedy\/","name":"Dotkni se v\u011bdy - \u017divot na Praze 14","isPartOf":{"@id":"https:\/\/www.praha14.cz\/zivot-na-praze-14\/#website"},"datePublished":"2014-10-22T10:59:45+00:00","dateModified":"2015-02-19T14:04:02+00:00","author":{"@id":"https:\/\/www.praha14.cz\/zivot-na-praze-14\/#\/schema\/person\/1474cc87232cf4e8fd1ceb216decb2ce"},"breadcrumb":{"@id":"https:\/\/www.praha14.cz\/zivot-na-praze-14\/dotkni-se-vedy\/#breadcrumb"},"inLanguage":"cs","potentialAction":[{"@type":"ReadAction","target":["https:\/\/www.praha14.cz\/zivot-na-praze-14\/dotkni-se-vedy\/"]}]},{"@type":"BreadcrumbList","@id":"https:\/\/www.praha14.cz\/zivot-na-praze-14\/dotkni-se-vedy\/#breadcrumb","itemListElement":[{"@type":"ListItem","position":1,"name":"\u017divot na Praze 14","item":"https:\/\/www.praha14.cz\/zivot-na-praze-14\/"},{"@type":"ListItem","position":2,"name":"Dotkni se v\u011bdy"}]},{"@type":"WebSite","@id":"https:\/\/www.praha14.cz\/zivot-na-praze-14\/#website","url":"https:\/\/www.praha14.cz\/zivot-na-praze-14\/","name":"\u017divot na Praze 14","description":"","potentialAction":[{"@type":"SearchAction","target":{"@type":"EntryPoint","urlTemplate":"https:\/\/www.praha14.cz\/zivot-na-praze-14\/?s={search_term_string}"},"query-input":{"@type":"PropertyValueSpecification","valueRequired":true,"valueName":"search_term_string"}}],"inLanguage":"cs"},{"@type":"Person","@id":"https:\/\/www.praha14.cz\/zivot-na-praze-14\/#\/schema\/person\/1474cc87232cf4e8fd1ceb216decb2ce","name":"M\u011bstsk\u00e1 \u010d\u00e1st Praha 14","image":{"@type":"ImageObject","inLanguage":"cs","@id":"https:\/\/secure.gravatar.com\/avatar\/e51dd751c5fcbc2776e05ea4f0dca77132897c8db7e45d2d1d7d428fc20c00ef?s=96&d=mm&r=g","url":"https:\/\/secure.gravatar.com\/avatar\/e51dd751c5fcbc2776e05ea4f0dca77132897c8db7e45d2d1d7d428fc20c00ef?s=96&d=mm&r=g","contentUrl":"https:\/\/secure.gravatar.com\/avatar\/e51dd751c5fcbc2776e05ea4f0dca77132897c8db7e45d2d1d7d428fc20c00ef?s=96&d=mm&r=g","caption":"M\u011bstsk\u00e1 \u010d\u00e1st Praha 14"},"url":"https:\/\/www.praha14.cz\/zivot-na-praze-14\/author\/veronikaberna\/"}]}},"_links":{"self":[{"href":"https:\/\/www.praha14.cz\/zivot-na-praze-14\/wp-json\/wp\/v2\/posts\/21532","targetHints":{"allow":["GET"]}}],"collection":[{"href":"https:\/\/www.praha14.cz\/zivot-na-praze-14\/wp-json\/wp\/v2\/posts"}],"about":[{"href":"https:\/\/www.praha14.cz\/zivot-na-praze-14\/wp-json\/wp\/v2\/types\/post"}],"author":[{"embeddable":true,"href":"https:\/\/www.praha14.cz\/zivot-na-praze-14\/wp-json\/wp\/v2\/users\/6"}],"replies":[{"embeddable":true,"href":"https:\/\/www.praha14.cz\/zivot-na-praze-14\/wp-json\/wp\/v2\/comments?post=21532"}],"version-history":[{"count":1,"href":"https:\/\/www.praha14.cz\/zivot-na-praze-14\/wp-json\/wp\/v2\/posts\/21532\/revisions"}],"predecessor-version":[{"id":21534,"href":"https:\/\/www.praha14.cz\/zivot-na-praze-14\/wp-json\/wp\/v2\/posts\/21532\/revisions\/21534"}],"wp:attachment":[{"href":"https:\/\/www.praha14.cz\/zivot-na-praze-14\/wp-json\/wp\/v2\/media?parent=21532"}],"wp:term":[{"taxonomy":"category","embeddable":true,"href":"https:\/\/www.praha14.cz\/zivot-na-praze-14\/wp-json\/wp\/v2\/categories?post=21532"},{"taxonomy":"post_tag","embeddable":true,"href":"https:\/\/www.praha14.cz\/zivot-na-praze-14\/wp-json\/wp\/v2\/tags?post=21532"}],"curies":[{"name":"wp","href":"https:\/\/api.w.org\/{rel}","templated":true}]}}