{"id":26258,"date":"2015-10-01T10:30:14","date_gmt":"2015-10-01T08:30:14","guid":{"rendered":"https:\/\/www.praha14.cz\/zivot-na-praze-14\/?p=26258"},"modified":"2015-11-06T10:49:19","modified_gmt":"2015-11-06T09:49:19","slug":"slavnost-stromu","status":"publish","type":"post","link":"https:\/\/www.praha14.cz\/zivot-na-praze-14\/slavnost-stromu\/","title":{"rendered":"Slavnost strom\u016f"},"content":{"rendered":"<p><span style=\"text-decoration: underline\">Informace od spole\u010dnosti\u00a0Landia Management s.r.o.:<\/span><\/p>\n<p>O st\u00e1vaj\u00edc\u00ed, budouc\u00ed i dosud nerozhodnut\u00e9 obyvatele Rajsk\u00e9ho vrchu se star\u00e1me. A proto n\u011bkolikr\u00e1t do roka po\u0159\u00e1d\u00e1me spole\u010dn\u00e1 setk\u00e1n\u00ed, v\u017edy jinak tematicky zam\u011b\u0159en\u00e1. Nap\u0159\u00edklad jarn\u00ed akce Kolov\u00e1n\u00ed na Rajsk\u00e9m vrchu, k\u00a0n\u011bmu\u017e v\u00a0roce 2016 p\u0159id\u00e1me i presti\u017en\u00ed b\u011b\u017eeck\u00e9 z\u00e1vody, se ji\u017e stalo milou tradic\u00ed i pro obyvatele cel\u00e9 Prahy 14.<\/p>\n<p>Aktu\u00e1ln\u011b zveme na <strong>uli\u010dn\u00ed Slavnost strom\u016f na Rajsk\u00e9m vrchu. Odehraje se ve \u010dtvrtek 15. \u0159\u00edjna od 14:00 do 19:00 v Mr\u00e1zkov\u011b ulici<\/strong>, na vznikaj\u00edc\u00edm bulv\u00e1ru mezi \u0159adov\u00fdmi domy ve 2. f\u00e1zi a bytov\u00fdmi domy G.<\/p>\n<p>A program bude opravdu bohat\u00fd! Zam\u011b\u0159ili jsme se tentokr\u00e1t na participaci ob\u010dan\u016f v\u00a0n\u00e1plni a podob\u011b ve\u0159ejn\u00e9ho prostoru. R\u00e1di bychom sly\u0161eli v\u00e1\u0161 n\u00e1zor na to, jak\u00e9 stromy by m\u011bly Rajsk\u00fd vrch zdobit. A tak\u00e9, jak by m\u011blo vypadat budouc\u00ed d\u011btsk\u00e9 h\u0159i\u0161t\u011b.<\/p>\n<p>Samoz\u0159ejm\u011b nejen to: m\u00e1me p\u0159ipravenou d\u00edlnu pro d\u011bti, zdoben\u00ed ji\u017e vzrostl\u00fdch strom\u016f v\u00a0Parku \u010cihadla, v\u00fdstavu zv\u00ed\u0159at a rostlin, na kter\u00e9 m\u016f\u017eete v\u00a0okol\u00ed Rajsk\u00e9ho vrchu b\u011b\u017en\u011b narazit, stylov\u00fd catering lad\u011bn\u00fd v\u00a0lesn\u00edm\/stromov\u00e9m duchu a mnoho dal\u0161\u00edho. To v\u0161e ve spolupr\u00e1ci s\u00a0\u00fa\u0159adem M\u010c Praha 14.<\/p>\n<p>Nab\u00edz\u00edme tak\u00e9 mo\u017enost n\u00e1v\u0161t\u011bvy vybran\u00e9ho dokon\u010den\u00e9ho \u0159adov\u00e9ho domu ve 2. f\u00e1zi. Sezn\u00e1m\u00edme v\u00e1s i s\u00a0novinkami z\u00a0v\u00fdstavby bytov\u00fdch dom\u016f F a G a informace o cel\u00e9 lokalit\u011b.<\/p>\n<p>Zkr\u00e1tka, 15. \u0159\u00edjna v\u00e1s \u010dek\u00e1 pou\u010den\u00ed a aktivita pro dosp\u011bl\u00e9, z\u00e1bavu pro d\u011bti i pro v\u00e1s, v\u0161e v\u00a0sousedsk\u00e9m duchu.<\/p>\n<p>Pro ty z\u00a0v\u00e1s, kte\u0159\u00ed svou \u00fa\u010dast potvrd\u00ed do 12. \u0159\u00edjna na e-mail <a href=\"mailto:landia@landia.cz\" target=\"_blank\">landia@landia.cz<\/a>, m\u00e1me p\u0159ipraven\u00fd mal\u00fd d\u00e1rek.<\/p>\n<p>Na vid\u011bnou se t\u011b\u0161\u00ed t\u00fdm Landia Management s. r. o.<\/p>\n<p>Podrobnou tiskovou zpr\u00e1vu spole\u010dnosti Landia Management s. r. o. naleznete\u00a0<a href=\"https:\/\/www.praha14.cz\/app\/uploads\/sites\/4\/2015\/10\/TZ_Rajsky_vrch_rijen2015.pdf\" target=\"_blank\">zde<\/a>.<\/p>\n<p><a href=\"https:\/\/www.praha14.cz\/app\/uploads\/sites\/4\/2015\/09\/Plakat_obrazek-landia.jpg\" data-rel=\"lightbox-image-0\" data-rl_title=\"\" data-rl_caption=\"\" title=\"\"><img loading=\"lazy\" decoding=\"async\" class=\"alignnone size-medium wp-image-26259\" src=\"https:\/\/www.praha14.cz\/app\/uploads\/sites\/4\/2015\/09\/Plakat_obrazek-landia-261x370.jpg\" alt=\"\" width=\"261\" height=\"370\" srcset=\"https:\/\/www.praha14.cz\/app\/uploads\/sites\/4\/2015\/09\/Plakat_obrazek-landia-261x370.jpg 261w, https:\/\/www.praha14.cz\/app\/uploads\/sites\/4\/2015\/09\/Plakat_obrazek-landia.jpg 679w\" sizes=\"(max-width: 261px) 100vw, 261px\" \/><\/a><\/p>\n<p>&nbsp;<\/p>\n","protected":false},"excerpt":{"rendered":"<p>Informace od spole\u010dnosti\u00a0Landia Management s.r.o.: O st\u00e1vaj\u00edc\u00ed, budouc\u00ed i dosud nerozhodnut\u00e9 obyvatele Rajsk\u00e9ho vrchu se star\u00e1me. A proto n\u011bkolikr\u00e1t do roka po\u0159\u00e1d\u00e1me spole\u010dn\u00e1 setk\u00e1n\u00ed, v\u017edy jinak tematicky zam\u011b\u0159en\u00e1. Nap\u0159\u00edklad jarn\u00ed akce Kolov\u00e1n\u00ed na Rajsk\u00e9m vrchu, k\u00a0n\u011bmu\u017e v\u00a0roce 2016 p\u0159id\u00e1me i presti\u017en\u00ed b\u011b\u017eeck\u00e9 z\u00e1vody, se ji\u017e stalo milou tradic\u00ed i pro obyvatele cel\u00e9 Prahy 14. Aktu\u00e1ln\u011b&#8230;<\/p>\n","protected":false},"author":6,"featured_media":0,"comment_status":"open","ping_status":"open","sticky":false,"template":"","format":"standard","meta":{"_acf_changed":false,"footnotes":""},"categories":[1],"tags":[],"class_list":["post-26258","post","type-post","status-publish","format-standard","hentry","category-nezarazene"],"acf":[],"geo":null,"yoast_head":"<!-- This site is optimized with the Yoast SEO plugin v27.2 - https:\/\/yoast.com\/product\/yoast-seo-wordpress\/ -->\n<title>Slavnost strom\u016f - \u017divot na Praze 14<\/title>\n<meta name=\"robots\" content=\"index, follow, max-snippet:-1, max-image-preview:large, max-video-preview:-1\" \/>\n<link rel=\"canonical\" href=\"https:\/\/www.praha14.cz\/zivot-na-praze-14\/slavnost-stromu\/\" \/>\n<meta property=\"og:locale\" content=\"cs_CZ\" \/>\n<meta property=\"og:type\" content=\"article\" \/>\n<meta property=\"og:title\" content=\"Slavnost strom\u016f - \u017divot na Praze 14\" \/>\n<meta property=\"og:description\" content=\"Informace od spole\u010dnosti\u00a0Landia Management s.r.o.: O st\u00e1vaj\u00edc\u00ed, budouc\u00ed i dosud nerozhodnut\u00e9 obyvatele Rajsk\u00e9ho vrchu se star\u00e1me. A proto n\u011bkolikr\u00e1t do roka po\u0159\u00e1d\u00e1me spole\u010dn\u00e1 setk\u00e1n\u00ed, v\u017edy jinak tematicky zam\u011b\u0159en\u00e1. Nap\u0159\u00edklad jarn\u00ed akce Kolov\u00e1n\u00ed na Rajsk\u00e9m vrchu, k\u00a0n\u011bmu\u017e v\u00a0roce 2016 p\u0159id\u00e1me i presti\u017en\u00ed b\u011b\u017eeck\u00e9 z\u00e1vody, se ji\u017e stalo milou tradic\u00ed i pro obyvatele cel\u00e9 Prahy 14. Aktu\u00e1ln\u011b...\" \/>\n<meta property=\"og:url\" content=\"https:\/\/www.praha14.cz\/zivot-na-praze-14\/slavnost-stromu\/\" \/>\n<meta property=\"og:site_name\" content=\"\u017divot na Praze 14\" \/>\n<meta property=\"article:published_time\" content=\"2015-10-01T08:30:14+00:00\" \/>\n<meta property=\"article:modified_time\" content=\"2015-11-06T09:49:19+00:00\" \/>\n<meta property=\"og:image\" content=\"https:\/\/www.praha14.cz\/app\/uploads\/sites\/4\/2015\/09\/Plakat_obrazek-landia-261x370.jpg\" \/>\n<meta name=\"author\" content=\"M\u011bstsk\u00e1 \u010d\u00e1st Praha 14\" \/>\n<meta name=\"twitter:card\" content=\"summary_large_image\" \/>\n<meta name=\"twitter:label1\" content=\"Written by\" \/>\n\t<meta name=\"twitter:data1\" content=\"M\u011bstsk\u00e1 \u010d\u00e1st Praha 14\" \/>\n\t<meta name=\"twitter:label2\" content=\"Est. reading time\" \/>\n\t<meta name=\"twitter:data2\" content=\"2 minuty\" \/>\n<script type=\"application\/ld+json\" class=\"yoast-schema-graph\">{\"@context\":\"https:\/\/schema.org\",\"@graph\":[{\"@type\":\"Article\",\"@id\":\"https:\/\/www.praha14.cz\/zivot-na-praze-14\/slavnost-stromu\/#article\",\"isPartOf\":{\"@id\":\"https:\/\/www.praha14.cz\/zivot-na-praze-14\/slavnost-stromu\/\"},\"author\":{\"name\":\"M\u011bstsk\u00e1 \u010d\u00e1st Praha 14\",\"@id\":\"https:\/\/www.praha14.cz\/zivot-na-praze-14\/#\/schema\/person\/1474cc87232cf4e8fd1ceb216decb2ce\"},\"headline\":\"Slavnost strom\u016f\",\"datePublished\":\"2015-10-01T08:30:14+00:00\",\"dateModified\":\"2015-11-06T09:49:19+00:00\",\"mainEntityOfPage\":{\"@id\":\"https:\/\/www.praha14.cz\/zivot-na-praze-14\/slavnost-stromu\/\"},\"wordCount\":360,\"commentCount\":0,\"image\":{\"@id\":\"https:\/\/www.praha14.cz\/zivot-na-praze-14\/slavnost-stromu\/#primaryimage\"},\"thumbnailUrl\":\"https:\/\/www.praha14.cz\/app\/uploads\/sites\/4\/2015\/09\/Plakat_obrazek-landia-261x370.jpg\",\"inLanguage\":\"cs\",\"potentialAction\":[{\"@type\":\"CommentAction\",\"name\":\"Comment\",\"target\":[\"https:\/\/www.praha14.cz\/zivot-na-praze-14\/slavnost-stromu\/#respond\"]}]},{\"@type\":\"WebPage\",\"@id\":\"https:\/\/www.praha14.cz\/zivot-na-praze-14\/slavnost-stromu\/\",\"url\":\"https:\/\/www.praha14.cz\/zivot-na-praze-14\/slavnost-stromu\/\",\"name\":\"Slavnost strom\u016f - \u017divot na Praze 14\",\"isPartOf\":{\"@id\":\"https:\/\/www.praha14.cz\/zivot-na-praze-14\/#website\"},\"primaryImageOfPage\":{\"@id\":\"https:\/\/www.praha14.cz\/zivot-na-praze-14\/slavnost-stromu\/#primaryimage\"},\"image\":{\"@id\":\"https:\/\/www.praha14.cz\/zivot-na-praze-14\/slavnost-stromu\/#primaryimage\"},\"thumbnailUrl\":\"https:\/\/www.praha14.cz\/app\/uploads\/sites\/4\/2015\/09\/Plakat_obrazek-landia-261x370.jpg\",\"datePublished\":\"2015-10-01T08:30:14+00:00\",\"dateModified\":\"2015-11-06T09:49:19+00:00\",\"author\":{\"@id\":\"https:\/\/www.praha14.cz\/zivot-na-praze-14\/#\/schema\/person\/1474cc87232cf4e8fd1ceb216decb2ce\"},\"breadcrumb\":{\"@id\":\"https:\/\/www.praha14.cz\/zivot-na-praze-14\/slavnost-stromu\/#breadcrumb\"},\"inLanguage\":\"cs\",\"potentialAction\":[{\"@type\":\"ReadAction\",\"target\":[\"https:\/\/www.praha14.cz\/zivot-na-praze-14\/slavnost-stromu\/\"]}]},{\"@type\":\"ImageObject\",\"inLanguage\":\"cs\",\"@id\":\"https:\/\/www.praha14.cz\/zivot-na-praze-14\/slavnost-stromu\/#primaryimage\",\"url\":\"https:\/\/www.praha14.cz\/app\/uploads\/sites\/4\/2015\/09\/Plakat_obrazek-landia-261x370.jpg\",\"contentUrl\":\"https:\/\/www.praha14.cz\/app\/uploads\/sites\/4\/2015\/09\/Plakat_obrazek-landia-261x370.jpg\"},{\"@type\":\"BreadcrumbList\",\"@id\":\"https:\/\/www.praha14.cz\/zivot-na-praze-14\/slavnost-stromu\/#breadcrumb\",\"itemListElement\":[{\"@type\":\"ListItem\",\"position\":1,\"name\":\"\u017divot na Praze 14\",\"item\":\"https:\/\/www.praha14.cz\/zivot-na-praze-14\/\"},{\"@type\":\"ListItem\",\"position\":2,\"name\":\"Slavnost strom\u016f\"}]},{\"@type\":\"WebSite\",\"@id\":\"https:\/\/www.praha14.cz\/zivot-na-praze-14\/#website\",\"url\":\"https:\/\/www.praha14.cz\/zivot-na-praze-14\/\",\"name\":\"\u017divot na Praze 14\",\"description\":\"\",\"potentialAction\":[{\"@type\":\"SearchAction\",\"target\":{\"@type\":\"EntryPoint\",\"urlTemplate\":\"https:\/\/www.praha14.cz\/zivot-na-praze-14\/?s={search_term_string}\"},\"query-input\":{\"@type\":\"PropertyValueSpecification\",\"valueRequired\":true,\"valueName\":\"search_term_string\"}}],\"inLanguage\":\"cs\"},{\"@type\":\"Person\",\"@id\":\"https:\/\/www.praha14.cz\/zivot-na-praze-14\/#\/schema\/person\/1474cc87232cf4e8fd1ceb216decb2ce\",\"name\":\"M\u011bstsk\u00e1 \u010d\u00e1st Praha 14\",\"image\":{\"@type\":\"ImageObject\",\"inLanguage\":\"cs\",\"@id\":\"https:\/\/secure.gravatar.com\/avatar\/e51dd751c5fcbc2776e05ea4f0dca77132897c8db7e45d2d1d7d428fc20c00ef?s=96&d=mm&r=g\",\"url\":\"https:\/\/secure.gravatar.com\/avatar\/e51dd751c5fcbc2776e05ea4f0dca77132897c8db7e45d2d1d7d428fc20c00ef?s=96&d=mm&r=g\",\"contentUrl\":\"https:\/\/secure.gravatar.com\/avatar\/e51dd751c5fcbc2776e05ea4f0dca77132897c8db7e45d2d1d7d428fc20c00ef?s=96&d=mm&r=g\",\"caption\":\"M\u011bstsk\u00e1 \u010d\u00e1st Praha 14\"},\"url\":\"https:\/\/www.praha14.cz\/zivot-na-praze-14\/author\/veronikaberna\/\"}]}<\/script>\n<!-- \/ Yoast SEO plugin. -->","yoast_head_json":{"title":"Slavnost strom\u016f - \u017divot na Praze 14","robots":{"index":"index","follow":"follow","max-snippet":"max-snippet:-1","max-image-preview":"max-image-preview:large","max-video-preview":"max-video-preview:-1"},"canonical":"https:\/\/www.praha14.cz\/zivot-na-praze-14\/slavnost-stromu\/","og_locale":"cs_CZ","og_type":"article","og_title":"Slavnost strom\u016f - \u017divot na Praze 14","og_description":"Informace od spole\u010dnosti\u00a0Landia Management s.r.o.: O st\u00e1vaj\u00edc\u00ed, budouc\u00ed i dosud nerozhodnut\u00e9 obyvatele Rajsk\u00e9ho vrchu se star\u00e1me. A proto n\u011bkolikr\u00e1t do roka po\u0159\u00e1d\u00e1me spole\u010dn\u00e1 setk\u00e1n\u00ed, v\u017edy jinak tematicky zam\u011b\u0159en\u00e1. Nap\u0159\u00edklad jarn\u00ed akce Kolov\u00e1n\u00ed na Rajsk\u00e9m vrchu, k\u00a0n\u011bmu\u017e v\u00a0roce 2016 p\u0159id\u00e1me i presti\u017en\u00ed b\u011b\u017eeck\u00e9 z\u00e1vody, se ji\u017e stalo milou tradic\u00ed i pro obyvatele cel\u00e9 Prahy 14. Aktu\u00e1ln\u011b...","og_url":"https:\/\/www.praha14.cz\/zivot-na-praze-14\/slavnost-stromu\/","og_site_name":"\u017divot na Praze 14","article_published_time":"2015-10-01T08:30:14+00:00","article_modified_time":"2015-11-06T09:49:19+00:00","og_image":[{"url":"https:\/\/www.praha14.cz\/app\/uploads\/sites\/4\/2015\/09\/Plakat_obrazek-landia-261x370.jpg","type":"","width":"","height":""}],"author":"M\u011bstsk\u00e1 \u010d\u00e1st Praha 14","twitter_card":"summary_large_image","twitter_misc":{"Written by":"M\u011bstsk\u00e1 \u010d\u00e1st Praha 14","Est. reading time":"2 minuty"},"schema":{"@context":"https:\/\/schema.org","@graph":[{"@type":"Article","@id":"https:\/\/www.praha14.cz\/zivot-na-praze-14\/slavnost-stromu\/#article","isPartOf":{"@id":"https:\/\/www.praha14.cz\/zivot-na-praze-14\/slavnost-stromu\/"},"author":{"name":"M\u011bstsk\u00e1 \u010d\u00e1st Praha 14","@id":"https:\/\/www.praha14.cz\/zivot-na-praze-14\/#\/schema\/person\/1474cc87232cf4e8fd1ceb216decb2ce"},"headline":"Slavnost strom\u016f","datePublished":"2015-10-01T08:30:14+00:00","dateModified":"2015-11-06T09:49:19+00:00","mainEntityOfPage":{"@id":"https:\/\/www.praha14.cz\/zivot-na-praze-14\/slavnost-stromu\/"},"wordCount":360,"commentCount":0,"image":{"@id":"https:\/\/www.praha14.cz\/zivot-na-praze-14\/slavnost-stromu\/#primaryimage"},"thumbnailUrl":"https:\/\/www.praha14.cz\/app\/uploads\/sites\/4\/2015\/09\/Plakat_obrazek-landia-261x370.jpg","inLanguage":"cs","potentialAction":[{"@type":"CommentAction","name":"Comment","target":["https:\/\/www.praha14.cz\/zivot-na-praze-14\/slavnost-stromu\/#respond"]}]},{"@type":"WebPage","@id":"https:\/\/www.praha14.cz\/zivot-na-praze-14\/slavnost-stromu\/","url":"https:\/\/www.praha14.cz\/zivot-na-praze-14\/slavnost-stromu\/","name":"Slavnost strom\u016f - \u017divot na Praze 14","isPartOf":{"@id":"https:\/\/www.praha14.cz\/zivot-na-praze-14\/#website"},"primaryImageOfPage":{"@id":"https:\/\/www.praha14.cz\/zivot-na-praze-14\/slavnost-stromu\/#primaryimage"},"image":{"@id":"https:\/\/www.praha14.cz\/zivot-na-praze-14\/slavnost-stromu\/#primaryimage"},"thumbnailUrl":"https:\/\/www.praha14.cz\/app\/uploads\/sites\/4\/2015\/09\/Plakat_obrazek-landia-261x370.jpg","datePublished":"2015-10-01T08:30:14+00:00","dateModified":"2015-11-06T09:49:19+00:00","author":{"@id":"https:\/\/www.praha14.cz\/zivot-na-praze-14\/#\/schema\/person\/1474cc87232cf4e8fd1ceb216decb2ce"},"breadcrumb":{"@id":"https:\/\/www.praha14.cz\/zivot-na-praze-14\/slavnost-stromu\/#breadcrumb"},"inLanguage":"cs","potentialAction":[{"@type":"ReadAction","target":["https:\/\/www.praha14.cz\/zivot-na-praze-14\/slavnost-stromu\/"]}]},{"@type":"ImageObject","inLanguage":"cs","@id":"https:\/\/www.praha14.cz\/zivot-na-praze-14\/slavnost-stromu\/#primaryimage","url":"https:\/\/www.praha14.cz\/app\/uploads\/sites\/4\/2015\/09\/Plakat_obrazek-landia-261x370.jpg","contentUrl":"https:\/\/www.praha14.cz\/app\/uploads\/sites\/4\/2015\/09\/Plakat_obrazek-landia-261x370.jpg"},{"@type":"BreadcrumbList","@id":"https:\/\/www.praha14.cz\/zivot-na-praze-14\/slavnost-stromu\/#breadcrumb","itemListElement":[{"@type":"ListItem","position":1,"name":"\u017divot na Praze 14","item":"https:\/\/www.praha14.cz\/zivot-na-praze-14\/"},{"@type":"ListItem","position":2,"name":"Slavnost strom\u016f"}]},{"@type":"WebSite","@id":"https:\/\/www.praha14.cz\/zivot-na-praze-14\/#website","url":"https:\/\/www.praha14.cz\/zivot-na-praze-14\/","name":"\u017divot na Praze 14","description":"","potentialAction":[{"@type":"SearchAction","target":{"@type":"EntryPoint","urlTemplate":"https:\/\/www.praha14.cz\/zivot-na-praze-14\/?s={search_term_string}"},"query-input":{"@type":"PropertyValueSpecification","valueRequired":true,"valueName":"search_term_string"}}],"inLanguage":"cs"},{"@type":"Person","@id":"https:\/\/www.praha14.cz\/zivot-na-praze-14\/#\/schema\/person\/1474cc87232cf4e8fd1ceb216decb2ce","name":"M\u011bstsk\u00e1 \u010d\u00e1st Praha 14","image":{"@type":"ImageObject","inLanguage":"cs","@id":"https:\/\/secure.gravatar.com\/avatar\/e51dd751c5fcbc2776e05ea4f0dca77132897c8db7e45d2d1d7d428fc20c00ef?s=96&d=mm&r=g","url":"https:\/\/secure.gravatar.com\/avatar\/e51dd751c5fcbc2776e05ea4f0dca77132897c8db7e45d2d1d7d428fc20c00ef?s=96&d=mm&r=g","contentUrl":"https:\/\/secure.gravatar.com\/avatar\/e51dd751c5fcbc2776e05ea4f0dca77132897c8db7e45d2d1d7d428fc20c00ef?s=96&d=mm&r=g","caption":"M\u011bstsk\u00e1 \u010d\u00e1st Praha 14"},"url":"https:\/\/www.praha14.cz\/zivot-na-praze-14\/author\/veronikaberna\/"}]}},"_links":{"self":[{"href":"https:\/\/www.praha14.cz\/zivot-na-praze-14\/wp-json\/wp\/v2\/posts\/26258","targetHints":{"allow":["GET"]}}],"collection":[{"href":"https:\/\/www.praha14.cz\/zivot-na-praze-14\/wp-json\/wp\/v2\/posts"}],"about":[{"href":"https:\/\/www.praha14.cz\/zivot-na-praze-14\/wp-json\/wp\/v2\/types\/post"}],"author":[{"embeddable":true,"href":"https:\/\/www.praha14.cz\/zivot-na-praze-14\/wp-json\/wp\/v2\/users\/6"}],"replies":[{"embeddable":true,"href":"https:\/\/www.praha14.cz\/zivot-na-praze-14\/wp-json\/wp\/v2\/comments?post=26258"}],"version-history":[{"count":3,"href":"https:\/\/www.praha14.cz\/zivot-na-praze-14\/wp-json\/wp\/v2\/posts\/26258\/revisions"}],"predecessor-version":[{"id":26764,"href":"https:\/\/www.praha14.cz\/zivot-na-praze-14\/wp-json\/wp\/v2\/posts\/26258\/revisions\/26764"}],"wp:attachment":[{"href":"https:\/\/www.praha14.cz\/zivot-na-praze-14\/wp-json\/wp\/v2\/media?parent=26258"}],"wp:term":[{"taxonomy":"category","embeddable":true,"href":"https:\/\/www.praha14.cz\/zivot-na-praze-14\/wp-json\/wp\/v2\/categories?post=26258"},{"taxonomy":"post_tag","embeddable":true,"href":"https:\/\/www.praha14.cz\/zivot-na-praze-14\/wp-json\/wp\/v2\/tags?post=26258"}],"curies":[{"name":"wp","href":"https:\/\/api.w.org\/{rel}","templated":true}]}}