{"id":34081,"date":"2016-12-23T09:49:20","date_gmt":"2016-12-23T08:49:20","guid":{"rendered":"https:\/\/www.praha14.cz\/zivot-na-praze-14\/?p=34081"},"modified":"2016-12-28T09:49:54","modified_gmt":"2016-12-28T08:49:54","slug":"tz-242016-myslivci-predlozi-podrobny-plan-jak-snizit-populaci-cerne-zvere-v-praze-14-a-jejim-okoli","status":"publish","type":"post","link":"https:\/\/www.praha14.cz\/zivot-na-praze-14\/tz-242016-myslivci-predlozi-podrobny-plan-jak-snizit-populaci-cerne-zvere-v-praze-14-a-jejim-okoli\/","title":{"rendered":"TZ 24\/2016 &#8211; Myslivci p\u0159edlo\u017e\u00ed podrobn\u00fd pl\u00e1n, jak sn\u00ed\u017eit populaci \u010dern\u00e9 zv\u011b\u0159e v Praze 14 a jej\u00edm okol\u00ed"},"content":{"rendered":"<p><strong><em>Praha, 23. prosince 2016<\/em><\/strong><strong> \u2013 M\u011bstsk\u00e1 \u010d\u00e1st Praha 14 zorganizovala ji\u017e d\u0159\u00edve avizovanou sch\u016fzku, na n\u00ed\u017e se vedle jej\u00edch z\u00e1stupc\u016f se\u0161li tak\u00e9 starostov\u00e9 a z\u00e1stupci M\u010c Horn\u00ed Po\u010dernice, M\u010c Doln\u00ed Po\u010dernice, M\u010c B\u011bchovice, Magistr\u00e1tu hl. m. Prahy, Les\u016f hl. m. Prahy a Mysliveck\u00e9ho sdru\u017een\u00ed Horn\u00ed Po\u010dernice. T\u00e9matem setk\u00e1n\u00ed, kter\u00e9 se uskute\u010dnilo tento t\u00fdden v\u00a0prostor\u00e1ch Galerie 14 na \u010cern\u00e9m Most\u011b, bylo p\u0159emno\u017een\u00ed divok\u00fdch prasat v\u00a0katastrech v\u00fd\u0161e zm\u00edn\u011bn\u00fdch m\u011bstsk\u00fdch \u010d\u00e1st\u00ed.<\/strong><\/p>\n<p><strong>\u00a0<\/strong><em>\u201eVelk\u00e9 p\u0159emno\u017een\u00ed divok\u00fdch prasat v\u00a0posledn\u00edch dvou letech, m\u00e1 velmi nep\u0159\u00edjemn\u00e9 d\u016fsledky. Nejen, \u017ee se na n\u00e1s obracej\u00ed vystra\u0161en\u00ed obyvatel\u00e9, do\u0161lo ke st\u0159et\u016fm s ven\u010den\u00fdmi psy a \u010dern\u00e1 zv\u011b\u0159 zp\u016fsobuje velk\u00e9 \u0161kody na majetku m\u011bstsk\u00fdch \u010d\u00e1st\u00ed, magistr\u00e1tn\u00edm i tom soukrom\u00e9m. Proto jsme vyvolali jedn\u00e1n\u00ed v\u0161ech z\u00fa\u010dastn\u011bn\u00fdch stran, jeho\u017e c\u00edlem bylo stanovit dal\u0161\u00ed a p\u0159edev\u0161\u00edm jednotn\u00fd postup. V\u0161ichni z\u00fa\u010dastn\u011bn\u00ed potvrdili p\u0159ipravenost poskytnout pot\u0159ebnou sou\u010dinnost. Hlavn\u00ed odpov\u011bdnost v\u0161ak z\u016fst\u00e1v\u00e1 na Mysliveck\u00e9m sdru\u017een\u00ed Horn\u00ed Po\u010dernice, spr\u00e1vci t\u00e9to honitby, jeho\u017e z\u00e1stupci se zav\u00e1zali na za\u010d\u00e1tku ledna p\u0159edlo\u017eit jasn\u00fd pl\u00e1n vedouc\u00ed ke sn\u00ed\u017een\u00ed populace \u010dern\u00e9 zv\u011b\u0159e. V\u00fdsledky sch\u016fzky jsou pro mne nad\u011bj\u00ed, \u017ee se po dlouh\u00e9m v\u00e1h\u00e1n\u00ed kone\u010dn\u011b v\u011bci pohnou dop\u0159edu,\u201c<\/em> \u0159\u00edk\u00e1 starosta M\u010c Praha 14 Mgr. Radek Vondra.<\/p>\n<p>Ze strany z\u00e1stupc\u016f m\u011bstsk\u00fdch \u010d\u00e1st\u00ed i Magistr\u00e1tu hl. m. Prahy nej\u010dast\u011bji rezonovaly po\u017eadavky na \u0159\u00e1dov\u011b v\u011bt\u0161\u00ed odst\u0159el divok\u00fdch prasat, \u0159e\u0161ila se tak\u00e9 mo\u017en\u00e1 instalace pachov\u00fdch ohradn\u00edk\u016f (chemick\u00fdch odpuzova\u010d\u016f), na jejich\u017e \u00fa\u010dinnost v\u00a0m\u011bstsk\u00e9 z\u00e1stavb\u011b v\u0161ak mezi z\u00fa\u010dastn\u011bn\u00fdmi panovaly protich\u016fdn\u00e9 n\u00e1zory. O \u010dem se nyn\u00ed tak\u00e9 uva\u017euje, jsou rozs\u00e1hl\u00e9 loveck\u00e9 akce i na jin\u00fdch ne\u017e honebn\u00edch pozemc\u00edch.<\/p>\n<p><em>\u201eJsem r\u00e1da, \u017ee se setk\u00e1n\u00ed uskute\u010dnilo, proto\u017ee jsme v\u00a0situaci, kdy je t\u0159eba t\u00e1hnout za jeden provaz. M\u00e1me za sebou konstruktivn\u00ed debatu, z\u00a0n\u00ed\u017e vze\u0161el prvn\u00ed krok &#8211; jasn\u00fd \u00fakol pro myslivce. Do prvn\u00edho lednov\u00e9ho t\u00fddne p\u0159edlo\u017e\u00ed m\u011bstsk\u00fdm \u010d\u00e1stem re\u00e1ln\u00fd pl\u00e1n \u0159e\u0161en\u00ed situace. Jeho sou\u010d\u00e1st\u00ed bude tak\u00e9 n\u00e1vrh konkr\u00e9tn\u00edch materi\u00e1ln\u00edch i jin\u00fdch opat\u0159en\u00ed, kter\u00e1 skute\u010dn\u011b povedou ke sn\u00ed\u017een\u00ed po\u010dtu \u010dern\u00e9 zv\u011b\u0159e. Tento pl\u00e1n se stane podkladem pro dal\u0161\u00ed debatu o financov\u00e1n\u00ed a n\u00e1sledn\u00e9 realizaci navr\u017een\u00fdch krok\u016f,\u201c<\/em> popsala pr\u016fb\u011bh sch\u016fzky radn\u00ed Prahy 14 Mgr. Irena Kolmanov\u00e1, kter\u00e1 m\u00e1 ve sv\u00e9 gesci bezpe\u010dnost v\u00a0m\u011bstsk\u00e9 \u010d\u00e1sti.<\/p>\n<p><em>Pro v\u00edce informac\u00ed:<\/em><em><br \/>\n<em>Veronika Bern\u00e1<\/em><br \/>\n<em>Odd\u011blen\u00ed strategick\u00e9ho pl\u00e1nov\u00e1n\u00ed a komunikace<\/em><br \/>\n<em>Tel.: \u00a0225\u00a0295\u00a0603, mobil: 605\u00a0222 238<\/em><br \/>\n<em>E-mail: Veronika.Berna@praha14.cz<\/em><\/em><\/p>\n","protected":false},"excerpt":{"rendered":"<p>Praha, 23. prosince 2016 \u2013 M\u011bstsk\u00e1 \u010d\u00e1st Praha 14 zorganizovala ji\u017e d\u0159\u00edve avizovanou sch\u016fzku, na n\u00ed\u017e se vedle jej\u00edch z\u00e1stupc\u016f se\u0161li tak\u00e9 starostov\u00e9 a z\u00e1stupci M\u010c Horn\u00ed Po\u010dernice, M\u010c Doln\u00ed Po\u010dernice, M\u010c B\u011bchovice, Magistr\u00e1tu hl. m. Prahy, Les\u016f hl. m. Prahy a Mysliveck\u00e9ho sdru\u017een\u00ed Horn\u00ed Po\u010dernice. T\u00e9matem setk\u00e1n\u00ed, kter\u00e9 se uskute\u010dnilo tento t\u00fdden v\u00a0prostor\u00e1ch Galerie&#8230;<\/p>\n","protected":false},"author":6,"featured_media":0,"comment_status":"open","ping_status":"open","sticky":false,"template":"","format":"standard","meta":{"_acf_changed":false,"footnotes":""},"categories":[1],"tags":[110],"class_list":["post-34081","post","type-post","status-publish","format-standard","hentry","category-nezarazene","tag-tiskove-zpravy"],"acf":[],"geo":null,"yoast_head":"<!-- This site is optimized with the Yoast SEO plugin v27.2 - https:\/\/yoast.com\/product\/yoast-seo-wordpress\/ -->\n<title>TZ 24\/2016 - Myslivci p\u0159edlo\u017e\u00ed podrobn\u00fd pl\u00e1n, jak sn\u00ed\u017eit populaci \u010dern\u00e9 zv\u011b\u0159e v Praze 14 a jej\u00edm okol\u00ed - \u017divot na Praze 14<\/title>\n<meta name=\"robots\" content=\"index, follow, max-snippet:-1, max-image-preview:large, max-video-preview:-1\" \/>\n<link rel=\"canonical\" href=\"https:\/\/www.praha14.cz\/zivot-na-praze-14\/tz-242016-myslivci-predlozi-podrobny-plan-jak-snizit-populaci-cerne-zvere-v-praze-14-a-jejim-okoli\/\" \/>\n<meta property=\"og:locale\" content=\"cs_CZ\" \/>\n<meta property=\"og:type\" content=\"article\" \/>\n<meta property=\"og:title\" content=\"TZ 24\/2016 - Myslivci p\u0159edlo\u017e\u00ed podrobn\u00fd pl\u00e1n, jak sn\u00ed\u017eit populaci \u010dern\u00e9 zv\u011b\u0159e v Praze 14 a jej\u00edm okol\u00ed - \u017divot na Praze 14\" \/>\n<meta property=\"og:description\" content=\"Praha, 23. prosince 2016 \u2013 M\u011bstsk\u00e1 \u010d\u00e1st Praha 14 zorganizovala ji\u017e d\u0159\u00edve avizovanou sch\u016fzku, na n\u00ed\u017e se vedle jej\u00edch z\u00e1stupc\u016f se\u0161li tak\u00e9 starostov\u00e9 a z\u00e1stupci M\u010c Horn\u00ed Po\u010dernice, M\u010c Doln\u00ed Po\u010dernice, M\u010c B\u011bchovice, Magistr\u00e1tu hl. m. Prahy, Les\u016f hl. m. Prahy a Mysliveck\u00e9ho sdru\u017een\u00ed Horn\u00ed Po\u010dernice. T\u00e9matem setk\u00e1n\u00ed, kter\u00e9 se uskute\u010dnilo tento t\u00fdden v\u00a0prostor\u00e1ch Galerie...\" \/>\n<meta property=\"og:url\" content=\"https:\/\/www.praha14.cz\/zivot-na-praze-14\/tz-242016-myslivci-predlozi-podrobny-plan-jak-snizit-populaci-cerne-zvere-v-praze-14-a-jejim-okoli\/\" \/>\n<meta property=\"og:site_name\" content=\"\u017divot na Praze 14\" \/>\n<meta property=\"article:published_time\" content=\"2016-12-23T08:49:20+00:00\" \/>\n<meta property=\"article:modified_time\" content=\"2016-12-28T08:49:54+00:00\" \/>\n<meta name=\"author\" content=\"M\u011bstsk\u00e1 \u010d\u00e1st Praha 14\" \/>\n<meta name=\"twitter:card\" content=\"summary_large_image\" \/>\n<meta name=\"twitter:label1\" content=\"Written by\" \/>\n\t<meta name=\"twitter:data1\" content=\"M\u011bstsk\u00e1 \u010d\u00e1st Praha 14\" \/>\n\t<meta name=\"twitter:label2\" content=\"Est. reading time\" \/>\n\t<meta name=\"twitter:data2\" content=\"3 minuty\" \/>\n<script type=\"application\/ld+json\" class=\"yoast-schema-graph\">{\"@context\":\"https:\/\/schema.org\",\"@graph\":[{\"@type\":\"Article\",\"@id\":\"https:\/\/www.praha14.cz\/zivot-na-praze-14\/tz-242016-myslivci-predlozi-podrobny-plan-jak-snizit-populaci-cerne-zvere-v-praze-14-a-jejim-okoli\/#article\",\"isPartOf\":{\"@id\":\"https:\/\/www.praha14.cz\/zivot-na-praze-14\/tz-242016-myslivci-predlozi-podrobny-plan-jak-snizit-populaci-cerne-zvere-v-praze-14-a-jejim-okoli\/\"},\"author\":{\"name\":\"M\u011bstsk\u00e1 \u010d\u00e1st Praha 14\",\"@id\":\"https:\/\/www.praha14.cz\/zivot-na-praze-14\/#\/schema\/person\/1474cc87232cf4e8fd1ceb216decb2ce\"},\"headline\":\"TZ 24\/2016 &#8211; Myslivci p\u0159edlo\u017e\u00ed podrobn\u00fd pl\u00e1n, jak sn\u00ed\u017eit populaci \u010dern\u00e9 zv\u011b\u0159e v Praze 14 a jej\u00edm okol\u00ed\",\"datePublished\":\"2016-12-23T08:49:20+00:00\",\"dateModified\":\"2016-12-28T08:49:54+00:00\",\"mainEntityOfPage\":{\"@id\":\"https:\/\/www.praha14.cz\/zivot-na-praze-14\/tz-242016-myslivci-predlozi-podrobny-plan-jak-snizit-populaci-cerne-zvere-v-praze-14-a-jejim-okoli\/\"},\"wordCount\":525,\"commentCount\":0,\"keywords\":[\"Tiskov\u00e9 zpr\u00e1vy\"],\"inLanguage\":\"cs\",\"potentialAction\":[{\"@type\":\"CommentAction\",\"name\":\"Comment\",\"target\":[\"https:\/\/www.praha14.cz\/zivot-na-praze-14\/tz-242016-myslivci-predlozi-podrobny-plan-jak-snizit-populaci-cerne-zvere-v-praze-14-a-jejim-okoli\/#respond\"]}]},{\"@type\":\"WebPage\",\"@id\":\"https:\/\/www.praha14.cz\/zivot-na-praze-14\/tz-242016-myslivci-predlozi-podrobny-plan-jak-snizit-populaci-cerne-zvere-v-praze-14-a-jejim-okoli\/\",\"url\":\"https:\/\/www.praha14.cz\/zivot-na-praze-14\/tz-242016-myslivci-predlozi-podrobny-plan-jak-snizit-populaci-cerne-zvere-v-praze-14-a-jejim-okoli\/\",\"name\":\"TZ 24\/2016 - Myslivci p\u0159edlo\u017e\u00ed podrobn\u00fd pl\u00e1n, jak sn\u00ed\u017eit populaci \u010dern\u00e9 zv\u011b\u0159e v Praze 14 a jej\u00edm okol\u00ed - \u017divot na Praze 14\",\"isPartOf\":{\"@id\":\"https:\/\/www.praha14.cz\/zivot-na-praze-14\/#website\"},\"datePublished\":\"2016-12-23T08:49:20+00:00\",\"dateModified\":\"2016-12-28T08:49:54+00:00\",\"author\":{\"@id\":\"https:\/\/www.praha14.cz\/zivot-na-praze-14\/#\/schema\/person\/1474cc87232cf4e8fd1ceb216decb2ce\"},\"breadcrumb\":{\"@id\":\"https:\/\/www.praha14.cz\/zivot-na-praze-14\/tz-242016-myslivci-predlozi-podrobny-plan-jak-snizit-populaci-cerne-zvere-v-praze-14-a-jejim-okoli\/#breadcrumb\"},\"inLanguage\":\"cs\",\"potentialAction\":[{\"@type\":\"ReadAction\",\"target\":[\"https:\/\/www.praha14.cz\/zivot-na-praze-14\/tz-242016-myslivci-predlozi-podrobny-plan-jak-snizit-populaci-cerne-zvere-v-praze-14-a-jejim-okoli\/\"]}]},{\"@type\":\"BreadcrumbList\",\"@id\":\"https:\/\/www.praha14.cz\/zivot-na-praze-14\/tz-242016-myslivci-predlozi-podrobny-plan-jak-snizit-populaci-cerne-zvere-v-praze-14-a-jejim-okoli\/#breadcrumb\",\"itemListElement\":[{\"@type\":\"ListItem\",\"position\":1,\"name\":\"\u017divot na Praze 14\",\"item\":\"https:\/\/www.praha14.cz\/zivot-na-praze-14\/\"},{\"@type\":\"ListItem\",\"position\":2,\"name\":\"TZ 24\/2016 &#8211; Myslivci p\u0159edlo\u017e\u00ed podrobn\u00fd pl\u00e1n, jak sn\u00ed\u017eit populaci \u010dern\u00e9 zv\u011b\u0159e v Praze 14 a jej\u00edm okol\u00ed\"}]},{\"@type\":\"WebSite\",\"@id\":\"https:\/\/www.praha14.cz\/zivot-na-praze-14\/#website\",\"url\":\"https:\/\/www.praha14.cz\/zivot-na-praze-14\/\",\"name\":\"\u017divot na Praze 14\",\"description\":\"\",\"potentialAction\":[{\"@type\":\"SearchAction\",\"target\":{\"@type\":\"EntryPoint\",\"urlTemplate\":\"https:\/\/www.praha14.cz\/zivot-na-praze-14\/?s={search_term_string}\"},\"query-input\":{\"@type\":\"PropertyValueSpecification\",\"valueRequired\":true,\"valueName\":\"search_term_string\"}}],\"inLanguage\":\"cs\"},{\"@type\":\"Person\",\"@id\":\"https:\/\/www.praha14.cz\/zivot-na-praze-14\/#\/schema\/person\/1474cc87232cf4e8fd1ceb216decb2ce\",\"name\":\"M\u011bstsk\u00e1 \u010d\u00e1st Praha 14\",\"image\":{\"@type\":\"ImageObject\",\"inLanguage\":\"cs\",\"@id\":\"https:\/\/secure.gravatar.com\/avatar\/e51dd751c5fcbc2776e05ea4f0dca77132897c8db7e45d2d1d7d428fc20c00ef?s=96&d=mm&r=g\",\"url\":\"https:\/\/secure.gravatar.com\/avatar\/e51dd751c5fcbc2776e05ea4f0dca77132897c8db7e45d2d1d7d428fc20c00ef?s=96&d=mm&r=g\",\"contentUrl\":\"https:\/\/secure.gravatar.com\/avatar\/e51dd751c5fcbc2776e05ea4f0dca77132897c8db7e45d2d1d7d428fc20c00ef?s=96&d=mm&r=g\",\"caption\":\"M\u011bstsk\u00e1 \u010d\u00e1st Praha 14\"},\"url\":\"https:\/\/www.praha14.cz\/zivot-na-praze-14\/author\/veronikaberna\/\"}]}<\/script>\n<!-- \/ Yoast SEO plugin. -->","yoast_head_json":{"title":"TZ 24\/2016 - Myslivci p\u0159edlo\u017e\u00ed podrobn\u00fd pl\u00e1n, jak sn\u00ed\u017eit populaci \u010dern\u00e9 zv\u011b\u0159e v Praze 14 a jej\u00edm okol\u00ed - \u017divot na Praze 14","robots":{"index":"index","follow":"follow","max-snippet":"max-snippet:-1","max-image-preview":"max-image-preview:large","max-video-preview":"max-video-preview:-1"},"canonical":"https:\/\/www.praha14.cz\/zivot-na-praze-14\/tz-242016-myslivci-predlozi-podrobny-plan-jak-snizit-populaci-cerne-zvere-v-praze-14-a-jejim-okoli\/","og_locale":"cs_CZ","og_type":"article","og_title":"TZ 24\/2016 - Myslivci p\u0159edlo\u017e\u00ed podrobn\u00fd pl\u00e1n, jak sn\u00ed\u017eit populaci \u010dern\u00e9 zv\u011b\u0159e v Praze 14 a jej\u00edm okol\u00ed - \u017divot na Praze 14","og_description":"Praha, 23. prosince 2016 \u2013 M\u011bstsk\u00e1 \u010d\u00e1st Praha 14 zorganizovala ji\u017e d\u0159\u00edve avizovanou sch\u016fzku, na n\u00ed\u017e se vedle jej\u00edch z\u00e1stupc\u016f se\u0161li tak\u00e9 starostov\u00e9 a z\u00e1stupci M\u010c Horn\u00ed Po\u010dernice, M\u010c Doln\u00ed Po\u010dernice, M\u010c B\u011bchovice, Magistr\u00e1tu hl. m. Prahy, Les\u016f hl. m. Prahy a Mysliveck\u00e9ho sdru\u017een\u00ed Horn\u00ed Po\u010dernice. T\u00e9matem setk\u00e1n\u00ed, kter\u00e9 se uskute\u010dnilo tento t\u00fdden v\u00a0prostor\u00e1ch Galerie...","og_url":"https:\/\/www.praha14.cz\/zivot-na-praze-14\/tz-242016-myslivci-predlozi-podrobny-plan-jak-snizit-populaci-cerne-zvere-v-praze-14-a-jejim-okoli\/","og_site_name":"\u017divot na Praze 14","article_published_time":"2016-12-23T08:49:20+00:00","article_modified_time":"2016-12-28T08:49:54+00:00","author":"M\u011bstsk\u00e1 \u010d\u00e1st Praha 14","twitter_card":"summary_large_image","twitter_misc":{"Written by":"M\u011bstsk\u00e1 \u010d\u00e1st Praha 14","Est. reading time":"3 minuty"},"schema":{"@context":"https:\/\/schema.org","@graph":[{"@type":"Article","@id":"https:\/\/www.praha14.cz\/zivot-na-praze-14\/tz-242016-myslivci-predlozi-podrobny-plan-jak-snizit-populaci-cerne-zvere-v-praze-14-a-jejim-okoli\/#article","isPartOf":{"@id":"https:\/\/www.praha14.cz\/zivot-na-praze-14\/tz-242016-myslivci-predlozi-podrobny-plan-jak-snizit-populaci-cerne-zvere-v-praze-14-a-jejim-okoli\/"},"author":{"name":"M\u011bstsk\u00e1 \u010d\u00e1st Praha 14","@id":"https:\/\/www.praha14.cz\/zivot-na-praze-14\/#\/schema\/person\/1474cc87232cf4e8fd1ceb216decb2ce"},"headline":"TZ 24\/2016 &#8211; Myslivci p\u0159edlo\u017e\u00ed podrobn\u00fd pl\u00e1n, jak sn\u00ed\u017eit populaci \u010dern\u00e9 zv\u011b\u0159e v Praze 14 a jej\u00edm okol\u00ed","datePublished":"2016-12-23T08:49:20+00:00","dateModified":"2016-12-28T08:49:54+00:00","mainEntityOfPage":{"@id":"https:\/\/www.praha14.cz\/zivot-na-praze-14\/tz-242016-myslivci-predlozi-podrobny-plan-jak-snizit-populaci-cerne-zvere-v-praze-14-a-jejim-okoli\/"},"wordCount":525,"commentCount":0,"keywords":["Tiskov\u00e9 zpr\u00e1vy"],"inLanguage":"cs","potentialAction":[{"@type":"CommentAction","name":"Comment","target":["https:\/\/www.praha14.cz\/zivot-na-praze-14\/tz-242016-myslivci-predlozi-podrobny-plan-jak-snizit-populaci-cerne-zvere-v-praze-14-a-jejim-okoli\/#respond"]}]},{"@type":"WebPage","@id":"https:\/\/www.praha14.cz\/zivot-na-praze-14\/tz-242016-myslivci-predlozi-podrobny-plan-jak-snizit-populaci-cerne-zvere-v-praze-14-a-jejim-okoli\/","url":"https:\/\/www.praha14.cz\/zivot-na-praze-14\/tz-242016-myslivci-predlozi-podrobny-plan-jak-snizit-populaci-cerne-zvere-v-praze-14-a-jejim-okoli\/","name":"TZ 24\/2016 - Myslivci p\u0159edlo\u017e\u00ed podrobn\u00fd pl\u00e1n, jak sn\u00ed\u017eit populaci \u010dern\u00e9 zv\u011b\u0159e v Praze 14 a jej\u00edm okol\u00ed - \u017divot na Praze 14","isPartOf":{"@id":"https:\/\/www.praha14.cz\/zivot-na-praze-14\/#website"},"datePublished":"2016-12-23T08:49:20+00:00","dateModified":"2016-12-28T08:49:54+00:00","author":{"@id":"https:\/\/www.praha14.cz\/zivot-na-praze-14\/#\/schema\/person\/1474cc87232cf4e8fd1ceb216decb2ce"},"breadcrumb":{"@id":"https:\/\/www.praha14.cz\/zivot-na-praze-14\/tz-242016-myslivci-predlozi-podrobny-plan-jak-snizit-populaci-cerne-zvere-v-praze-14-a-jejim-okoli\/#breadcrumb"},"inLanguage":"cs","potentialAction":[{"@type":"ReadAction","target":["https:\/\/www.praha14.cz\/zivot-na-praze-14\/tz-242016-myslivci-predlozi-podrobny-plan-jak-snizit-populaci-cerne-zvere-v-praze-14-a-jejim-okoli\/"]}]},{"@type":"BreadcrumbList","@id":"https:\/\/www.praha14.cz\/zivot-na-praze-14\/tz-242016-myslivci-predlozi-podrobny-plan-jak-snizit-populaci-cerne-zvere-v-praze-14-a-jejim-okoli\/#breadcrumb","itemListElement":[{"@type":"ListItem","position":1,"name":"\u017divot na Praze 14","item":"https:\/\/www.praha14.cz\/zivot-na-praze-14\/"},{"@type":"ListItem","position":2,"name":"TZ 24\/2016 &#8211; Myslivci p\u0159edlo\u017e\u00ed podrobn\u00fd pl\u00e1n, jak sn\u00ed\u017eit populaci \u010dern\u00e9 zv\u011b\u0159e v Praze 14 a jej\u00edm okol\u00ed"}]},{"@type":"WebSite","@id":"https:\/\/www.praha14.cz\/zivot-na-praze-14\/#website","url":"https:\/\/www.praha14.cz\/zivot-na-praze-14\/","name":"\u017divot na Praze 14","description":"","potentialAction":[{"@type":"SearchAction","target":{"@type":"EntryPoint","urlTemplate":"https:\/\/www.praha14.cz\/zivot-na-praze-14\/?s={search_term_string}"},"query-input":{"@type":"PropertyValueSpecification","valueRequired":true,"valueName":"search_term_string"}}],"inLanguage":"cs"},{"@type":"Person","@id":"https:\/\/www.praha14.cz\/zivot-na-praze-14\/#\/schema\/person\/1474cc87232cf4e8fd1ceb216decb2ce","name":"M\u011bstsk\u00e1 \u010d\u00e1st Praha 14","image":{"@type":"ImageObject","inLanguage":"cs","@id":"https:\/\/secure.gravatar.com\/avatar\/e51dd751c5fcbc2776e05ea4f0dca77132897c8db7e45d2d1d7d428fc20c00ef?s=96&d=mm&r=g","url":"https:\/\/secure.gravatar.com\/avatar\/e51dd751c5fcbc2776e05ea4f0dca77132897c8db7e45d2d1d7d428fc20c00ef?s=96&d=mm&r=g","contentUrl":"https:\/\/secure.gravatar.com\/avatar\/e51dd751c5fcbc2776e05ea4f0dca77132897c8db7e45d2d1d7d428fc20c00ef?s=96&d=mm&r=g","caption":"M\u011bstsk\u00e1 \u010d\u00e1st Praha 14"},"url":"https:\/\/www.praha14.cz\/zivot-na-praze-14\/author\/veronikaberna\/"}]}},"_links":{"self":[{"href":"https:\/\/www.praha14.cz\/zivot-na-praze-14\/wp-json\/wp\/v2\/posts\/34081","targetHints":{"allow":["GET"]}}],"collection":[{"href":"https:\/\/www.praha14.cz\/zivot-na-praze-14\/wp-json\/wp\/v2\/posts"}],"about":[{"href":"https:\/\/www.praha14.cz\/zivot-na-praze-14\/wp-json\/wp\/v2\/types\/post"}],"author":[{"embeddable":true,"href":"https:\/\/www.praha14.cz\/zivot-na-praze-14\/wp-json\/wp\/v2\/users\/6"}],"replies":[{"embeddable":true,"href":"https:\/\/www.praha14.cz\/zivot-na-praze-14\/wp-json\/wp\/v2\/comments?post=34081"}],"version-history":[{"count":1,"href":"https:\/\/www.praha14.cz\/zivot-na-praze-14\/wp-json\/wp\/v2\/posts\/34081\/revisions"}],"predecessor-version":[{"id":34082,"href":"https:\/\/www.praha14.cz\/zivot-na-praze-14\/wp-json\/wp\/v2\/posts\/34081\/revisions\/34082"}],"wp:attachment":[{"href":"https:\/\/www.praha14.cz\/zivot-na-praze-14\/wp-json\/wp\/v2\/media?parent=34081"}],"wp:term":[{"taxonomy":"category","embeddable":true,"href":"https:\/\/www.praha14.cz\/zivot-na-praze-14\/wp-json\/wp\/v2\/categories?post=34081"},{"taxonomy":"post_tag","embeddable":true,"href":"https:\/\/www.praha14.cz\/zivot-na-praze-14\/wp-json\/wp\/v2\/tags?post=34081"}],"curies":[{"name":"wp","href":"https:\/\/api.w.org\/{rel}","templated":true}]}}