{"id":34168,"date":"2017-01-09T09:00:39","date_gmt":"2017-01-09T08:00:39","guid":{"rendered":"https:\/\/www.praha14.cz\/zivot-na-praze-14\/?p=34168"},"modified":"2017-01-09T12:22:12","modified_gmt":"2017-01-09T11:22:12","slug":"prekladiste-v-kyjich","status":"publish","type":"post","link":"https:\/\/www.praha14.cz\/zivot-na-praze-14\/prekladiste-v-kyjich\/","title":{"rendered":"P\u0159ekladi\u0161t\u011b v Kyj\u00edch?"},"content":{"rendered":"<p>V p\u0159\u00edpad\u011b hojn\u011b diskutovan\u00e9ho kontejnerov\u00e9ho p\u0159ekladi\u0161t\u011b, kter\u00e9 rakousk\u00fd developer pl\u00e1nuje postavit v\u00a0Male\u0161ic\u00edch, hlavn\u00ed m\u011bsto Praha navrhuje posoudit p\u0159esun z\u00e1m\u011bru do Kyj\u00ed \u2013 konkr\u00e9tn\u011b na magistr\u00e1tn\u00ed pozemky mezi Kyjemi a Jahodnic\u00ed, na nich\u017e se pl\u00e1nuje v\u00fdstavba technologick\u00e9ho parku. Praha 14 takov\u00e9 \u0159e\u0161en\u00ed rezolutn\u011b odm\u00edt\u00e1.<\/p>\n<p>\u201ePo\u017eadujeme zpracovat variantu s um\u00edst\u011bn\u00edm termin\u00e1lu v k. \u00fa. Kyje, ji\u017en\u011b od ul. Obj\u00edzdn\u00e1, pod\u00e9l existuj\u00edc\u00ed z\u00e1stavby, tj. cca 1 400 metr\u016f v\u00fdchodn\u00edm sm\u011brem od polohy navr\u017een\u00e9 v ozn\u00e1men\u00ed. Pro p\u0159\u00edjezd a odjezd kamion\u016f by slou\u017eila nov\u011b vybudovan\u00e1 komunikace \u00fast\u00edc\u00ed p\u0159\u00edmo do \u0160t\u011brboholsk\u00e9 radi\u00e1ly,\u201c stoj\u00ed ve stanovisku hlavn\u00edho m\u011bsta podepsan\u00e9m radn\u00ed RNDr. Janou Plam\u00ednkovou, jeho\u017e interpretace se minul\u00fd t\u00fdden objevila v\u00a0m\u00e9di\u00edch.<\/p>\n<p>D\u016fvod\u016f, pro\u010d radnice Prahy 14 s\u00a0takov\u00fdm n\u00e1vrhem nesouhlas\u00ed, je hned n\u011bkolik. \u201eP\u0159ipom\u00ednky v\u0161ech m\u011bstsk\u00fdch \u010d\u00e1st\u00ed, tedy Prahy 14, 10 a 9, kter\u00e9 jsou v\u00a0t\u011bchto dnech ve snaze zastavit realizaci z\u00e1m\u011bru p\u0159ekladi\u0161t\u011b v\u00a0Male\u0161ic\u00edch zas\u00edl\u00e1ny na magistr\u00e1t, reaguj\u00ed na hrozbu zv\u00fd\u0161en\u00e9 dopravn\u00ed z\u00e1t\u011b\u017ee. P\u0159em\u00edst\u011bn\u00ed termin\u00e1lu na druhou stranu ulice Pr\u016fmyslov\u00e1 nic ne\u0159e\u0161\u00ed. Nazna\u010den\u00e9 p\u0159\u00edm\u00e9 napojen\u00ed na \u0160t\u011brboholskou radi\u00e1lu p\u0159es \u0159adu soukrom\u00fdch pozemk\u016f je \u010dir\u00fd nesmysl,\u201c upozor\u0148uje starosta Prahy 14 Mgr. Radek Vondra.<\/p>\n<p>D\u00e1le mu vad\u00ed, \u017ee m\u011bstem navrhovan\u00e9 um\u00edst\u011bn\u00ed posouv\u00e1 p\u0159ekladi\u0161t\u011b k\u00a0obytn\u00e9 z\u00e1stavb\u011b Jahodnice (200 metr\u016f) a Kyj\u00ed (400 metr\u016f), co\u017e by p\u0159edstavovalo nep\u0159ijatelnou z\u00e1t\u011b\u017e pro obyvatele m\u011bstsk\u00e9 \u010d\u00e1sti. \u201ePokud toto pan\u00ed radn\u00ed v\u016fbec zva\u017euje, tak se \u00fapln\u011b minula se sv\u00fdm ges\u010dn\u00edm zam\u011b\u0159en\u00edm na magistr\u00e1tu. Mimo jin\u00e9 m\u00e1 m\u00edt na starosti, a tedy i na srdci ochranu \u017eivotn\u00edho prost\u0159ed\u00ed Pra\u017ean\u016f. V\u00a0tomto p\u0159\u00edpad\u011b to ale vypad\u00e1, \u017ee se sna\u017e\u00ed o \u00fapln\u00fd opak,\u201c dod\u00e1v\u00e1 starosta Vondra.<\/p>\n<p>V\u00a0neposledn\u00ed \u0159ad\u011b pak Praha 14 poukazuje na fakt, \u017ee n\u00e1vrh hlavn\u00edho m\u011bsta situuje p\u0159ekladi\u0161t\u011b na magistr\u00e1tn\u00ed pozemky, kde m\u011bl vzniknout ji\u017e zpracovan\u00fd magistr\u00e1tn\u00ed projekt na technologick\u00fd park Horn\u00ed Lada se z\u00e1zem\u00edm pro vysok\u00e9 \u0161koly, inkub\u00e1tory a specifick\u00e9 v\u00fdstavn\u00ed plochy. \u201eProjekt m\u011bl ji\u017e dokonce hotovou studii o vlivu stavby na \u017eivotn\u00ed prost\u0159ed\u00ed \u2013 zkr\u00e1cen\u011b EIA. Zkr\u00e1tka je to tak, \u017ee prav\u00e1 ruka nev\u00ed, co d\u011bl\u00e1 lev\u00e1. Pevn\u011b v\u011b\u0159\u00edm, \u017ee si hlavn\u00ed m\u011bsto uv\u011bdom\u00ed mo\u017en\u00e9 d\u016fsledky p\u0159esunu p\u0159ekladi\u0161t\u011b do Kyj\u00ed a \u017ee nebude pokra\u010dovat ani v\u00a0\u00favah\u00e1ch o takov\u00e9m \u0159e\u0161en\u00ed,\u201c \u0159\u00edk\u00e1 starosta Vondra.<\/p>\n","protected":false},"excerpt":{"rendered":"<p>V p\u0159\u00edpad\u011b hojn\u011b diskutovan\u00e9ho kontejnerov\u00e9ho p\u0159ekladi\u0161t\u011b, kter\u00e9 rakousk\u00fd developer pl\u00e1nuje postavit v\u00a0Male\u0161ic\u00edch, hlavn\u00ed m\u011bsto Praha navrhuje posoudit p\u0159esun z\u00e1m\u011bru do Kyj\u00ed \u2013 konkr\u00e9tn\u011b na magistr\u00e1tn\u00ed pozemky mezi Kyjemi a Jahodnic\u00ed, na nich\u017e se pl\u00e1nuje v\u00fdstavba technologick\u00e9ho parku. Praha 14 takov\u00e9 \u0159e\u0161en\u00ed rezolutn\u011b odm\u00edt\u00e1. \u201ePo\u017eadujeme zpracovat variantu s um\u00edst\u011bn\u00edm termin\u00e1lu v k. \u00fa. Kyje, ji\u017en\u011b od&#8230;<\/p>\n","protected":false},"author":6,"featured_media":0,"comment_status":"open","ping_status":"open","sticky":true,"template":"","format":"standard","meta":{"_acf_changed":false,"footnotes":""},"categories":[1],"tags":[],"class_list":["post-34168","post","type-post","status-publish","format-standard","hentry","category-nezarazene"],"acf":[],"geo":null,"yoast_head":"<!-- This site is optimized with the Yoast SEO plugin v27.2 - https:\/\/yoast.com\/product\/yoast-seo-wordpress\/ -->\n<title>P\u0159ekladi\u0161t\u011b v Kyj\u00edch? - \u017divot na Praze 14<\/title>\n<meta name=\"robots\" content=\"index, follow, max-snippet:-1, max-image-preview:large, max-video-preview:-1\" \/>\n<link rel=\"canonical\" href=\"https:\/\/www.praha14.cz\/zivot-na-praze-14\/prekladiste-v-kyjich\/\" \/>\n<meta property=\"og:locale\" content=\"cs_CZ\" \/>\n<meta property=\"og:type\" content=\"article\" \/>\n<meta property=\"og:title\" content=\"P\u0159ekladi\u0161t\u011b v Kyj\u00edch? - \u017divot na Praze 14\" \/>\n<meta property=\"og:description\" content=\"V p\u0159\u00edpad\u011b hojn\u011b diskutovan\u00e9ho kontejnerov\u00e9ho p\u0159ekladi\u0161t\u011b, kter\u00e9 rakousk\u00fd developer pl\u00e1nuje postavit v\u00a0Male\u0161ic\u00edch, hlavn\u00ed m\u011bsto Praha navrhuje posoudit p\u0159esun z\u00e1m\u011bru do Kyj\u00ed \u2013 konkr\u00e9tn\u011b na magistr\u00e1tn\u00ed pozemky mezi Kyjemi a Jahodnic\u00ed, na nich\u017e se pl\u00e1nuje v\u00fdstavba technologick\u00e9ho parku. Praha 14 takov\u00e9 \u0159e\u0161en\u00ed rezolutn\u011b odm\u00edt\u00e1. \u201ePo\u017eadujeme zpracovat variantu s um\u00edst\u011bn\u00edm termin\u00e1lu v k. \u00fa. Kyje, ji\u017en\u011b od...\" \/>\n<meta property=\"og:url\" content=\"https:\/\/www.praha14.cz\/zivot-na-praze-14\/prekladiste-v-kyjich\/\" \/>\n<meta property=\"og:site_name\" content=\"\u017divot na Praze 14\" \/>\n<meta property=\"article:published_time\" content=\"2017-01-09T08:00:39+00:00\" \/>\n<meta property=\"article:modified_time\" content=\"2017-01-09T11:22:12+00:00\" \/>\n<meta name=\"author\" content=\"M\u011bstsk\u00e1 \u010d\u00e1st Praha 14\" \/>\n<meta name=\"twitter:card\" content=\"summary_large_image\" \/>\n<meta name=\"twitter:label1\" content=\"Written by\" \/>\n\t<meta name=\"twitter:data1\" content=\"M\u011bstsk\u00e1 \u010d\u00e1st Praha 14\" \/>\n\t<meta name=\"twitter:label2\" content=\"Est. reading time\" \/>\n\t<meta name=\"twitter:data2\" content=\"2 minuty\" \/>\n<script type=\"application\/ld+json\" class=\"yoast-schema-graph\">{\"@context\":\"https:\/\/schema.org\",\"@graph\":[{\"@type\":\"Article\",\"@id\":\"https:\/\/www.praha14.cz\/zivot-na-praze-14\/prekladiste-v-kyjich\/#article\",\"isPartOf\":{\"@id\":\"https:\/\/www.praha14.cz\/zivot-na-praze-14\/prekladiste-v-kyjich\/\"},\"author\":{\"name\":\"M\u011bstsk\u00e1 \u010d\u00e1st Praha 14\",\"@id\":\"https:\/\/www.praha14.cz\/zivot-na-praze-14\/#\/schema\/person\/1474cc87232cf4e8fd1ceb216decb2ce\"},\"headline\":\"P\u0159ekladi\u0161t\u011b v Kyj\u00edch?\",\"datePublished\":\"2017-01-09T08:00:39+00:00\",\"dateModified\":\"2017-01-09T11:22:12+00:00\",\"mainEntityOfPage\":{\"@id\":\"https:\/\/www.praha14.cz\/zivot-na-praze-14\/prekladiste-v-kyjich\/\"},\"wordCount\":473,\"commentCount\":0,\"inLanguage\":\"cs\",\"potentialAction\":[{\"@type\":\"CommentAction\",\"name\":\"Comment\",\"target\":[\"https:\/\/www.praha14.cz\/zivot-na-praze-14\/prekladiste-v-kyjich\/#respond\"]}]},{\"@type\":\"WebPage\",\"@id\":\"https:\/\/www.praha14.cz\/zivot-na-praze-14\/prekladiste-v-kyjich\/\",\"url\":\"https:\/\/www.praha14.cz\/zivot-na-praze-14\/prekladiste-v-kyjich\/\",\"name\":\"P\u0159ekladi\u0161t\u011b v Kyj\u00edch? - \u017divot na Praze 14\",\"isPartOf\":{\"@id\":\"https:\/\/www.praha14.cz\/zivot-na-praze-14\/#website\"},\"datePublished\":\"2017-01-09T08:00:39+00:00\",\"dateModified\":\"2017-01-09T11:22:12+00:00\",\"author\":{\"@id\":\"https:\/\/www.praha14.cz\/zivot-na-praze-14\/#\/schema\/person\/1474cc87232cf4e8fd1ceb216decb2ce\"},\"breadcrumb\":{\"@id\":\"https:\/\/www.praha14.cz\/zivot-na-praze-14\/prekladiste-v-kyjich\/#breadcrumb\"},\"inLanguage\":\"cs\",\"potentialAction\":[{\"@type\":\"ReadAction\",\"target\":[\"https:\/\/www.praha14.cz\/zivot-na-praze-14\/prekladiste-v-kyjich\/\"]}]},{\"@type\":\"BreadcrumbList\",\"@id\":\"https:\/\/www.praha14.cz\/zivot-na-praze-14\/prekladiste-v-kyjich\/#breadcrumb\",\"itemListElement\":[{\"@type\":\"ListItem\",\"position\":1,\"name\":\"\u017divot na Praze 14\",\"item\":\"https:\/\/www.praha14.cz\/zivot-na-praze-14\/\"},{\"@type\":\"ListItem\",\"position\":2,\"name\":\"P\u0159ekladi\u0161t\u011b v Kyj\u00edch?\"}]},{\"@type\":\"WebSite\",\"@id\":\"https:\/\/www.praha14.cz\/zivot-na-praze-14\/#website\",\"url\":\"https:\/\/www.praha14.cz\/zivot-na-praze-14\/\",\"name\":\"\u017divot na Praze 14\",\"description\":\"\",\"potentialAction\":[{\"@type\":\"SearchAction\",\"target\":{\"@type\":\"EntryPoint\",\"urlTemplate\":\"https:\/\/www.praha14.cz\/zivot-na-praze-14\/?s={search_term_string}\"},\"query-input\":{\"@type\":\"PropertyValueSpecification\",\"valueRequired\":true,\"valueName\":\"search_term_string\"}}],\"inLanguage\":\"cs\"},{\"@type\":\"Person\",\"@id\":\"https:\/\/www.praha14.cz\/zivot-na-praze-14\/#\/schema\/person\/1474cc87232cf4e8fd1ceb216decb2ce\",\"name\":\"M\u011bstsk\u00e1 \u010d\u00e1st Praha 14\",\"image\":{\"@type\":\"ImageObject\",\"inLanguage\":\"cs\",\"@id\":\"https:\/\/secure.gravatar.com\/avatar\/e51dd751c5fcbc2776e05ea4f0dca77132897c8db7e45d2d1d7d428fc20c00ef?s=96&d=mm&r=g\",\"url\":\"https:\/\/secure.gravatar.com\/avatar\/e51dd751c5fcbc2776e05ea4f0dca77132897c8db7e45d2d1d7d428fc20c00ef?s=96&d=mm&r=g\",\"contentUrl\":\"https:\/\/secure.gravatar.com\/avatar\/e51dd751c5fcbc2776e05ea4f0dca77132897c8db7e45d2d1d7d428fc20c00ef?s=96&d=mm&r=g\",\"caption\":\"M\u011bstsk\u00e1 \u010d\u00e1st Praha 14\"},\"url\":\"https:\/\/www.praha14.cz\/zivot-na-praze-14\/author\/veronikaberna\/\"}]}<\/script>\n<!-- \/ Yoast SEO plugin. -->","yoast_head_json":{"title":"P\u0159ekladi\u0161t\u011b v Kyj\u00edch? - \u017divot na Praze 14","robots":{"index":"index","follow":"follow","max-snippet":"max-snippet:-1","max-image-preview":"max-image-preview:large","max-video-preview":"max-video-preview:-1"},"canonical":"https:\/\/www.praha14.cz\/zivot-na-praze-14\/prekladiste-v-kyjich\/","og_locale":"cs_CZ","og_type":"article","og_title":"P\u0159ekladi\u0161t\u011b v Kyj\u00edch? - \u017divot na Praze 14","og_description":"V p\u0159\u00edpad\u011b hojn\u011b diskutovan\u00e9ho kontejnerov\u00e9ho p\u0159ekladi\u0161t\u011b, kter\u00e9 rakousk\u00fd developer pl\u00e1nuje postavit v\u00a0Male\u0161ic\u00edch, hlavn\u00ed m\u011bsto Praha navrhuje posoudit p\u0159esun z\u00e1m\u011bru do Kyj\u00ed \u2013 konkr\u00e9tn\u011b na magistr\u00e1tn\u00ed pozemky mezi Kyjemi a Jahodnic\u00ed, na nich\u017e se pl\u00e1nuje v\u00fdstavba technologick\u00e9ho parku. Praha 14 takov\u00e9 \u0159e\u0161en\u00ed rezolutn\u011b odm\u00edt\u00e1. \u201ePo\u017eadujeme zpracovat variantu s um\u00edst\u011bn\u00edm termin\u00e1lu v k. \u00fa. Kyje, ji\u017en\u011b od...","og_url":"https:\/\/www.praha14.cz\/zivot-na-praze-14\/prekladiste-v-kyjich\/","og_site_name":"\u017divot na Praze 14","article_published_time":"2017-01-09T08:00:39+00:00","article_modified_time":"2017-01-09T11:22:12+00:00","author":"M\u011bstsk\u00e1 \u010d\u00e1st Praha 14","twitter_card":"summary_large_image","twitter_misc":{"Written by":"M\u011bstsk\u00e1 \u010d\u00e1st Praha 14","Est. reading time":"2 minuty"},"schema":{"@context":"https:\/\/schema.org","@graph":[{"@type":"Article","@id":"https:\/\/www.praha14.cz\/zivot-na-praze-14\/prekladiste-v-kyjich\/#article","isPartOf":{"@id":"https:\/\/www.praha14.cz\/zivot-na-praze-14\/prekladiste-v-kyjich\/"},"author":{"name":"M\u011bstsk\u00e1 \u010d\u00e1st Praha 14","@id":"https:\/\/www.praha14.cz\/zivot-na-praze-14\/#\/schema\/person\/1474cc87232cf4e8fd1ceb216decb2ce"},"headline":"P\u0159ekladi\u0161t\u011b v Kyj\u00edch?","datePublished":"2017-01-09T08:00:39+00:00","dateModified":"2017-01-09T11:22:12+00:00","mainEntityOfPage":{"@id":"https:\/\/www.praha14.cz\/zivot-na-praze-14\/prekladiste-v-kyjich\/"},"wordCount":473,"commentCount":0,"inLanguage":"cs","potentialAction":[{"@type":"CommentAction","name":"Comment","target":["https:\/\/www.praha14.cz\/zivot-na-praze-14\/prekladiste-v-kyjich\/#respond"]}]},{"@type":"WebPage","@id":"https:\/\/www.praha14.cz\/zivot-na-praze-14\/prekladiste-v-kyjich\/","url":"https:\/\/www.praha14.cz\/zivot-na-praze-14\/prekladiste-v-kyjich\/","name":"P\u0159ekladi\u0161t\u011b v Kyj\u00edch? - \u017divot na Praze 14","isPartOf":{"@id":"https:\/\/www.praha14.cz\/zivot-na-praze-14\/#website"},"datePublished":"2017-01-09T08:00:39+00:00","dateModified":"2017-01-09T11:22:12+00:00","author":{"@id":"https:\/\/www.praha14.cz\/zivot-na-praze-14\/#\/schema\/person\/1474cc87232cf4e8fd1ceb216decb2ce"},"breadcrumb":{"@id":"https:\/\/www.praha14.cz\/zivot-na-praze-14\/prekladiste-v-kyjich\/#breadcrumb"},"inLanguage":"cs","potentialAction":[{"@type":"ReadAction","target":["https:\/\/www.praha14.cz\/zivot-na-praze-14\/prekladiste-v-kyjich\/"]}]},{"@type":"BreadcrumbList","@id":"https:\/\/www.praha14.cz\/zivot-na-praze-14\/prekladiste-v-kyjich\/#breadcrumb","itemListElement":[{"@type":"ListItem","position":1,"name":"\u017divot na Praze 14","item":"https:\/\/www.praha14.cz\/zivot-na-praze-14\/"},{"@type":"ListItem","position":2,"name":"P\u0159ekladi\u0161t\u011b v Kyj\u00edch?"}]},{"@type":"WebSite","@id":"https:\/\/www.praha14.cz\/zivot-na-praze-14\/#website","url":"https:\/\/www.praha14.cz\/zivot-na-praze-14\/","name":"\u017divot na Praze 14","description":"","potentialAction":[{"@type":"SearchAction","target":{"@type":"EntryPoint","urlTemplate":"https:\/\/www.praha14.cz\/zivot-na-praze-14\/?s={search_term_string}"},"query-input":{"@type":"PropertyValueSpecification","valueRequired":true,"valueName":"search_term_string"}}],"inLanguage":"cs"},{"@type":"Person","@id":"https:\/\/www.praha14.cz\/zivot-na-praze-14\/#\/schema\/person\/1474cc87232cf4e8fd1ceb216decb2ce","name":"M\u011bstsk\u00e1 \u010d\u00e1st Praha 14","image":{"@type":"ImageObject","inLanguage":"cs","@id":"https:\/\/secure.gravatar.com\/avatar\/e51dd751c5fcbc2776e05ea4f0dca77132897c8db7e45d2d1d7d428fc20c00ef?s=96&d=mm&r=g","url":"https:\/\/secure.gravatar.com\/avatar\/e51dd751c5fcbc2776e05ea4f0dca77132897c8db7e45d2d1d7d428fc20c00ef?s=96&d=mm&r=g","contentUrl":"https:\/\/secure.gravatar.com\/avatar\/e51dd751c5fcbc2776e05ea4f0dca77132897c8db7e45d2d1d7d428fc20c00ef?s=96&d=mm&r=g","caption":"M\u011bstsk\u00e1 \u010d\u00e1st Praha 14"},"url":"https:\/\/www.praha14.cz\/zivot-na-praze-14\/author\/veronikaberna\/"}]}},"_links":{"self":[{"href":"https:\/\/www.praha14.cz\/zivot-na-praze-14\/wp-json\/wp\/v2\/posts\/34168","targetHints":{"allow":["GET"]}}],"collection":[{"href":"https:\/\/www.praha14.cz\/zivot-na-praze-14\/wp-json\/wp\/v2\/posts"}],"about":[{"href":"https:\/\/www.praha14.cz\/zivot-na-praze-14\/wp-json\/wp\/v2\/types\/post"}],"author":[{"embeddable":true,"href":"https:\/\/www.praha14.cz\/zivot-na-praze-14\/wp-json\/wp\/v2\/users\/6"}],"replies":[{"embeddable":true,"href":"https:\/\/www.praha14.cz\/zivot-na-praze-14\/wp-json\/wp\/v2\/comments?post=34168"}],"version-history":[{"count":1,"href":"https:\/\/www.praha14.cz\/zivot-na-praze-14\/wp-json\/wp\/v2\/posts\/34168\/revisions"}],"predecessor-version":[{"id":34170,"href":"https:\/\/www.praha14.cz\/zivot-na-praze-14\/wp-json\/wp\/v2\/posts\/34168\/revisions\/34170"}],"wp:attachment":[{"href":"https:\/\/www.praha14.cz\/zivot-na-praze-14\/wp-json\/wp\/v2\/media?parent=34168"}],"wp:term":[{"taxonomy":"category","embeddable":true,"href":"https:\/\/www.praha14.cz\/zivot-na-praze-14\/wp-json\/wp\/v2\/categories?post=34168"},{"taxonomy":"post_tag","embeddable":true,"href":"https:\/\/www.praha14.cz\/zivot-na-praze-14\/wp-json\/wp\/v2\/tags?post=34168"}],"curies":[{"name":"wp","href":"https:\/\/api.w.org\/{rel}","templated":true}]}}