{"id":44924,"date":"2018-08-01T11:45:05","date_gmt":"2018-08-01T11:45:05","guid":{"rendered":"https:\/\/www.praha14.cz\/zivot-na-praze-14\/?p=44924"},"modified":"2018-08-02T08:11:27","modified_gmt":"2018-08-02T08:11:27","slug":"vydana-vystraha","status":"publish","type":"post","link":"https:\/\/www.praha14.cz\/zivot-na-praze-14\/vydana-vystraha\/","title":{"rendered":"Vyd\u00e1na v\u00fdstraha"},"content":{"rendered":"<p>S okam\u017eitou platnost\u00ed ru\u0161\u00ed \u010cHM\u00da minulou v\u00fdstrahu. Tato v\u00fdstraha nahrazuje ru\u0161enou v\u00fdstrahu, roz\u0161i\u0159uje \u00fazemn\u00ed platnost v\u00fdstrahy p\u0159ed nebezpe\u010d\u00edm po\u017e\u00e1r\u016f a up\u0159es\u0148uje \u00fazemn\u00ed a \u010dasovou platnost v\u00fdstrahy p\u0159ed vysok\u00fdmi teplotami.<\/p>\n<p>V oblasti vy\u0161\u0161\u00edho tlaku vzduchu nad st\u0159edn\u00ed Evropou se bude nad\u00e1le udr\u017eovatvelmi tepl\u00fd vzduch.<\/p>\n<p>Kv\u016fli dlouhotrvaj\u00edc\u00edmu velmi tepl\u00e9mu a such\u00e9mu po\u010das\u00ed p\u0159etrv\u00e1v\u00e1 na v\u011bt\u0161in\u011b \u00fazem\u00ed \u010cR nebezpe\u010d\u00ed vzniku po\u017e\u00e1r\u016f. Vysok\u00e9 riziko je zejm\u00e9na v severn\u00ed polovin\u011b \u010cech a na ji\u017en\u00ed Morav\u011b.<\/p>\n<p>V nejbli\u017e\u0161\u00edch dnech budou odpoledn\u00ed teploty na v\u011bt\u0161in\u011b \u00fazem\u00ed \u010cR vystupovat na 31 a\u017e 35 \u00b0C, v ni\u017e\u0161\u00edch poloh\u00e1ch m\u00edsty a\u017e na 37 \u00b0C. Zm\u00edrn\u011bn\u00ed veder se o\u010dek\u00e1v\u00e1 za\u010d\u00e1tkem p\u0159\u00ed\u0161t\u00edho t\u00fddne (6. &#8211; 7. srpna).<\/p>\n<p>Doporu\u010den\u00ed k vyvarov\u00e1n\u00ed se aktivit, kter\u00e9 by mohly vyvolat po\u017e\u00e1r:<\/p>\n<ul>\n<li>V les\u00edch, ale i jinde v p\u0159\u00edrod\u011b nerozd\u011bl\u00e1vat ohe\u0148, nevypalovat tr\u00e1vu, neodhazovat cigaretov\u00e9 nedopalky na zem, nepou\u017e\u00edvat p\u0159enosn\u00e9 va\u0159i\u010de a jin\u00e9 zdroje otev\u0159en\u00e9ho ohn\u011b.<\/li>\n<li>\u0158\u00eddit se m\u00edstn\u00edmi vyhl\u00e1\u0161kami a z\u00e1kazy, kter\u00e9 v p\u0159\u00edpadech sucha a nebezpe\u010d\u00ed vzniku po\u017e\u00e1r\u016f mohou b\u00fdt vyd\u00e1ny.<\/li>\n<li>Db\u00e1t na \u00fasporn\u00e9 hospoda\u0159en\u00ed s vodou.<\/li>\n<\/ul>\n<p>Doporu\u010den\u00ed k eliminaci p\u0159eh\u0159\u00e1t\u00ed a dehydratace organismu:<\/p>\n<ul>\n<li>Omezit t\u011blesnou z\u00e1t\u011b\u017e a nepob\u00fdvat na p\u0159\u00edm\u00e9m slunci v poledn\u00edch a odpoledn\u00edch hodin\u00e1ch.<\/li>\n<li>Nenech\u00e1vat d\u011bti, ale i zv\u00ed\u0159ata, na p\u0159\u00edm\u00e9m slunci, zejm\u00e9na ve stoj\u00edc\u00edch automobilech.<\/li>\n<li>Zv\u00fd\u0161it konzumaci neslazen\u00fdch nealkoholick\u00fdch n\u00e1poj\u016f bez kofeinu, p\u0159ednostn\u011b neperliv\u00fdch, kter\u00e9 je vhodn\u00e9 kombinovat s miner\u00e1ln\u00edmi vodami.<\/li>\n<li>V\u011bnovat zv\u00fd\u0161enou pozornost mal\u00fdm d\u011btem, nemocn\u00fdm a star\u0161\u00edm ob\u010dan\u016fm.<\/li>\n<\/ul>\n<p>V\u00fdstraha vydan\u00e1 ve st\u0159edu 1. srpna 2018 \u010cHM\u00da:<\/p>\n<p>Na jev: VELMI VYSOK\u00c9 TEPLOTY\u00a0 (VYSOK\u00dd STUPE\u0147 NEBEZPE\u010c\u00cd):<br \/>\nPraha do 600 m n.m.<br \/>\nSt\u0159edo\u010desk\u00fd do 600 m n.m.<br \/>\nPlze\u0148sk\u00fd do 600 m n.m.<br \/>\nPardubick\u00fd do 600 m n.m.<br \/>\nKr\u00e1lov\u00e9hradeck\u00fd do 600 m n.m.<br \/>\nLibereck\u00fd do 600 m n.m.<br \/>\n\u00dasteck\u00fd do 600 m n.m.<br \/>\nod st\u0159edy 01.08.2018 12:00\u00a0 do odvol\u00e1n\u00ed<\/p>\n<p>Na jev: VELMI VYSOK\u00c9 TEPLOTY\u00a0 (VYSOK\u00dd STUPE\u0147 NEBEZPE\u010c\u00cd):<br \/>\nJihomoravsk\u00fd do 600 m n.m.<br \/>\nod \u010dtvrtka 02.08.2018 10:00\u00a0 do odvol\u00e1n\u00ed<\/p>\n<p>Na jev: NEBEZPE\u010c\u00cd PO\u017d\u00c1R\u016e (N\u00cdZK\u00dd STUPE\u0147 NEBEZPE\u010c\u00cd):<br \/>\nPraha<br \/>\nSt\u0159edo\u010desk\u00fd<br \/>\nPlze\u0148sk\u00fd:(PM,PS,RO,)<br \/>\nPardubick\u00fd<br \/>\nKr\u00e1lov\u00e9hradeck\u00fd<br \/>\nLibereck\u00fd<br \/>\n\u00dasteck\u00fd<br \/>\nJihomoravsk\u00fd<br \/>\nZl\u00ednsk\u00fd:(KM,UH,ZL,)<br \/>\nOlomouck\u00fd:(OL,PV,PR,)<br \/>\nod st\u0159edy 01.08.2018 12:00\u00a0 do odvol\u00e1n\u00ed<\/p>\n<p>Na jev: VYSOK\u00c9 TEPLOTY (N\u00cdZK\u00dd STUPE\u0147 NEBEZPE\u010c\u00cd):<br \/>\nKarlovarsk\u00fd do 600 m n.m.<br \/>\nJiho\u010desk\u00fd do 600 m n.m.<br \/>\nVyso\u010dina do 600 m n.m.<br \/>\nZl\u00ednsk\u00fd do 600 m n.m.<br \/>\nOlomouck\u00fd do 600 m n.m.<br \/>\nMoravskoslezsk\u00fd do 600 m n.m.<br \/>\nod st\u0159edy 01.08.2018 12:00\u00a0 do odvol\u00e1n\u00ed<\/p>\n<p>Na jev: VYSOK\u00c9 TEPLOTY (N\u00cdZK\u00dd STUPE\u0147 NEBEZPE\u010c\u00cd):<br \/>\nJihomoravsk\u00fd do 600 m n.m.<br \/>\nod st\u0159edy 01.08.2018 12:00\u00a0 do \u010dtvrtka 02.08.2018 10:00<\/p>\n<p><span style=\"color: #ff0000;\">Upozor\u0148ujeme tak\u00e9, \u017ee nad\u00e1le plat\u00ed z\u00e1kaz rozd\u011bl\u00e1v\u00e1n\u00ed ohn\u011b na m\u00edstech s rizikem vzniku po\u017e\u00e1ru. Bli\u017e\u0161\u00ed informace naleznete <strong><a style=\"color: #ff0000;\" href=\"http:\/\/www.praha.eu\/jnp\/cz\/o_meste\/magistrat\/tiskovy_servis\/tiskove_zpravy\/v_praze_plati_ode_dneska_rozdelavani.html\" target=\"_blank\" rel=\"noopener noreferrer\">ZDE<\/a><\/strong>.\u00a0<strong><u> <\/u><em><u><br \/>\n<\/u><\/em><\/strong><\/span><\/p>\n","protected":false},"excerpt":{"rendered":"<p>S okam\u017eitou platnost\u00ed ru\u0161\u00ed \u010cHM\u00da minulou v\u00fdstrahu. Tato v\u00fdstraha nahrazuje ru\u0161enou v\u00fdstrahu, roz\u0161i\u0159uje \u00fazemn\u00ed platnost v\u00fdstrahy p\u0159ed nebezpe\u010d\u00edm po\u017e\u00e1r\u016f a up\u0159es\u0148uje \u00fazemn\u00ed a \u010dasovou platnost v\u00fdstrahy p\u0159ed vysok\u00fdmi teplotami. V oblasti vy\u0161\u0161\u00edho tlaku vzduchu nad st\u0159edn\u00ed Evropou se bude nad\u00e1le udr\u017eovatvelmi tepl\u00fd vzduch. Kv\u016fli dlouhotrvaj\u00edc\u00edmu velmi tepl\u00e9mu a such\u00e9mu po\u010das\u00ed p\u0159etrv\u00e1v\u00e1 na v\u011bt\u0161in\u011b \u00fazem\u00ed \u010cR&#8230;<\/p>\n","protected":false},"author":1057,"featured_media":0,"comment_status":"open","ping_status":"open","sticky":true,"template":"","format":"standard","meta":{"_acf_changed":false,"footnotes":""},"categories":[1],"tags":[],"class_list":["post-44924","post","type-post","status-publish","format-standard","hentry","category-nezarazene"],"acf":[],"geo":null,"yoast_head":"<!-- This site is optimized with the Yoast SEO plugin v27.2 - https:\/\/yoast.com\/product\/yoast-seo-wordpress\/ -->\n<title>Vyd\u00e1na v\u00fdstraha - \u017divot na Praze 14<\/title>\n<meta name=\"robots\" content=\"index, follow, max-snippet:-1, max-image-preview:large, max-video-preview:-1\" \/>\n<link rel=\"canonical\" href=\"https:\/\/www.praha14.cz\/zivot-na-praze-14\/vydana-vystraha\/\" \/>\n<meta property=\"og:locale\" content=\"cs_CZ\" \/>\n<meta property=\"og:type\" content=\"article\" \/>\n<meta property=\"og:title\" content=\"Vyd\u00e1na v\u00fdstraha - \u017divot na Praze 14\" \/>\n<meta property=\"og:description\" content=\"S okam\u017eitou platnost\u00ed ru\u0161\u00ed \u010cHM\u00da minulou v\u00fdstrahu. Tato v\u00fdstraha nahrazuje ru\u0161enou v\u00fdstrahu, roz\u0161i\u0159uje \u00fazemn\u00ed platnost v\u00fdstrahy p\u0159ed nebezpe\u010d\u00edm po\u017e\u00e1r\u016f a up\u0159es\u0148uje \u00fazemn\u00ed a \u010dasovou platnost v\u00fdstrahy p\u0159ed vysok\u00fdmi teplotami. V oblasti vy\u0161\u0161\u00edho tlaku vzduchu nad st\u0159edn\u00ed Evropou se bude nad\u00e1le udr\u017eovatvelmi tepl\u00fd vzduch. Kv\u016fli dlouhotrvaj\u00edc\u00edmu velmi tepl\u00e9mu a such\u00e9mu po\u010das\u00ed p\u0159etrv\u00e1v\u00e1 na v\u011bt\u0161in\u011b \u00fazem\u00ed \u010cR...\" \/>\n<meta property=\"og:url\" content=\"https:\/\/www.praha14.cz\/zivot-na-praze-14\/vydana-vystraha\/\" \/>\n<meta property=\"og:site_name\" content=\"\u017divot na Praze 14\" \/>\n<meta property=\"article:published_time\" content=\"2018-08-01T11:45:05+00:00\" \/>\n<meta property=\"article:modified_time\" content=\"2018-08-02T08:11:27+00:00\" \/>\n<meta name=\"author\" content=\"Odd\u011blen\u00ed komunikace\" \/>\n<meta name=\"twitter:card\" content=\"summary_large_image\" \/>\n<meta name=\"twitter:label1\" content=\"Written by\" \/>\n\t<meta name=\"twitter:data1\" content=\"Odd\u011blen\u00ed komunikace\" \/>\n\t<meta name=\"twitter:label2\" content=\"Est. reading time\" \/>\n\t<meta name=\"twitter:data2\" content=\"3 minuty\" \/>\n<script type=\"application\/ld+json\" class=\"yoast-schema-graph\">{\"@context\":\"https:\/\/schema.org\",\"@graph\":[{\"@type\":\"Article\",\"@id\":\"https:\/\/www.praha14.cz\/zivot-na-praze-14\/vydana-vystraha\/#article\",\"isPartOf\":{\"@id\":\"https:\/\/www.praha14.cz\/zivot-na-praze-14\/vydana-vystraha\/\"},\"author\":{\"name\":\"Odd\u011blen\u00ed komunikace\",\"@id\":\"https:\/\/www.praha14.cz\/zivot-na-praze-14\/#\/schema\/person\/127a1d778cbcf76b257f93fb8c42591c\"},\"headline\":\"Vyd\u00e1na v\u00fdstraha\",\"datePublished\":\"2018-08-01T11:45:05+00:00\",\"dateModified\":\"2018-08-02T08:11:27+00:00\",\"mainEntityOfPage\":{\"@id\":\"https:\/\/www.praha14.cz\/zivot-na-praze-14\/vydana-vystraha\/\"},\"wordCount\":535,\"commentCount\":0,\"inLanguage\":\"cs\",\"potentialAction\":[{\"@type\":\"CommentAction\",\"name\":\"Comment\",\"target\":[\"https:\/\/www.praha14.cz\/zivot-na-praze-14\/vydana-vystraha\/#respond\"]}]},{\"@type\":\"WebPage\",\"@id\":\"https:\/\/www.praha14.cz\/zivot-na-praze-14\/vydana-vystraha\/\",\"url\":\"https:\/\/www.praha14.cz\/zivot-na-praze-14\/vydana-vystraha\/\",\"name\":\"Vyd\u00e1na v\u00fdstraha - \u017divot na Praze 14\",\"isPartOf\":{\"@id\":\"https:\/\/www.praha14.cz\/zivot-na-praze-14\/#website\"},\"datePublished\":\"2018-08-01T11:45:05+00:00\",\"dateModified\":\"2018-08-02T08:11:27+00:00\",\"author\":{\"@id\":\"https:\/\/www.praha14.cz\/zivot-na-praze-14\/#\/schema\/person\/127a1d778cbcf76b257f93fb8c42591c\"},\"breadcrumb\":{\"@id\":\"https:\/\/www.praha14.cz\/zivot-na-praze-14\/vydana-vystraha\/#breadcrumb\"},\"inLanguage\":\"cs\",\"potentialAction\":[{\"@type\":\"ReadAction\",\"target\":[\"https:\/\/www.praha14.cz\/zivot-na-praze-14\/vydana-vystraha\/\"]}]},{\"@type\":\"BreadcrumbList\",\"@id\":\"https:\/\/www.praha14.cz\/zivot-na-praze-14\/vydana-vystraha\/#breadcrumb\",\"itemListElement\":[{\"@type\":\"ListItem\",\"position\":1,\"name\":\"\u017divot na Praze 14\",\"item\":\"https:\/\/www.praha14.cz\/zivot-na-praze-14\/\"},{\"@type\":\"ListItem\",\"position\":2,\"name\":\"Vyd\u00e1na v\u00fdstraha\"}]},{\"@type\":\"WebSite\",\"@id\":\"https:\/\/www.praha14.cz\/zivot-na-praze-14\/#website\",\"url\":\"https:\/\/www.praha14.cz\/zivot-na-praze-14\/\",\"name\":\"\u017divot na Praze 14\",\"description\":\"\",\"potentialAction\":[{\"@type\":\"SearchAction\",\"target\":{\"@type\":\"EntryPoint\",\"urlTemplate\":\"https:\/\/www.praha14.cz\/zivot-na-praze-14\/?s={search_term_string}\"},\"query-input\":{\"@type\":\"PropertyValueSpecification\",\"valueRequired\":true,\"valueName\":\"search_term_string\"}}],\"inLanguage\":\"cs\"},{\"@type\":\"Person\",\"@id\":\"https:\/\/www.praha14.cz\/zivot-na-praze-14\/#\/schema\/person\/127a1d778cbcf76b257f93fb8c42591c\",\"name\":\"Odd\u011blen\u00ed komunikace\",\"image\":{\"@type\":\"ImageObject\",\"inLanguage\":\"cs\",\"@id\":\"https:\/\/secure.gravatar.com\/avatar\/e958f3d1e915848093abf89585ec4bb6a7daede2e0322c416842d9f94c3fdaca?s=96&d=mm&r=g\",\"url\":\"https:\/\/secure.gravatar.com\/avatar\/e958f3d1e915848093abf89585ec4bb6a7daede2e0322c416842d9f94c3fdaca?s=96&d=mm&r=g\",\"contentUrl\":\"https:\/\/secure.gravatar.com\/avatar\/e958f3d1e915848093abf89585ec4bb6a7daede2e0322c416842d9f94c3fdaca?s=96&d=mm&r=g\",\"caption\":\"Odd\u011blen\u00ed komunikace\"},\"url\":\"https:\/\/www.praha14.cz\/zivot-na-praze-14\/author\/luciehlavackova\/\"}]}<\/script>\n<!-- \/ Yoast SEO plugin. -->","yoast_head_json":{"title":"Vyd\u00e1na v\u00fdstraha - \u017divot na Praze 14","robots":{"index":"index","follow":"follow","max-snippet":"max-snippet:-1","max-image-preview":"max-image-preview:large","max-video-preview":"max-video-preview:-1"},"canonical":"https:\/\/www.praha14.cz\/zivot-na-praze-14\/vydana-vystraha\/","og_locale":"cs_CZ","og_type":"article","og_title":"Vyd\u00e1na v\u00fdstraha - \u017divot na Praze 14","og_description":"S okam\u017eitou platnost\u00ed ru\u0161\u00ed \u010cHM\u00da minulou v\u00fdstrahu. Tato v\u00fdstraha nahrazuje ru\u0161enou v\u00fdstrahu, roz\u0161i\u0159uje \u00fazemn\u00ed platnost v\u00fdstrahy p\u0159ed nebezpe\u010d\u00edm po\u017e\u00e1r\u016f a up\u0159es\u0148uje \u00fazemn\u00ed a \u010dasovou platnost v\u00fdstrahy p\u0159ed vysok\u00fdmi teplotami. V oblasti vy\u0161\u0161\u00edho tlaku vzduchu nad st\u0159edn\u00ed Evropou se bude nad\u00e1le udr\u017eovatvelmi tepl\u00fd vzduch. Kv\u016fli dlouhotrvaj\u00edc\u00edmu velmi tepl\u00e9mu a such\u00e9mu po\u010das\u00ed p\u0159etrv\u00e1v\u00e1 na v\u011bt\u0161in\u011b \u00fazem\u00ed \u010cR...","og_url":"https:\/\/www.praha14.cz\/zivot-na-praze-14\/vydana-vystraha\/","og_site_name":"\u017divot na Praze 14","article_published_time":"2018-08-01T11:45:05+00:00","article_modified_time":"2018-08-02T08:11:27+00:00","author":"Odd\u011blen\u00ed komunikace","twitter_card":"summary_large_image","twitter_misc":{"Written by":"Odd\u011blen\u00ed komunikace","Est. reading time":"3 minuty"},"schema":{"@context":"https:\/\/schema.org","@graph":[{"@type":"Article","@id":"https:\/\/www.praha14.cz\/zivot-na-praze-14\/vydana-vystraha\/#article","isPartOf":{"@id":"https:\/\/www.praha14.cz\/zivot-na-praze-14\/vydana-vystraha\/"},"author":{"name":"Odd\u011blen\u00ed komunikace","@id":"https:\/\/www.praha14.cz\/zivot-na-praze-14\/#\/schema\/person\/127a1d778cbcf76b257f93fb8c42591c"},"headline":"Vyd\u00e1na v\u00fdstraha","datePublished":"2018-08-01T11:45:05+00:00","dateModified":"2018-08-02T08:11:27+00:00","mainEntityOfPage":{"@id":"https:\/\/www.praha14.cz\/zivot-na-praze-14\/vydana-vystraha\/"},"wordCount":535,"commentCount":0,"inLanguage":"cs","potentialAction":[{"@type":"CommentAction","name":"Comment","target":["https:\/\/www.praha14.cz\/zivot-na-praze-14\/vydana-vystraha\/#respond"]}]},{"@type":"WebPage","@id":"https:\/\/www.praha14.cz\/zivot-na-praze-14\/vydana-vystraha\/","url":"https:\/\/www.praha14.cz\/zivot-na-praze-14\/vydana-vystraha\/","name":"Vyd\u00e1na v\u00fdstraha - \u017divot na Praze 14","isPartOf":{"@id":"https:\/\/www.praha14.cz\/zivot-na-praze-14\/#website"},"datePublished":"2018-08-01T11:45:05+00:00","dateModified":"2018-08-02T08:11:27+00:00","author":{"@id":"https:\/\/www.praha14.cz\/zivot-na-praze-14\/#\/schema\/person\/127a1d778cbcf76b257f93fb8c42591c"},"breadcrumb":{"@id":"https:\/\/www.praha14.cz\/zivot-na-praze-14\/vydana-vystraha\/#breadcrumb"},"inLanguage":"cs","potentialAction":[{"@type":"ReadAction","target":["https:\/\/www.praha14.cz\/zivot-na-praze-14\/vydana-vystraha\/"]}]},{"@type":"BreadcrumbList","@id":"https:\/\/www.praha14.cz\/zivot-na-praze-14\/vydana-vystraha\/#breadcrumb","itemListElement":[{"@type":"ListItem","position":1,"name":"\u017divot na Praze 14","item":"https:\/\/www.praha14.cz\/zivot-na-praze-14\/"},{"@type":"ListItem","position":2,"name":"Vyd\u00e1na v\u00fdstraha"}]},{"@type":"WebSite","@id":"https:\/\/www.praha14.cz\/zivot-na-praze-14\/#website","url":"https:\/\/www.praha14.cz\/zivot-na-praze-14\/","name":"\u017divot na Praze 14","description":"","potentialAction":[{"@type":"SearchAction","target":{"@type":"EntryPoint","urlTemplate":"https:\/\/www.praha14.cz\/zivot-na-praze-14\/?s={search_term_string}"},"query-input":{"@type":"PropertyValueSpecification","valueRequired":true,"valueName":"search_term_string"}}],"inLanguage":"cs"},{"@type":"Person","@id":"https:\/\/www.praha14.cz\/zivot-na-praze-14\/#\/schema\/person\/127a1d778cbcf76b257f93fb8c42591c","name":"Odd\u011blen\u00ed komunikace","image":{"@type":"ImageObject","inLanguage":"cs","@id":"https:\/\/secure.gravatar.com\/avatar\/e958f3d1e915848093abf89585ec4bb6a7daede2e0322c416842d9f94c3fdaca?s=96&d=mm&r=g","url":"https:\/\/secure.gravatar.com\/avatar\/e958f3d1e915848093abf89585ec4bb6a7daede2e0322c416842d9f94c3fdaca?s=96&d=mm&r=g","contentUrl":"https:\/\/secure.gravatar.com\/avatar\/e958f3d1e915848093abf89585ec4bb6a7daede2e0322c416842d9f94c3fdaca?s=96&d=mm&r=g","caption":"Odd\u011blen\u00ed komunikace"},"url":"https:\/\/www.praha14.cz\/zivot-na-praze-14\/author\/luciehlavackova\/"}]}},"_links":{"self":[{"href":"https:\/\/www.praha14.cz\/zivot-na-praze-14\/wp-json\/wp\/v2\/posts\/44924","targetHints":{"allow":["GET"]}}],"collection":[{"href":"https:\/\/www.praha14.cz\/zivot-na-praze-14\/wp-json\/wp\/v2\/posts"}],"about":[{"href":"https:\/\/www.praha14.cz\/zivot-na-praze-14\/wp-json\/wp\/v2\/types\/post"}],"author":[{"embeddable":true,"href":"https:\/\/www.praha14.cz\/zivot-na-praze-14\/wp-json\/wp\/v2\/users\/1057"}],"replies":[{"embeddable":true,"href":"https:\/\/www.praha14.cz\/zivot-na-praze-14\/wp-json\/wp\/v2\/comments?post=44924"}],"version-history":[{"count":5,"href":"https:\/\/www.praha14.cz\/zivot-na-praze-14\/wp-json\/wp\/v2\/posts\/44924\/revisions"}],"predecessor-version":[{"id":44962,"href":"https:\/\/www.praha14.cz\/zivot-na-praze-14\/wp-json\/wp\/v2\/posts\/44924\/revisions\/44962"}],"wp:attachment":[{"href":"https:\/\/www.praha14.cz\/zivot-na-praze-14\/wp-json\/wp\/v2\/media?parent=44924"}],"wp:term":[{"taxonomy":"category","embeddable":true,"href":"https:\/\/www.praha14.cz\/zivot-na-praze-14\/wp-json\/wp\/v2\/categories?post=44924"},{"taxonomy":"post_tag","embeddable":true,"href":"https:\/\/www.praha14.cz\/zivot-na-praze-14\/wp-json\/wp\/v2\/tags?post=44924"}],"curies":[{"name":"wp","href":"https:\/\/api.w.org\/{rel}","templated":true}]}}