{"id":46861,"date":"2018-11-26T11:27:18","date_gmt":"2018-11-26T11:27:18","guid":{"rendered":"https:\/\/www.praha14.cz\/zivot-na-praze-14\/?p=46861"},"modified":"2018-11-26T11:27:32","modified_gmt":"2018-11-26T11:27:32","slug":"46861-2","status":"publish","type":"post","link":"https:\/\/www.praha14.cz\/zivot-na-praze-14\/46861-2\/","title":{"rendered":"V\u00e1no\u010dn\u00ed jedli\u010dka"},"content":{"rendered":"<p>Po lo\u0148sk\u00e9m \u00fasp\u011bchu pilotn\u00edho ro\u010dn\u00edku projektu <a href=\"http:\/\/www.lhmp.cz\/lesy\/2017\/11\/tiskova-zprava-vanocni-jedlicky-od-lesu-hl-m-prahy-na-jare-poputuji-do-lesa\/\" target=\"_blank\" rel=\"noopener noreferrer\"><strong>V\u00e1no\u010dn\u00ed jedli\u010dka s budoucnost\u00ed<\/strong><\/a> p\u0159\u00edsp\u011bvkov\u00e1 organizace Lesy hl. m. Prahy v p\u0159edv\u00e1no\u010dn\u00edm \u010dase znovu zahajuje prodej <strong>speci\u00e1ln\u00edch v\u00e1no\u010dn\u00edch jedli\u010dek v kv\u011btin\u00e1\u010d\u00edch<\/strong>. Lesy hl. m. Prahy tak Pra\u017ean\u016fm nab\u00edzej\u00ed mo\u017enost zvolit si za sv\u016fj v\u00e1no\u010dn\u00ed strom takov\u00fd stromek, kter\u00fd mo\u017en\u00e1 nespl\u0148uje v\u0161echny n\u00e1ro\u010dn\u00e9 parametry dokonal\u00e9ho v\u00e1no\u010dn\u00edho stromu, ale jeho\u017e zato po V\u00e1noc\u00edch ne\u010dek\u00e1 smutn\u00fd osud u kontejner\u016f nebo na skl\u00e1dce. Lesn\u00edci letos p\u0159ipravili celkem <strong>400 jedli\u010dek<\/strong>, kter\u00e9 bude mo\u017en\u00e9 na ja\u0159e vysadit bu\u010f na zahradu, anebo p\u0159\u00edmo do lesa mezi ostatn\u00ed stromy. Spole\u010dn\u00e9 vysazov\u00e1n\u00ed b\u00fdval\u00fdch v\u00e1no\u010dn\u00edch jedli\u010dek Lesy hl. m. Prahy pl\u00e1nuj\u00ed na <strong>7. dubna 2019 v Kunratick\u00e9m lese<\/strong>.<\/p>\n<p>Zhruba p\u016flmetrov\u00e9 stromky poch\u00e1zej\u00ed z lesn\u00ed \u0161kolky ve Star\u00e9 Boleslavi. P\u0159i dodr\u017een\u00ed spr\u00e1vn\u00e9ho postupu (pomal\u00e1 teplotn\u00ed aklimatizace, zal\u00e9v\u00e1n\u00ed a zaji\u0161\u0165ov\u00e1n\u00ed vzdu\u0161n\u00e9 vlhkosti) by m\u011bly v po\u0159\u00e1dku zvl\u00e1dnout sv\u016fj n\u00e1ro\u010dn\u00fd v\u00e1no\u010dn\u00ed \u00fakol ve vytopen\u00fdch pra\u017esk\u00fdch domech a bytech. <strong>\u201eA proto\u017ee se nejedn\u00e1 o standardn\u00ed v\u00e1no\u010dn\u00ed jehli\u010dnany p\u011bstovan\u00e9 pr\u00e1v\u011b a pouze pro v\u00e1no\u010dn\u00ed obdob\u00ed, n\u00fdbr\u017e o stromky b\u011b\u017en\u011b p\u011bstovan\u00e9 pro v\u00fdsadby v krajin\u011b, m\u011bly by posl\u00e9ze \u00fasp\u011b\u0161n\u011b zvl\u00e1dnout i p\u0159esun do zem\u011b na zahrad\u011b nebo v lese,\u201c<\/strong> \u0159\u00edk\u00e1 Petra Fi\u0161erov\u00e1, tiskov\u00e1 mluv\u010d\u00ed Les\u016f hl. m. Prahy. Ten, kdo nedisponuje zahradou, kam by jedli\u010dku po zim\u011b mohl zasadit, anebo ten, kdo chce stromku v\u011bnovat \u00faplnou svobodu, m\u016f\u017ee jej vz\u00edt v ned\u011bli 7. dubna 2019 ve 14 hodin do Kunratick\u00e9ho lesa, kde se budou b\u00fdval\u00e9 v\u00e1no\u010dn\u00ed jedli\u010dky pod dohledem pra\u017esk\u00fdch lesn\u00edk\u016f vysazovat. Jedli\u010dky se zde p\u0159ipoj\u00ed ke sv\u00fdm p\u0159edch\u016fdkyn\u00edm, kter\u00e9 Pra\u017ean\u00e9 v lese vysadili letos na ja\u0159e. Z lo\u0148sk\u00fdch 250 v\u00e1no\u010dn\u00edch jedli\u010dek se do lesa dostala asi stovka.<\/p>\n<p><img decoding=\"async\" class=\"ngg-singlepic ngg-center\" src=\"http:\/\/www.lhmp.cz\/lesy\/wp-content\/gallery\/akt_vanocni_jedlicka_2018\/IMG_4082.JPG\" alt=\"V\u00e1no\u010dn\u00ed jedli\u010dky\" \/><\/p>\n<p><strong>Od pond\u011bl\u00ed 19. 11. 2018<\/strong> si z\u00e1jemci mohou stromky zakoupit na n\u011bkter\u00e9m ze 7 prodejn\u00edch m\u00edst v r\u016fzn\u00fdch \u010d\u00e1stech hlavn\u00edho m\u011bsta: Pro jedli\u010dku mohou vyrazit do <strong>Zahradnictv\u00ed \u010e\u00e1blice<\/strong> \u2013 <a href=\"http:\/\/www.lhmp.cz\/zelen\/okrasna-skolka-a-zahradnictvi\/oteviraci-doba-a-kontakty\/\" target=\"_blank\" rel=\"noopener noreferrer\"><strong>b\u011bhem otev\u00edrac\u00ed doby<\/strong><\/a>, do <strong>ekocentra Prales<\/strong> ve Kbel\u00edch \u2013 <a href=\"http:\/\/www.lhmp.cz\/eko\/ekocentrum-prales\/kudy-a-kdy-do-pralesa\/\" target=\"_blank\" rel=\"noopener noreferrer\"><strong>b\u011bhem otev\u00edrac\u00ed doby<\/strong><\/a> nebo p\u0159\u00edmo k jednotliv\u00fdm <strong>h\u00e1jovn\u00e1m Les\u016f hl. m. Prahy<\/strong> (\u010cimick\u00fd h\u00e1j, Chuchelsk\u00fd h\u00e1j, Hostiva\u0159sk\u00fd lesopark a Divok\u00e1 \u0160\u00e1rka). V leto\u0161n\u00edm roce se pro stromek m\u016f\u017eete nov\u011b vydat tak\u00e9 do <strong>Stromovky<\/strong>, do zdej\u0161\u00edho are\u00e1lu Les\u016f hl. m. Prahy nedaleko Gothardovy br\u00e1ny. Na uveden\u00e1 \u010d\u00edsla, pros\u00edme, volejte pouze v pracovn\u00edch dnech. S odpov\u011bdnou osobou se po telefonu domluv\u00edte, kdy si stromek vyzvednete.<\/p>\n<table class=\"barevnaTabulka uzkySirokySiroky\">\n<tbody>\n<tr>\n<td>Prodejn\u00ed m\u00edsto<\/td>\n<td>Odpov\u011bdn\u00e1 osoba<\/td>\n<td>Prodejn\u00ed doba<\/td>\n<\/tr>\n<tr>\n<td><strong>Zahradnictv\u00ed \u010e\u00e1blice<\/strong><\/td>\n<td>Lenka Zimmelov\u00e1, tel.: 775 565 729<\/td>\n<td><a href=\"http:\/\/www.lhmp.cz\/zelen\/okrasna-skolka-a-zahradnictvi\/oteviraci-doba-a-kontakty\/\"><strong>B\u011bhem otv\u00edrac\u00ed doby<\/strong><\/a><\/td>\n<\/tr>\n<tr>\n<td><strong>ekocentrum Prales<\/strong><\/td>\n<td>Michaela Kubernatov\u00e1, tel.: 773 776 575<\/td>\n<td><a href=\"http:\/\/www.lhmp.cz\/eko\/ekocentrum-prales\/kudy-a-kdy-do-pralesa\/\"><strong>B\u011bhem otv\u00edrac\u00ed doby<\/strong><\/a><\/td>\n<\/tr>\n<tr>\n<td><strong>\u010cimick\u00fd h\u00e1j<\/strong><\/td>\n<td>Karel Malenick\u00fd, tel.: 777 827 798<\/td>\n<td>PO-P\u00c1 7:00 \u2013 8:00, 15:00 \u2013 16:00<\/td>\n<\/tr>\n<tr>\n<td><strong>Chuchelsk\u00fd h\u00e1j<\/strong><\/td>\n<td>Daniel \u0160\u00edpek, tel.: 774 176 422<\/td>\n<td>\u00daT 7:00 \u2013 8:30, \u010cT 14:30 \u2013 15:30<\/td>\n<\/tr>\n<tr>\n<td><strong>Hostiva\u0159sk\u00fd lesopark<\/strong><\/td>\n<td>Zuzana Hejzlarov\u00e1, tel.: 770 152 581<\/td>\n<td>ST 16:00 \u2013 18:00<\/td>\n<\/tr>\n<tr>\n<td><strong>Divok\u00e1 \u0160\u00e1rka<\/strong><\/td>\n<td>Ond\u0159ej Gadu\u0161, tel.: 777 827 799<\/td>\n<td>ST a P\u00c1 11:30 \u2013 12:00<\/td>\n<\/tr>\n<tr>\n<td><strong>Stromovka<\/strong><\/td>\n<td>Ivana Ko\u017ee\u0161n\u00edkov\u00e1, tel.: 778 477 394<\/td>\n<td>PO-P\u00c1 11:00 \u2013 11:30, 14:30 \u2013 15:00<\/td>\n<\/tr>\n<\/tbody>\n<\/table>\n<p>Cena za jeden stromek je 100 K\u010d. Krom\u011b stromku kupuj\u00edc\u00ed obdr\u017e\u00ed i podrobn\u00fd n\u00e1vod, jak se o jedli\u010dku b\u011bhem V\u00e1noc starat. Akce Les\u016f hl. m. Prahy je inspirov\u00e1na projektem V\u00e1no\u010dn\u00ed stromky zp\u00e1tky do lesa, kter\u00fd ji\u017e od roku 1998 v Brn\u011b realizuje <a href=\"https:\/\/www.veronica.cz\/\" target=\"_blank\" rel=\"noopener noreferrer\"><strong>Ekologick\u00fd institut Veronica<\/strong><\/a>.<\/p>\n<p>Jedle b\u011blokor\u00e1 v minulosti b\u00fdvala na\u0161\u00edm nejhojn\u011bj\u0161\u00edm jehli\u010dnanem, v pr\u016fb\u011bhu 20. stolet\u00ed v\u0161ak z \u010desk\u00fdch les\u016f tak\u0159ka vymizela, a to hlavn\u011b kv\u016fli nevhodn\u00e9mu zp\u016fsobu hospoda\u0159en\u00ed v les\u00edch, vysou\u0161en\u00ed krajiny nebo pr\u016fmyslov\u00fdm imis\u00edm. V\u00fdsadbami mlad\u00fdch sazenic j\u00ed pom\u00e1h\u00e1me postupn\u011b se do \u010desk\u00e9 p\u0159\u00edrody zase vracet. Jej\u00ed sazenice jsou pravideln\u011b sou\u010d\u00e1st\u00ed ka\u017edoro\u010dn\u00edch v\u00fdsadeb v pra\u017esk\u00fdch les\u00edch, jen letos na ja\u0159e jsme v Praze vysadili skoro 4,5 tis\u00edce mlad\u00fdch jedl\u00ed.<\/p>\n<p>Krom\u011b jedli\u010dek v kv\u011btin\u00e1\u010d\u00edch budou Lesy hl. m. Prahy v p\u0159edv\u00e1no\u010dn\u00edm obdob\u00ed prod\u00e1vat tak\u00e9 klasick\u00e9 \u0159ezan\u00e9 v\u00e1no\u010dn\u00ed stromky, kter\u00e9 lesn\u00edci vytipovali p\u0159i nezbytn\u00fdch v\u00fdchovn\u00fdch prob\u00edrk\u00e1ch v lesn\u00edch porostech.<\/p>\n<p>Zdroj: tiskov\u00e1 zpr\u00e1va Les\u016f HMP<\/p>\n<p>V\u00e1no\u010dn\u00ed jedli\u010dky v kv\u011btin\u00e1\u010di\u00a0nab\u00edz\u00ed tak\u00e9 st\u0159edisko ekologick\u00e9 v\u00fdchovy <a href=\"http:\/\/www.toulcuvdvur.cz\/index.php?option=com_content&amp;view=article&amp;id=35474&amp;catid=309&amp;Itemid=708\" target=\"_blank\" rel=\"noopener noreferrer\">Toulc\u016fv dv\u016fr<\/a>.<\/p>\n","protected":false},"excerpt":{"rendered":"<p>Po lo\u0148sk\u00e9m \u00fasp\u011bchu pilotn\u00edho ro\u010dn\u00edku projektu V\u00e1no\u010dn\u00ed jedli\u010dka s budoucnost\u00ed p\u0159\u00edsp\u011bvkov\u00e1 organizace Lesy hl. m. Prahy v p\u0159edv\u00e1no\u010dn\u00edm \u010dase znovu zahajuje prodej speci\u00e1ln\u00edch v\u00e1no\u010dn\u00edch jedli\u010dek v kv\u011btin\u00e1\u010d\u00edch. Lesy hl. m. Prahy tak Pra\u017ean\u016fm nab\u00edzej\u00ed mo\u017enost zvolit si za sv\u016fj v\u00e1no\u010dn\u00ed strom takov\u00fd stromek, kter\u00fd mo\u017en\u00e1 nespl\u0148uje v\u0161echny n\u00e1ro\u010dn\u00e9 parametry dokonal\u00e9ho v\u00e1no\u010dn\u00edho stromu, ale jeho\u017e zato&#8230;<\/p>\n","protected":false},"author":1057,"featured_media":0,"comment_status":"open","ping_status":"open","sticky":true,"template":"","format":"standard","meta":{"_acf_changed":false,"footnotes":""},"categories":[1],"tags":[],"class_list":["post-46861","post","type-post","status-publish","format-standard","hentry","category-nezarazene"],"acf":[],"geo":null,"yoast_head":"<!-- This site is optimized with the Yoast SEO plugin v27.2 - https:\/\/yoast.com\/product\/yoast-seo-wordpress\/ -->\n<title>V\u00e1no\u010dn\u00ed jedli\u010dka - \u017divot na Praze 14<\/title>\n<meta name=\"robots\" content=\"index, follow, max-snippet:-1, max-image-preview:large, max-video-preview:-1\" \/>\n<link rel=\"canonical\" href=\"https:\/\/www.praha14.cz\/zivot-na-praze-14\/46861-2\/\" \/>\n<meta property=\"og:locale\" content=\"cs_CZ\" \/>\n<meta property=\"og:type\" content=\"article\" \/>\n<meta property=\"og:title\" content=\"V\u00e1no\u010dn\u00ed jedli\u010dka - \u017divot na Praze 14\" \/>\n<meta property=\"og:description\" content=\"Po lo\u0148sk\u00e9m \u00fasp\u011bchu pilotn\u00edho ro\u010dn\u00edku projektu V\u00e1no\u010dn\u00ed jedli\u010dka s budoucnost\u00ed p\u0159\u00edsp\u011bvkov\u00e1 organizace Lesy hl. m. Prahy v p\u0159edv\u00e1no\u010dn\u00edm \u010dase znovu zahajuje prodej speci\u00e1ln\u00edch v\u00e1no\u010dn\u00edch jedli\u010dek v kv\u011btin\u00e1\u010d\u00edch. Lesy hl. m. Prahy tak Pra\u017ean\u016fm nab\u00edzej\u00ed mo\u017enost zvolit si za sv\u016fj v\u00e1no\u010dn\u00ed strom takov\u00fd stromek, kter\u00fd mo\u017en\u00e1 nespl\u0148uje v\u0161echny n\u00e1ro\u010dn\u00e9 parametry dokonal\u00e9ho v\u00e1no\u010dn\u00edho stromu, ale jeho\u017e zato...\" \/>\n<meta property=\"og:url\" content=\"https:\/\/www.praha14.cz\/zivot-na-praze-14\/46861-2\/\" \/>\n<meta property=\"og:site_name\" content=\"\u017divot na Praze 14\" \/>\n<meta property=\"article:published_time\" content=\"2018-11-26T11:27:18+00:00\" \/>\n<meta property=\"article:modified_time\" content=\"2018-11-26T11:27:32+00:00\" \/>\n<meta property=\"og:image\" content=\"http:\/\/www.lhmp.cz\/lesy\/wp-content\/gallery\/akt_vanocni_jedlicka_2018\/IMG_4082.JPG\" \/>\n<meta name=\"author\" content=\"Odd\u011blen\u00ed komunikace\" \/>\n<meta name=\"twitter:card\" content=\"summary_large_image\" \/>\n<meta name=\"twitter:label1\" content=\"Written by\" \/>\n\t<meta name=\"twitter:data1\" content=\"Odd\u011blen\u00ed komunikace\" \/>\n\t<meta name=\"twitter:label2\" content=\"Est. reading time\" \/>\n\t<meta name=\"twitter:data2\" content=\"4 minuty\" \/>\n<script type=\"application\/ld+json\" class=\"yoast-schema-graph\">{\"@context\":\"https:\/\/schema.org\",\"@graph\":[{\"@type\":\"Article\",\"@id\":\"https:\/\/www.praha14.cz\/zivot-na-praze-14\/46861-2\/#article\",\"isPartOf\":{\"@id\":\"https:\/\/www.praha14.cz\/zivot-na-praze-14\/46861-2\/\"},\"author\":{\"name\":\"Odd\u011blen\u00ed komunikace\",\"@id\":\"https:\/\/www.praha14.cz\/zivot-na-praze-14\/#\/schema\/person\/127a1d778cbcf76b257f93fb8c42591c\"},\"headline\":\"V\u00e1no\u010dn\u00ed jedli\u010dka\",\"datePublished\":\"2018-11-26T11:27:18+00:00\",\"dateModified\":\"2018-11-26T11:27:32+00:00\",\"mainEntityOfPage\":{\"@id\":\"https:\/\/www.praha14.cz\/zivot-na-praze-14\/46861-2\/\"},\"wordCount\":803,\"commentCount\":0,\"image\":{\"@id\":\"https:\/\/www.praha14.cz\/zivot-na-praze-14\/46861-2\/#primaryimage\"},\"thumbnailUrl\":\"http:\/\/www.lhmp.cz\/lesy\/wp-content\/gallery\/akt_vanocni_jedlicka_2018\/IMG_4082.JPG\",\"inLanguage\":\"cs\",\"potentialAction\":[{\"@type\":\"CommentAction\",\"name\":\"Comment\",\"target\":[\"https:\/\/www.praha14.cz\/zivot-na-praze-14\/46861-2\/#respond\"]}]},{\"@type\":\"WebPage\",\"@id\":\"https:\/\/www.praha14.cz\/zivot-na-praze-14\/46861-2\/\",\"url\":\"https:\/\/www.praha14.cz\/zivot-na-praze-14\/46861-2\/\",\"name\":\"V\u00e1no\u010dn\u00ed jedli\u010dka - \u017divot na Praze 14\",\"isPartOf\":{\"@id\":\"https:\/\/www.praha14.cz\/zivot-na-praze-14\/#website\"},\"primaryImageOfPage\":{\"@id\":\"https:\/\/www.praha14.cz\/zivot-na-praze-14\/46861-2\/#primaryimage\"},\"image\":{\"@id\":\"https:\/\/www.praha14.cz\/zivot-na-praze-14\/46861-2\/#primaryimage\"},\"thumbnailUrl\":\"http:\/\/www.lhmp.cz\/lesy\/wp-content\/gallery\/akt_vanocni_jedlicka_2018\/IMG_4082.JPG\",\"datePublished\":\"2018-11-26T11:27:18+00:00\",\"dateModified\":\"2018-11-26T11:27:32+00:00\",\"author\":{\"@id\":\"https:\/\/www.praha14.cz\/zivot-na-praze-14\/#\/schema\/person\/127a1d778cbcf76b257f93fb8c42591c\"},\"breadcrumb\":{\"@id\":\"https:\/\/www.praha14.cz\/zivot-na-praze-14\/46861-2\/#breadcrumb\"},\"inLanguage\":\"cs\",\"potentialAction\":[{\"@type\":\"ReadAction\",\"target\":[\"https:\/\/www.praha14.cz\/zivot-na-praze-14\/46861-2\/\"]}]},{\"@type\":\"ImageObject\",\"inLanguage\":\"cs\",\"@id\":\"https:\/\/www.praha14.cz\/zivot-na-praze-14\/46861-2\/#primaryimage\",\"url\":\"http:\/\/www.lhmp.cz\/lesy\/wp-content\/gallery\/akt_vanocni_jedlicka_2018\/IMG_4082.JPG\",\"contentUrl\":\"http:\/\/www.lhmp.cz\/lesy\/wp-content\/gallery\/akt_vanocni_jedlicka_2018\/IMG_4082.JPG\"},{\"@type\":\"BreadcrumbList\",\"@id\":\"https:\/\/www.praha14.cz\/zivot-na-praze-14\/46861-2\/#breadcrumb\",\"itemListElement\":[{\"@type\":\"ListItem\",\"position\":1,\"name\":\"\u017divot na Praze 14\",\"item\":\"https:\/\/www.praha14.cz\/zivot-na-praze-14\/\"},{\"@type\":\"ListItem\",\"position\":2,\"name\":\"V\u00e1no\u010dn\u00ed jedli\u010dka\"}]},{\"@type\":\"WebSite\",\"@id\":\"https:\/\/www.praha14.cz\/zivot-na-praze-14\/#website\",\"url\":\"https:\/\/www.praha14.cz\/zivot-na-praze-14\/\",\"name\":\"\u017divot na Praze 14\",\"description\":\"\",\"potentialAction\":[{\"@type\":\"SearchAction\",\"target\":{\"@type\":\"EntryPoint\",\"urlTemplate\":\"https:\/\/www.praha14.cz\/zivot-na-praze-14\/?s={search_term_string}\"},\"query-input\":{\"@type\":\"PropertyValueSpecification\",\"valueRequired\":true,\"valueName\":\"search_term_string\"}}],\"inLanguage\":\"cs\"},{\"@type\":\"Person\",\"@id\":\"https:\/\/www.praha14.cz\/zivot-na-praze-14\/#\/schema\/person\/127a1d778cbcf76b257f93fb8c42591c\",\"name\":\"Odd\u011blen\u00ed komunikace\",\"image\":{\"@type\":\"ImageObject\",\"inLanguage\":\"cs\",\"@id\":\"https:\/\/secure.gravatar.com\/avatar\/e958f3d1e915848093abf89585ec4bb6a7daede2e0322c416842d9f94c3fdaca?s=96&d=mm&r=g\",\"url\":\"https:\/\/secure.gravatar.com\/avatar\/e958f3d1e915848093abf89585ec4bb6a7daede2e0322c416842d9f94c3fdaca?s=96&d=mm&r=g\",\"contentUrl\":\"https:\/\/secure.gravatar.com\/avatar\/e958f3d1e915848093abf89585ec4bb6a7daede2e0322c416842d9f94c3fdaca?s=96&d=mm&r=g\",\"caption\":\"Odd\u011blen\u00ed komunikace\"},\"url\":\"https:\/\/www.praha14.cz\/zivot-na-praze-14\/author\/luciehlavackova\/\"}]}<\/script>\n<!-- \/ Yoast SEO plugin. -->","yoast_head_json":{"title":"V\u00e1no\u010dn\u00ed jedli\u010dka - \u017divot na Praze 14","robots":{"index":"index","follow":"follow","max-snippet":"max-snippet:-1","max-image-preview":"max-image-preview:large","max-video-preview":"max-video-preview:-1"},"canonical":"https:\/\/www.praha14.cz\/zivot-na-praze-14\/46861-2\/","og_locale":"cs_CZ","og_type":"article","og_title":"V\u00e1no\u010dn\u00ed jedli\u010dka - \u017divot na Praze 14","og_description":"Po lo\u0148sk\u00e9m \u00fasp\u011bchu pilotn\u00edho ro\u010dn\u00edku projektu V\u00e1no\u010dn\u00ed jedli\u010dka s budoucnost\u00ed p\u0159\u00edsp\u011bvkov\u00e1 organizace Lesy hl. m. Prahy v p\u0159edv\u00e1no\u010dn\u00edm \u010dase znovu zahajuje prodej speci\u00e1ln\u00edch v\u00e1no\u010dn\u00edch jedli\u010dek v kv\u011btin\u00e1\u010d\u00edch. Lesy hl. m. Prahy tak Pra\u017ean\u016fm nab\u00edzej\u00ed mo\u017enost zvolit si za sv\u016fj v\u00e1no\u010dn\u00ed strom takov\u00fd stromek, kter\u00fd mo\u017en\u00e1 nespl\u0148uje v\u0161echny n\u00e1ro\u010dn\u00e9 parametry dokonal\u00e9ho v\u00e1no\u010dn\u00edho stromu, ale jeho\u017e zato...","og_url":"https:\/\/www.praha14.cz\/zivot-na-praze-14\/46861-2\/","og_site_name":"\u017divot na Praze 14","article_published_time":"2018-11-26T11:27:18+00:00","article_modified_time":"2018-11-26T11:27:32+00:00","og_image":[{"url":"http:\/\/www.lhmp.cz\/lesy\/wp-content\/gallery\/akt_vanocni_jedlicka_2018\/IMG_4082.JPG","type":"","width":"","height":""}],"author":"Odd\u011blen\u00ed komunikace","twitter_card":"summary_large_image","twitter_misc":{"Written by":"Odd\u011blen\u00ed komunikace","Est. reading time":"4 minuty"},"schema":{"@context":"https:\/\/schema.org","@graph":[{"@type":"Article","@id":"https:\/\/www.praha14.cz\/zivot-na-praze-14\/46861-2\/#article","isPartOf":{"@id":"https:\/\/www.praha14.cz\/zivot-na-praze-14\/46861-2\/"},"author":{"name":"Odd\u011blen\u00ed komunikace","@id":"https:\/\/www.praha14.cz\/zivot-na-praze-14\/#\/schema\/person\/127a1d778cbcf76b257f93fb8c42591c"},"headline":"V\u00e1no\u010dn\u00ed jedli\u010dka","datePublished":"2018-11-26T11:27:18+00:00","dateModified":"2018-11-26T11:27:32+00:00","mainEntityOfPage":{"@id":"https:\/\/www.praha14.cz\/zivot-na-praze-14\/46861-2\/"},"wordCount":803,"commentCount":0,"image":{"@id":"https:\/\/www.praha14.cz\/zivot-na-praze-14\/46861-2\/#primaryimage"},"thumbnailUrl":"http:\/\/www.lhmp.cz\/lesy\/wp-content\/gallery\/akt_vanocni_jedlicka_2018\/IMG_4082.JPG","inLanguage":"cs","potentialAction":[{"@type":"CommentAction","name":"Comment","target":["https:\/\/www.praha14.cz\/zivot-na-praze-14\/46861-2\/#respond"]}]},{"@type":"WebPage","@id":"https:\/\/www.praha14.cz\/zivot-na-praze-14\/46861-2\/","url":"https:\/\/www.praha14.cz\/zivot-na-praze-14\/46861-2\/","name":"V\u00e1no\u010dn\u00ed jedli\u010dka - \u017divot na Praze 14","isPartOf":{"@id":"https:\/\/www.praha14.cz\/zivot-na-praze-14\/#website"},"primaryImageOfPage":{"@id":"https:\/\/www.praha14.cz\/zivot-na-praze-14\/46861-2\/#primaryimage"},"image":{"@id":"https:\/\/www.praha14.cz\/zivot-na-praze-14\/46861-2\/#primaryimage"},"thumbnailUrl":"http:\/\/www.lhmp.cz\/lesy\/wp-content\/gallery\/akt_vanocni_jedlicka_2018\/IMG_4082.JPG","datePublished":"2018-11-26T11:27:18+00:00","dateModified":"2018-11-26T11:27:32+00:00","author":{"@id":"https:\/\/www.praha14.cz\/zivot-na-praze-14\/#\/schema\/person\/127a1d778cbcf76b257f93fb8c42591c"},"breadcrumb":{"@id":"https:\/\/www.praha14.cz\/zivot-na-praze-14\/46861-2\/#breadcrumb"},"inLanguage":"cs","potentialAction":[{"@type":"ReadAction","target":["https:\/\/www.praha14.cz\/zivot-na-praze-14\/46861-2\/"]}]},{"@type":"ImageObject","inLanguage":"cs","@id":"https:\/\/www.praha14.cz\/zivot-na-praze-14\/46861-2\/#primaryimage","url":"http:\/\/www.lhmp.cz\/lesy\/wp-content\/gallery\/akt_vanocni_jedlicka_2018\/IMG_4082.JPG","contentUrl":"http:\/\/www.lhmp.cz\/lesy\/wp-content\/gallery\/akt_vanocni_jedlicka_2018\/IMG_4082.JPG"},{"@type":"BreadcrumbList","@id":"https:\/\/www.praha14.cz\/zivot-na-praze-14\/46861-2\/#breadcrumb","itemListElement":[{"@type":"ListItem","position":1,"name":"\u017divot na Praze 14","item":"https:\/\/www.praha14.cz\/zivot-na-praze-14\/"},{"@type":"ListItem","position":2,"name":"V\u00e1no\u010dn\u00ed jedli\u010dka"}]},{"@type":"WebSite","@id":"https:\/\/www.praha14.cz\/zivot-na-praze-14\/#website","url":"https:\/\/www.praha14.cz\/zivot-na-praze-14\/","name":"\u017divot na Praze 14","description":"","potentialAction":[{"@type":"SearchAction","target":{"@type":"EntryPoint","urlTemplate":"https:\/\/www.praha14.cz\/zivot-na-praze-14\/?s={search_term_string}"},"query-input":{"@type":"PropertyValueSpecification","valueRequired":true,"valueName":"search_term_string"}}],"inLanguage":"cs"},{"@type":"Person","@id":"https:\/\/www.praha14.cz\/zivot-na-praze-14\/#\/schema\/person\/127a1d778cbcf76b257f93fb8c42591c","name":"Odd\u011blen\u00ed komunikace","image":{"@type":"ImageObject","inLanguage":"cs","@id":"https:\/\/secure.gravatar.com\/avatar\/e958f3d1e915848093abf89585ec4bb6a7daede2e0322c416842d9f94c3fdaca?s=96&d=mm&r=g","url":"https:\/\/secure.gravatar.com\/avatar\/e958f3d1e915848093abf89585ec4bb6a7daede2e0322c416842d9f94c3fdaca?s=96&d=mm&r=g","contentUrl":"https:\/\/secure.gravatar.com\/avatar\/e958f3d1e915848093abf89585ec4bb6a7daede2e0322c416842d9f94c3fdaca?s=96&d=mm&r=g","caption":"Odd\u011blen\u00ed komunikace"},"url":"https:\/\/www.praha14.cz\/zivot-na-praze-14\/author\/luciehlavackova\/"}]}},"_links":{"self":[{"href":"https:\/\/www.praha14.cz\/zivot-na-praze-14\/wp-json\/wp\/v2\/posts\/46861","targetHints":{"allow":["GET"]}}],"collection":[{"href":"https:\/\/www.praha14.cz\/zivot-na-praze-14\/wp-json\/wp\/v2\/posts"}],"about":[{"href":"https:\/\/www.praha14.cz\/zivot-na-praze-14\/wp-json\/wp\/v2\/types\/post"}],"author":[{"embeddable":true,"href":"https:\/\/www.praha14.cz\/zivot-na-praze-14\/wp-json\/wp\/v2\/users\/1057"}],"replies":[{"embeddable":true,"href":"https:\/\/www.praha14.cz\/zivot-na-praze-14\/wp-json\/wp\/v2\/comments?post=46861"}],"version-history":[{"count":2,"href":"https:\/\/www.praha14.cz\/zivot-na-praze-14\/wp-json\/wp\/v2\/posts\/46861\/revisions"}],"predecessor-version":[{"id":46864,"href":"https:\/\/www.praha14.cz\/zivot-na-praze-14\/wp-json\/wp\/v2\/posts\/46861\/revisions\/46864"}],"wp:attachment":[{"href":"https:\/\/www.praha14.cz\/zivot-na-praze-14\/wp-json\/wp\/v2\/media?parent=46861"}],"wp:term":[{"taxonomy":"category","embeddable":true,"href":"https:\/\/www.praha14.cz\/zivot-na-praze-14\/wp-json\/wp\/v2\/categories?post=46861"},{"taxonomy":"post_tag","embeddable":true,"href":"https:\/\/www.praha14.cz\/zivot-na-praze-14\/wp-json\/wp\/v2\/tags?post=46861"}],"curies":[{"name":"wp","href":"https:\/\/api.w.org\/{rel}","templated":true}]}}