{"id":46884,"date":"2018-12-07T06:18:02","date_gmt":"2018-12-07T06:18:02","guid":{"rendered":"https:\/\/www.praha14.cz\/zivot-na-praze-14\/?p=46884"},"modified":"2018-12-07T08:23:13","modified_gmt":"2018-12-07T08:23:13","slug":"vanocni-sbirka-4","status":"publish","type":"post","link":"https:\/\/www.praha14.cz\/zivot-na-praze-14\/vanocni-sbirka-4\/","title":{"rendered":"V\u00e1no\u010dn\u00ed sb\u00edrka"},"content":{"rendered":"<p align=\"LEFT\">P\u0159eb\u00fdv\u00e1 v\u00e1m doma ji\u017e neno\u0161en\u00e9 oble\u010den\u00ed, na\u010dat\u00e1 drogerie, nebo r\u00e1di koup\u00edte nov\u00e9 a darujete lidem, kte\u0159\u00ed i V\u00e1noce budou tr\u00e1vit na ulici? Organizace p\u016fsob\u00edc\u00ed na Praze 14 spolupo\u0159\u00e1daj\u00ed sv\u00e1te\u010dn\u00ed akci s ob\u010derstven\u00edm a materi\u00e1ln\u00ed pomoc\u00ed pro lidi bez domova.<\/p>\n<p align=\"LEFT\">Budeme r\u00e1di p\u0159edev\u0161\u00edm za zimn\u00ed oble\u010den\u00ed, obuv, drogerii, spac\u00ed pytle, stany, trvanliv\u00e9 potraviny (konzervy, \u0161umiv\u00e9 multivitaminy, instantn\u00ed pol\u00e9vky,&#8230;) a\u00a0granule\/konzervy pro zv\u00ed\u0159ata.<\/p>\n<p align=\"LEFT\">Zan\u00e9st dary m\u016f\u017eete na 3 sb\u011brn\u00e1 m\u00edsta:<br \/>\n<b><\/b><\/p>\n<ul>\n<li><strong>Plech\u00e1rna \u010cern\u00fd Most<\/strong>, kav\u00e1rna\/recepce, Bryksova 1002 \/ 20, 198 00 Praha 14, pond\u011bl\u00ed &#8211; ned\u011ble 14- 20 hodin<\/li>\n<li>\n<p align=\"LEFT\"><strong>KD Kyje<\/strong>, \u0160imanovsk\u00e1 47, P14, st\u0159eda 15-18 hodin, hodinu p\u0159ed a v dob\u011b akc\u00ed v KD Kyje, po individu\u00e1ln\u00ed dohod\u011b, kontakt: Simona Vla\u0161imsk\u00e1 <a href=\"mailto:simona.vlasimska@praha14kulturni.cz\" target=\"_blank\" rel=\"noopener noreferrer\">simona.vlasimska@praha14kulturni.cz<\/a>, 603 400 888<\/p>\n<\/li>\n<li>\n<p align=\"LEFT\"><strong>Zast\u00e1vka (Neposeda)<\/strong>, sd\u00edlen\u00fd prostor s Farn\u00ed Charitou, Bobkova 755\/34, P 14, pond\u011bl\u00ed &#8211; \u010dtvrtek 9- 15:30 hodin, Kontakt: Barbora M\u00fcllerov\u00e1, <a href=\"mailto:baram@neposeda.org\" target=\"_blank\" rel=\"noopener noreferrer\">baram@neposeda.org<\/a>, 778 744 195<\/p>\n<\/li>\n<\/ul>\n<p align=\"LEFT\">Sb\u00edrka pro lidi bez domova\u00a0prob\u00edh\u00e1 od 26 listopadu do 11. prosince.<\/p>\n<p align=\"LEFT\">D\u011bkujeme a p\u0159ejeme v\u00e1m kr\u00e1sn\u00e9 v\u00e1no\u010dn\u00ed sv\u00e1tky.<\/p>\n<p align=\"LEFT\"><a href=\"https:\/\/www.praha14.cz\/app\/uploads\/sites\/4\/2018\/11\/Sb\u00edrka.jpg\" target=\"_blank\" rel=\"noopener noreferrer\" data-rel=\"lightbox-image-0\" data-rl_title=\"\" data-rl_caption=\"\" title=\"\"><img loading=\"lazy\" decoding=\"async\" class=\"alignnone wp-image-46885 size-medium\" src=\"https:\/\/www.praha14.cz\/app\/uploads\/sites\/4\/2018\/11\/Sb\u00edrka-262x370.jpg\" alt=\"\" width=\"262\" height=\"370\" srcset=\"https:\/\/www.praha14.cz\/app\/uploads\/sites\/4\/2018\/11\/Sb\u00edrka-262x370.jpg 262w, https:\/\/www.praha14.cz\/app\/uploads\/sites\/4\/2018\/11\/Sb\u00edrka-768x1086.jpg 768w, https:\/\/www.praha14.cz\/app\/uploads\/sites\/4\/2018\/11\/Sb\u00edrka-724x1024.jpg 724w, https:\/\/www.praha14.cz\/app\/uploads\/sites\/4\/2018\/11\/Sb\u00edrka.jpg 794w\" sizes=\"(max-width: 262px) 100vw, 262px\" \/><\/a><\/p>\n<p>&nbsp;<\/p>\n","protected":false},"excerpt":{"rendered":"<p>P\u0159eb\u00fdv\u00e1 v\u00e1m doma ji\u017e neno\u0161en\u00e9 oble\u010den\u00ed, na\u010dat\u00e1 drogerie, nebo r\u00e1di koup\u00edte nov\u00e9 a darujete lidem, kte\u0159\u00ed i V\u00e1noce budou tr\u00e1vit na ulici? Organizace p\u016fsob\u00edc\u00ed na Praze 14 spolupo\u0159\u00e1daj\u00ed sv\u00e1te\u010dn\u00ed akci s ob\u010derstven\u00edm a materi\u00e1ln\u00ed pomoc\u00ed pro lidi bez domova. Budeme r\u00e1di p\u0159edev\u0161\u00edm za zimn\u00ed oble\u010den\u00ed, obuv, drogerii, spac\u00ed pytle, stany, trvanliv\u00e9 potraviny (konzervy, \u0161umiv\u00e9 multivitaminy,&#8230;<\/p>\n","protected":false},"author":1057,"featured_media":0,"comment_status":"open","ping_status":"open","sticky":true,"template":"","format":"standard","meta":{"_acf_changed":false,"footnotes":""},"categories":[1],"tags":[],"class_list":["post-46884","post","type-post","status-publish","format-standard","hentry","category-nezarazene"],"acf":[],"geo":null,"yoast_head":"<!-- This site is optimized with the Yoast SEO plugin v27.2 - https:\/\/yoast.com\/product\/yoast-seo-wordpress\/ -->\n<title>V\u00e1no\u010dn\u00ed sb\u00edrka - \u017divot na Praze 14<\/title>\n<meta name=\"robots\" content=\"index, follow, max-snippet:-1, max-image-preview:large, max-video-preview:-1\" \/>\n<link rel=\"canonical\" href=\"https:\/\/www.praha14.cz\/zivot-na-praze-14\/vanocni-sbirka-4\/\" \/>\n<meta property=\"og:locale\" content=\"cs_CZ\" \/>\n<meta property=\"og:type\" content=\"article\" \/>\n<meta property=\"og:title\" content=\"V\u00e1no\u010dn\u00ed sb\u00edrka - \u017divot na Praze 14\" \/>\n<meta property=\"og:description\" content=\"P\u0159eb\u00fdv\u00e1 v\u00e1m doma ji\u017e neno\u0161en\u00e9 oble\u010den\u00ed, na\u010dat\u00e1 drogerie, nebo r\u00e1di koup\u00edte nov\u00e9 a darujete lidem, kte\u0159\u00ed i V\u00e1noce budou tr\u00e1vit na ulici? Organizace p\u016fsob\u00edc\u00ed na Praze 14 spolupo\u0159\u00e1daj\u00ed sv\u00e1te\u010dn\u00ed akci s ob\u010derstven\u00edm a materi\u00e1ln\u00ed pomoc\u00ed pro lidi bez domova. Budeme r\u00e1di p\u0159edev\u0161\u00edm za zimn\u00ed oble\u010den\u00ed, obuv, drogerii, spac\u00ed pytle, stany, trvanliv\u00e9 potraviny (konzervy, \u0161umiv\u00e9 multivitaminy,...\" \/>\n<meta property=\"og:url\" content=\"https:\/\/www.praha14.cz\/zivot-na-praze-14\/vanocni-sbirka-4\/\" \/>\n<meta property=\"og:site_name\" content=\"\u017divot na Praze 14\" \/>\n<meta property=\"article:published_time\" content=\"2018-12-07T06:18:02+00:00\" \/>\n<meta property=\"article:modified_time\" content=\"2018-12-07T08:23:13+00:00\" \/>\n<meta name=\"author\" content=\"Odd\u011blen\u00ed komunikace\" \/>\n<meta name=\"twitter:card\" content=\"summary_large_image\" \/>\n<meta name=\"twitter:label1\" content=\"Written by\" \/>\n\t<meta name=\"twitter:data1\" content=\"Odd\u011blen\u00ed komunikace\" \/>\n\t<meta name=\"twitter:label2\" content=\"Est. reading time\" \/>\n\t<meta name=\"twitter:data2\" content=\"1 minuta\" \/>\n<script type=\"application\/ld+json\" class=\"yoast-schema-graph\">{\"@context\":\"https:\/\/schema.org\",\"@graph\":[{\"@type\":\"Article\",\"@id\":\"https:\/\/www.praha14.cz\/zivot-na-praze-14\/vanocni-sbirka-4\/#article\",\"isPartOf\":{\"@id\":\"https:\/\/www.praha14.cz\/zivot-na-praze-14\/vanocni-sbirka-4\/\"},\"author\":{\"name\":\"Odd\u011blen\u00ed komunikace\",\"@id\":\"https:\/\/www.praha14.cz\/zivot-na-praze-14\/#\/schema\/person\/127a1d778cbcf76b257f93fb8c42591c\"},\"headline\":\"V\u00e1no\u010dn\u00ed sb\u00edrka\",\"datePublished\":\"2018-12-07T06:18:02+00:00\",\"dateModified\":\"2018-12-07T08:23:13+00:00\",\"mainEntityOfPage\":{\"@id\":\"https:\/\/www.praha14.cz\/zivot-na-praze-14\/vanocni-sbirka-4\/\"},\"wordCount\":198,\"commentCount\":0,\"inLanguage\":\"cs\",\"potentialAction\":[{\"@type\":\"CommentAction\",\"name\":\"Comment\",\"target\":[\"https:\/\/www.praha14.cz\/zivot-na-praze-14\/vanocni-sbirka-4\/#respond\"]}]},{\"@type\":\"WebPage\",\"@id\":\"https:\/\/www.praha14.cz\/zivot-na-praze-14\/vanocni-sbirka-4\/\",\"url\":\"https:\/\/www.praha14.cz\/zivot-na-praze-14\/vanocni-sbirka-4\/\",\"name\":\"V\u00e1no\u010dn\u00ed sb\u00edrka - \u017divot na Praze 14\",\"isPartOf\":{\"@id\":\"https:\/\/www.praha14.cz\/zivot-na-praze-14\/#website\"},\"datePublished\":\"2018-12-07T06:18:02+00:00\",\"dateModified\":\"2018-12-07T08:23:13+00:00\",\"author\":{\"@id\":\"https:\/\/www.praha14.cz\/zivot-na-praze-14\/#\/schema\/person\/127a1d778cbcf76b257f93fb8c42591c\"},\"breadcrumb\":{\"@id\":\"https:\/\/www.praha14.cz\/zivot-na-praze-14\/vanocni-sbirka-4\/#breadcrumb\"},\"inLanguage\":\"cs\",\"potentialAction\":[{\"@type\":\"ReadAction\",\"target\":[\"https:\/\/www.praha14.cz\/zivot-na-praze-14\/vanocni-sbirka-4\/\"]}]},{\"@type\":\"BreadcrumbList\",\"@id\":\"https:\/\/www.praha14.cz\/zivot-na-praze-14\/vanocni-sbirka-4\/#breadcrumb\",\"itemListElement\":[{\"@type\":\"ListItem\",\"position\":1,\"name\":\"\u017divot na Praze 14\",\"item\":\"https:\/\/www.praha14.cz\/zivot-na-praze-14\/\"},{\"@type\":\"ListItem\",\"position\":2,\"name\":\"V\u00e1no\u010dn\u00ed sb\u00edrka\"}]},{\"@type\":\"WebSite\",\"@id\":\"https:\/\/www.praha14.cz\/zivot-na-praze-14\/#website\",\"url\":\"https:\/\/www.praha14.cz\/zivot-na-praze-14\/\",\"name\":\"\u017divot na Praze 14\",\"description\":\"\",\"potentialAction\":[{\"@type\":\"SearchAction\",\"target\":{\"@type\":\"EntryPoint\",\"urlTemplate\":\"https:\/\/www.praha14.cz\/zivot-na-praze-14\/?s={search_term_string}\"},\"query-input\":{\"@type\":\"PropertyValueSpecification\",\"valueRequired\":true,\"valueName\":\"search_term_string\"}}],\"inLanguage\":\"cs\"},{\"@type\":\"Person\",\"@id\":\"https:\/\/www.praha14.cz\/zivot-na-praze-14\/#\/schema\/person\/127a1d778cbcf76b257f93fb8c42591c\",\"name\":\"Odd\u011blen\u00ed komunikace\",\"image\":{\"@type\":\"ImageObject\",\"inLanguage\":\"cs\",\"@id\":\"https:\/\/secure.gravatar.com\/avatar\/e958f3d1e915848093abf89585ec4bb6a7daede2e0322c416842d9f94c3fdaca?s=96&d=mm&r=g\",\"url\":\"https:\/\/secure.gravatar.com\/avatar\/e958f3d1e915848093abf89585ec4bb6a7daede2e0322c416842d9f94c3fdaca?s=96&d=mm&r=g\",\"contentUrl\":\"https:\/\/secure.gravatar.com\/avatar\/e958f3d1e915848093abf89585ec4bb6a7daede2e0322c416842d9f94c3fdaca?s=96&d=mm&r=g\",\"caption\":\"Odd\u011blen\u00ed komunikace\"},\"url\":\"https:\/\/www.praha14.cz\/zivot-na-praze-14\/author\/luciehlavackova\/\"}]}<\/script>\n<!-- \/ Yoast SEO plugin. -->","yoast_head_json":{"title":"V\u00e1no\u010dn\u00ed sb\u00edrka - \u017divot na Praze 14","robots":{"index":"index","follow":"follow","max-snippet":"max-snippet:-1","max-image-preview":"max-image-preview:large","max-video-preview":"max-video-preview:-1"},"canonical":"https:\/\/www.praha14.cz\/zivot-na-praze-14\/vanocni-sbirka-4\/","og_locale":"cs_CZ","og_type":"article","og_title":"V\u00e1no\u010dn\u00ed sb\u00edrka - \u017divot na Praze 14","og_description":"P\u0159eb\u00fdv\u00e1 v\u00e1m doma ji\u017e neno\u0161en\u00e9 oble\u010den\u00ed, na\u010dat\u00e1 drogerie, nebo r\u00e1di koup\u00edte nov\u00e9 a darujete lidem, kte\u0159\u00ed i V\u00e1noce budou tr\u00e1vit na ulici? Organizace p\u016fsob\u00edc\u00ed na Praze 14 spolupo\u0159\u00e1daj\u00ed sv\u00e1te\u010dn\u00ed akci s ob\u010derstven\u00edm a materi\u00e1ln\u00ed pomoc\u00ed pro lidi bez domova. Budeme r\u00e1di p\u0159edev\u0161\u00edm za zimn\u00ed oble\u010den\u00ed, obuv, drogerii, spac\u00ed pytle, stany, trvanliv\u00e9 potraviny (konzervy, \u0161umiv\u00e9 multivitaminy,...","og_url":"https:\/\/www.praha14.cz\/zivot-na-praze-14\/vanocni-sbirka-4\/","og_site_name":"\u017divot na Praze 14","article_published_time":"2018-12-07T06:18:02+00:00","article_modified_time":"2018-12-07T08:23:13+00:00","author":"Odd\u011blen\u00ed komunikace","twitter_card":"summary_large_image","twitter_misc":{"Written by":"Odd\u011blen\u00ed komunikace","Est. reading time":"1 minuta"},"schema":{"@context":"https:\/\/schema.org","@graph":[{"@type":"Article","@id":"https:\/\/www.praha14.cz\/zivot-na-praze-14\/vanocni-sbirka-4\/#article","isPartOf":{"@id":"https:\/\/www.praha14.cz\/zivot-na-praze-14\/vanocni-sbirka-4\/"},"author":{"name":"Odd\u011blen\u00ed komunikace","@id":"https:\/\/www.praha14.cz\/zivot-na-praze-14\/#\/schema\/person\/127a1d778cbcf76b257f93fb8c42591c"},"headline":"V\u00e1no\u010dn\u00ed sb\u00edrka","datePublished":"2018-12-07T06:18:02+00:00","dateModified":"2018-12-07T08:23:13+00:00","mainEntityOfPage":{"@id":"https:\/\/www.praha14.cz\/zivot-na-praze-14\/vanocni-sbirka-4\/"},"wordCount":198,"commentCount":0,"inLanguage":"cs","potentialAction":[{"@type":"CommentAction","name":"Comment","target":["https:\/\/www.praha14.cz\/zivot-na-praze-14\/vanocni-sbirka-4\/#respond"]}]},{"@type":"WebPage","@id":"https:\/\/www.praha14.cz\/zivot-na-praze-14\/vanocni-sbirka-4\/","url":"https:\/\/www.praha14.cz\/zivot-na-praze-14\/vanocni-sbirka-4\/","name":"V\u00e1no\u010dn\u00ed sb\u00edrka - \u017divot na Praze 14","isPartOf":{"@id":"https:\/\/www.praha14.cz\/zivot-na-praze-14\/#website"},"datePublished":"2018-12-07T06:18:02+00:00","dateModified":"2018-12-07T08:23:13+00:00","author":{"@id":"https:\/\/www.praha14.cz\/zivot-na-praze-14\/#\/schema\/person\/127a1d778cbcf76b257f93fb8c42591c"},"breadcrumb":{"@id":"https:\/\/www.praha14.cz\/zivot-na-praze-14\/vanocni-sbirka-4\/#breadcrumb"},"inLanguage":"cs","potentialAction":[{"@type":"ReadAction","target":["https:\/\/www.praha14.cz\/zivot-na-praze-14\/vanocni-sbirka-4\/"]}]},{"@type":"BreadcrumbList","@id":"https:\/\/www.praha14.cz\/zivot-na-praze-14\/vanocni-sbirka-4\/#breadcrumb","itemListElement":[{"@type":"ListItem","position":1,"name":"\u017divot na Praze 14","item":"https:\/\/www.praha14.cz\/zivot-na-praze-14\/"},{"@type":"ListItem","position":2,"name":"V\u00e1no\u010dn\u00ed sb\u00edrka"}]},{"@type":"WebSite","@id":"https:\/\/www.praha14.cz\/zivot-na-praze-14\/#website","url":"https:\/\/www.praha14.cz\/zivot-na-praze-14\/","name":"\u017divot na Praze 14","description":"","potentialAction":[{"@type":"SearchAction","target":{"@type":"EntryPoint","urlTemplate":"https:\/\/www.praha14.cz\/zivot-na-praze-14\/?s={search_term_string}"},"query-input":{"@type":"PropertyValueSpecification","valueRequired":true,"valueName":"search_term_string"}}],"inLanguage":"cs"},{"@type":"Person","@id":"https:\/\/www.praha14.cz\/zivot-na-praze-14\/#\/schema\/person\/127a1d778cbcf76b257f93fb8c42591c","name":"Odd\u011blen\u00ed komunikace","image":{"@type":"ImageObject","inLanguage":"cs","@id":"https:\/\/secure.gravatar.com\/avatar\/e958f3d1e915848093abf89585ec4bb6a7daede2e0322c416842d9f94c3fdaca?s=96&d=mm&r=g","url":"https:\/\/secure.gravatar.com\/avatar\/e958f3d1e915848093abf89585ec4bb6a7daede2e0322c416842d9f94c3fdaca?s=96&d=mm&r=g","contentUrl":"https:\/\/secure.gravatar.com\/avatar\/e958f3d1e915848093abf89585ec4bb6a7daede2e0322c416842d9f94c3fdaca?s=96&d=mm&r=g","caption":"Odd\u011blen\u00ed komunikace"},"url":"https:\/\/www.praha14.cz\/zivot-na-praze-14\/author\/luciehlavackova\/"}]}},"_links":{"self":[{"href":"https:\/\/www.praha14.cz\/zivot-na-praze-14\/wp-json\/wp\/v2\/posts\/46884","targetHints":{"allow":["GET"]}}],"collection":[{"href":"https:\/\/www.praha14.cz\/zivot-na-praze-14\/wp-json\/wp\/v2\/posts"}],"about":[{"href":"https:\/\/www.praha14.cz\/zivot-na-praze-14\/wp-json\/wp\/v2\/types\/post"}],"author":[{"embeddable":true,"href":"https:\/\/www.praha14.cz\/zivot-na-praze-14\/wp-json\/wp\/v2\/users\/1057"}],"replies":[{"embeddable":true,"href":"https:\/\/www.praha14.cz\/zivot-na-praze-14\/wp-json\/wp\/v2\/comments?post=46884"}],"version-history":[{"count":2,"href":"https:\/\/www.praha14.cz\/zivot-na-praze-14\/wp-json\/wp\/v2\/posts\/46884\/revisions"}],"predecessor-version":[{"id":46966,"href":"https:\/\/www.praha14.cz\/zivot-na-praze-14\/wp-json\/wp\/v2\/posts\/46884\/revisions\/46966"}],"wp:attachment":[{"href":"https:\/\/www.praha14.cz\/zivot-na-praze-14\/wp-json\/wp\/v2\/media?parent=46884"}],"wp:term":[{"taxonomy":"category","embeddable":true,"href":"https:\/\/www.praha14.cz\/zivot-na-praze-14\/wp-json\/wp\/v2\/categories?post=46884"},{"taxonomy":"post_tag","embeddable":true,"href":"https:\/\/www.praha14.cz\/zivot-na-praze-14\/wp-json\/wp\/v2\/tags?post=46884"}],"curies":[{"name":"wp","href":"https:\/\/api.w.org\/{rel}","templated":true}]}}