{"id":49045,"date":"2019-04-23T12:22:16","date_gmt":"2019-04-23T12:22:16","guid":{"rendered":"https:\/\/www.praha14.cz\/zivot-na-praze-14\/?p=49045"},"modified":"2019-04-23T12:27:51","modified_gmt":"2019-04-23T12:27:51","slug":"udelejte-radost-knihou","status":"publish","type":"post","link":"https:\/\/www.praha14.cz\/zivot-na-praze-14\/udelejte-radost-knihou\/","title":{"rendered":"Ud\u011blejte radost knihou"},"content":{"rendered":"<p>V informa\u010dn\u00ed kancel\u00e1\u0159i \u00daM\u010c Praha 14 (Brat\u0159\u00ed Vencl\u00edk\u016f 1072) m\u016f\u017eete zakoupit tyto kr\u00e1sn\u00e9 knihy, kter\u00e9 p\u0159\u00edmo souvis\u00ed s Prahou 14:<\/p>\n<p>&nbsp;<\/p>\n<p><a href=\"https:\/\/www.praha14.cz\/app\/uploads\/sites\/4\/2019\/04\/big_linka-c-141-Lov-400118.jpg\" data-rel=\"lightbox-image-0\" data-rl_title=\"\" data-rl_caption=\"\" title=\"\"><img loading=\"lazy\" decoding=\"async\" class=\" wp-image-49046 alignleft\" src=\"https:\/\/www.praha14.cz\/app\/uploads\/sites\/4\/2019\/04\/big_linka-c-141-Lov-400118-300x370.jpg\" alt=\"\" width=\"105\" height=\"130\" srcset=\"https:\/\/www.praha14.cz\/app\/uploads\/sites\/4\/2019\/04\/big_linka-c-141-Lov-400118-300x370.jpg 300w, https:\/\/www.praha14.cz\/app\/uploads\/sites\/4\/2019\/04\/big_linka-c-141-Lov-400118-768x946.jpg 768w, https:\/\/www.praha14.cz\/app\/uploads\/sites\/4\/2019\/04\/big_linka-c-141-Lov-400118-831x1024.jpg 831w, https:\/\/www.praha14.cz\/app\/uploads\/sites\/4\/2019\/04\/big_linka-c-141-Lov-400118.jpg 1000w\" sizes=\"(max-width: 105px) 100vw, 105px\" \/><\/a><\/p>\n<p><strong>Linka \u010d. 141: \u010cern\u00fd Most, s\u00eddli\u0161t\u011b, kter\u00e9 se stalo legendou<\/strong> (Vojt\u011bch Havlovec, Pjeer Van Eck, \u0160imon Mat\u011bjka) &#8211; 641 K\u010d<\/p>\n<p><span class=\"start_text\">Rozs\u00e1hl\u00e1 a podrobn\u00e1 publikace o kr\u00e1tk\u00e9, ale bou\u0159liv\u00e9 historii t\u00e9to dynamicky se rozv\u00edjej\u00edc\u00ed \u010d\u00e1sti Prahy. Vypr\u00e1v\u011bn\u00ed mapuje vzpom\u00ednky a pocity tamn\u00edch obyvatel, kte\u0159\u00ed stejn\u011b, jako kdysi prvn\u00ed osadn\u00edci na divok\u00e9m z\u00e1pad\u011b, obsadili pust\u00fd prostor a \u010dasem zde vytvo\u0159ili sv\u00e9bytnou komunitu.<br \/>\nOrigin\u00e1ln\u00ed obrazov\u00fd a textov\u00fd materi\u00e1l za\u010d\u00edn<\/span><span class=\"end_text et_400118\">\u00e1 st\u0159edov\u011bkem a kon\u010d\u00ed \u017ehavou sou\u010dasnost\u00ed. Sou\u010d\u00e1st\u00ed jsou tak\u00e9 p\u0159\u00edb\u011bhy autentick\u00fdch obyvatel, kdysi zatracovan\u00e9ho \u010cer\u0148\u00e1ku, kte\u0159\u00ed svou usilovnou prac\u00ed a v\u016fl\u00ed dok\u00e1zali oblast povzn\u00e9st do dne\u0161n\u00ed podoby. Tu nejl\u00e9pe charakterizuje nyn\u011bj\u0161\u00ed v\u00fdraz okoln\u00edho respektu, kdy je m\u00edsto ozna\u010dov\u00e1no jako \u201eS\u00eddli\u0161t\u011b legenda\u201c.<\/span><a id=\"400118\" class=\"show_hide_more ll\" href=\"https:\/\/www.databazeknih.cz\/knihy\/linka-c-141-400118?show=alldesc\"><\/a><\/p>\n<p>&nbsp;<\/p>\n<p><a href=\"https:\/\/www.praha14.cz\/app\/uploads\/sites\/4\/2019\/04\/102037_600_0_fit.jpg\" data-rel=\"lightbox-image-1\" data-rl_title=\"\" data-rl_caption=\"\" title=\"\"><img loading=\"lazy\" decoding=\"async\" class=\" wp-image-49047 alignleft\" src=\"https:\/\/www.praha14.cz\/app\/uploads\/sites\/4\/2019\/04\/102037_600_0_fit-257x370.jpg\" alt=\"\" width=\"102\" height=\"146\" srcset=\"https:\/\/www.praha14.cz\/app\/uploads\/sites\/4\/2019\/04\/102037_600_0_fit-257x370.jpg 257w, https:\/\/www.praha14.cz\/app\/uploads\/sites\/4\/2019\/04\/102037_600_0_fit.jpg 600w\" sizes=\"(max-width: 102px) 100vw, 102px\" \/><\/a><\/p>\n<p><strong>Magick\u00fd autobus<\/strong> (Marek Hladk\u00fd, Jitka Hladk\u00e1) &#8211; 200 K\u010d<\/p>\n<p>Sta\u010d\u00ed zav\u0159\u00edt o\u010di a vyj\u00ed\u017ed\u00edme! Duhov\u00fd magick\u00fd autobus zn\u00e1 jednu zapomenutou cestu, cestu do sn\u016f a poh\u00e1dkov\u00fdch p\u0159\u00edb\u011bh\u016f, kter\u00e9 jsme zapomn\u011bli pro\u017e\u00edvat. Mal\u00e1 Aur\u00e9lie se c\u00edt\u00ed ztracen\u00e1, rodi\u010de jsou sam\u00e1 pr\u00e1ce a povinnost a br\u00e1\u0161ku pohltily po\u010d\u00edta\u010dov\u00e9 hry. Sv\u011bt j\u00ed p\u0159ipad\u00e1 \u0161ediv\u00fd. Radost nach\u00e1z\u00ed jen v obl\u00edben\u00e9 kn\u00ed\u017ece o magick\u00e9m autobusu. Zd\u00e1 se, \u017ee jej\u00ed p\u0159\u00edb\u011bh m\u00e1 kouzelnou moc. Aur\u00e9lie se ocitne na dobrodru\u017en\u00e9 cest\u011b do \u0158\u00ed\u0161e sn\u016f. Kdy\u017e se odtud vr\u00e1t\u00ed, nic u\u017e nebude jako d\u0159\u00edv. Za\u010dt\u011bte se do kouzeln\u00e9ho podobenstv\u00ed o tom, co je a nen\u00ed \u0161t\u011bst\u00ed! Graficky atraktivn\u00ed kn\u00ed\u017eka pot\u011b\u0161\u00ed mal\u00e9 i v\u011bt\u0161\u00ed \u010dten\u00e1\u0159e, milovn\u00edky autobus\u016f a fanou\u0161ky ilustr\u00e1tora Petra Kopla a herce V\u00e1clava Kopty, kter\u00fd se stal inspirac\u00ed pro jednu z hlavn\u00edch postav.<\/p>\n<p>&nbsp;<\/p>\n<p>&nbsp;<\/p>\n<p><a href=\"https:\/\/www.praha14.cz\/app\/uploads\/sites\/4\/2019\/04\/b86be2b6e52754e427567caaa0a2bbd0.jpg\" data-rel=\"lightbox-image-2\" data-rl_title=\"\" data-rl_caption=\"\" title=\"\"><img loading=\"lazy\" decoding=\"async\" class=\"wp-image-49048 alignleft\" src=\"https:\/\/www.praha14.cz\/app\/uploads\/sites\/4\/2019\/04\/b86be2b6e52754e427567caaa0a2bbd0-283x370.jpg\" alt=\"\" width=\"102\" height=\"133\" srcset=\"https:\/\/www.praha14.cz\/app\/uploads\/sites\/4\/2019\/04\/b86be2b6e52754e427567caaa0a2bbd0-283x370.jpg 283w, https:\/\/www.praha14.cz\/app\/uploads\/sites\/4\/2019\/04\/b86be2b6e52754e427567caaa0a2bbd0.jpg 591w\" sizes=\"(max-width: 102px) 100vw, 102px\" \/><\/a><\/p>\n<p><strong>Jdeme do \u0161koly &#8211; \u010dten\u00ed s malou v\u00edlou Mimi<\/strong> (Marek Hladk\u00fd, Jitka Hladk\u00e1) &#8211; 180 K\u010d<\/p>\n<p>Zn\u00e1te v\u00edlu Mimi? Tahle p\u016fvabn\u00e1 a chytr\u00e1 byt\u016fstka vypad\u00e1 jako oby\u010dejn\u00e1 hol\u010di\u010dka, dok\u00e1\u017ee ale neoby\u010dejn\u00e9 v\u011bci. Jestli si d\u011bl\u00e1te starosti kv\u016fli \u0161kole podobn\u011b jako \u0161kola\u010dka Aur\u00e9lie z t\u00e9hle kn\u00ed\u017eky, je pro v\u00e1s Mimi od Hostavick\u00e9ho potoka ten spr\u00e1vn\u00fd pomocn\u00edk. Dobrosrde\u010dn\u00e1 v\u00edla svol\u00e1 v\u0161echna zv\u00ed\u0159\u00e1tka ze sv\u00e9 louky a spole\u010dn\u011b s nimi p\u0159iprav\u00ed pro Aur\u00e9lii to nejhrav\u011bj\u0161\u00ed nejzaj\u00edmav\u011bj\u0161\u00ed vyu\u010dov\u00e1n\u00ed. Kn\u00ed\u017eka pro za\u010d\u00ednaj\u00edc\u00ed \u010dten\u00e1\u0159e vych\u00e1z\u00ed s p\u0159edmluvou Jitky Molavcov\u00e9.<\/p>\n<p>&nbsp;<\/p>\n<p>&nbsp;<\/p>\n<p><a href=\"https:\/\/www.praha14.cz\/app\/uploads\/sites\/4\/2019\/04\/101863_600_0_fit.jpg\" data-rel=\"lightbox-image-3\" data-rl_title=\"\" data-rl_caption=\"\" title=\"\"><img loading=\"lazy\" decoding=\"async\" class=\" wp-image-49049 alignleft\" src=\"https:\/\/www.praha14.cz\/app\/uploads\/sites\/4\/2019\/04\/101863_600_0_fit-370x370.jpg\" alt=\"\" width=\"102\" height=\"102\" srcset=\"https:\/\/www.praha14.cz\/app\/uploads\/sites\/4\/2019\/04\/101863_600_0_fit-370x370.jpg 370w, https:\/\/www.praha14.cz\/app\/uploads\/sites\/4\/2019\/04\/101863_600_0_fit-150x150.jpg 150w, https:\/\/www.praha14.cz\/app\/uploads\/sites\/4\/2019\/04\/101863_600_0_fit.jpg 600w\" sizes=\"(max-width: 102px) 100vw, 102px\" \/><\/a><\/p>\n<p><span style=\"font-family: Calibri;\"><strong>Velk\u00e1 poh\u00e1dka o mal\u00e9 v\u00edle<\/strong> (Marek Hladk\u00fd, Jitka Hladk\u00e1) &#8211; 230 K\u010d<\/span><\/p>\n<p>Mimi je ta nejdobrosrde\u010dn\u011bj\u0161\u00ed v\u00edla, jak\u00e1 kdy tan\u010dila na louce u Hostavick\u00e9ho potoka. Vypad\u00e1 sice jako oby\u010dejn\u00e1 hol\u010di\u010dka, ale rozhodn\u011b dok\u00e1\u017ee neoby\u010dejn\u00e9 kousky. Nechte se un\u00e1\u0161et p\u016fvabn\u00fdmi p\u0159\u00edb\u011bhy, kter\u00e9 v\u00edla b\u011bhem v\u0161ech \u010dty\u0159 ro\u010dn\u00edch obdob\u00ed za\u017eije se zv\u00ed\u0159\u00e1tky a rostlinkami na louce u Hostavick\u00e9ho potoka. Objev\u00edte kouzlo nebesk\u00e9 duhy nebo posledn\u00edho dne v\u00a0roce. Mimi v\u017edycky pom\u016f\u017ee v pravou chv\u00edli a mo\u017en\u00e1 s\u00a0n\u00ed za\u017eijete i z\u00e1zrak.<br \/>\nKr\u00e1sn\u011b ilustrovan\u00e1 kn\u00ed\u017eka v\u00a0d\u011btech probud\u00ed vztah k\u00a0p\u0159\u00edrod\u011b a poslou\u017e\u00ed tak\u00e9 jako mil\u00e9 \u010dten\u00ed na dobrou noc. Ilustrace v knize poch\u00e1zej\u00ed z d\u00edlny ilustr\u00e1torsk\u00e9 legendy Vlasty \u0160vejdov\u00e9 a jist\u011b pot\u011b\u0161\u00ed v\u0161echny generace \u010dten\u00e1\u0159\u016f poh\u00e1dek.<\/p>\n<p>&nbsp;<\/p>\n<p>&nbsp;<\/p>\n","protected":false},"excerpt":{"rendered":"<p>V informa\u010dn\u00ed kancel\u00e1\u0159i \u00daM\u010c Praha 14 (Brat\u0159\u00ed Vencl\u00edk\u016f 1072) m\u016f\u017eete zakoupit tyto kr\u00e1sn\u00e9 knihy, kter\u00e9 p\u0159\u00edmo souvis\u00ed s Prahou 14: &nbsp; Linka \u010d. 141: \u010cern\u00fd Most, s\u00eddli\u0161t\u011b, kter\u00e9 se stalo legendou (Vojt\u011bch Havlovec, Pjeer Van Eck, \u0160imon Mat\u011bjka) &#8211; 641 K\u010d Rozs\u00e1hl\u00e1 a podrobn\u00e1 publikace o kr\u00e1tk\u00e9, ale bou\u0159liv\u00e9 historii t\u00e9to dynamicky se rozv\u00edjej\u00edc\u00ed \u010d\u00e1sti&#8230;<\/p>\n","protected":false},"author":1057,"featured_media":0,"comment_status":"open","ping_status":"open","sticky":true,"template":"","format":"standard","meta":{"_acf_changed":false,"footnotes":""},"categories":[1],"tags":[],"class_list":["post-49045","post","type-post","status-publish","format-standard","hentry","category-nezarazene"],"acf":[],"geo":null,"yoast_head":"<!-- This site is optimized with the Yoast SEO plugin v27.2 - https:\/\/yoast.com\/product\/yoast-seo-wordpress\/ -->\n<title>Ud\u011blejte radost knihou - \u017divot na Praze 14<\/title>\n<meta name=\"robots\" content=\"index, follow, max-snippet:-1, max-image-preview:large, max-video-preview:-1\" \/>\n<link rel=\"canonical\" href=\"https:\/\/www.praha14.cz\/zivot-na-praze-14\/udelejte-radost-knihou\/\" \/>\n<meta property=\"og:locale\" content=\"cs_CZ\" \/>\n<meta property=\"og:type\" content=\"article\" \/>\n<meta property=\"og:title\" content=\"Ud\u011blejte radost knihou - \u017divot na Praze 14\" \/>\n<meta property=\"og:description\" content=\"V informa\u010dn\u00ed kancel\u00e1\u0159i \u00daM\u010c Praha 14 (Brat\u0159\u00ed Vencl\u00edk\u016f 1072) m\u016f\u017eete zakoupit tyto kr\u00e1sn\u00e9 knihy, kter\u00e9 p\u0159\u00edmo souvis\u00ed s Prahou 14: &nbsp; Linka \u010d. 141: \u010cern\u00fd Most, s\u00eddli\u0161t\u011b, kter\u00e9 se stalo legendou (Vojt\u011bch Havlovec, Pjeer Van Eck, \u0160imon Mat\u011bjka) &#8211; 641 K\u010d Rozs\u00e1hl\u00e1 a podrobn\u00e1 publikace o kr\u00e1tk\u00e9, ale bou\u0159liv\u00e9 historii t\u00e9to dynamicky se rozv\u00edjej\u00edc\u00ed \u010d\u00e1sti...\" \/>\n<meta property=\"og:url\" content=\"https:\/\/www.praha14.cz\/zivot-na-praze-14\/udelejte-radost-knihou\/\" \/>\n<meta property=\"og:site_name\" content=\"\u017divot na Praze 14\" \/>\n<meta property=\"article:published_time\" content=\"2019-04-23T12:22:16+00:00\" \/>\n<meta property=\"article:modified_time\" content=\"2019-04-23T12:27:51+00:00\" \/>\n<meta property=\"og:image\" content=\"https:\/\/www.praha14.cz\/app\/uploads\/sites\/4\/2019\/04\/big_linka-c-141-Lov-400118-300x370.jpg\" \/>\n<meta name=\"author\" content=\"Odd\u011blen\u00ed komunikace\" \/>\n<meta name=\"twitter:card\" content=\"summary_large_image\" \/>\n<meta name=\"twitter:label1\" content=\"Written by\" \/>\n\t<meta name=\"twitter:data1\" content=\"Odd\u011blen\u00ed komunikace\" \/>\n\t<meta name=\"twitter:label2\" content=\"Est. reading time\" \/>\n\t<meta name=\"twitter:data2\" content=\"3 minuty\" \/>\n<script type=\"application\/ld+json\" class=\"yoast-schema-graph\">{\"@context\":\"https:\/\/schema.org\",\"@graph\":[{\"@type\":\"Article\",\"@id\":\"https:\/\/www.praha14.cz\/zivot-na-praze-14\/udelejte-radost-knihou\/#article\",\"isPartOf\":{\"@id\":\"https:\/\/www.praha14.cz\/zivot-na-praze-14\/udelejte-radost-knihou\/\"},\"author\":{\"name\":\"Odd\u011blen\u00ed komunikace\",\"@id\":\"https:\/\/www.praha14.cz\/zivot-na-praze-14\/#\/schema\/person\/127a1d778cbcf76b257f93fb8c42591c\"},\"headline\":\"Ud\u011blejte radost knihou\",\"datePublished\":\"2019-04-23T12:22:16+00:00\",\"dateModified\":\"2019-04-23T12:27:51+00:00\",\"mainEntityOfPage\":{\"@id\":\"https:\/\/www.praha14.cz\/zivot-na-praze-14\/udelejte-radost-knihou\/\"},\"wordCount\":625,\"commentCount\":0,\"image\":{\"@id\":\"https:\/\/www.praha14.cz\/zivot-na-praze-14\/udelejte-radost-knihou\/#primaryimage\"},\"thumbnailUrl\":\"https:\/\/www.praha14.cz\/app\/uploads\/sites\/4\/2019\/04\/big_linka-c-141-Lov-400118-300x370.jpg\",\"inLanguage\":\"cs\",\"potentialAction\":[{\"@type\":\"CommentAction\",\"name\":\"Comment\",\"target\":[\"https:\/\/www.praha14.cz\/zivot-na-praze-14\/udelejte-radost-knihou\/#respond\"]}]},{\"@type\":\"WebPage\",\"@id\":\"https:\/\/www.praha14.cz\/zivot-na-praze-14\/udelejte-radost-knihou\/\",\"url\":\"https:\/\/www.praha14.cz\/zivot-na-praze-14\/udelejte-radost-knihou\/\",\"name\":\"Ud\u011blejte radost knihou - \u017divot na Praze 14\",\"isPartOf\":{\"@id\":\"https:\/\/www.praha14.cz\/zivot-na-praze-14\/#website\"},\"primaryImageOfPage\":{\"@id\":\"https:\/\/www.praha14.cz\/zivot-na-praze-14\/udelejte-radost-knihou\/#primaryimage\"},\"image\":{\"@id\":\"https:\/\/www.praha14.cz\/zivot-na-praze-14\/udelejte-radost-knihou\/#primaryimage\"},\"thumbnailUrl\":\"https:\/\/www.praha14.cz\/app\/uploads\/sites\/4\/2019\/04\/big_linka-c-141-Lov-400118-300x370.jpg\",\"datePublished\":\"2019-04-23T12:22:16+00:00\",\"dateModified\":\"2019-04-23T12:27:51+00:00\",\"author\":{\"@id\":\"https:\/\/www.praha14.cz\/zivot-na-praze-14\/#\/schema\/person\/127a1d778cbcf76b257f93fb8c42591c\"},\"breadcrumb\":{\"@id\":\"https:\/\/www.praha14.cz\/zivot-na-praze-14\/udelejte-radost-knihou\/#breadcrumb\"},\"inLanguage\":\"cs\",\"potentialAction\":[{\"@type\":\"ReadAction\",\"target\":[\"https:\/\/www.praha14.cz\/zivot-na-praze-14\/udelejte-radost-knihou\/\"]}]},{\"@type\":\"ImageObject\",\"inLanguage\":\"cs\",\"@id\":\"https:\/\/www.praha14.cz\/zivot-na-praze-14\/udelejte-radost-knihou\/#primaryimage\",\"url\":\"https:\/\/www.praha14.cz\/app\/uploads\/sites\/4\/2019\/04\/big_linka-c-141-Lov-400118-300x370.jpg\",\"contentUrl\":\"https:\/\/www.praha14.cz\/app\/uploads\/sites\/4\/2019\/04\/big_linka-c-141-Lov-400118-300x370.jpg\"},{\"@type\":\"BreadcrumbList\",\"@id\":\"https:\/\/www.praha14.cz\/zivot-na-praze-14\/udelejte-radost-knihou\/#breadcrumb\",\"itemListElement\":[{\"@type\":\"ListItem\",\"position\":1,\"name\":\"\u017divot na Praze 14\",\"item\":\"https:\/\/www.praha14.cz\/zivot-na-praze-14\/\"},{\"@type\":\"ListItem\",\"position\":2,\"name\":\"Ud\u011blejte radost knihou\"}]},{\"@type\":\"WebSite\",\"@id\":\"https:\/\/www.praha14.cz\/zivot-na-praze-14\/#website\",\"url\":\"https:\/\/www.praha14.cz\/zivot-na-praze-14\/\",\"name\":\"\u017divot na Praze 14\",\"description\":\"\",\"potentialAction\":[{\"@type\":\"SearchAction\",\"target\":{\"@type\":\"EntryPoint\",\"urlTemplate\":\"https:\/\/www.praha14.cz\/zivot-na-praze-14\/?s={search_term_string}\"},\"query-input\":{\"@type\":\"PropertyValueSpecification\",\"valueRequired\":true,\"valueName\":\"search_term_string\"}}],\"inLanguage\":\"cs\"},{\"@type\":\"Person\",\"@id\":\"https:\/\/www.praha14.cz\/zivot-na-praze-14\/#\/schema\/person\/127a1d778cbcf76b257f93fb8c42591c\",\"name\":\"Odd\u011blen\u00ed komunikace\",\"image\":{\"@type\":\"ImageObject\",\"inLanguage\":\"cs\",\"@id\":\"https:\/\/secure.gravatar.com\/avatar\/e958f3d1e915848093abf89585ec4bb6a7daede2e0322c416842d9f94c3fdaca?s=96&d=mm&r=g\",\"url\":\"https:\/\/secure.gravatar.com\/avatar\/e958f3d1e915848093abf89585ec4bb6a7daede2e0322c416842d9f94c3fdaca?s=96&d=mm&r=g\",\"contentUrl\":\"https:\/\/secure.gravatar.com\/avatar\/e958f3d1e915848093abf89585ec4bb6a7daede2e0322c416842d9f94c3fdaca?s=96&d=mm&r=g\",\"caption\":\"Odd\u011blen\u00ed komunikace\"},\"url\":\"https:\/\/www.praha14.cz\/zivot-na-praze-14\/author\/luciehlavackova\/\"}]}<\/script>\n<!-- \/ Yoast SEO plugin. -->","yoast_head_json":{"title":"Ud\u011blejte radost knihou - \u017divot na Praze 14","robots":{"index":"index","follow":"follow","max-snippet":"max-snippet:-1","max-image-preview":"max-image-preview:large","max-video-preview":"max-video-preview:-1"},"canonical":"https:\/\/www.praha14.cz\/zivot-na-praze-14\/udelejte-radost-knihou\/","og_locale":"cs_CZ","og_type":"article","og_title":"Ud\u011blejte radost knihou - \u017divot na Praze 14","og_description":"V informa\u010dn\u00ed kancel\u00e1\u0159i \u00daM\u010c Praha 14 (Brat\u0159\u00ed Vencl\u00edk\u016f 1072) m\u016f\u017eete zakoupit tyto kr\u00e1sn\u00e9 knihy, kter\u00e9 p\u0159\u00edmo souvis\u00ed s Prahou 14: &nbsp; Linka \u010d. 141: \u010cern\u00fd Most, s\u00eddli\u0161t\u011b, kter\u00e9 se stalo legendou (Vojt\u011bch Havlovec, Pjeer Van Eck, \u0160imon Mat\u011bjka) &#8211; 641 K\u010d Rozs\u00e1hl\u00e1 a podrobn\u00e1 publikace o kr\u00e1tk\u00e9, ale bou\u0159liv\u00e9 historii t\u00e9to dynamicky se rozv\u00edjej\u00edc\u00ed \u010d\u00e1sti...","og_url":"https:\/\/www.praha14.cz\/zivot-na-praze-14\/udelejte-radost-knihou\/","og_site_name":"\u017divot na Praze 14","article_published_time":"2019-04-23T12:22:16+00:00","article_modified_time":"2019-04-23T12:27:51+00:00","og_image":[{"url":"https:\/\/www.praha14.cz\/app\/uploads\/sites\/4\/2019\/04\/big_linka-c-141-Lov-400118-300x370.jpg","type":"","width":"","height":""}],"author":"Odd\u011blen\u00ed komunikace","twitter_card":"summary_large_image","twitter_misc":{"Written by":"Odd\u011blen\u00ed komunikace","Est. reading time":"3 minuty"},"schema":{"@context":"https:\/\/schema.org","@graph":[{"@type":"Article","@id":"https:\/\/www.praha14.cz\/zivot-na-praze-14\/udelejte-radost-knihou\/#article","isPartOf":{"@id":"https:\/\/www.praha14.cz\/zivot-na-praze-14\/udelejte-radost-knihou\/"},"author":{"name":"Odd\u011blen\u00ed komunikace","@id":"https:\/\/www.praha14.cz\/zivot-na-praze-14\/#\/schema\/person\/127a1d778cbcf76b257f93fb8c42591c"},"headline":"Ud\u011blejte radost knihou","datePublished":"2019-04-23T12:22:16+00:00","dateModified":"2019-04-23T12:27:51+00:00","mainEntityOfPage":{"@id":"https:\/\/www.praha14.cz\/zivot-na-praze-14\/udelejte-radost-knihou\/"},"wordCount":625,"commentCount":0,"image":{"@id":"https:\/\/www.praha14.cz\/zivot-na-praze-14\/udelejte-radost-knihou\/#primaryimage"},"thumbnailUrl":"https:\/\/www.praha14.cz\/app\/uploads\/sites\/4\/2019\/04\/big_linka-c-141-Lov-400118-300x370.jpg","inLanguage":"cs","potentialAction":[{"@type":"CommentAction","name":"Comment","target":["https:\/\/www.praha14.cz\/zivot-na-praze-14\/udelejte-radost-knihou\/#respond"]}]},{"@type":"WebPage","@id":"https:\/\/www.praha14.cz\/zivot-na-praze-14\/udelejte-radost-knihou\/","url":"https:\/\/www.praha14.cz\/zivot-na-praze-14\/udelejte-radost-knihou\/","name":"Ud\u011blejte radost knihou - \u017divot na Praze 14","isPartOf":{"@id":"https:\/\/www.praha14.cz\/zivot-na-praze-14\/#website"},"primaryImageOfPage":{"@id":"https:\/\/www.praha14.cz\/zivot-na-praze-14\/udelejte-radost-knihou\/#primaryimage"},"image":{"@id":"https:\/\/www.praha14.cz\/zivot-na-praze-14\/udelejte-radost-knihou\/#primaryimage"},"thumbnailUrl":"https:\/\/www.praha14.cz\/app\/uploads\/sites\/4\/2019\/04\/big_linka-c-141-Lov-400118-300x370.jpg","datePublished":"2019-04-23T12:22:16+00:00","dateModified":"2019-04-23T12:27:51+00:00","author":{"@id":"https:\/\/www.praha14.cz\/zivot-na-praze-14\/#\/schema\/person\/127a1d778cbcf76b257f93fb8c42591c"},"breadcrumb":{"@id":"https:\/\/www.praha14.cz\/zivot-na-praze-14\/udelejte-radost-knihou\/#breadcrumb"},"inLanguage":"cs","potentialAction":[{"@type":"ReadAction","target":["https:\/\/www.praha14.cz\/zivot-na-praze-14\/udelejte-radost-knihou\/"]}]},{"@type":"ImageObject","inLanguage":"cs","@id":"https:\/\/www.praha14.cz\/zivot-na-praze-14\/udelejte-radost-knihou\/#primaryimage","url":"https:\/\/www.praha14.cz\/app\/uploads\/sites\/4\/2019\/04\/big_linka-c-141-Lov-400118-300x370.jpg","contentUrl":"https:\/\/www.praha14.cz\/app\/uploads\/sites\/4\/2019\/04\/big_linka-c-141-Lov-400118-300x370.jpg"},{"@type":"BreadcrumbList","@id":"https:\/\/www.praha14.cz\/zivot-na-praze-14\/udelejte-radost-knihou\/#breadcrumb","itemListElement":[{"@type":"ListItem","position":1,"name":"\u017divot na Praze 14","item":"https:\/\/www.praha14.cz\/zivot-na-praze-14\/"},{"@type":"ListItem","position":2,"name":"Ud\u011blejte radost knihou"}]},{"@type":"WebSite","@id":"https:\/\/www.praha14.cz\/zivot-na-praze-14\/#website","url":"https:\/\/www.praha14.cz\/zivot-na-praze-14\/","name":"\u017divot na Praze 14","description":"","potentialAction":[{"@type":"SearchAction","target":{"@type":"EntryPoint","urlTemplate":"https:\/\/www.praha14.cz\/zivot-na-praze-14\/?s={search_term_string}"},"query-input":{"@type":"PropertyValueSpecification","valueRequired":true,"valueName":"search_term_string"}}],"inLanguage":"cs"},{"@type":"Person","@id":"https:\/\/www.praha14.cz\/zivot-na-praze-14\/#\/schema\/person\/127a1d778cbcf76b257f93fb8c42591c","name":"Odd\u011blen\u00ed komunikace","image":{"@type":"ImageObject","inLanguage":"cs","@id":"https:\/\/secure.gravatar.com\/avatar\/e958f3d1e915848093abf89585ec4bb6a7daede2e0322c416842d9f94c3fdaca?s=96&d=mm&r=g","url":"https:\/\/secure.gravatar.com\/avatar\/e958f3d1e915848093abf89585ec4bb6a7daede2e0322c416842d9f94c3fdaca?s=96&d=mm&r=g","contentUrl":"https:\/\/secure.gravatar.com\/avatar\/e958f3d1e915848093abf89585ec4bb6a7daede2e0322c416842d9f94c3fdaca?s=96&d=mm&r=g","caption":"Odd\u011blen\u00ed komunikace"},"url":"https:\/\/www.praha14.cz\/zivot-na-praze-14\/author\/luciehlavackova\/"}]}},"_links":{"self":[{"href":"https:\/\/www.praha14.cz\/zivot-na-praze-14\/wp-json\/wp\/v2\/posts\/49045","targetHints":{"allow":["GET"]}}],"collection":[{"href":"https:\/\/www.praha14.cz\/zivot-na-praze-14\/wp-json\/wp\/v2\/posts"}],"about":[{"href":"https:\/\/www.praha14.cz\/zivot-na-praze-14\/wp-json\/wp\/v2\/types\/post"}],"author":[{"embeddable":true,"href":"https:\/\/www.praha14.cz\/zivot-na-praze-14\/wp-json\/wp\/v2\/users\/1057"}],"replies":[{"embeddable":true,"href":"https:\/\/www.praha14.cz\/zivot-na-praze-14\/wp-json\/wp\/v2\/comments?post=49045"}],"version-history":[{"count":5,"href":"https:\/\/www.praha14.cz\/zivot-na-praze-14\/wp-json\/wp\/v2\/posts\/49045\/revisions"}],"predecessor-version":[{"id":49055,"href":"https:\/\/www.praha14.cz\/zivot-na-praze-14\/wp-json\/wp\/v2\/posts\/49045\/revisions\/49055"}],"wp:attachment":[{"href":"https:\/\/www.praha14.cz\/zivot-na-praze-14\/wp-json\/wp\/v2\/media?parent=49045"}],"wp:term":[{"taxonomy":"category","embeddable":true,"href":"https:\/\/www.praha14.cz\/zivot-na-praze-14\/wp-json\/wp\/v2\/categories?post=49045"},{"taxonomy":"post_tag","embeddable":true,"href":"https:\/\/www.praha14.cz\/zivot-na-praze-14\/wp-json\/wp\/v2\/tags?post=49045"}],"curies":[{"name":"wp","href":"https:\/\/api.w.org\/{rel}","templated":true}]}}