{"id":49683,"date":"2019-05-24T08:37:25","date_gmt":"2019-05-24T08:37:25","guid":{"rendered":"https:\/\/www.praha14.cz\/zivot-na-praze-14\/?p=49683"},"modified":"2019-05-24T08:37:25","modified_gmt":"2019-05-24T08:37:25","slug":"30-let-softballu-na-cm","status":"publish","type":"post","link":"https:\/\/www.praha14.cz\/zivot-na-praze-14\/30-let-softballu-na-cm\/","title":{"rendered":"30 let softballu na \u010cM"},"content":{"rendered":"<div><span style=\"font-family: Times New Roman, serif; font-size: medium;\">Star\u0161\u00ed ne\u017e samotn\u00e1 Praha 14, nejen t\u00edmto titulem se m\u016f\u017ee py\u0161nit softballov\u00fd klub Spectrum Praha, kter\u00fd v ned\u011bli <b>2. \u010dervna 2019<\/b> na sv\u00e9m dom\u00e1c\u00edm h\u0159i\u0161ti oslav\u00ed 30let\u00e9 v\u00fdro\u010d\u00ed. \u00a0<\/span><\/div>\n<div>\n<div><span style=\"font-family: Times New Roman, serif; font-size: medium;\">\u00a0<\/span><\/div>\n<\/div>\n<div>\n<div><span style=\"font-family: Times New Roman, serif; font-size: medium;\">Pro n\u00e1v\u0161t\u011bvn\u00edky se br\u00e1ny are\u00e1lu otev\u0159ou ve <b>12.00 hodin<\/b> a \u010dekat je bude n\u011bkolik stanovi\u0161\u0165, kde si bude mo\u017en\u00e9 vyzkou\u0161et z\u00e1kladn\u00ed softballov\u00e9 dovednosti, jako je nap\u0159\u00edklad odpal let\u00edc\u00edho m\u00ed\u010dku, nebo hod na rychlost a p\u0159esnost. Pro ty nejmen\u0161\u00ed bude p\u0159ipraven sk\u00e1kac\u00ed hrad a dal\u0161\u00ed z\u00e1bavn\u00e9 aktivity.\u00a0\u00a0Po celou dobu bude k dispozici ob\u010derstven\u00ed a vstup je <b>zdarma<\/b>.<\/span><\/div>\n<\/div>\n<div>\n<div><span style=\"font-family: Times New Roman, serif; font-size: medium;\">\u00a0<\/span><\/div>\n<\/div>\n<div>\n<div><span style=\"font-family: Times New Roman, serif; font-size: medium;\">Od <b>14.00 hodin<\/b> je na programu<b> Extraligov\u00e9 utk\u00e1n\u00ed mu\u017e\u016f Spectrum Praha vs. Eagles Praha<\/b>, kter\u00e9mu bude p\u0159edch\u00e1zet slavnostn\u00ed ceremoni\u00e1l k oslav\u00e1m. Pr\u016fb\u011bh z\u00e1pasu bude doprov\u00e1zen tipovac\u00ed sout\u011b\u017e\u00ed a pro div\u00e1ky bude k dispozici i softballov\u00fd poradce, kter\u00fd z\u00e1jemc\u016fm vysv\u011btl\u00ed pravidla softballu i konkr\u00e9tn\u00ed situace.\u00a0<\/span><\/div>\n<\/div>\n<div>\n<div><span style=\"font-family: Times New Roman, serif; font-size: medium;\">\u00a0<\/span><\/div>\n<\/div>\n<div>\n<div><span style=\"font-family: Times New Roman, serif; font-size: medium;\">&#8222;<i>V\u011b\u0159\u00edme, \u017ee si do na\u0161eho are\u00e1lu najde cestu mnoho n\u00e1v\u0161t\u011bvn\u00edk\u016f nejen z Prahy 14, kter\u00fdm uk\u00e1\u017eeme jak je softball skv\u011bl\u00fd sport a z\u00e1rove\u0148 je pozveme na Mistrovstv\u00ed sv\u011bta, kter\u00e9 prob\u011bhne v Praze a Havl\u00ed\u010dkov\u011b Brod\u011b<\/i>,&#8220; \u0159\u00edk\u00e1 Petr V\u00edt\u016f, odchovanec odd\u00edlu a sou\u010dasn\u00fd zastupitel, a d\u00e1le dod\u00e1v\u00e1: &#8222;<i>V nominaci na MS jsou i dva hr\u00e1\u010di sup\u016f z \u010cern\u00e9ho Mostu (p\u0159ezd\u00edvka klubu, pozn. redakce) Tom\u00e1\u0161 Petr a David Mertl, kter\u00e9 v ned\u011bli m\u016f\u017eete vid\u011bt p\u0159\u00edmo v akci<\/i>.&#8220;<\/span><\/div>\n<\/div>\n<div>\n<div><span style=\"font-family: Times New Roman, serif; font-size: medium;\">\u00a0<\/span><\/div>\n<\/div>\n<div>\n<div><span style=\"font-family: Times New Roman, serif; font-size: medium;\">Pro vstup do are\u00e1lu doporu\u010dujeme vyu\u017e\u00edt spodn\u00ed br\u00e1ny z ulice Posp\u00edchalova, nedaleko k\u0159i\u017eovatky s ulic\u00ed Ocelkovou. Pro cestu MHD doporu\u010dujeme vyu\u017e\u00edt metro B do stanice Rajsk\u00e1 Zahrada odkud je are\u00e1l vzd\u00e1len p\u0159ibli\u017en\u011b t\u0159i minuty ch\u016fze. D\u00e1le je mo\u017en\u00e9 vyu\u017e\u00edt autobusov\u00e9ho spojen\u00ed linek \u010d\u00edslo 181, 141 a 110 do zast\u00e1vky Hejtmansk\u00e1, nebo linky 201 do zast\u00e1vky Rajsk\u00e1 Zahrada.<\/span><\/div>\n<\/div>\n<div>\n<div><span style=\"font-family: Times New Roman, serif; font-size: medium;\">\u00a0<\/span><\/div>\n<\/div>\n<div>\n<div><span style=\"font-family: Times New Roman, serif; font-size: medium;\"><a href=\"https:\/\/www.facebook.com\/Spectrumpraha\/\" target=\"_blank\" rel=\"noopener noreferrer\">Facebook Spectrum Praha<\/a><\/span><\/div>\n<\/div>\n<div>\n<div><span style=\"font-size: medium;\"><a href=\"http:\/\/www.spectrumpraha.cz\" target=\"_blank\" rel=\"noopener noreferrer\"><span style=\"font-family: Times New Roman, serif;\">www.spectrumpraha.cz<\/span><\/a><\/span><\/div>\n<\/div>\n<div>\n<div><span style=\"font-family: Times New Roman, serif; font-size: medium;\">\u00a0<\/span><\/div>\n<\/div>\n<div>\n<div><span style=\"font-size: medium;\"><a href=\"https:\/\/www.facebook.com\/WBSCMensSoftball\/videos\/422733258456107\/UzpfSTE5MDE3NTI2Nzc0NDMwODoyMTk2ODk5MjkzNzM4NTUy\/\" target=\"_blank\" rel=\"noopener noreferrer\"><span style=\"font-family: Times New Roman, serif;\">Video pozv\u00e1nka na MS 2019<\/span><\/a><\/span><\/div>\n<\/div>\n<div>\n<div><span style=\"font-family: Times New Roman, serif; font-size: medium;\">Autor fotografi\u00ed: Jan Bene\u0161<\/span><\/div>\n<\/div>\n<p><a href=\"https:\/\/www.praha14.cz\/app\/uploads\/sites\/4\/2019\/05\/40931313263_86db91ba39_k.jpg\" target=\"_blank\" rel=\"noopener noreferrer\" data-rel=\"lightbox-image-0\" data-rl_title=\"\" data-rl_caption=\"\" title=\"\"><img loading=\"lazy\" decoding=\"async\" class=\"alignnone wp-image-49684 size-medium\" src=\"https:\/\/www.praha14.cz\/app\/uploads\/sites\/4\/2019\/05\/40931313263_86db91ba39_k-370x247.jpg\" alt=\"\" width=\"370\" height=\"247\" srcset=\"https:\/\/www.praha14.cz\/app\/uploads\/sites\/4\/2019\/05\/40931313263_86db91ba39_k-370x247.jpg 370w, https:\/\/www.praha14.cz\/app\/uploads\/sites\/4\/2019\/05\/40931313263_86db91ba39_k-768x512.jpg 768w, https:\/\/www.praha14.cz\/app\/uploads\/sites\/4\/2019\/05\/40931313263_86db91ba39_k-1024x683.jpg 1024w, https:\/\/www.praha14.cz\/app\/uploads\/sites\/4\/2019\/05\/40931313263_86db91ba39_k.jpg 2047w\" sizes=\"(max-width: 370px) 100vw, 370px\" \/><\/a> \u00a0 \u00a0\u00a0 <a href=\"https:\/\/www.praha14.cz\/app\/uploads\/sites\/4\/2019\/05\/47897790271_9a017b73d6_k.jpg\" target=\"_blank\" rel=\"noopener noreferrer\" data-rel=\"lightbox-image-1\" data-rl_title=\"\" data-rl_caption=\"\" title=\"\"><img loading=\"lazy\" decoding=\"async\" class=\"alignnone wp-image-49685 size-medium\" src=\"https:\/\/www.praha14.cz\/app\/uploads\/sites\/4\/2019\/05\/47897790271_9a017b73d6_k-370x247.jpg\" alt=\"\" width=\"370\" height=\"247\" srcset=\"https:\/\/www.praha14.cz\/app\/uploads\/sites\/4\/2019\/05\/47897790271_9a017b73d6_k-370x247.jpg 370w, https:\/\/www.praha14.cz\/app\/uploads\/sites\/4\/2019\/05\/47897790271_9a017b73d6_k-768x512.jpg 768w, https:\/\/www.praha14.cz\/app\/uploads\/sites\/4\/2019\/05\/47897790271_9a017b73d6_k-1024x683.jpg 1024w, https:\/\/www.praha14.cz\/app\/uploads\/sites\/4\/2019\/05\/47897790271_9a017b73d6_k.jpg 2047w\" sizes=\"(max-width: 370px) 100vw, 370px\" \/><\/a><\/p>\n","protected":false},"excerpt":{"rendered":"<p>Star\u0161\u00ed ne\u017e samotn\u00e1 Praha 14, nejen t\u00edmto titulem se m\u016f\u017ee py\u0161nit softballov\u00fd klub Spectrum Praha, kter\u00fd v ned\u011bli 2. \u010dervna 2019 na sv\u00e9m dom\u00e1c\u00edm h\u0159i\u0161ti oslav\u00ed 30let\u00e9 v\u00fdro\u010d\u00ed. \u00a0 \u00a0 Pro n\u00e1v\u0161t\u011bvn\u00edky se br\u00e1ny are\u00e1lu otev\u0159ou ve 12.00 hodin a \u010dekat je bude n\u011bkolik stanovi\u0161\u0165, kde si bude mo\u017en\u00e9 vyzkou\u0161et z\u00e1kladn\u00ed softballov\u00e9 dovednosti, jako je&#8230;<\/p>\n","protected":false},"author":1057,"featured_media":0,"comment_status":"open","ping_status":"open","sticky":true,"template":"","format":"standard","meta":{"_acf_changed":false,"footnotes":""},"categories":[1],"tags":[],"class_list":["post-49683","post","type-post","status-publish","format-standard","hentry","category-nezarazene"],"acf":[],"geo":null,"yoast_head":"<!-- This site is optimized with the Yoast SEO plugin v27.2 - https:\/\/yoast.com\/product\/yoast-seo-wordpress\/ -->\n<title>30 let softballu na \u010cM - \u017divot na Praze 14<\/title>\n<meta name=\"robots\" content=\"index, follow, max-snippet:-1, max-image-preview:large, max-video-preview:-1\" \/>\n<link rel=\"canonical\" href=\"https:\/\/www.praha14.cz\/zivot-na-praze-14\/30-let-softballu-na-cm\/\" \/>\n<meta property=\"og:locale\" content=\"cs_CZ\" \/>\n<meta property=\"og:type\" content=\"article\" \/>\n<meta property=\"og:title\" content=\"30 let softballu na \u010cM - \u017divot na Praze 14\" \/>\n<meta property=\"og:description\" content=\"Star\u0161\u00ed ne\u017e samotn\u00e1 Praha 14, nejen t\u00edmto titulem se m\u016f\u017ee py\u0161nit softballov\u00fd klub Spectrum Praha, kter\u00fd v ned\u011bli 2. \u010dervna 2019 na sv\u00e9m dom\u00e1c\u00edm h\u0159i\u0161ti oslav\u00ed 30let\u00e9 v\u00fdro\u010d\u00ed. \u00a0 \u00a0 Pro n\u00e1v\u0161t\u011bvn\u00edky se br\u00e1ny are\u00e1lu otev\u0159ou ve 12.00 hodin a \u010dekat je bude n\u011bkolik stanovi\u0161\u0165, kde si bude mo\u017en\u00e9 vyzkou\u0161et z\u00e1kladn\u00ed softballov\u00e9 dovednosti, jako je...\" \/>\n<meta property=\"og:url\" content=\"https:\/\/www.praha14.cz\/zivot-na-praze-14\/30-let-softballu-na-cm\/\" \/>\n<meta property=\"og:site_name\" content=\"\u017divot na Praze 14\" \/>\n<meta property=\"article:published_time\" content=\"2019-05-24T08:37:25+00:00\" \/>\n<meta property=\"og:image\" content=\"https:\/\/www.praha14.cz\/app\/uploads\/sites\/4\/2019\/05\/40931313263_86db91ba39_k-370x247.jpg\" \/>\n<meta name=\"author\" content=\"Odd\u011blen\u00ed komunikace\" \/>\n<meta name=\"twitter:card\" content=\"summary_large_image\" \/>\n<meta name=\"twitter:label1\" content=\"Written by\" \/>\n\t<meta name=\"twitter:data1\" content=\"Odd\u011blen\u00ed komunikace\" \/>\n\t<meta name=\"twitter:label2\" content=\"Est. reading time\" \/>\n\t<meta name=\"twitter:data2\" content=\"2 minuty\" \/>\n<script type=\"application\/ld+json\" class=\"yoast-schema-graph\">{\"@context\":\"https:\/\/schema.org\",\"@graph\":[{\"@type\":\"Article\",\"@id\":\"https:\/\/www.praha14.cz\/zivot-na-praze-14\/30-let-softballu-na-cm\/#article\",\"isPartOf\":{\"@id\":\"https:\/\/www.praha14.cz\/zivot-na-praze-14\/30-let-softballu-na-cm\/\"},\"author\":{\"name\":\"Odd\u011blen\u00ed komunikace\",\"@id\":\"https:\/\/www.praha14.cz\/zivot-na-praze-14\/#\/schema\/person\/127a1d778cbcf76b257f93fb8c42591c\"},\"headline\":\"30 let softballu na \u010cM\",\"datePublished\":\"2019-05-24T08:37:25+00:00\",\"mainEntityOfPage\":{\"@id\":\"https:\/\/www.praha14.cz\/zivot-na-praze-14\/30-let-softballu-na-cm\/\"},\"wordCount\":363,\"commentCount\":0,\"image\":{\"@id\":\"https:\/\/www.praha14.cz\/zivot-na-praze-14\/30-let-softballu-na-cm\/#primaryimage\"},\"thumbnailUrl\":\"https:\/\/www.praha14.cz\/app\/uploads\/sites\/4\/2019\/05\/40931313263_86db91ba39_k-370x247.jpg\",\"inLanguage\":\"cs\",\"potentialAction\":[{\"@type\":\"CommentAction\",\"name\":\"Comment\",\"target\":[\"https:\/\/www.praha14.cz\/zivot-na-praze-14\/30-let-softballu-na-cm\/#respond\"]}]},{\"@type\":\"WebPage\",\"@id\":\"https:\/\/www.praha14.cz\/zivot-na-praze-14\/30-let-softballu-na-cm\/\",\"url\":\"https:\/\/www.praha14.cz\/zivot-na-praze-14\/30-let-softballu-na-cm\/\",\"name\":\"30 let softballu na \u010cM - \u017divot na Praze 14\",\"isPartOf\":{\"@id\":\"https:\/\/www.praha14.cz\/zivot-na-praze-14\/#website\"},\"primaryImageOfPage\":{\"@id\":\"https:\/\/www.praha14.cz\/zivot-na-praze-14\/30-let-softballu-na-cm\/#primaryimage\"},\"image\":{\"@id\":\"https:\/\/www.praha14.cz\/zivot-na-praze-14\/30-let-softballu-na-cm\/#primaryimage\"},\"thumbnailUrl\":\"https:\/\/www.praha14.cz\/app\/uploads\/sites\/4\/2019\/05\/40931313263_86db91ba39_k-370x247.jpg\",\"datePublished\":\"2019-05-24T08:37:25+00:00\",\"author\":{\"@id\":\"https:\/\/www.praha14.cz\/zivot-na-praze-14\/#\/schema\/person\/127a1d778cbcf76b257f93fb8c42591c\"},\"breadcrumb\":{\"@id\":\"https:\/\/www.praha14.cz\/zivot-na-praze-14\/30-let-softballu-na-cm\/#breadcrumb\"},\"inLanguage\":\"cs\",\"potentialAction\":[{\"@type\":\"ReadAction\",\"target\":[\"https:\/\/www.praha14.cz\/zivot-na-praze-14\/30-let-softballu-na-cm\/\"]}]},{\"@type\":\"ImageObject\",\"inLanguage\":\"cs\",\"@id\":\"https:\/\/www.praha14.cz\/zivot-na-praze-14\/30-let-softballu-na-cm\/#primaryimage\",\"url\":\"https:\/\/www.praha14.cz\/app\/uploads\/sites\/4\/2019\/05\/40931313263_86db91ba39_k-370x247.jpg\",\"contentUrl\":\"https:\/\/www.praha14.cz\/app\/uploads\/sites\/4\/2019\/05\/40931313263_86db91ba39_k-370x247.jpg\"},{\"@type\":\"BreadcrumbList\",\"@id\":\"https:\/\/www.praha14.cz\/zivot-na-praze-14\/30-let-softballu-na-cm\/#breadcrumb\",\"itemListElement\":[{\"@type\":\"ListItem\",\"position\":1,\"name\":\"\u017divot na Praze 14\",\"item\":\"https:\/\/www.praha14.cz\/zivot-na-praze-14\/\"},{\"@type\":\"ListItem\",\"position\":2,\"name\":\"30 let softballu na \u010cM\"}]},{\"@type\":\"WebSite\",\"@id\":\"https:\/\/www.praha14.cz\/zivot-na-praze-14\/#website\",\"url\":\"https:\/\/www.praha14.cz\/zivot-na-praze-14\/\",\"name\":\"\u017divot na Praze 14\",\"description\":\"\",\"potentialAction\":[{\"@type\":\"SearchAction\",\"target\":{\"@type\":\"EntryPoint\",\"urlTemplate\":\"https:\/\/www.praha14.cz\/zivot-na-praze-14\/?s={search_term_string}\"},\"query-input\":{\"@type\":\"PropertyValueSpecification\",\"valueRequired\":true,\"valueName\":\"search_term_string\"}}],\"inLanguage\":\"cs\"},{\"@type\":\"Person\",\"@id\":\"https:\/\/www.praha14.cz\/zivot-na-praze-14\/#\/schema\/person\/127a1d778cbcf76b257f93fb8c42591c\",\"name\":\"Odd\u011blen\u00ed komunikace\",\"image\":{\"@type\":\"ImageObject\",\"inLanguage\":\"cs\",\"@id\":\"https:\/\/secure.gravatar.com\/avatar\/e958f3d1e915848093abf89585ec4bb6a7daede2e0322c416842d9f94c3fdaca?s=96&d=mm&r=g\",\"url\":\"https:\/\/secure.gravatar.com\/avatar\/e958f3d1e915848093abf89585ec4bb6a7daede2e0322c416842d9f94c3fdaca?s=96&d=mm&r=g\",\"contentUrl\":\"https:\/\/secure.gravatar.com\/avatar\/e958f3d1e915848093abf89585ec4bb6a7daede2e0322c416842d9f94c3fdaca?s=96&d=mm&r=g\",\"caption\":\"Odd\u011blen\u00ed komunikace\"},\"url\":\"https:\/\/www.praha14.cz\/zivot-na-praze-14\/author\/luciehlavackova\/\"}]}<\/script>\n<!-- \/ Yoast SEO plugin. -->","yoast_head_json":{"title":"30 let softballu na \u010cM - \u017divot na Praze 14","robots":{"index":"index","follow":"follow","max-snippet":"max-snippet:-1","max-image-preview":"max-image-preview:large","max-video-preview":"max-video-preview:-1"},"canonical":"https:\/\/www.praha14.cz\/zivot-na-praze-14\/30-let-softballu-na-cm\/","og_locale":"cs_CZ","og_type":"article","og_title":"30 let softballu na \u010cM - \u017divot na Praze 14","og_description":"Star\u0161\u00ed ne\u017e samotn\u00e1 Praha 14, nejen t\u00edmto titulem se m\u016f\u017ee py\u0161nit softballov\u00fd klub Spectrum Praha, kter\u00fd v ned\u011bli 2. \u010dervna 2019 na sv\u00e9m dom\u00e1c\u00edm h\u0159i\u0161ti oslav\u00ed 30let\u00e9 v\u00fdro\u010d\u00ed. \u00a0 \u00a0 Pro n\u00e1v\u0161t\u011bvn\u00edky se br\u00e1ny are\u00e1lu otev\u0159ou ve 12.00 hodin a \u010dekat je bude n\u011bkolik stanovi\u0161\u0165, kde si bude mo\u017en\u00e9 vyzkou\u0161et z\u00e1kladn\u00ed softballov\u00e9 dovednosti, jako je...","og_url":"https:\/\/www.praha14.cz\/zivot-na-praze-14\/30-let-softballu-na-cm\/","og_site_name":"\u017divot na Praze 14","article_published_time":"2019-05-24T08:37:25+00:00","og_image":[{"url":"https:\/\/www.praha14.cz\/app\/uploads\/sites\/4\/2019\/05\/40931313263_86db91ba39_k-370x247.jpg","type":"","width":"","height":""}],"author":"Odd\u011blen\u00ed komunikace","twitter_card":"summary_large_image","twitter_misc":{"Written by":"Odd\u011blen\u00ed komunikace","Est. reading time":"2 minuty"},"schema":{"@context":"https:\/\/schema.org","@graph":[{"@type":"Article","@id":"https:\/\/www.praha14.cz\/zivot-na-praze-14\/30-let-softballu-na-cm\/#article","isPartOf":{"@id":"https:\/\/www.praha14.cz\/zivot-na-praze-14\/30-let-softballu-na-cm\/"},"author":{"name":"Odd\u011blen\u00ed komunikace","@id":"https:\/\/www.praha14.cz\/zivot-na-praze-14\/#\/schema\/person\/127a1d778cbcf76b257f93fb8c42591c"},"headline":"30 let softballu na \u010cM","datePublished":"2019-05-24T08:37:25+00:00","mainEntityOfPage":{"@id":"https:\/\/www.praha14.cz\/zivot-na-praze-14\/30-let-softballu-na-cm\/"},"wordCount":363,"commentCount":0,"image":{"@id":"https:\/\/www.praha14.cz\/zivot-na-praze-14\/30-let-softballu-na-cm\/#primaryimage"},"thumbnailUrl":"https:\/\/www.praha14.cz\/app\/uploads\/sites\/4\/2019\/05\/40931313263_86db91ba39_k-370x247.jpg","inLanguage":"cs","potentialAction":[{"@type":"CommentAction","name":"Comment","target":["https:\/\/www.praha14.cz\/zivot-na-praze-14\/30-let-softballu-na-cm\/#respond"]}]},{"@type":"WebPage","@id":"https:\/\/www.praha14.cz\/zivot-na-praze-14\/30-let-softballu-na-cm\/","url":"https:\/\/www.praha14.cz\/zivot-na-praze-14\/30-let-softballu-na-cm\/","name":"30 let softballu na \u010cM - \u017divot na Praze 14","isPartOf":{"@id":"https:\/\/www.praha14.cz\/zivot-na-praze-14\/#website"},"primaryImageOfPage":{"@id":"https:\/\/www.praha14.cz\/zivot-na-praze-14\/30-let-softballu-na-cm\/#primaryimage"},"image":{"@id":"https:\/\/www.praha14.cz\/zivot-na-praze-14\/30-let-softballu-na-cm\/#primaryimage"},"thumbnailUrl":"https:\/\/www.praha14.cz\/app\/uploads\/sites\/4\/2019\/05\/40931313263_86db91ba39_k-370x247.jpg","datePublished":"2019-05-24T08:37:25+00:00","author":{"@id":"https:\/\/www.praha14.cz\/zivot-na-praze-14\/#\/schema\/person\/127a1d778cbcf76b257f93fb8c42591c"},"breadcrumb":{"@id":"https:\/\/www.praha14.cz\/zivot-na-praze-14\/30-let-softballu-na-cm\/#breadcrumb"},"inLanguage":"cs","potentialAction":[{"@type":"ReadAction","target":["https:\/\/www.praha14.cz\/zivot-na-praze-14\/30-let-softballu-na-cm\/"]}]},{"@type":"ImageObject","inLanguage":"cs","@id":"https:\/\/www.praha14.cz\/zivot-na-praze-14\/30-let-softballu-na-cm\/#primaryimage","url":"https:\/\/www.praha14.cz\/app\/uploads\/sites\/4\/2019\/05\/40931313263_86db91ba39_k-370x247.jpg","contentUrl":"https:\/\/www.praha14.cz\/app\/uploads\/sites\/4\/2019\/05\/40931313263_86db91ba39_k-370x247.jpg"},{"@type":"BreadcrumbList","@id":"https:\/\/www.praha14.cz\/zivot-na-praze-14\/30-let-softballu-na-cm\/#breadcrumb","itemListElement":[{"@type":"ListItem","position":1,"name":"\u017divot na Praze 14","item":"https:\/\/www.praha14.cz\/zivot-na-praze-14\/"},{"@type":"ListItem","position":2,"name":"30 let softballu na \u010cM"}]},{"@type":"WebSite","@id":"https:\/\/www.praha14.cz\/zivot-na-praze-14\/#website","url":"https:\/\/www.praha14.cz\/zivot-na-praze-14\/","name":"\u017divot na Praze 14","description":"","potentialAction":[{"@type":"SearchAction","target":{"@type":"EntryPoint","urlTemplate":"https:\/\/www.praha14.cz\/zivot-na-praze-14\/?s={search_term_string}"},"query-input":{"@type":"PropertyValueSpecification","valueRequired":true,"valueName":"search_term_string"}}],"inLanguage":"cs"},{"@type":"Person","@id":"https:\/\/www.praha14.cz\/zivot-na-praze-14\/#\/schema\/person\/127a1d778cbcf76b257f93fb8c42591c","name":"Odd\u011blen\u00ed komunikace","image":{"@type":"ImageObject","inLanguage":"cs","@id":"https:\/\/secure.gravatar.com\/avatar\/e958f3d1e915848093abf89585ec4bb6a7daede2e0322c416842d9f94c3fdaca?s=96&d=mm&r=g","url":"https:\/\/secure.gravatar.com\/avatar\/e958f3d1e915848093abf89585ec4bb6a7daede2e0322c416842d9f94c3fdaca?s=96&d=mm&r=g","contentUrl":"https:\/\/secure.gravatar.com\/avatar\/e958f3d1e915848093abf89585ec4bb6a7daede2e0322c416842d9f94c3fdaca?s=96&d=mm&r=g","caption":"Odd\u011blen\u00ed komunikace"},"url":"https:\/\/www.praha14.cz\/zivot-na-praze-14\/author\/luciehlavackova\/"}]}},"_links":{"self":[{"href":"https:\/\/www.praha14.cz\/zivot-na-praze-14\/wp-json\/wp\/v2\/posts\/49683","targetHints":{"allow":["GET"]}}],"collection":[{"href":"https:\/\/www.praha14.cz\/zivot-na-praze-14\/wp-json\/wp\/v2\/posts"}],"about":[{"href":"https:\/\/www.praha14.cz\/zivot-na-praze-14\/wp-json\/wp\/v2\/types\/post"}],"author":[{"embeddable":true,"href":"https:\/\/www.praha14.cz\/zivot-na-praze-14\/wp-json\/wp\/v2\/users\/1057"}],"replies":[{"embeddable":true,"href":"https:\/\/www.praha14.cz\/zivot-na-praze-14\/wp-json\/wp\/v2\/comments?post=49683"}],"version-history":[{"count":1,"href":"https:\/\/www.praha14.cz\/zivot-na-praze-14\/wp-json\/wp\/v2\/posts\/49683\/revisions"}],"predecessor-version":[{"id":49687,"href":"https:\/\/www.praha14.cz\/zivot-na-praze-14\/wp-json\/wp\/v2\/posts\/49683\/revisions\/49687"}],"wp:attachment":[{"href":"https:\/\/www.praha14.cz\/zivot-na-praze-14\/wp-json\/wp\/v2\/media?parent=49683"}],"wp:term":[{"taxonomy":"category","embeddable":true,"href":"https:\/\/www.praha14.cz\/zivot-na-praze-14\/wp-json\/wp\/v2\/categories?post=49683"},{"taxonomy":"post_tag","embeddable":true,"href":"https:\/\/www.praha14.cz\/zivot-na-praze-14\/wp-json\/wp\/v2\/tags?post=49683"}],"curies":[{"name":"wp","href":"https:\/\/api.w.org\/{rel}","templated":true}]}}