{"id":50430,"date":"2019-08-26T10:30:22","date_gmt":"2019-08-26T10:30:22","guid":{"rendered":"https:\/\/www.praha14.cz\/zivot-na-praze-14\/?p=50430"},"modified":"2019-09-06T09:39:29","modified_gmt":"2019-09-06T09:39:29","slug":"drazba-bytu","status":"publish","type":"post","link":"https:\/\/www.praha14.cz\/zivot-na-praze-14\/drazba-bytu\/","title":{"rendered":"Dra\u017eba byt\u016f"},"content":{"rendered":"<p>M\u011bstsk\u00e1 \u010d\u00e1st Praha 14 zastoupen\u00e1 Spr\u00e1vou majetku Praha 14, a.s. p\u0159ipravuje prodej deseti bytov\u00fdch jednotek do osobn\u00edho vlastnictv\u00ed v\u010d. p\u0159\u00edslu\u0161n\u00fdch spoluvlastnick\u00fdch pod\u00edl\u016f na spole\u010dn\u00fdch \u010d\u00e1stech objekt\u016f a pod\u00edl\u016f na pozemc\u00edch, kter\u00e9 jsou ve vlastnictv\u00ed m\u011bstsk\u00e9 \u010d\u00e1sti P-14. Prodej prob\u011bhne formou\u00a0 elektronick\u00e9 dra\u017eby na port\u00e1le <a href=\"http:\/\/www.prodej-drazbou.cz\/\" target=\"_blank\" rel=\"noopener noreferrer\">http:\/\/www.prodej-drazbou.cz\/<\/a>.<\/p>\n<p>Jedn\u00e1 se o tyto byty:<\/p>\n<p>1. bytov\u00e1 jednotka \u010d. <strong>993\/3<\/strong> o velikosti 3+1 (cca 65m<sup>2<\/sup>) v\u00a0\u010d.p. 993, Kpt. Str\u00e1nsk\u00e9ho ul., Praha 9<br \/>\nnejni\u017e\u0161\u00ed pod\u00e1n\u00ed 3.266.000,- K\u010d<br \/>\nterm\u00edn dra\u017eby &#8211; 2. 10. 2019 v\u00a010.00 hod. na <a href=\"http:\/\/www.prodej-drazbou.cz\/\" target=\"_blank\" rel=\"noopener noreferrer\">http:\/\/www.prodej-drazbou.cz\/<\/a>. ID dra\u017eby: <strong>64131<\/strong>.<br \/>\nterm\u00edny prohl\u00eddek &#8211; \u00a021. 9. 2019 a 22. 9. 2019 v\u017edy od\u00a010:00 hod (sraz p\u0159ed domem)<\/p>\n<p>2. bytov\u00e1 jednotka \u010d. <strong>845\/1<\/strong> o velikosti 4+1 (cca 97 m<sup>2<\/sup>) v\u00a0\u010d.p. 845, Gen. Janou\u0161ka ul., Praha 9<br \/>\nnejni\u017e\u0161\u00ed pod\u00e1n\u00ed 3.478.000,- K\u010d<br \/>\nterm\u00edn dra\u017eby &#8211; 2. 10. 2019 v\u00a014.00 hod. na <a href=\"http:\/\/www.prodej-drazbou.cz\/\" target=\"_blank\" rel=\"noopener noreferrer\">http:\/\/www.prodej-drazbou.cz\/<\/a>. ID dra\u017eby: <strong>64133<\/strong>.<br \/>\nterm\u00edny prohl\u00eddek &#8211; 21. 9. 2019 a 22. 9. 2019 v\u017edy od\u00a010:45 hod (sraz p\u0159ed domem)<\/p>\n<p>3. bytov\u00e1 jednotka \u010d. <strong>849\/2<\/strong> o velikosti 4+1 (cca 97 m<sup>2<\/sup>) v\u00a0\u010d.p. 849, Gen. Janou\u0161ka ul., Praha 9<br \/>\nnejni\u017e\u0161\u00ed pod\u00e1n\u00ed &#8211; 4.169.000,- K\u010d<br \/>\nterm\u00edn dra\u017eby &#8211; 3. 10. 2019 v\u00a010.00 hod. na <a href=\"http:\/\/www.prodej-drazbou.cz\/\" target=\"_blank\" rel=\"noopener noreferrer\">http:\/\/www.prodej-drazbou.cz\/<\/a>. ID dra\u017eby: <strong>64134<\/strong>.<br \/>\nterm\u00edny prohl\u00eddek &#8211; 21. 9. 2019 a 22. 9. 2019 v\u017edy od\u00a011:15 hod (sraz p\u0159ed domem)<\/p>\n<p>4. bytov\u00e1 jednotka \u010d. <strong>850\/4<\/strong> o velikosti 4+1 (cca 97 m<sup>2<\/sup>) v\u00a0\u010d.p. 850, Gen. Janou\u0161ka ul., Praha 9<br \/>\nnejni\u017e\u0161\u00ed pod\u00e1n\u00ed &#8211; 4.169.000,- K\u010d<br \/>\nterm\u00edn dra\u017eby &#8211; 3. 10. 2019 v\u00a014.00 hod. na <a href=\"http:\/\/www.prodej-drazbou.cz\/\" target=\"_blank\" rel=\"noopener noreferrer\">http:\/\/www.prodej-drazbou.cz\/<\/a>. ID dra\u017eby: <strong>64135<\/strong>.<br \/>\nterm\u00edny prohl\u00eddek &#8211; 21. 9. 2019 a 22. 9. 2019 v\u017edy od\u00a011:45 hod (sraz p\u0159ed domem)<\/p>\n<p>5. bytov\u00e1 jednotka \u010d. <strong>493\/3<\/strong> o velikosti 4+1 (cca 87 m<sup>2<\/sup>) v\u00a0\u010d.p. 493, Kryloveck\u00e1 ul., Praha 9<br \/>\nnejni\u017e\u0161\u00ed pod\u00e1n\u00ed &#8211; 4.579.000,- K\u010d<br \/>\nterm\u00edn dra\u017eby &#8211; 4. 10. 2019 v\u00a010.00 hod. na <a href=\"http:\/\/www.prodej-drazbou.cz\/\" target=\"_blank\" rel=\"noopener noreferrer\">http:\/\/www.prodej-drazbou.cz\/<\/a>. ID dra\u017eby: <strong>64136<\/strong>.<br \/>\nterm\u00edny prohl\u00eddek &#8211; 21. 9. 2019 a 22. 9. 2019 v\u017edy od\u00a012:15 hod (sraz p\u0159ed domem)<\/p>\n<p>6. bytov\u00e1 jednotka \u010d. <strong>494\/2<\/strong> o velikosti 2+kk (cca 48 m<sup>2<\/sup>) v\u00a0\u010d.p. 494, Sl\u00e9va\u010dsk\u00e1 ul., Praha 9<br \/>\nnejni\u017e\u0161\u00ed pod\u00e1n\u00ed &#8211; 2.939.000,- K\u010d<br \/>\nterm\u00edn dra\u017eby &#8211; 4. 10. 2019 v\u00a014.00 hod. na <a href=\"http:\/\/www.prodej-drazbou.cz\/\" target=\"_blank\" rel=\"noopener noreferrer\">http:\/\/www.prodej-drazbou.cz\/<\/a>. ID dra\u017eby: <strong>64137<\/strong>.<br \/>\nterm\u00edny prohl\u00eddek &#8211; 21. 9. 2019 a 22. 9. 2019 v\u017edy od\u00a013:00 hod (sraz p\u0159ed domem)<\/p>\n<p>7. bytov\u00e1 jednotka \u010d. <strong>770\/3<\/strong> o velikosti 4+1 (cca 83 m<sup>2<\/sup>) v\u00a0\u010d.p. 770, Rochovsk\u00e1 ul., Praha 9<br \/>\nnejni\u017e\u0161\u00ed pod\u00e1n\u00ed &#8211; 4.104.000,- K\u010d<br \/>\nterm\u00edn dra\u017eby &#8211; 7. 10. 2019 v\u00a010.00 hod. na <a href=\"http:\/\/www.prodej-drazbou.cz\/\" target=\"_blank\" rel=\"noopener noreferrer\">http:\/\/www.prodej-drazbou.cz\/<\/a>. ID dra\u017eby: <strong>64138<\/strong>.<br \/>\nterm\u00edny prohl\u00eddek &#8211; 21. 9. 2019 a 22. 9. 2019 v\u017edy od\u00a013:45 hod (sraz p\u0159ed domem)<\/p>\n<p>8. bytov\u00e1 jednotka \u010d. <strong>773\/7<\/strong> o velikosti 3+1 (cca 77 m<sup>2<\/sup>) v\u00a0\u010d.p. 773, Karda\u0161ovsk\u00e1 ul., Praha 9<br \/>\nnejni\u017e\u0161\u00ed pod\u00e1n\u00ed &#8211; 3.979.000,- K\u010d<br \/>\nterm\u00edn dra\u017eby &#8211; 7. 10. 2019 v\u00a014.00 hod. na <a href=\"http:\/\/www.prodej-drazbou.cz\/\" target=\"_blank\" rel=\"noopener noreferrer\">http:\/\/www.prodej-drazbou.cz\/<\/a>. ID dra\u017eby: <strong>64139<\/strong>.<br \/>\nterm\u00edny prohl\u00eddek &#8211; 21. 9. 2019 a 22. 9. 2019 v\u017edy od\u00a013:45 hod (sraz p\u0159ed domem)<\/p>\n<p>9. bytov\u00e1 jednotka \u010d. <strong>668\/8 <\/strong>o velikosti 1+1 (cca 48 m<sup>2<\/sup>) v\u00a0\u010d.p. 668, Karda\u0161ovsk\u00e1 ul., Praha 9<br \/>\nnejni\u017e\u0161\u00ed pod\u00e1n\u00ed &#8211; 3.057.000,- K\u010d<br \/>\nterm\u00edn dra\u017eby &#8211; 8. 10. 2019 v\u00a010.00 hod. na <a href=\"http:\/\/www.prodej-drazbou.cz\/\" target=\"_blank\" rel=\"noopener noreferrer\">http:\/\/www.prodej-drazbou.cz\/<\/a>. ID dra\u017eby: <strong>64132<\/strong>.<br \/>\nterm\u00edny prohl\u00eddek &#8211; 21. 9. 2019 a 22. 9. 2019 v\u017edy od\u00a015:00 hod (sraz p\u0159ed domem)<\/p>\n<p>10. bytov\u00e1 jednotka \u010d. <strong>625\/12<\/strong> o velikosti 1+1 (cca 48 m<sup>2<\/sup>) v\u00a0\u010d.p. 625, Karda\u0161ovsk\u00e1 ul., Praha 9<br \/>\nnejni\u017e\u0161\u00ed pod\u00e1n\u00ed &#8211; 2.054.000,- K\u010d<br \/>\nterm\u00edn dra\u017eby &#8211; 8. 10. 2019 v\u00a014.00 hod. na <a href=\"http:\/\/www.prodej-drazbou.cz\/\" target=\"_blank\" rel=\"noopener noreferrer\">http:\/\/www.prodej-drazbou.cz\/<\/a>. ID dra\u017eby: <strong>64140<\/strong>.<br \/>\nterm\u00edny prohl\u00eddek &#8211; 21. 9. 2019 a 22. 9. 2019 v\u017edy od\u00a015:30 hod (sraz p\u0159ed domem)<\/p>\n<p>Bli\u017e\u0161\u00ed informace z\u00edsk\u00e1te u Ing. Veronika Ludv\u00edkov\u00e9 (tel. 774\u00a0088 226), <a href=\"mailto:veronika@elsenenergo.cz\" target=\"_blank\" rel=\"noopener noreferrer\">veronika@elsenenergo.cz<\/a>.<\/p>\n<p>Aktualizace: 6. 9. 2019<\/p>\n","protected":false},"excerpt":{"rendered":"<p>M\u011bstsk\u00e1 \u010d\u00e1st Praha 14 zastoupen\u00e1 Spr\u00e1vou majetku Praha 14, a.s. p\u0159ipravuje prodej deseti bytov\u00fdch jednotek do osobn\u00edho vlastnictv\u00ed v\u010d. p\u0159\u00edslu\u0161n\u00fdch spoluvlastnick\u00fdch pod\u00edl\u016f na spole\u010dn\u00fdch \u010d\u00e1stech objekt\u016f a pod\u00edl\u016f na pozemc\u00edch, kter\u00e9 jsou ve vlastnictv\u00ed m\u011bstsk\u00e9 \u010d\u00e1sti P-14. Prodej prob\u011bhne formou\u00a0 elektronick\u00e9 dra\u017eby na port\u00e1le http:\/\/www.prodej-drazbou.cz\/. Jedn\u00e1 se o tyto byty: 1. bytov\u00e1 jednotka \u010d. 993\/3&#8230;<\/p>\n","protected":false},"author":6,"featured_media":0,"comment_status":"open","ping_status":"open","sticky":true,"template":"","format":"standard","meta":{"_acf_changed":false,"footnotes":""},"categories":[1],"tags":[],"class_list":["post-50430","post","type-post","status-publish","format-standard","hentry","category-nezarazene"],"acf":[],"geo":null,"yoast_head":"<!-- This site is optimized with the Yoast SEO plugin v27.2 - https:\/\/yoast.com\/product\/yoast-seo-wordpress\/ -->\n<title>Dra\u017eba byt\u016f - \u017divot na Praze 14<\/title>\n<meta name=\"robots\" content=\"index, follow, max-snippet:-1, max-image-preview:large, max-video-preview:-1\" \/>\n<link rel=\"canonical\" href=\"https:\/\/www.praha14.cz\/zivot-na-praze-14\/drazba-bytu\/\" \/>\n<meta property=\"og:locale\" content=\"cs_CZ\" \/>\n<meta property=\"og:type\" content=\"article\" \/>\n<meta property=\"og:title\" content=\"Dra\u017eba byt\u016f - \u017divot na Praze 14\" \/>\n<meta property=\"og:description\" content=\"M\u011bstsk\u00e1 \u010d\u00e1st Praha 14 zastoupen\u00e1 Spr\u00e1vou majetku Praha 14, a.s. p\u0159ipravuje prodej deseti bytov\u00fdch jednotek do osobn\u00edho vlastnictv\u00ed v\u010d. p\u0159\u00edslu\u0161n\u00fdch spoluvlastnick\u00fdch pod\u00edl\u016f na spole\u010dn\u00fdch \u010d\u00e1stech objekt\u016f a pod\u00edl\u016f na pozemc\u00edch, kter\u00e9 jsou ve vlastnictv\u00ed m\u011bstsk\u00e9 \u010d\u00e1sti P-14. Prodej prob\u011bhne formou\u00a0 elektronick\u00e9 dra\u017eby na port\u00e1le http:\/\/www.prodej-drazbou.cz\/. Jedn\u00e1 se o tyto byty: 1. bytov\u00e1 jednotka \u010d. 993\/3...\" \/>\n<meta property=\"og:url\" content=\"https:\/\/www.praha14.cz\/zivot-na-praze-14\/drazba-bytu\/\" \/>\n<meta property=\"og:site_name\" content=\"\u017divot na Praze 14\" \/>\n<meta property=\"article:published_time\" content=\"2019-08-26T10:30:22+00:00\" \/>\n<meta property=\"article:modified_time\" content=\"2019-09-06T09:39:29+00:00\" \/>\n<meta name=\"author\" content=\"M\u011bstsk\u00e1 \u010d\u00e1st Praha 14\" \/>\n<meta name=\"twitter:card\" content=\"summary_large_image\" \/>\n<meta name=\"twitter:label1\" content=\"Written by\" \/>\n\t<meta name=\"twitter:data1\" content=\"M\u011bstsk\u00e1 \u010d\u00e1st Praha 14\" \/>\n\t<meta name=\"twitter:label2\" content=\"Est. reading time\" \/>\n\t<meta name=\"twitter:data2\" content=\"3 minuty\" \/>\n<script type=\"application\/ld+json\" class=\"yoast-schema-graph\">{\"@context\":\"https:\/\/schema.org\",\"@graph\":[{\"@type\":\"Article\",\"@id\":\"https:\/\/www.praha14.cz\/zivot-na-praze-14\/drazba-bytu\/#article\",\"isPartOf\":{\"@id\":\"https:\/\/www.praha14.cz\/zivot-na-praze-14\/drazba-bytu\/\"},\"author\":{\"name\":\"M\u011bstsk\u00e1 \u010d\u00e1st Praha 14\",\"@id\":\"https:\/\/www.praha14.cz\/zivot-na-praze-14\/#\/schema\/person\/1474cc87232cf4e8fd1ceb216decb2ce\"},\"headline\":\"Dra\u017eba byt\u016f\",\"datePublished\":\"2019-08-26T10:30:22+00:00\",\"dateModified\":\"2019-09-06T09:39:29+00:00\",\"mainEntityOfPage\":{\"@id\":\"https:\/\/www.praha14.cz\/zivot-na-praze-14\/drazba-bytu\/\"},\"wordCount\":561,\"commentCount\":0,\"inLanguage\":\"cs\",\"potentialAction\":[{\"@type\":\"CommentAction\",\"name\":\"Comment\",\"target\":[\"https:\/\/www.praha14.cz\/zivot-na-praze-14\/drazba-bytu\/#respond\"]}]},{\"@type\":\"WebPage\",\"@id\":\"https:\/\/www.praha14.cz\/zivot-na-praze-14\/drazba-bytu\/\",\"url\":\"https:\/\/www.praha14.cz\/zivot-na-praze-14\/drazba-bytu\/\",\"name\":\"Dra\u017eba byt\u016f - \u017divot na Praze 14\",\"isPartOf\":{\"@id\":\"https:\/\/www.praha14.cz\/zivot-na-praze-14\/#website\"},\"datePublished\":\"2019-08-26T10:30:22+00:00\",\"dateModified\":\"2019-09-06T09:39:29+00:00\",\"author\":{\"@id\":\"https:\/\/www.praha14.cz\/zivot-na-praze-14\/#\/schema\/person\/1474cc87232cf4e8fd1ceb216decb2ce\"},\"breadcrumb\":{\"@id\":\"https:\/\/www.praha14.cz\/zivot-na-praze-14\/drazba-bytu\/#breadcrumb\"},\"inLanguage\":\"cs\",\"potentialAction\":[{\"@type\":\"ReadAction\",\"target\":[\"https:\/\/www.praha14.cz\/zivot-na-praze-14\/drazba-bytu\/\"]}]},{\"@type\":\"BreadcrumbList\",\"@id\":\"https:\/\/www.praha14.cz\/zivot-na-praze-14\/drazba-bytu\/#breadcrumb\",\"itemListElement\":[{\"@type\":\"ListItem\",\"position\":1,\"name\":\"\u017divot na Praze 14\",\"item\":\"https:\/\/www.praha14.cz\/zivot-na-praze-14\/\"},{\"@type\":\"ListItem\",\"position\":2,\"name\":\"Dra\u017eba byt\u016f\"}]},{\"@type\":\"WebSite\",\"@id\":\"https:\/\/www.praha14.cz\/zivot-na-praze-14\/#website\",\"url\":\"https:\/\/www.praha14.cz\/zivot-na-praze-14\/\",\"name\":\"\u017divot na Praze 14\",\"description\":\"\",\"potentialAction\":[{\"@type\":\"SearchAction\",\"target\":{\"@type\":\"EntryPoint\",\"urlTemplate\":\"https:\/\/www.praha14.cz\/zivot-na-praze-14\/?s={search_term_string}\"},\"query-input\":{\"@type\":\"PropertyValueSpecification\",\"valueRequired\":true,\"valueName\":\"search_term_string\"}}],\"inLanguage\":\"cs\"},{\"@type\":\"Person\",\"@id\":\"https:\/\/www.praha14.cz\/zivot-na-praze-14\/#\/schema\/person\/1474cc87232cf4e8fd1ceb216decb2ce\",\"name\":\"M\u011bstsk\u00e1 \u010d\u00e1st Praha 14\",\"image\":{\"@type\":\"ImageObject\",\"inLanguage\":\"cs\",\"@id\":\"https:\/\/secure.gravatar.com\/avatar\/e51dd751c5fcbc2776e05ea4f0dca77132897c8db7e45d2d1d7d428fc20c00ef?s=96&d=mm&r=g\",\"url\":\"https:\/\/secure.gravatar.com\/avatar\/e51dd751c5fcbc2776e05ea4f0dca77132897c8db7e45d2d1d7d428fc20c00ef?s=96&d=mm&r=g\",\"contentUrl\":\"https:\/\/secure.gravatar.com\/avatar\/e51dd751c5fcbc2776e05ea4f0dca77132897c8db7e45d2d1d7d428fc20c00ef?s=96&d=mm&r=g\",\"caption\":\"M\u011bstsk\u00e1 \u010d\u00e1st Praha 14\"},\"url\":\"https:\/\/www.praha14.cz\/zivot-na-praze-14\/author\/veronikaberna\/\"}]}<\/script>\n<!-- \/ Yoast SEO plugin. -->","yoast_head_json":{"title":"Dra\u017eba byt\u016f - \u017divot na Praze 14","robots":{"index":"index","follow":"follow","max-snippet":"max-snippet:-1","max-image-preview":"max-image-preview:large","max-video-preview":"max-video-preview:-1"},"canonical":"https:\/\/www.praha14.cz\/zivot-na-praze-14\/drazba-bytu\/","og_locale":"cs_CZ","og_type":"article","og_title":"Dra\u017eba byt\u016f - \u017divot na Praze 14","og_description":"M\u011bstsk\u00e1 \u010d\u00e1st Praha 14 zastoupen\u00e1 Spr\u00e1vou majetku Praha 14, a.s. p\u0159ipravuje prodej deseti bytov\u00fdch jednotek do osobn\u00edho vlastnictv\u00ed v\u010d. p\u0159\u00edslu\u0161n\u00fdch spoluvlastnick\u00fdch pod\u00edl\u016f na spole\u010dn\u00fdch \u010d\u00e1stech objekt\u016f a pod\u00edl\u016f na pozemc\u00edch, kter\u00e9 jsou ve vlastnictv\u00ed m\u011bstsk\u00e9 \u010d\u00e1sti P-14. Prodej prob\u011bhne formou\u00a0 elektronick\u00e9 dra\u017eby na port\u00e1le http:\/\/www.prodej-drazbou.cz\/. Jedn\u00e1 se o tyto byty: 1. bytov\u00e1 jednotka \u010d. 993\/3...","og_url":"https:\/\/www.praha14.cz\/zivot-na-praze-14\/drazba-bytu\/","og_site_name":"\u017divot na Praze 14","article_published_time":"2019-08-26T10:30:22+00:00","article_modified_time":"2019-09-06T09:39:29+00:00","author":"M\u011bstsk\u00e1 \u010d\u00e1st Praha 14","twitter_card":"summary_large_image","twitter_misc":{"Written by":"M\u011bstsk\u00e1 \u010d\u00e1st Praha 14","Est. reading time":"3 minuty"},"schema":{"@context":"https:\/\/schema.org","@graph":[{"@type":"Article","@id":"https:\/\/www.praha14.cz\/zivot-na-praze-14\/drazba-bytu\/#article","isPartOf":{"@id":"https:\/\/www.praha14.cz\/zivot-na-praze-14\/drazba-bytu\/"},"author":{"name":"M\u011bstsk\u00e1 \u010d\u00e1st Praha 14","@id":"https:\/\/www.praha14.cz\/zivot-na-praze-14\/#\/schema\/person\/1474cc87232cf4e8fd1ceb216decb2ce"},"headline":"Dra\u017eba byt\u016f","datePublished":"2019-08-26T10:30:22+00:00","dateModified":"2019-09-06T09:39:29+00:00","mainEntityOfPage":{"@id":"https:\/\/www.praha14.cz\/zivot-na-praze-14\/drazba-bytu\/"},"wordCount":561,"commentCount":0,"inLanguage":"cs","potentialAction":[{"@type":"CommentAction","name":"Comment","target":["https:\/\/www.praha14.cz\/zivot-na-praze-14\/drazba-bytu\/#respond"]}]},{"@type":"WebPage","@id":"https:\/\/www.praha14.cz\/zivot-na-praze-14\/drazba-bytu\/","url":"https:\/\/www.praha14.cz\/zivot-na-praze-14\/drazba-bytu\/","name":"Dra\u017eba byt\u016f - \u017divot na Praze 14","isPartOf":{"@id":"https:\/\/www.praha14.cz\/zivot-na-praze-14\/#website"},"datePublished":"2019-08-26T10:30:22+00:00","dateModified":"2019-09-06T09:39:29+00:00","author":{"@id":"https:\/\/www.praha14.cz\/zivot-na-praze-14\/#\/schema\/person\/1474cc87232cf4e8fd1ceb216decb2ce"},"breadcrumb":{"@id":"https:\/\/www.praha14.cz\/zivot-na-praze-14\/drazba-bytu\/#breadcrumb"},"inLanguage":"cs","potentialAction":[{"@type":"ReadAction","target":["https:\/\/www.praha14.cz\/zivot-na-praze-14\/drazba-bytu\/"]}]},{"@type":"BreadcrumbList","@id":"https:\/\/www.praha14.cz\/zivot-na-praze-14\/drazba-bytu\/#breadcrumb","itemListElement":[{"@type":"ListItem","position":1,"name":"\u017divot na Praze 14","item":"https:\/\/www.praha14.cz\/zivot-na-praze-14\/"},{"@type":"ListItem","position":2,"name":"Dra\u017eba byt\u016f"}]},{"@type":"WebSite","@id":"https:\/\/www.praha14.cz\/zivot-na-praze-14\/#website","url":"https:\/\/www.praha14.cz\/zivot-na-praze-14\/","name":"\u017divot na Praze 14","description":"","potentialAction":[{"@type":"SearchAction","target":{"@type":"EntryPoint","urlTemplate":"https:\/\/www.praha14.cz\/zivot-na-praze-14\/?s={search_term_string}"},"query-input":{"@type":"PropertyValueSpecification","valueRequired":true,"valueName":"search_term_string"}}],"inLanguage":"cs"},{"@type":"Person","@id":"https:\/\/www.praha14.cz\/zivot-na-praze-14\/#\/schema\/person\/1474cc87232cf4e8fd1ceb216decb2ce","name":"M\u011bstsk\u00e1 \u010d\u00e1st Praha 14","image":{"@type":"ImageObject","inLanguage":"cs","@id":"https:\/\/secure.gravatar.com\/avatar\/e51dd751c5fcbc2776e05ea4f0dca77132897c8db7e45d2d1d7d428fc20c00ef?s=96&d=mm&r=g","url":"https:\/\/secure.gravatar.com\/avatar\/e51dd751c5fcbc2776e05ea4f0dca77132897c8db7e45d2d1d7d428fc20c00ef?s=96&d=mm&r=g","contentUrl":"https:\/\/secure.gravatar.com\/avatar\/e51dd751c5fcbc2776e05ea4f0dca77132897c8db7e45d2d1d7d428fc20c00ef?s=96&d=mm&r=g","caption":"M\u011bstsk\u00e1 \u010d\u00e1st Praha 14"},"url":"https:\/\/www.praha14.cz\/zivot-na-praze-14\/author\/veronikaberna\/"}]}},"_links":{"self":[{"href":"https:\/\/www.praha14.cz\/zivot-na-praze-14\/wp-json\/wp\/v2\/posts\/50430","targetHints":{"allow":["GET"]}}],"collection":[{"href":"https:\/\/www.praha14.cz\/zivot-na-praze-14\/wp-json\/wp\/v2\/posts"}],"about":[{"href":"https:\/\/www.praha14.cz\/zivot-na-praze-14\/wp-json\/wp\/v2\/types\/post"}],"author":[{"embeddable":true,"href":"https:\/\/www.praha14.cz\/zivot-na-praze-14\/wp-json\/wp\/v2\/users\/6"}],"replies":[{"embeddable":true,"href":"https:\/\/www.praha14.cz\/zivot-na-praze-14\/wp-json\/wp\/v2\/comments?post=50430"}],"version-history":[{"count":5,"href":"https:\/\/www.praha14.cz\/zivot-na-praze-14\/wp-json\/wp\/v2\/posts\/50430\/revisions"}],"predecessor-version":[{"id":50577,"href":"https:\/\/www.praha14.cz\/zivot-na-praze-14\/wp-json\/wp\/v2\/posts\/50430\/revisions\/50577"}],"wp:attachment":[{"href":"https:\/\/www.praha14.cz\/zivot-na-praze-14\/wp-json\/wp\/v2\/media?parent=50430"}],"wp:term":[{"taxonomy":"category","embeddable":true,"href":"https:\/\/www.praha14.cz\/zivot-na-praze-14\/wp-json\/wp\/v2\/categories?post=50430"},{"taxonomy":"post_tag","embeddable":true,"href":"https:\/\/www.praha14.cz\/zivot-na-praze-14\/wp-json\/wp\/v2\/tags?post=50430"}],"curies":[{"name":"wp","href":"https:\/\/api.w.org\/{rel}","templated":true}]}}