{"id":55582,"date":"2020-06-30T07:49:39","date_gmt":"2020-06-30T07:49:39","guid":{"rendered":"https:\/\/www.praha14.cz\/zivot-na-praze-14\/?p=55582"},"modified":"2020-06-30T07:56:29","modified_gmt":"2020-06-30T07:56:29","slug":"tz-4-2020-ridici-nakladnich-aut-na-ceskobrodske-masivne-porusuji-zakaz-vjezdu","status":"publish","type":"post","link":"https:\/\/www.praha14.cz\/zivot-na-praze-14\/tz-4-2020-ridici-nakladnich-aut-na-ceskobrodske-masivne-porusuji-zakaz-vjezdu\/","title":{"rendered":"TZ 4\/2020 \u0158idi\u010di n\u00e1kladn\u00edch aut na \u010ceskobrodsk\u00e9 masivn\u011b poru\u0161uj\u00ed z\u00e1kaz vjezdu"},"content":{"rendered":"<p><b>Praha, 30. \u010dervna 2020<\/b><b> &#8211; M\u011bstsk\u00e1 \u010d\u00e1st Praha 14 dlouhodob\u011b bojuje s neleg\u00e1ln\u00edm pr\u016fjezdem n\u00e1kladn\u00edch automobil\u016f p\u0159es oblast okolo pr\u016fmyslov\u00e9ho are\u00e1lu Pragolaktos a Jahodnice. Radnice si nechala zpracovat anal\u00fdzu po\u010dtu proj\u00ed\u017ed\u011bj\u00edc\u00edch automobil\u016f v tomto m\u00edst\u011b pomoc\u00ed automatick\u00e9ho s\u010d\u00edta\u010de. A v\u00fdsledky jsou alarmuj\u00edc\u00ed. <\/b><\/p>\n<p>\u201eV m\u00edstech, kde je z\u00e1kaz vjezdu vozidel nad 3,5 tuny, bylo za 12 hodin zaznamen\u00e1no 415 nez\u00e1konn\u00fdch pr\u016fjezd\u016f n\u00e1kladn\u00edch automobil\u016f. Z toho 58 vozidel svou j\u00edzdu za\u010d\u00ednalo \u010di kon\u010dilo v pr\u016fmyslov\u00e9 z\u00f3n\u011b a 357 vozidel projelo k\u0159i\u017eovatkou po \u010ceskobrodsk\u00e9 ulici. Jin\u00fdmi slovy, drtivou v\u011bt\u0161inu neleg\u00e1ln\u011b proj\u00ed\u017ed\u011bj\u00edc\u00edch aut p\u0159edstavuje tranzit. \u0158idi\u010di tudy jet nemus\u00ed, pouze si tak zkracuj\u00ed cestu nebo obj\u00ed\u017ed\u00ed kolony na Ji\u017en\u00ed spojce,\u201c \u0159\u00edk\u00e1 m\u00edstostarosta Prahy 14 Petr Hukal, kter\u00fd m\u00e1 na starosti dopravu v\u00a0m\u011bstsk\u00e9 \u010d\u00e1sti.<\/p>\n<p>Na \u010ceskobrodsk\u00e9 za podjezdem pod \u017eelezni\u010dn\u00ed trat\u00ed byl p\u0159i ned\u00e1vn\u00e9 v\u00fdstavb\u011b semaforu z\u0159\u00edzen odstavn\u00fd pruh. Stalo se tak proto, aby policie m\u011bla kde zastavovat a kontrolovat proj\u00ed\u017ed\u011bj\u00edc\u00ed n\u00e1kladn\u00ed auta \u2013 do t\u00e9 doby zde hl\u00eddkov\u00e1 ani kontroln\u00ed \u010dinnost nebyla mo\u017en\u00e1.<\/p>\n<p>\u201eJsme r\u00e1di, \u017ee policist\u00e9 zde u\u017e kontroly m\u016f\u017eou prov\u00e1d\u011bt a prov\u00e1d\u00ed. Nicm\u00e9n\u011b, jak se ukazuje, nesta\u010d\u00ed to \u2013 je st\u00e1le velk\u00e9 mno\u017estv\u00ed \u0159idi\u010d\u016f n\u00e1kladn\u00edch vozidel, kter\u00e9 od cesty p\u0159es Jahodnici a Doln\u00ed Po\u010dernice nam\u00e1tkov\u00e1 represe neodrazuje. Proto po\u017e\u00e1d\u00e1me n\u00e1m\u011bstka prim\u00e1tora Adama Scheinherra, aby zde zajistil instalaci automatick\u00e9ho syst\u00e9mu monitoruj\u00edc\u00edho neleg\u00e1ln\u00ed pr\u016fjezdy vozidel nad 3,5 tuny. Fakt, \u017ee pokut\u011b u\u017e nebude mo\u017en\u00e9 uniknout, by mohl b\u00fdt dostate\u010dnou motivac\u00ed pro dodr\u017eov\u00e1n\u00ed pravidel. V\u011b\u0159\u00edm, \u017ee n\u00e1m v\u00a0tom hlavn\u00ed m\u011bsto pom\u016f\u017ee. Lid\u00e9 \u017eij\u00edc\u00ed v\u00a0okol\u00ed \u010ceskobrodsk\u00e9 si zaslou\u017e\u00ed klid a ohleduplnost, stejn\u011b jako kdokoliv jin\u00fd,\u201c dod\u00e1v\u00e1 m\u00edstostarosta \u010dtrn\u00e1ctky Petr Hukal.<\/p>\n<p><i>Pro v\u00edce informac\u00ed:<br \/>\n<\/i><i><em>Ing. Petr Hukal<\/em><br \/>\n<em>m\u00edstostarosta<\/em><br \/>\n<em>Tel.: \u00a0724\u00a0464\u00a0403<br \/>\n<\/em><\/i><em>E-mail: <a target=\"_blank\" rel=\"noopener noreferrer\">Petr.Hukal@praha14.cz<\/a><\/em><\/p>\n<p>Zve\u0159ejn\u011bno: 30. 6. 2020<\/p>\n","protected":false},"excerpt":{"rendered":"<p>Praha, 30. \u010dervna 2020 &#8211; M\u011bstsk\u00e1 \u010d\u00e1st Praha 14 dlouhodob\u011b bojuje s neleg\u00e1ln\u00edm pr\u016fjezdem n\u00e1kladn\u00edch automobil\u016f p\u0159es oblast okolo pr\u016fmyslov\u00e9ho are\u00e1lu Pragolaktos a Jahodnice. Radnice si nechala zpracovat anal\u00fdzu po\u010dtu proj\u00ed\u017ed\u011bj\u00edc\u00edch automobil\u016f v tomto m\u00edst\u011b pomoc\u00ed automatick\u00e9ho s\u010d\u00edta\u010de. A v\u00fdsledky jsou alarmuj\u00edc\u00ed. \u201eV m\u00edstech, kde je z\u00e1kaz vjezdu vozidel nad 3,5 tuny, bylo za 12&#8230;<\/p>\n","protected":false},"author":6,"featured_media":0,"comment_status":"open","ping_status":"open","sticky":false,"template":"","format":"standard","meta":{"_acf_changed":false,"footnotes":""},"categories":[1],"tags":[110],"class_list":["post-55582","post","type-post","status-publish","format-standard","hentry","category-nezarazene","tag-tiskove-zpravy"],"acf":[],"geo":null,"yoast_head":"<!-- This site is optimized with the Yoast SEO plugin v27.2 - https:\/\/yoast.com\/product\/yoast-seo-wordpress\/ -->\n<title>TZ 4\/2020 \u0158idi\u010di n\u00e1kladn\u00edch aut na \u010ceskobrodsk\u00e9 masivn\u011b poru\u0161uj\u00ed z\u00e1kaz vjezdu - \u017divot na Praze 14<\/title>\n<meta name=\"robots\" content=\"index, follow, max-snippet:-1, max-image-preview:large, max-video-preview:-1\" \/>\n<link rel=\"canonical\" href=\"https:\/\/www.praha14.cz\/zivot-na-praze-14\/tz-4-2020-ridici-nakladnich-aut-na-ceskobrodske-masivne-porusuji-zakaz-vjezdu\/\" \/>\n<meta property=\"og:locale\" content=\"cs_CZ\" \/>\n<meta property=\"og:type\" content=\"article\" \/>\n<meta property=\"og:title\" content=\"TZ 4\/2020 \u0158idi\u010di n\u00e1kladn\u00edch aut na \u010ceskobrodsk\u00e9 masivn\u011b poru\u0161uj\u00ed z\u00e1kaz vjezdu - \u017divot na Praze 14\" \/>\n<meta property=\"og:description\" content=\"Praha, 30. \u010dervna 2020 &#8211; M\u011bstsk\u00e1 \u010d\u00e1st Praha 14 dlouhodob\u011b bojuje s neleg\u00e1ln\u00edm pr\u016fjezdem n\u00e1kladn\u00edch automobil\u016f p\u0159es oblast okolo pr\u016fmyslov\u00e9ho are\u00e1lu Pragolaktos a Jahodnice. Radnice si nechala zpracovat anal\u00fdzu po\u010dtu proj\u00ed\u017ed\u011bj\u00edc\u00edch automobil\u016f v tomto m\u00edst\u011b pomoc\u00ed automatick\u00e9ho s\u010d\u00edta\u010de. A v\u00fdsledky jsou alarmuj\u00edc\u00ed. \u201eV m\u00edstech, kde je z\u00e1kaz vjezdu vozidel nad 3,5 tuny, bylo za 12...\" \/>\n<meta property=\"og:url\" content=\"https:\/\/www.praha14.cz\/zivot-na-praze-14\/tz-4-2020-ridici-nakladnich-aut-na-ceskobrodske-masivne-porusuji-zakaz-vjezdu\/\" \/>\n<meta property=\"og:site_name\" content=\"\u017divot na Praze 14\" \/>\n<meta property=\"article:published_time\" content=\"2020-06-30T07:49:39+00:00\" \/>\n<meta property=\"article:modified_time\" content=\"2020-06-30T07:56:29+00:00\" \/>\n<meta name=\"author\" content=\"M\u011bstsk\u00e1 \u010d\u00e1st Praha 14\" \/>\n<meta name=\"twitter:card\" content=\"summary_large_image\" \/>\n<meta name=\"twitter:label1\" content=\"Written by\" \/>\n\t<meta name=\"twitter:data1\" content=\"M\u011bstsk\u00e1 \u010d\u00e1st Praha 14\" \/>\n\t<meta name=\"twitter:label2\" content=\"Est. reading time\" \/>\n\t<meta name=\"twitter:data2\" content=\"2 minuty\" \/>\n<script type=\"application\/ld+json\" class=\"yoast-schema-graph\">{\"@context\":\"https:\/\/schema.org\",\"@graph\":[{\"@type\":\"Article\",\"@id\":\"https:\/\/www.praha14.cz\/zivot-na-praze-14\/tz-4-2020-ridici-nakladnich-aut-na-ceskobrodske-masivne-porusuji-zakaz-vjezdu\/#article\",\"isPartOf\":{\"@id\":\"https:\/\/www.praha14.cz\/zivot-na-praze-14\/tz-4-2020-ridici-nakladnich-aut-na-ceskobrodske-masivne-porusuji-zakaz-vjezdu\/\"},\"author\":{\"name\":\"M\u011bstsk\u00e1 \u010d\u00e1st Praha 14\",\"@id\":\"https:\/\/www.praha14.cz\/zivot-na-praze-14\/#\/schema\/person\/1474cc87232cf4e8fd1ceb216decb2ce\"},\"headline\":\"TZ 4\/2020 \u0158idi\u010di n\u00e1kladn\u00edch aut na \u010ceskobrodsk\u00e9 masivn\u011b poru\u0161uj\u00ed z\u00e1kaz vjezdu\",\"datePublished\":\"2020-06-30T07:49:39+00:00\",\"dateModified\":\"2020-06-30T07:56:29+00:00\",\"mainEntityOfPage\":{\"@id\":\"https:\/\/www.praha14.cz\/zivot-na-praze-14\/tz-4-2020-ridici-nakladnich-aut-na-ceskobrodske-masivne-porusuji-zakaz-vjezdu\/\"},\"wordCount\":378,\"commentCount\":0,\"keywords\":[\"Tiskov\u00e9 zpr\u00e1vy\"],\"inLanguage\":\"cs\",\"potentialAction\":[{\"@type\":\"CommentAction\",\"name\":\"Comment\",\"target\":[\"https:\/\/www.praha14.cz\/zivot-na-praze-14\/tz-4-2020-ridici-nakladnich-aut-na-ceskobrodske-masivne-porusuji-zakaz-vjezdu\/#respond\"]}]},{\"@type\":\"WebPage\",\"@id\":\"https:\/\/www.praha14.cz\/zivot-na-praze-14\/tz-4-2020-ridici-nakladnich-aut-na-ceskobrodske-masivne-porusuji-zakaz-vjezdu\/\",\"url\":\"https:\/\/www.praha14.cz\/zivot-na-praze-14\/tz-4-2020-ridici-nakladnich-aut-na-ceskobrodske-masivne-porusuji-zakaz-vjezdu\/\",\"name\":\"TZ 4\/2020 \u0158idi\u010di n\u00e1kladn\u00edch aut na \u010ceskobrodsk\u00e9 masivn\u011b poru\u0161uj\u00ed z\u00e1kaz vjezdu - \u017divot na Praze 14\",\"isPartOf\":{\"@id\":\"https:\/\/www.praha14.cz\/zivot-na-praze-14\/#website\"},\"datePublished\":\"2020-06-30T07:49:39+00:00\",\"dateModified\":\"2020-06-30T07:56:29+00:00\",\"author\":{\"@id\":\"https:\/\/www.praha14.cz\/zivot-na-praze-14\/#\/schema\/person\/1474cc87232cf4e8fd1ceb216decb2ce\"},\"breadcrumb\":{\"@id\":\"https:\/\/www.praha14.cz\/zivot-na-praze-14\/tz-4-2020-ridici-nakladnich-aut-na-ceskobrodske-masivne-porusuji-zakaz-vjezdu\/#breadcrumb\"},\"inLanguage\":\"cs\",\"potentialAction\":[{\"@type\":\"ReadAction\",\"target\":[\"https:\/\/www.praha14.cz\/zivot-na-praze-14\/tz-4-2020-ridici-nakladnich-aut-na-ceskobrodske-masivne-porusuji-zakaz-vjezdu\/\"]}]},{\"@type\":\"BreadcrumbList\",\"@id\":\"https:\/\/www.praha14.cz\/zivot-na-praze-14\/tz-4-2020-ridici-nakladnich-aut-na-ceskobrodske-masivne-porusuji-zakaz-vjezdu\/#breadcrumb\",\"itemListElement\":[{\"@type\":\"ListItem\",\"position\":1,\"name\":\"\u017divot na Praze 14\",\"item\":\"https:\/\/www.praha14.cz\/zivot-na-praze-14\/\"},{\"@type\":\"ListItem\",\"position\":2,\"name\":\"TZ 4\/2020 \u0158idi\u010di n\u00e1kladn\u00edch aut na \u010ceskobrodsk\u00e9 masivn\u011b poru\u0161uj\u00ed z\u00e1kaz vjezdu\"}]},{\"@type\":\"WebSite\",\"@id\":\"https:\/\/www.praha14.cz\/zivot-na-praze-14\/#website\",\"url\":\"https:\/\/www.praha14.cz\/zivot-na-praze-14\/\",\"name\":\"\u017divot na Praze 14\",\"description\":\"\",\"potentialAction\":[{\"@type\":\"SearchAction\",\"target\":{\"@type\":\"EntryPoint\",\"urlTemplate\":\"https:\/\/www.praha14.cz\/zivot-na-praze-14\/?s={search_term_string}\"},\"query-input\":{\"@type\":\"PropertyValueSpecification\",\"valueRequired\":true,\"valueName\":\"search_term_string\"}}],\"inLanguage\":\"cs\"},{\"@type\":\"Person\",\"@id\":\"https:\/\/www.praha14.cz\/zivot-na-praze-14\/#\/schema\/person\/1474cc87232cf4e8fd1ceb216decb2ce\",\"name\":\"M\u011bstsk\u00e1 \u010d\u00e1st Praha 14\",\"image\":{\"@type\":\"ImageObject\",\"inLanguage\":\"cs\",\"@id\":\"https:\/\/secure.gravatar.com\/avatar\/e51dd751c5fcbc2776e05ea4f0dca77132897c8db7e45d2d1d7d428fc20c00ef?s=96&d=mm&r=g\",\"url\":\"https:\/\/secure.gravatar.com\/avatar\/e51dd751c5fcbc2776e05ea4f0dca77132897c8db7e45d2d1d7d428fc20c00ef?s=96&d=mm&r=g\",\"contentUrl\":\"https:\/\/secure.gravatar.com\/avatar\/e51dd751c5fcbc2776e05ea4f0dca77132897c8db7e45d2d1d7d428fc20c00ef?s=96&d=mm&r=g\",\"caption\":\"M\u011bstsk\u00e1 \u010d\u00e1st Praha 14\"},\"url\":\"https:\/\/www.praha14.cz\/zivot-na-praze-14\/author\/veronikaberna\/\"}]}<\/script>\n<!-- \/ Yoast SEO plugin. -->","yoast_head_json":{"title":"TZ 4\/2020 \u0158idi\u010di n\u00e1kladn\u00edch aut na \u010ceskobrodsk\u00e9 masivn\u011b poru\u0161uj\u00ed z\u00e1kaz vjezdu - \u017divot na Praze 14","robots":{"index":"index","follow":"follow","max-snippet":"max-snippet:-1","max-image-preview":"max-image-preview:large","max-video-preview":"max-video-preview:-1"},"canonical":"https:\/\/www.praha14.cz\/zivot-na-praze-14\/tz-4-2020-ridici-nakladnich-aut-na-ceskobrodske-masivne-porusuji-zakaz-vjezdu\/","og_locale":"cs_CZ","og_type":"article","og_title":"TZ 4\/2020 \u0158idi\u010di n\u00e1kladn\u00edch aut na \u010ceskobrodsk\u00e9 masivn\u011b poru\u0161uj\u00ed z\u00e1kaz vjezdu - \u017divot na Praze 14","og_description":"Praha, 30. \u010dervna 2020 &#8211; M\u011bstsk\u00e1 \u010d\u00e1st Praha 14 dlouhodob\u011b bojuje s neleg\u00e1ln\u00edm pr\u016fjezdem n\u00e1kladn\u00edch automobil\u016f p\u0159es oblast okolo pr\u016fmyslov\u00e9ho are\u00e1lu Pragolaktos a Jahodnice. Radnice si nechala zpracovat anal\u00fdzu po\u010dtu proj\u00ed\u017ed\u011bj\u00edc\u00edch automobil\u016f v tomto m\u00edst\u011b pomoc\u00ed automatick\u00e9ho s\u010d\u00edta\u010de. A v\u00fdsledky jsou alarmuj\u00edc\u00ed. \u201eV m\u00edstech, kde je z\u00e1kaz vjezdu vozidel nad 3,5 tuny, bylo za 12...","og_url":"https:\/\/www.praha14.cz\/zivot-na-praze-14\/tz-4-2020-ridici-nakladnich-aut-na-ceskobrodske-masivne-porusuji-zakaz-vjezdu\/","og_site_name":"\u017divot na Praze 14","article_published_time":"2020-06-30T07:49:39+00:00","article_modified_time":"2020-06-30T07:56:29+00:00","author":"M\u011bstsk\u00e1 \u010d\u00e1st Praha 14","twitter_card":"summary_large_image","twitter_misc":{"Written by":"M\u011bstsk\u00e1 \u010d\u00e1st Praha 14","Est. reading time":"2 minuty"},"schema":{"@context":"https:\/\/schema.org","@graph":[{"@type":"Article","@id":"https:\/\/www.praha14.cz\/zivot-na-praze-14\/tz-4-2020-ridici-nakladnich-aut-na-ceskobrodske-masivne-porusuji-zakaz-vjezdu\/#article","isPartOf":{"@id":"https:\/\/www.praha14.cz\/zivot-na-praze-14\/tz-4-2020-ridici-nakladnich-aut-na-ceskobrodske-masivne-porusuji-zakaz-vjezdu\/"},"author":{"name":"M\u011bstsk\u00e1 \u010d\u00e1st Praha 14","@id":"https:\/\/www.praha14.cz\/zivot-na-praze-14\/#\/schema\/person\/1474cc87232cf4e8fd1ceb216decb2ce"},"headline":"TZ 4\/2020 \u0158idi\u010di n\u00e1kladn\u00edch aut na \u010ceskobrodsk\u00e9 masivn\u011b poru\u0161uj\u00ed z\u00e1kaz vjezdu","datePublished":"2020-06-30T07:49:39+00:00","dateModified":"2020-06-30T07:56:29+00:00","mainEntityOfPage":{"@id":"https:\/\/www.praha14.cz\/zivot-na-praze-14\/tz-4-2020-ridici-nakladnich-aut-na-ceskobrodske-masivne-porusuji-zakaz-vjezdu\/"},"wordCount":378,"commentCount":0,"keywords":["Tiskov\u00e9 zpr\u00e1vy"],"inLanguage":"cs","potentialAction":[{"@type":"CommentAction","name":"Comment","target":["https:\/\/www.praha14.cz\/zivot-na-praze-14\/tz-4-2020-ridici-nakladnich-aut-na-ceskobrodske-masivne-porusuji-zakaz-vjezdu\/#respond"]}]},{"@type":"WebPage","@id":"https:\/\/www.praha14.cz\/zivot-na-praze-14\/tz-4-2020-ridici-nakladnich-aut-na-ceskobrodske-masivne-porusuji-zakaz-vjezdu\/","url":"https:\/\/www.praha14.cz\/zivot-na-praze-14\/tz-4-2020-ridici-nakladnich-aut-na-ceskobrodske-masivne-porusuji-zakaz-vjezdu\/","name":"TZ 4\/2020 \u0158idi\u010di n\u00e1kladn\u00edch aut na \u010ceskobrodsk\u00e9 masivn\u011b poru\u0161uj\u00ed z\u00e1kaz vjezdu - \u017divot na Praze 14","isPartOf":{"@id":"https:\/\/www.praha14.cz\/zivot-na-praze-14\/#website"},"datePublished":"2020-06-30T07:49:39+00:00","dateModified":"2020-06-30T07:56:29+00:00","author":{"@id":"https:\/\/www.praha14.cz\/zivot-na-praze-14\/#\/schema\/person\/1474cc87232cf4e8fd1ceb216decb2ce"},"breadcrumb":{"@id":"https:\/\/www.praha14.cz\/zivot-na-praze-14\/tz-4-2020-ridici-nakladnich-aut-na-ceskobrodske-masivne-porusuji-zakaz-vjezdu\/#breadcrumb"},"inLanguage":"cs","potentialAction":[{"@type":"ReadAction","target":["https:\/\/www.praha14.cz\/zivot-na-praze-14\/tz-4-2020-ridici-nakladnich-aut-na-ceskobrodske-masivne-porusuji-zakaz-vjezdu\/"]}]},{"@type":"BreadcrumbList","@id":"https:\/\/www.praha14.cz\/zivot-na-praze-14\/tz-4-2020-ridici-nakladnich-aut-na-ceskobrodske-masivne-porusuji-zakaz-vjezdu\/#breadcrumb","itemListElement":[{"@type":"ListItem","position":1,"name":"\u017divot na Praze 14","item":"https:\/\/www.praha14.cz\/zivot-na-praze-14\/"},{"@type":"ListItem","position":2,"name":"TZ 4\/2020 \u0158idi\u010di n\u00e1kladn\u00edch aut na \u010ceskobrodsk\u00e9 masivn\u011b poru\u0161uj\u00ed z\u00e1kaz vjezdu"}]},{"@type":"WebSite","@id":"https:\/\/www.praha14.cz\/zivot-na-praze-14\/#website","url":"https:\/\/www.praha14.cz\/zivot-na-praze-14\/","name":"\u017divot na Praze 14","description":"","potentialAction":[{"@type":"SearchAction","target":{"@type":"EntryPoint","urlTemplate":"https:\/\/www.praha14.cz\/zivot-na-praze-14\/?s={search_term_string}"},"query-input":{"@type":"PropertyValueSpecification","valueRequired":true,"valueName":"search_term_string"}}],"inLanguage":"cs"},{"@type":"Person","@id":"https:\/\/www.praha14.cz\/zivot-na-praze-14\/#\/schema\/person\/1474cc87232cf4e8fd1ceb216decb2ce","name":"M\u011bstsk\u00e1 \u010d\u00e1st Praha 14","image":{"@type":"ImageObject","inLanguage":"cs","@id":"https:\/\/secure.gravatar.com\/avatar\/e51dd751c5fcbc2776e05ea4f0dca77132897c8db7e45d2d1d7d428fc20c00ef?s=96&d=mm&r=g","url":"https:\/\/secure.gravatar.com\/avatar\/e51dd751c5fcbc2776e05ea4f0dca77132897c8db7e45d2d1d7d428fc20c00ef?s=96&d=mm&r=g","contentUrl":"https:\/\/secure.gravatar.com\/avatar\/e51dd751c5fcbc2776e05ea4f0dca77132897c8db7e45d2d1d7d428fc20c00ef?s=96&d=mm&r=g","caption":"M\u011bstsk\u00e1 \u010d\u00e1st Praha 14"},"url":"https:\/\/www.praha14.cz\/zivot-na-praze-14\/author\/veronikaberna\/"}]}},"_links":{"self":[{"href":"https:\/\/www.praha14.cz\/zivot-na-praze-14\/wp-json\/wp\/v2\/posts\/55582","targetHints":{"allow":["GET"]}}],"collection":[{"href":"https:\/\/www.praha14.cz\/zivot-na-praze-14\/wp-json\/wp\/v2\/posts"}],"about":[{"href":"https:\/\/www.praha14.cz\/zivot-na-praze-14\/wp-json\/wp\/v2\/types\/post"}],"author":[{"embeddable":true,"href":"https:\/\/www.praha14.cz\/zivot-na-praze-14\/wp-json\/wp\/v2\/users\/6"}],"replies":[{"embeddable":true,"href":"https:\/\/www.praha14.cz\/zivot-na-praze-14\/wp-json\/wp\/v2\/comments?post=55582"}],"version-history":[{"count":5,"href":"https:\/\/www.praha14.cz\/zivot-na-praze-14\/wp-json\/wp\/v2\/posts\/55582\/revisions"}],"predecessor-version":[{"id":55593,"href":"https:\/\/www.praha14.cz\/zivot-na-praze-14\/wp-json\/wp\/v2\/posts\/55582\/revisions\/55593"}],"wp:attachment":[{"href":"https:\/\/www.praha14.cz\/zivot-na-praze-14\/wp-json\/wp\/v2\/media?parent=55582"}],"wp:term":[{"taxonomy":"category","embeddable":true,"href":"https:\/\/www.praha14.cz\/zivot-na-praze-14\/wp-json\/wp\/v2\/categories?post=55582"},{"taxonomy":"post_tag","embeddable":true,"href":"https:\/\/www.praha14.cz\/zivot-na-praze-14\/wp-json\/wp\/v2\/tags?post=55582"}],"curies":[{"name":"wp","href":"https:\/\/api.w.org\/{rel}","templated":true}]}}