{"id":56292,"date":"2020-09-08T08:02:24","date_gmt":"2020-09-08T08:02:24","guid":{"rendered":"https:\/\/www.praha14.cz\/zivot-na-praze-14\/?p=56292"},"modified":"2020-09-11T08:29:34","modified_gmt":"2020-09-11T08:29:34","slug":"tz-5-2020-park-u-cenku-poprve-rozhybe-festival-volnofest","status":"publish","type":"post","link":"https:\/\/www.praha14.cz\/zivot-na-praze-14\/tz-5-2020-park-u-cenku-poprve-rozhybe-festival-volnofest\/","title":{"rendered":"TZ 5\/2020 Park U \u010ce\u0148ku poprv\u00e9 rozh\u00fdbe festival VOLNOFEST"},"content":{"rendered":"<p><strong><em>Praha, 8. z\u00e1\u0159\u00ed 2020<\/em><\/strong><strong> \u2013 Tradi\u010dn\u00ed M\u011bste\u010dko volno\u010dasov\u00fdch aktivit Prahy 14 letos nahrad\u00ed nov\u00e1 akce s\u00a0n\u00e1zvem VOLNOFEST. M\u00edstn\u00ed neziskov\u00e9 organizace, spolky \u010di sportovn\u00ed kluby na n\u00ed odprezentuj\u00ed pestrou nab\u00eddku krou\u017ek\u016f a dal\u0161\u00edch volno\u010dasov\u00fdch aktivit, kter\u00e9 si n\u00e1v\u0161t\u011bvn\u00edci budou moci na m\u00edst\u011b vyzkou\u0161et. P\u0159ipraven je i bohat\u00fd doprovodn\u00fd program.<\/strong><\/p>\n<p><strong>\u00a0<\/strong><em>\u201eAkce je prim\u00e1rn\u011b zac\u00edlena na voln\u00fd \u010das d\u011bt\u00ed. M\u00e1 to logiku. Chceme rodi\u010d\u016fm usnadnit v\u00fdb\u011br optim\u00e1ln\u00edho z\u00e1jmov\u00e9ho krou\u017eku \u010di sportu, kter\u00fdm by se jejich potomci mohli v\u00a0tomto \u0161koln\u00edm roce v\u011bnovat. D\u00edky tomu, \u017ee je mo\u017en\u00e9 si v\u0161echny aktivity vyzkou\u0161et, n\u00e1v\u0161t\u011bvn\u00edci z\u00edskaj\u00ed lep\u0161\u00ed p\u0159edstavu, kter\u00e9 z\u00a0nich se do budoucna nejl\u00e9pe v\u011bnovat. B\u011bhem akce budeme samoz\u0159ejm\u011b dodr\u017eovat v\u0161echna pot\u0159ebn\u00e1 hygienick\u00e1 opat\u0159en\u00ed, kter\u00e1 vy\u017eaduje sou\u010dasn\u00e1 epidemiologick\u00e1 situace,\u201c<\/em> \u0159\u00edk\u00e1 m\u00edstostarostka Prahy 14 PhDr. Zuzana Jelenov\u00e1, do jej\u00ed\u017e gesce akce spad\u00e1.<\/p>\n<p><strong>VOLNOFEST se uskute\u010dn\u00ed 12. z\u00e1\u0159\u00ed 2020 od 14 do 19 hodin v\u00a0parku U \u010ce\u0148ku na \u010cern\u00e9m Most\u011b<\/strong><br \/>\n(za volno\u010dasov\u00fdm centrem Plech\u00e1rna<em>). \u201eNovinkou p\u0159itom nebude jen samotn\u00e1 akce, kter\u00e1 oproti p\u016fvodn\u00edmu \u201aM\u011bste\u010dku\u2018 nab\u00eddne v\u00edce aktivit, z\u00e1bavy \u010di mo\u017enost\u00ed ob\u010derstven\u00ed, ale nap\u0159\u00edklad i vyu\u017eit\u00ed vratn\u00fdch z\u00e1lohovan\u00fdch kel\u00edmk\u016f s\u00a0motivy dominant Prahy 14. M\u011bstsk\u00e1 \u010d\u00e1st se dlouhodob\u011b sna\u017e\u00ed b\u00fdt zodpov\u011bdn\u00e1 k\u00a0\u017eivotn\u00edmu prost\u0159ed\u00ed a sn\u00ed\u017een\u00ed produkce odpadu pova\u017euje za jeden z\u00a0nejd\u016fle\u017eit\u011bj\u0161\u00edch krok\u016f,\u201c<\/em> p\u0159id\u00e1v\u00e1 k\u00a0tomu m\u00edstostarostka Prahy 14 Mgr. Irena Kolmanov\u00e1, kter\u00e1 m\u00e1 v\u00a0m\u011bstsk\u00e9 \u010d\u00e1sti mimo jin\u00e9 na starosti ochranu \u017eivotn\u00edho prost\u0159ed\u00ed a napl\u0148ov\u00e1n\u00ed mezin\u00e1rodn\u00edho programu m\u00edstn\u00ed Agenda 21.<\/p>\n<p>Na co se mohou n\u00e1v\u0161t\u011bvn\u00edci akce t\u011b\u0161it? Na des\u00edtky stanovi\u0161\u0165, kde si vyzkou\u0161\u00ed r\u016fzn\u00e9 kontaktn\u00ed sporty, tanec, j\u00edzdu na koni, dogfrisbee, lukost\u0159elbu, st\u0159elbu z\u00a0ku\u0161e, akroj\u00f3gu nebo t\u0159eba malov\u00e1n\u00ed p\u00edskem. P\u0159ipravena bude i kreativn\u00ed d\u00edlna, kde se d\u011bti zapoj\u00ed do v\u00fdroby pap\u00edrov\u00e9 ZOO nebo obl\u00edben\u00e9 malov\u00e1n\u00ed na obli\u010dej. Za absolvov\u00e1n\u00ed aktivit si d\u011bti v\u00a0informa\u010dn\u00edm stanu M\u010c Praha 14 vyzvednou malou odm\u011bnu.<\/p>\n<p><em>\u201eNa VOLNOFESTu najdou lid\u00e9 i poradensk\u00fd stan se zku\u0161en\u00fdm person\u00e1lem. Kdo bude cht\u00edt, m\u016f\u017ee se v\u00a0n\u011bm poradit, jak sv\u00e9 d\u00edt\u011b motivovat k\u00a0u\u010den\u00ed, jak zv\u00fd\u0161it jeho schopnost soust\u0159ed\u011bn\u00ed nebo jak postupovat, kdy\u017e m\u00e1 pot\u00ed\u017ee s\u00a0\u0159e\u010d\u00ed,\u201c <\/em>vysv\u011btluje m\u00edstostarostka Jelenov\u00e1 s\u00a0t\u00edm, \u017ee se jedn\u00e1 o aktivitu, kter\u00e1 tradi\u010dn\u011b dopl\u0148ovala i p\u0159edch\u016fdce VOLNOFESTu, zmi\u0148ovan\u00e9 M\u011bste\u010dko volno\u010dasov\u00fdch aktivit. Poradensk\u00fd stan je realizov\u00e1n jako sou\u010d\u00e1st projektu \u201eM\u00edstn\u00ed ak\u010dn\u00ed pl\u00e1n Praha 14 II.\u201c, reg. \u010d\u00edslo CZ.02.3.68\/0.0\/0.0\/17_047\/0008524 spolufinancovan\u00e9ho v r\u00e1mci OP VVV.<\/p>\n<p><em>\u201eStejn\u011b tak bude sou\u010d\u00e1st\u00ed akce st\u00e1nek ke kampani Respektuj 18!, na kter\u00e9 m\u011bstsk\u00e1 \u010d\u00e1st u\u017e n\u011bkolik let spolupracuje s\u00a0Plze\u0148sk\u00fdm Prazdrojem a kter\u00e1 p\u0159ipom\u00edn\u00e1 dosp\u011bl\u00fdm, aby mladistv\u00fdm nezp\u0159\u00edstup\u0148ovali alkohol. Kdo si bude p\u0159\u00e1t, vyzkou\u0161\u00ed si tak zvan\u00e9 opil\u00e9 br\u00fdle, pom\u016fcku simuluj\u00edc\u00ed sn\u00ed\u017eenou schopnost vid\u011bn\u00ed a orientace<br \/>\nu podnapil\u00e9ho \u010dlov\u011bka,\u201c<\/em> dopl\u0148uje m\u00edstostarostka Kolmanov\u00e1.<\/p>\n<p>Nem\u00e9n\u011b bohat\u00fd bude i doprovodn\u00fd program. Na podiu (i mimo n\u011bj) \u010dek\u00e1 n\u00e1v\u0161t\u011bvn\u00edky exhibi\u010dn\u00ed vystoupen\u00ed m\u00edstn\u00edch spolk\u016f a sportovn\u00edch klub\u016f, d\u00e1le kv\u011btinov\u00fd muzik\u00e1l Kr\u00e1lovstv\u00ed, kter\u00fdm nejmlad\u0161\u00ed \u010d\u00e1st publika pobav\u00ed divadeln\u00ed soubor Ani\u010dka a letad\u00fdlko \u010di ve\u010dern\u00ed koncert kapely Am\u00e9lia. Po celou dobu akce se lid\u00e9 budou moci bavit s\u00a0ch\u016fda\u0159i \u010di tzv. furries, tedy nad\u0161enci v\u00a0kost\u00fdmech velk\u00fdch ply\u0161\u00e1k\u016f.<\/p>\n<p>&nbsp;<\/p>\n<p><em>Pro v\u00edce informac\u00ed:<\/em><em><br \/>\nVeronika Bern\u00e1<br \/>\nOdd\u011blen\u00ed strategick\u00e9ho pl\u00e1nov\u00e1n\u00ed a komunikace<br \/>\nTel.: \u00a0225\u00a0295\u00a0603, mobil: 605\u00a0222 238<br \/>\nE-mail: Veronika.Berna@praha14.cz<\/em><\/p>\n<p style=\"text-align: right\">Zve\u0159ejn\u011bno: 8. z\u00e1\u0159\u00ed 2020<\/p>\n","protected":false},"excerpt":{"rendered":"<p>Praha, 8. z\u00e1\u0159\u00ed 2020 \u2013 Tradi\u010dn\u00ed M\u011bste\u010dko volno\u010dasov\u00fdch aktivit Prahy 14 letos nahrad\u00ed nov\u00e1 akce s\u00a0n\u00e1zvem VOLNOFEST. M\u00edstn\u00ed neziskov\u00e9 organizace, spolky \u010di sportovn\u00ed kluby na n\u00ed odprezentuj\u00ed pestrou nab\u00eddku krou\u017ek\u016f a dal\u0161\u00edch volno\u010dasov\u00fdch aktivit, kter\u00e9 si n\u00e1v\u0161t\u011bvn\u00edci budou moci na m\u00edst\u011b vyzkou\u0161et. P\u0159ipraven je i bohat\u00fd doprovodn\u00fd program. \u00a0\u201eAkce je prim\u00e1rn\u011b zac\u00edlena na voln\u00fd \u010das&#8230;<\/p>\n","protected":false},"author":1057,"featured_media":0,"comment_status":"open","ping_status":"open","sticky":false,"template":"","format":"standard","meta":{"_acf_changed":false,"footnotes":""},"categories":[1],"tags":[110],"class_list":["post-56292","post","type-post","status-publish","format-standard","hentry","category-nezarazene","tag-tiskove-zpravy"],"acf":[],"geo":null,"yoast_head":"<!-- This site is optimized with the Yoast SEO plugin v27.2 - https:\/\/yoast.com\/product\/yoast-seo-wordpress\/ -->\n<title>TZ 5\/2020 Park U \u010ce\u0148ku poprv\u00e9 rozh\u00fdbe festival VOLNOFEST - \u017divot na Praze 14<\/title>\n<meta name=\"robots\" content=\"index, follow, max-snippet:-1, max-image-preview:large, max-video-preview:-1\" \/>\n<link rel=\"canonical\" href=\"https:\/\/www.praha14.cz\/zivot-na-praze-14\/tz-5-2020-park-u-cenku-poprve-rozhybe-festival-volnofest\/\" \/>\n<meta property=\"og:locale\" content=\"cs_CZ\" \/>\n<meta property=\"og:type\" content=\"article\" \/>\n<meta property=\"og:title\" content=\"TZ 5\/2020 Park U \u010ce\u0148ku poprv\u00e9 rozh\u00fdbe festival VOLNOFEST - \u017divot na Praze 14\" \/>\n<meta property=\"og:description\" content=\"Praha, 8. z\u00e1\u0159\u00ed 2020 \u2013 Tradi\u010dn\u00ed M\u011bste\u010dko volno\u010dasov\u00fdch aktivit Prahy 14 letos nahrad\u00ed nov\u00e1 akce s\u00a0n\u00e1zvem VOLNOFEST. M\u00edstn\u00ed neziskov\u00e9 organizace, spolky \u010di sportovn\u00ed kluby na n\u00ed odprezentuj\u00ed pestrou nab\u00eddku krou\u017ek\u016f a dal\u0161\u00edch volno\u010dasov\u00fdch aktivit, kter\u00e9 si n\u00e1v\u0161t\u011bvn\u00edci budou moci na m\u00edst\u011b vyzkou\u0161et. P\u0159ipraven je i bohat\u00fd doprovodn\u00fd program. \u00a0\u201eAkce je prim\u00e1rn\u011b zac\u00edlena na voln\u00fd \u010das...\" \/>\n<meta property=\"og:url\" content=\"https:\/\/www.praha14.cz\/zivot-na-praze-14\/tz-5-2020-park-u-cenku-poprve-rozhybe-festival-volnofest\/\" \/>\n<meta property=\"og:site_name\" content=\"\u017divot na Praze 14\" \/>\n<meta property=\"article:published_time\" content=\"2020-09-08T08:02:24+00:00\" \/>\n<meta property=\"article:modified_time\" content=\"2020-09-11T08:29:34+00:00\" \/>\n<meta name=\"author\" content=\"Odd\u011blen\u00ed komunikace\" \/>\n<meta name=\"twitter:card\" content=\"summary_large_image\" \/>\n<meta name=\"twitter:label1\" content=\"Written by\" \/>\n\t<meta name=\"twitter:data1\" content=\"Odd\u011blen\u00ed komunikace\" \/>\n\t<meta name=\"twitter:label2\" content=\"Est. reading time\" \/>\n\t<meta name=\"twitter:data2\" content=\"3 minuty\" \/>\n<script type=\"application\/ld+json\" class=\"yoast-schema-graph\">{\"@context\":\"https:\/\/schema.org\",\"@graph\":[{\"@type\":\"Article\",\"@id\":\"https:\/\/www.praha14.cz\/zivot-na-praze-14\/tz-5-2020-park-u-cenku-poprve-rozhybe-festival-volnofest\/#article\",\"isPartOf\":{\"@id\":\"https:\/\/www.praha14.cz\/zivot-na-praze-14\/tz-5-2020-park-u-cenku-poprve-rozhybe-festival-volnofest\/\"},\"author\":{\"name\":\"Odd\u011blen\u00ed komunikace\",\"@id\":\"https:\/\/www.praha14.cz\/zivot-na-praze-14\/#\/schema\/person\/127a1d778cbcf76b257f93fb8c42591c\"},\"headline\":\"TZ 5\/2020 Park U \u010ce\u0148ku poprv\u00e9 rozh\u00fdbe festival VOLNOFEST\",\"datePublished\":\"2020-09-08T08:02:24+00:00\",\"dateModified\":\"2020-09-11T08:29:34+00:00\",\"mainEntityOfPage\":{\"@id\":\"https:\/\/www.praha14.cz\/zivot-na-praze-14\/tz-5-2020-park-u-cenku-poprve-rozhybe-festival-volnofest\/\"},\"wordCount\":704,\"commentCount\":0,\"keywords\":[\"Tiskov\u00e9 zpr\u00e1vy\"],\"inLanguage\":\"cs\",\"potentialAction\":[{\"@type\":\"CommentAction\",\"name\":\"Comment\",\"target\":[\"https:\/\/www.praha14.cz\/zivot-na-praze-14\/tz-5-2020-park-u-cenku-poprve-rozhybe-festival-volnofest\/#respond\"]}]},{\"@type\":\"WebPage\",\"@id\":\"https:\/\/www.praha14.cz\/zivot-na-praze-14\/tz-5-2020-park-u-cenku-poprve-rozhybe-festival-volnofest\/\",\"url\":\"https:\/\/www.praha14.cz\/zivot-na-praze-14\/tz-5-2020-park-u-cenku-poprve-rozhybe-festival-volnofest\/\",\"name\":\"TZ 5\/2020 Park U \u010ce\u0148ku poprv\u00e9 rozh\u00fdbe festival VOLNOFEST - \u017divot na Praze 14\",\"isPartOf\":{\"@id\":\"https:\/\/www.praha14.cz\/zivot-na-praze-14\/#website\"},\"datePublished\":\"2020-09-08T08:02:24+00:00\",\"dateModified\":\"2020-09-11T08:29:34+00:00\",\"author\":{\"@id\":\"https:\/\/www.praha14.cz\/zivot-na-praze-14\/#\/schema\/person\/127a1d778cbcf76b257f93fb8c42591c\"},\"breadcrumb\":{\"@id\":\"https:\/\/www.praha14.cz\/zivot-na-praze-14\/tz-5-2020-park-u-cenku-poprve-rozhybe-festival-volnofest\/#breadcrumb\"},\"inLanguage\":\"cs\",\"potentialAction\":[{\"@type\":\"ReadAction\",\"target\":[\"https:\/\/www.praha14.cz\/zivot-na-praze-14\/tz-5-2020-park-u-cenku-poprve-rozhybe-festival-volnofest\/\"]}]},{\"@type\":\"BreadcrumbList\",\"@id\":\"https:\/\/www.praha14.cz\/zivot-na-praze-14\/tz-5-2020-park-u-cenku-poprve-rozhybe-festival-volnofest\/#breadcrumb\",\"itemListElement\":[{\"@type\":\"ListItem\",\"position\":1,\"name\":\"\u017divot na Praze 14\",\"item\":\"https:\/\/www.praha14.cz\/zivot-na-praze-14\/\"},{\"@type\":\"ListItem\",\"position\":2,\"name\":\"TZ 5\/2020 Park U \u010ce\u0148ku poprv\u00e9 rozh\u00fdbe festival VOLNOFEST\"}]},{\"@type\":\"WebSite\",\"@id\":\"https:\/\/www.praha14.cz\/zivot-na-praze-14\/#website\",\"url\":\"https:\/\/www.praha14.cz\/zivot-na-praze-14\/\",\"name\":\"\u017divot na Praze 14\",\"description\":\"\",\"potentialAction\":[{\"@type\":\"SearchAction\",\"target\":{\"@type\":\"EntryPoint\",\"urlTemplate\":\"https:\/\/www.praha14.cz\/zivot-na-praze-14\/?s={search_term_string}\"},\"query-input\":{\"@type\":\"PropertyValueSpecification\",\"valueRequired\":true,\"valueName\":\"search_term_string\"}}],\"inLanguage\":\"cs\"},{\"@type\":\"Person\",\"@id\":\"https:\/\/www.praha14.cz\/zivot-na-praze-14\/#\/schema\/person\/127a1d778cbcf76b257f93fb8c42591c\",\"name\":\"Odd\u011blen\u00ed komunikace\",\"image\":{\"@type\":\"ImageObject\",\"inLanguage\":\"cs\",\"@id\":\"https:\/\/secure.gravatar.com\/avatar\/e958f3d1e915848093abf89585ec4bb6a7daede2e0322c416842d9f94c3fdaca?s=96&d=mm&r=g\",\"url\":\"https:\/\/secure.gravatar.com\/avatar\/e958f3d1e915848093abf89585ec4bb6a7daede2e0322c416842d9f94c3fdaca?s=96&d=mm&r=g\",\"contentUrl\":\"https:\/\/secure.gravatar.com\/avatar\/e958f3d1e915848093abf89585ec4bb6a7daede2e0322c416842d9f94c3fdaca?s=96&d=mm&r=g\",\"caption\":\"Odd\u011blen\u00ed komunikace\"},\"url\":\"https:\/\/www.praha14.cz\/zivot-na-praze-14\/author\/luciehlavackova\/\"}]}<\/script>\n<!-- \/ Yoast SEO plugin. -->","yoast_head_json":{"title":"TZ 5\/2020 Park U \u010ce\u0148ku poprv\u00e9 rozh\u00fdbe festival VOLNOFEST - \u017divot na Praze 14","robots":{"index":"index","follow":"follow","max-snippet":"max-snippet:-1","max-image-preview":"max-image-preview:large","max-video-preview":"max-video-preview:-1"},"canonical":"https:\/\/www.praha14.cz\/zivot-na-praze-14\/tz-5-2020-park-u-cenku-poprve-rozhybe-festival-volnofest\/","og_locale":"cs_CZ","og_type":"article","og_title":"TZ 5\/2020 Park U \u010ce\u0148ku poprv\u00e9 rozh\u00fdbe festival VOLNOFEST - \u017divot na Praze 14","og_description":"Praha, 8. z\u00e1\u0159\u00ed 2020 \u2013 Tradi\u010dn\u00ed M\u011bste\u010dko volno\u010dasov\u00fdch aktivit Prahy 14 letos nahrad\u00ed nov\u00e1 akce s\u00a0n\u00e1zvem VOLNOFEST. M\u00edstn\u00ed neziskov\u00e9 organizace, spolky \u010di sportovn\u00ed kluby na n\u00ed odprezentuj\u00ed pestrou nab\u00eddku krou\u017ek\u016f a dal\u0161\u00edch volno\u010dasov\u00fdch aktivit, kter\u00e9 si n\u00e1v\u0161t\u011bvn\u00edci budou moci na m\u00edst\u011b vyzkou\u0161et. P\u0159ipraven je i bohat\u00fd doprovodn\u00fd program. \u00a0\u201eAkce je prim\u00e1rn\u011b zac\u00edlena na voln\u00fd \u010das...","og_url":"https:\/\/www.praha14.cz\/zivot-na-praze-14\/tz-5-2020-park-u-cenku-poprve-rozhybe-festival-volnofest\/","og_site_name":"\u017divot na Praze 14","article_published_time":"2020-09-08T08:02:24+00:00","article_modified_time":"2020-09-11T08:29:34+00:00","author":"Odd\u011blen\u00ed komunikace","twitter_card":"summary_large_image","twitter_misc":{"Written by":"Odd\u011blen\u00ed komunikace","Est. reading time":"3 minuty"},"schema":{"@context":"https:\/\/schema.org","@graph":[{"@type":"Article","@id":"https:\/\/www.praha14.cz\/zivot-na-praze-14\/tz-5-2020-park-u-cenku-poprve-rozhybe-festival-volnofest\/#article","isPartOf":{"@id":"https:\/\/www.praha14.cz\/zivot-na-praze-14\/tz-5-2020-park-u-cenku-poprve-rozhybe-festival-volnofest\/"},"author":{"name":"Odd\u011blen\u00ed komunikace","@id":"https:\/\/www.praha14.cz\/zivot-na-praze-14\/#\/schema\/person\/127a1d778cbcf76b257f93fb8c42591c"},"headline":"TZ 5\/2020 Park U \u010ce\u0148ku poprv\u00e9 rozh\u00fdbe festival VOLNOFEST","datePublished":"2020-09-08T08:02:24+00:00","dateModified":"2020-09-11T08:29:34+00:00","mainEntityOfPage":{"@id":"https:\/\/www.praha14.cz\/zivot-na-praze-14\/tz-5-2020-park-u-cenku-poprve-rozhybe-festival-volnofest\/"},"wordCount":704,"commentCount":0,"keywords":["Tiskov\u00e9 zpr\u00e1vy"],"inLanguage":"cs","potentialAction":[{"@type":"CommentAction","name":"Comment","target":["https:\/\/www.praha14.cz\/zivot-na-praze-14\/tz-5-2020-park-u-cenku-poprve-rozhybe-festival-volnofest\/#respond"]}]},{"@type":"WebPage","@id":"https:\/\/www.praha14.cz\/zivot-na-praze-14\/tz-5-2020-park-u-cenku-poprve-rozhybe-festival-volnofest\/","url":"https:\/\/www.praha14.cz\/zivot-na-praze-14\/tz-5-2020-park-u-cenku-poprve-rozhybe-festival-volnofest\/","name":"TZ 5\/2020 Park U \u010ce\u0148ku poprv\u00e9 rozh\u00fdbe festival VOLNOFEST - \u017divot na Praze 14","isPartOf":{"@id":"https:\/\/www.praha14.cz\/zivot-na-praze-14\/#website"},"datePublished":"2020-09-08T08:02:24+00:00","dateModified":"2020-09-11T08:29:34+00:00","author":{"@id":"https:\/\/www.praha14.cz\/zivot-na-praze-14\/#\/schema\/person\/127a1d778cbcf76b257f93fb8c42591c"},"breadcrumb":{"@id":"https:\/\/www.praha14.cz\/zivot-na-praze-14\/tz-5-2020-park-u-cenku-poprve-rozhybe-festival-volnofest\/#breadcrumb"},"inLanguage":"cs","potentialAction":[{"@type":"ReadAction","target":["https:\/\/www.praha14.cz\/zivot-na-praze-14\/tz-5-2020-park-u-cenku-poprve-rozhybe-festival-volnofest\/"]}]},{"@type":"BreadcrumbList","@id":"https:\/\/www.praha14.cz\/zivot-na-praze-14\/tz-5-2020-park-u-cenku-poprve-rozhybe-festival-volnofest\/#breadcrumb","itemListElement":[{"@type":"ListItem","position":1,"name":"\u017divot na Praze 14","item":"https:\/\/www.praha14.cz\/zivot-na-praze-14\/"},{"@type":"ListItem","position":2,"name":"TZ 5\/2020 Park U \u010ce\u0148ku poprv\u00e9 rozh\u00fdbe festival VOLNOFEST"}]},{"@type":"WebSite","@id":"https:\/\/www.praha14.cz\/zivot-na-praze-14\/#website","url":"https:\/\/www.praha14.cz\/zivot-na-praze-14\/","name":"\u017divot na Praze 14","description":"","potentialAction":[{"@type":"SearchAction","target":{"@type":"EntryPoint","urlTemplate":"https:\/\/www.praha14.cz\/zivot-na-praze-14\/?s={search_term_string}"},"query-input":{"@type":"PropertyValueSpecification","valueRequired":true,"valueName":"search_term_string"}}],"inLanguage":"cs"},{"@type":"Person","@id":"https:\/\/www.praha14.cz\/zivot-na-praze-14\/#\/schema\/person\/127a1d778cbcf76b257f93fb8c42591c","name":"Odd\u011blen\u00ed komunikace","image":{"@type":"ImageObject","inLanguage":"cs","@id":"https:\/\/secure.gravatar.com\/avatar\/e958f3d1e915848093abf89585ec4bb6a7daede2e0322c416842d9f94c3fdaca?s=96&d=mm&r=g","url":"https:\/\/secure.gravatar.com\/avatar\/e958f3d1e915848093abf89585ec4bb6a7daede2e0322c416842d9f94c3fdaca?s=96&d=mm&r=g","contentUrl":"https:\/\/secure.gravatar.com\/avatar\/e958f3d1e915848093abf89585ec4bb6a7daede2e0322c416842d9f94c3fdaca?s=96&d=mm&r=g","caption":"Odd\u011blen\u00ed komunikace"},"url":"https:\/\/www.praha14.cz\/zivot-na-praze-14\/author\/luciehlavackova\/"}]}},"_links":{"self":[{"href":"https:\/\/www.praha14.cz\/zivot-na-praze-14\/wp-json\/wp\/v2\/posts\/56292","targetHints":{"allow":["GET"]}}],"collection":[{"href":"https:\/\/www.praha14.cz\/zivot-na-praze-14\/wp-json\/wp\/v2\/posts"}],"about":[{"href":"https:\/\/www.praha14.cz\/zivot-na-praze-14\/wp-json\/wp\/v2\/types\/post"}],"author":[{"embeddable":true,"href":"https:\/\/www.praha14.cz\/zivot-na-praze-14\/wp-json\/wp\/v2\/users\/1057"}],"replies":[{"embeddable":true,"href":"https:\/\/www.praha14.cz\/zivot-na-praze-14\/wp-json\/wp\/v2\/comments?post=56292"}],"version-history":[{"count":2,"href":"https:\/\/www.praha14.cz\/zivot-na-praze-14\/wp-json\/wp\/v2\/posts\/56292\/revisions"}],"predecessor-version":[{"id":56353,"href":"https:\/\/www.praha14.cz\/zivot-na-praze-14\/wp-json\/wp\/v2\/posts\/56292\/revisions\/56353"}],"wp:attachment":[{"href":"https:\/\/www.praha14.cz\/zivot-na-praze-14\/wp-json\/wp\/v2\/media?parent=56292"}],"wp:term":[{"taxonomy":"category","embeddable":true,"href":"https:\/\/www.praha14.cz\/zivot-na-praze-14\/wp-json\/wp\/v2\/categories?post=56292"},{"taxonomy":"post_tag","embeddable":true,"href":"https:\/\/www.praha14.cz\/zivot-na-praze-14\/wp-json\/wp\/v2\/tags?post=56292"}],"curies":[{"name":"wp","href":"https:\/\/api.w.org\/{rel}","templated":true}]}}