{"id":63398,"date":"2022-05-31T10:26:11","date_gmt":"2022-05-31T10:26:11","guid":{"rendered":"https:\/\/www.praha14.cz\/zivot-na-praze-14\/?p=63398"},"modified":"2022-05-31T10:26:11","modified_gmt":"2022-05-31T10:26:11","slug":"upozorneni-pro-obcany-mc-praha-14","status":"publish","type":"post","link":"https:\/\/www.praha14.cz\/zivot-na-praze-14\/upozorneni-pro-obcany-mc-praha-14\/","title":{"rendered":"Upozorn\u011bn\u00ed pro ob\u010dany M\u010c Praha 14"},"content":{"rendered":"<p>V\u00e1\u017een\u00ed spoluob\u010dan\u00e9,<\/p>\n<p>v posledn\u00edch t\u00fddnech se na n\u00e1s obr\u00e1tilo n\u011bkolik obyvatel m\u011bstsk\u00e9 \u010d\u00e1sti Praha 14 s t\u00edm, \u017ee jim byl doru\u010den nevy\u017e\u00e1dan\u00fd e-mail, kter\u00fd je podeps\u00e1n \u201eRadkem Vondrou, starostou m\u011bstsk\u00e9 \u010d\u00e1sti Praha 14 v obdob\u00ed od roku 2010 do roku 2021\u201c.<\/p>\n<p>Autor t\u011bchto e-mail\u016f se p\u0159i zd\u016fvodn\u011bn\u00ed kontaktov\u00e1n\u00ed adres\u00e1t\u016f odvol\u00e1v\u00e1 na p\u0159edchoz\u00ed vz\u00e1jemnou komunikaci. Mohlo by v\u0161ak j\u00edt o snahu po\u0161kodit sou\u010dasn\u00e9 i b\u00fdval\u00e9 veden\u00ed M\u010c.<\/p>\n<p>Dovolujeme si V\u00e1s upozornit, \u017ee m\u011bstsk\u00e1 \u010d\u00e1st Praha 14 nep\u0159edala \u017e\u00e1dn\u00e9 t\u0159et\u00ed osob\u011b datab\u00e1zi kontakt\u016f ob\u010dan\u016f, a to samoz\u0159ejm\u011b ani nikomu z p\u0159edchoz\u00edho politick\u00e9ho veden\u00ed m\u011bstsk\u00e9 \u010d\u00e1sti. Ostatn\u011b M\u010c Praha 14 s osobn\u00edmi \u00fadaji nakl\u00e1d\u00e1 v souladu s GDPR a nikdy by nezneu\u017eila datab\u00e1zi kontakt\u016f ob\u010dan\u016f k zas\u00edl\u00e1n\u00ed marketingov\u00fdch sd\u011blen\u00ed a nevy\u017e\u00e1dan\u00e9 korespondence.<\/p>\n<p>S\u00a0ohledem na uveden\u00e9 si V\u00e1s dovolujeme upozornit, abyste p\u0159i p\u0159ijet\u00ed t\u011bchto nevy\u017e\u00e1dan\u00fdch zpr\u00e1v zachovali ve\u0161kerou mo\u017enou opatrnost. Obecn\u011b lze doporu\u010dit nevy\u017e\u00e1dan\u00e9 zpr\u00e1vy neotev\u00edrat a rovnou je mazat.<\/p>\n<p>Rada M\u010c Praha 14<\/p>\n<p style=\"text-align: right;\">Zve\u0159ejn\u011bno: 31. 5. 2022<\/p>\n","protected":false},"excerpt":{"rendered":"<p>V\u00e1\u017een\u00ed spoluob\u010dan\u00e9, v posledn\u00edch t\u00fddnech se na n\u00e1s obr\u00e1tilo n\u011bkolik obyvatel m\u011bstsk\u00e9 \u010d\u00e1sti Praha 14 s t\u00edm, \u017ee jim byl doru\u010den nevy\u017e\u00e1dan\u00fd e-mail, kter\u00fd je podeps\u00e1n \u201eRadkem Vondrou, starostou m\u011bstsk\u00e9 \u010d\u00e1sti Praha 14 v obdob\u00ed od roku 2010 do roku 2021\u201c. Autor t\u011bchto e-mail\u016f se p\u0159i zd\u016fvodn\u011bn\u00ed kontaktov\u00e1n\u00ed adres\u00e1t\u016f odvol\u00e1v\u00e1 na p\u0159edchoz\u00ed vz\u00e1jemnou komunikaci. Mohlo&#8230;<\/p>\n","protected":false},"author":6,"featured_media":0,"comment_status":"closed","ping_status":"closed","sticky":true,"template":"","format":"standard","meta":{"_acf_changed":false,"footnotes":""},"categories":[1],"tags":[],"class_list":["post-63398","post","type-post","status-publish","format-standard","hentry","category-nezarazene"],"acf":[],"geo":null,"yoast_head":"<!-- This site is optimized with the Yoast SEO plugin v27.2 - https:\/\/yoast.com\/product\/yoast-seo-wordpress\/ -->\n<title>Upozorn\u011bn\u00ed pro ob\u010dany M\u010c Praha 14 - \u017divot na Praze 14<\/title>\n<meta name=\"robots\" content=\"index, follow, max-snippet:-1, max-image-preview:large, max-video-preview:-1\" \/>\n<link rel=\"canonical\" href=\"https:\/\/www.praha14.cz\/zivot-na-praze-14\/upozorneni-pro-obcany-mc-praha-14\/\" \/>\n<meta property=\"og:locale\" content=\"cs_CZ\" \/>\n<meta property=\"og:type\" content=\"article\" \/>\n<meta property=\"og:title\" content=\"Upozorn\u011bn\u00ed pro ob\u010dany M\u010c Praha 14 - \u017divot na Praze 14\" \/>\n<meta property=\"og:description\" content=\"V\u00e1\u017een\u00ed spoluob\u010dan\u00e9, v posledn\u00edch t\u00fddnech se na n\u00e1s obr\u00e1tilo n\u011bkolik obyvatel m\u011bstsk\u00e9 \u010d\u00e1sti Praha 14 s t\u00edm, \u017ee jim byl doru\u010den nevy\u017e\u00e1dan\u00fd e-mail, kter\u00fd je podeps\u00e1n \u201eRadkem Vondrou, starostou m\u011bstsk\u00e9 \u010d\u00e1sti Praha 14 v obdob\u00ed od roku 2010 do roku 2021\u201c. Autor t\u011bchto e-mail\u016f se p\u0159i zd\u016fvodn\u011bn\u00ed kontaktov\u00e1n\u00ed adres\u00e1t\u016f odvol\u00e1v\u00e1 na p\u0159edchoz\u00ed vz\u00e1jemnou komunikaci. Mohlo...\" \/>\n<meta property=\"og:url\" content=\"https:\/\/www.praha14.cz\/zivot-na-praze-14\/upozorneni-pro-obcany-mc-praha-14\/\" \/>\n<meta property=\"og:site_name\" content=\"\u017divot na Praze 14\" \/>\n<meta property=\"article:published_time\" content=\"2022-05-31T10:26:11+00:00\" \/>\n<meta name=\"author\" content=\"M\u011bstsk\u00e1 \u010d\u00e1st Praha 14\" \/>\n<meta name=\"twitter:card\" content=\"summary_large_image\" \/>\n<meta name=\"twitter:label1\" content=\"Written by\" \/>\n\t<meta name=\"twitter:data1\" content=\"M\u011bstsk\u00e1 \u010d\u00e1st Praha 14\" \/>\n\t<meta name=\"twitter:label2\" content=\"Est. reading time\" \/>\n\t<meta name=\"twitter:data2\" content=\"1 minuta\" \/>\n<script type=\"application\/ld+json\" class=\"yoast-schema-graph\">{\"@context\":\"https:\/\/schema.org\",\"@graph\":[{\"@type\":\"Article\",\"@id\":\"https:\/\/www.praha14.cz\/zivot-na-praze-14\/upozorneni-pro-obcany-mc-praha-14\/#article\",\"isPartOf\":{\"@id\":\"https:\/\/www.praha14.cz\/zivot-na-praze-14\/upozorneni-pro-obcany-mc-praha-14\/\"},\"author\":{\"name\":\"M\u011bstsk\u00e1 \u010d\u00e1st Praha 14\",\"@id\":\"https:\/\/www.praha14.cz\/zivot-na-praze-14\/#\/schema\/person\/1474cc87232cf4e8fd1ceb216decb2ce\"},\"headline\":\"Upozorn\u011bn\u00ed pro ob\u010dany M\u010c Praha 14\",\"datePublished\":\"2022-05-31T10:26:11+00:00\",\"mainEntityOfPage\":{\"@id\":\"https:\/\/www.praha14.cz\/zivot-na-praze-14\/upozorneni-pro-obcany-mc-praha-14\/\"},\"wordCount\":215,\"inLanguage\":\"cs\"},{\"@type\":\"WebPage\",\"@id\":\"https:\/\/www.praha14.cz\/zivot-na-praze-14\/upozorneni-pro-obcany-mc-praha-14\/\",\"url\":\"https:\/\/www.praha14.cz\/zivot-na-praze-14\/upozorneni-pro-obcany-mc-praha-14\/\",\"name\":\"Upozorn\u011bn\u00ed pro ob\u010dany M\u010c Praha 14 - \u017divot na Praze 14\",\"isPartOf\":{\"@id\":\"https:\/\/www.praha14.cz\/zivot-na-praze-14\/#website\"},\"datePublished\":\"2022-05-31T10:26:11+00:00\",\"author\":{\"@id\":\"https:\/\/www.praha14.cz\/zivot-na-praze-14\/#\/schema\/person\/1474cc87232cf4e8fd1ceb216decb2ce\"},\"breadcrumb\":{\"@id\":\"https:\/\/www.praha14.cz\/zivot-na-praze-14\/upozorneni-pro-obcany-mc-praha-14\/#breadcrumb\"},\"inLanguage\":\"cs\",\"potentialAction\":[{\"@type\":\"ReadAction\",\"target\":[\"https:\/\/www.praha14.cz\/zivot-na-praze-14\/upozorneni-pro-obcany-mc-praha-14\/\"]}]},{\"@type\":\"BreadcrumbList\",\"@id\":\"https:\/\/www.praha14.cz\/zivot-na-praze-14\/upozorneni-pro-obcany-mc-praha-14\/#breadcrumb\",\"itemListElement\":[{\"@type\":\"ListItem\",\"position\":1,\"name\":\"\u017divot na Praze 14\",\"item\":\"https:\/\/www.praha14.cz\/zivot-na-praze-14\/\"},{\"@type\":\"ListItem\",\"position\":2,\"name\":\"Upozorn\u011bn\u00ed pro ob\u010dany M\u010c Praha 14\"}]},{\"@type\":\"WebSite\",\"@id\":\"https:\/\/www.praha14.cz\/zivot-na-praze-14\/#website\",\"url\":\"https:\/\/www.praha14.cz\/zivot-na-praze-14\/\",\"name\":\"\u017divot na Praze 14\",\"description\":\"\",\"potentialAction\":[{\"@type\":\"SearchAction\",\"target\":{\"@type\":\"EntryPoint\",\"urlTemplate\":\"https:\/\/www.praha14.cz\/zivot-na-praze-14\/?s={search_term_string}\"},\"query-input\":{\"@type\":\"PropertyValueSpecification\",\"valueRequired\":true,\"valueName\":\"search_term_string\"}}],\"inLanguage\":\"cs\"},{\"@type\":\"Person\",\"@id\":\"https:\/\/www.praha14.cz\/zivot-na-praze-14\/#\/schema\/person\/1474cc87232cf4e8fd1ceb216decb2ce\",\"name\":\"M\u011bstsk\u00e1 \u010d\u00e1st Praha 14\",\"image\":{\"@type\":\"ImageObject\",\"inLanguage\":\"cs\",\"@id\":\"https:\/\/secure.gravatar.com\/avatar\/e51dd751c5fcbc2776e05ea4f0dca77132897c8db7e45d2d1d7d428fc20c00ef?s=96&d=mm&r=g\",\"url\":\"https:\/\/secure.gravatar.com\/avatar\/e51dd751c5fcbc2776e05ea4f0dca77132897c8db7e45d2d1d7d428fc20c00ef?s=96&d=mm&r=g\",\"contentUrl\":\"https:\/\/secure.gravatar.com\/avatar\/e51dd751c5fcbc2776e05ea4f0dca77132897c8db7e45d2d1d7d428fc20c00ef?s=96&d=mm&r=g\",\"caption\":\"M\u011bstsk\u00e1 \u010d\u00e1st Praha 14\"},\"url\":\"https:\/\/www.praha14.cz\/zivot-na-praze-14\/author\/veronikaberna\/\"}]}<\/script>\n<!-- \/ Yoast SEO plugin. -->","yoast_head_json":{"title":"Upozorn\u011bn\u00ed pro ob\u010dany M\u010c Praha 14 - \u017divot na Praze 14","robots":{"index":"index","follow":"follow","max-snippet":"max-snippet:-1","max-image-preview":"max-image-preview:large","max-video-preview":"max-video-preview:-1"},"canonical":"https:\/\/www.praha14.cz\/zivot-na-praze-14\/upozorneni-pro-obcany-mc-praha-14\/","og_locale":"cs_CZ","og_type":"article","og_title":"Upozorn\u011bn\u00ed pro ob\u010dany M\u010c Praha 14 - \u017divot na Praze 14","og_description":"V\u00e1\u017een\u00ed spoluob\u010dan\u00e9, v posledn\u00edch t\u00fddnech se na n\u00e1s obr\u00e1tilo n\u011bkolik obyvatel m\u011bstsk\u00e9 \u010d\u00e1sti Praha 14 s t\u00edm, \u017ee jim byl doru\u010den nevy\u017e\u00e1dan\u00fd e-mail, kter\u00fd je podeps\u00e1n \u201eRadkem Vondrou, starostou m\u011bstsk\u00e9 \u010d\u00e1sti Praha 14 v obdob\u00ed od roku 2010 do roku 2021\u201c. Autor t\u011bchto e-mail\u016f se p\u0159i zd\u016fvodn\u011bn\u00ed kontaktov\u00e1n\u00ed adres\u00e1t\u016f odvol\u00e1v\u00e1 na p\u0159edchoz\u00ed vz\u00e1jemnou komunikaci. Mohlo...","og_url":"https:\/\/www.praha14.cz\/zivot-na-praze-14\/upozorneni-pro-obcany-mc-praha-14\/","og_site_name":"\u017divot na Praze 14","article_published_time":"2022-05-31T10:26:11+00:00","author":"M\u011bstsk\u00e1 \u010d\u00e1st Praha 14","twitter_card":"summary_large_image","twitter_misc":{"Written by":"M\u011bstsk\u00e1 \u010d\u00e1st Praha 14","Est. reading time":"1 minuta"},"schema":{"@context":"https:\/\/schema.org","@graph":[{"@type":"Article","@id":"https:\/\/www.praha14.cz\/zivot-na-praze-14\/upozorneni-pro-obcany-mc-praha-14\/#article","isPartOf":{"@id":"https:\/\/www.praha14.cz\/zivot-na-praze-14\/upozorneni-pro-obcany-mc-praha-14\/"},"author":{"name":"M\u011bstsk\u00e1 \u010d\u00e1st Praha 14","@id":"https:\/\/www.praha14.cz\/zivot-na-praze-14\/#\/schema\/person\/1474cc87232cf4e8fd1ceb216decb2ce"},"headline":"Upozorn\u011bn\u00ed pro ob\u010dany M\u010c Praha 14","datePublished":"2022-05-31T10:26:11+00:00","mainEntityOfPage":{"@id":"https:\/\/www.praha14.cz\/zivot-na-praze-14\/upozorneni-pro-obcany-mc-praha-14\/"},"wordCount":215,"inLanguage":"cs"},{"@type":"WebPage","@id":"https:\/\/www.praha14.cz\/zivot-na-praze-14\/upozorneni-pro-obcany-mc-praha-14\/","url":"https:\/\/www.praha14.cz\/zivot-na-praze-14\/upozorneni-pro-obcany-mc-praha-14\/","name":"Upozorn\u011bn\u00ed pro ob\u010dany M\u010c Praha 14 - \u017divot na Praze 14","isPartOf":{"@id":"https:\/\/www.praha14.cz\/zivot-na-praze-14\/#website"},"datePublished":"2022-05-31T10:26:11+00:00","author":{"@id":"https:\/\/www.praha14.cz\/zivot-na-praze-14\/#\/schema\/person\/1474cc87232cf4e8fd1ceb216decb2ce"},"breadcrumb":{"@id":"https:\/\/www.praha14.cz\/zivot-na-praze-14\/upozorneni-pro-obcany-mc-praha-14\/#breadcrumb"},"inLanguage":"cs","potentialAction":[{"@type":"ReadAction","target":["https:\/\/www.praha14.cz\/zivot-na-praze-14\/upozorneni-pro-obcany-mc-praha-14\/"]}]},{"@type":"BreadcrumbList","@id":"https:\/\/www.praha14.cz\/zivot-na-praze-14\/upozorneni-pro-obcany-mc-praha-14\/#breadcrumb","itemListElement":[{"@type":"ListItem","position":1,"name":"\u017divot na Praze 14","item":"https:\/\/www.praha14.cz\/zivot-na-praze-14\/"},{"@type":"ListItem","position":2,"name":"Upozorn\u011bn\u00ed pro ob\u010dany M\u010c Praha 14"}]},{"@type":"WebSite","@id":"https:\/\/www.praha14.cz\/zivot-na-praze-14\/#website","url":"https:\/\/www.praha14.cz\/zivot-na-praze-14\/","name":"\u017divot na Praze 14","description":"","potentialAction":[{"@type":"SearchAction","target":{"@type":"EntryPoint","urlTemplate":"https:\/\/www.praha14.cz\/zivot-na-praze-14\/?s={search_term_string}"},"query-input":{"@type":"PropertyValueSpecification","valueRequired":true,"valueName":"search_term_string"}}],"inLanguage":"cs"},{"@type":"Person","@id":"https:\/\/www.praha14.cz\/zivot-na-praze-14\/#\/schema\/person\/1474cc87232cf4e8fd1ceb216decb2ce","name":"M\u011bstsk\u00e1 \u010d\u00e1st Praha 14","image":{"@type":"ImageObject","inLanguage":"cs","@id":"https:\/\/secure.gravatar.com\/avatar\/e51dd751c5fcbc2776e05ea4f0dca77132897c8db7e45d2d1d7d428fc20c00ef?s=96&d=mm&r=g","url":"https:\/\/secure.gravatar.com\/avatar\/e51dd751c5fcbc2776e05ea4f0dca77132897c8db7e45d2d1d7d428fc20c00ef?s=96&d=mm&r=g","contentUrl":"https:\/\/secure.gravatar.com\/avatar\/e51dd751c5fcbc2776e05ea4f0dca77132897c8db7e45d2d1d7d428fc20c00ef?s=96&d=mm&r=g","caption":"M\u011bstsk\u00e1 \u010d\u00e1st Praha 14"},"url":"https:\/\/www.praha14.cz\/zivot-na-praze-14\/author\/veronikaberna\/"}]}},"_links":{"self":[{"href":"https:\/\/www.praha14.cz\/zivot-na-praze-14\/wp-json\/wp\/v2\/posts\/63398","targetHints":{"allow":["GET"]}}],"collection":[{"href":"https:\/\/www.praha14.cz\/zivot-na-praze-14\/wp-json\/wp\/v2\/posts"}],"about":[{"href":"https:\/\/www.praha14.cz\/zivot-na-praze-14\/wp-json\/wp\/v2\/types\/post"}],"author":[{"embeddable":true,"href":"https:\/\/www.praha14.cz\/zivot-na-praze-14\/wp-json\/wp\/v2\/users\/6"}],"replies":[{"embeddable":true,"href":"https:\/\/www.praha14.cz\/zivot-na-praze-14\/wp-json\/wp\/v2\/comments?post=63398"}],"version-history":[{"count":1,"href":"https:\/\/www.praha14.cz\/zivot-na-praze-14\/wp-json\/wp\/v2\/posts\/63398\/revisions"}],"predecessor-version":[{"id":63400,"href":"https:\/\/www.praha14.cz\/zivot-na-praze-14\/wp-json\/wp\/v2\/posts\/63398\/revisions\/63400"}],"wp:attachment":[{"href":"https:\/\/www.praha14.cz\/zivot-na-praze-14\/wp-json\/wp\/v2\/media?parent=63398"}],"wp:term":[{"taxonomy":"category","embeddable":true,"href":"https:\/\/www.praha14.cz\/zivot-na-praze-14\/wp-json\/wp\/v2\/categories?post=63398"},{"taxonomy":"post_tag","embeddable":true,"href":"https:\/\/www.praha14.cz\/zivot-na-praze-14\/wp-json\/wp\/v2\/tags?post=63398"}],"curies":[{"name":"wp","href":"https:\/\/api.w.org\/{rel}","templated":true}]}}