{"id":63480,"date":"2022-07-12T15:41:15","date_gmt":"2022-07-12T15:41:15","guid":{"rendered":"https:\/\/www.praha14.cz\/zivot-na-praze-14\/?p=63480"},"modified":"2022-07-13T12:01:41","modified_gmt":"2022-07-13T12:01:41","slug":"uzavirka-nedokoncene-objizdna-trasa-se-dotkne-i-busu-208","status":"publish","type":"post","link":"https:\/\/www.praha14.cz\/zivot-na-praze-14\/uzavirka-nedokoncene-objizdna-trasa-se-dotkne-i-busu-208\/","title":{"rendered":"Uzav\u00edrka Nedokon\u010den\u00e9 &#8211; obj\u00ed\u017e\u010fka i pro bus 208"},"content":{"rendered":"<p>Upozor\u0148ujeme \u0159idi\u010de a cestuj\u00edc\u00ed MHD na srpnovou uzav\u00edrku ulice Nedokon\u010den\u00e1. Z d\u016fvodu stavebn\u00edch prac\u00ed nebude komunikace pr\u016fjezdn\u00e1 od 1. do 14. 8. 2022. Po obj\u00edzdn\u00e9 trase bude vedena jak individu\u00e1ln\u00ed doprava, tak autobusov\u00e1 linka \u010d. 208.<\/p>\n<p>\u201eLinka 208 bude do\u010dasn\u011b vedena mezi \u0160t\u011brboholy a Doln\u00edmi Po\u010dernicemi p\u0159\u00edm\u011bj\u0161\u00ed trasou po ul. \u00dast\u0159edn\u00ed a N\u00e1rodn\u00edch hrdin\u016f. Vynech\u00e1 tedy zast\u00e1vky U Radi\u00e1ly, U Jahodnice, S\u00eddli\u0161t\u011b Jahodnice, Jahodnice, Lomnick\u00e1 a N\u00e1dra\u017e\u00ed Doln\u00ed Po\u010dernice. Prvn\u00ed dv\u011b jmenovan\u00e9 zast\u00e1vky budou po dobu uzav\u00edrky do\u010dasn\u011b zru\u0161eny. Na zbyl\u00fdch zast\u00e1vk\u00e1ch, kter\u00e9 linka 208 vynech\u00e1, z\u016fst\u00e1v\u00e1 obsluha zachov\u00e1na jin\u00fdmi linkami. Na obj\u00edzdn\u00e9 trase linka 208 obslou\u017e\u00ed zast\u00e1vky Drobn\u00e1, Novo\u0161t\u011brboholsk\u00e1, Rty\u0148sk\u00e1 a Svato\u0148ovick\u00e1. Informace budou i na str\u00e1nk\u00e1ch ROPIDu a DPP,\u201c uv\u00e1d\u00ed spol. ROPID, organiz\u00e1tor pra\u017esk\u00e9 hromadn\u00e9 dopravy.<\/p>\n<p><strong>Podrobn\u00e9 informace k MHD:<\/strong><\/p>\n<ul>\n<li><a href=\"https:\/\/www.praha14.cz\/app\/uploads\/sites\/4\/2022\/06\/Nedokoncena-ROPID.pdf\" target=\"_blank\" rel=\"noopener\">Do\u010dasn\u00e1 zm\u011bny trasy a zast\u00e1vek pro linku 208 v oblasti \u0160t\u011brbohol<\/a><\/li>\n<\/ul>\n<p><strong>Dal\u0161\u00ed informace k uzav\u00edrce naleznete v mapov\u00fdch podkladech:<\/strong><\/p>\n<ul>\n<li><a href=\"https:\/\/www.praha14.cz\/app\/uploads\/sites\/4\/2022\/06\/DIO-Nedokoncena_sirsi-vztahy.pdf\" target=\"_blank\" rel=\"noopener\">Uzav\u00edrka Nedokon\u010den\u00e9 &#8211; \u0161ir\u0161\u00ed vztahy<\/a><\/li>\n<li><a href=\"https:\/\/www.praha14.cz\/app\/uploads\/sites\/4\/2022\/06\/DIO-Nedokoncena_1.pdf\" target=\"_blank\" rel=\"noopener\">Uzav\u00edrka Nedokon\u010den\u00e9 &#8211; detail<\/a><\/li>\n<\/ul>\n<p style=\"text-align: right;\">Zve\u0159ejn\u011bno. 13. 6. 2022<\/p>\n<p>&nbsp;<\/p>\n","protected":false},"excerpt":{"rendered":"<p>Upozor\u0148ujeme \u0159idi\u010de a cestuj\u00edc\u00ed MHD na srpnovou uzav\u00edrku ulice Nedokon\u010den\u00e1. Z d\u016fvodu stavebn\u00edch prac\u00ed nebude komunikace pr\u016fjezdn\u00e1 od 1. do 14. 8. 2022. Po obj\u00edzdn\u00e9 trase bude vedena jak individu\u00e1ln\u00ed doprava, tak autobusov\u00e1 linka \u010d. 208. \u201eLinka 208 bude do\u010dasn\u011b vedena mezi \u0160t\u011brboholy a Doln\u00edmi Po\u010dernicemi p\u0159\u00edm\u011bj\u0161\u00ed trasou po ul. \u00dast\u0159edn\u00ed a N\u00e1rodn\u00edch hrdin\u016f. Vynech\u00e1&#8230;<\/p>\n","protected":false},"author":6,"featured_media":0,"comment_status":"closed","ping_status":"closed","sticky":true,"template":"","format":"standard","meta":{"_acf_changed":false,"footnotes":""},"categories":[1],"tags":[],"class_list":["post-63480","post","type-post","status-publish","format-standard","hentry","category-nezarazene"],"acf":[],"geo":null,"yoast_head":"<!-- This site is optimized with the Yoast SEO plugin v27.2 - https:\/\/yoast.com\/product\/yoast-seo-wordpress\/ -->\n<title>Uzav\u00edrka Nedokon\u010den\u00e9 - obj\u00ed\u017e\u010fka i pro bus 208 - \u017divot na Praze 14<\/title>\n<meta name=\"robots\" content=\"index, follow, max-snippet:-1, max-image-preview:large, max-video-preview:-1\" \/>\n<link rel=\"canonical\" href=\"https:\/\/www.praha14.cz\/zivot-na-praze-14\/uzavirka-nedokoncene-objizdna-trasa-se-dotkne-i-busu-208\/\" \/>\n<meta property=\"og:locale\" content=\"cs_CZ\" \/>\n<meta property=\"og:type\" content=\"article\" \/>\n<meta property=\"og:title\" content=\"Uzav\u00edrka Nedokon\u010den\u00e9 - obj\u00ed\u017e\u010fka i pro bus 208 - \u017divot na Praze 14\" \/>\n<meta property=\"og:description\" content=\"Upozor\u0148ujeme \u0159idi\u010de a cestuj\u00edc\u00ed MHD na srpnovou uzav\u00edrku ulice Nedokon\u010den\u00e1. Z d\u016fvodu stavebn\u00edch prac\u00ed nebude komunikace pr\u016fjezdn\u00e1 od 1. do 14. 8. 2022. Po obj\u00edzdn\u00e9 trase bude vedena jak individu\u00e1ln\u00ed doprava, tak autobusov\u00e1 linka \u010d. 208. \u201eLinka 208 bude do\u010dasn\u011b vedena mezi \u0160t\u011brboholy a Doln\u00edmi Po\u010dernicemi p\u0159\u00edm\u011bj\u0161\u00ed trasou po ul. \u00dast\u0159edn\u00ed a N\u00e1rodn\u00edch hrdin\u016f. Vynech\u00e1...\" \/>\n<meta property=\"og:url\" content=\"https:\/\/www.praha14.cz\/zivot-na-praze-14\/uzavirka-nedokoncene-objizdna-trasa-se-dotkne-i-busu-208\/\" \/>\n<meta property=\"og:site_name\" content=\"\u017divot na Praze 14\" \/>\n<meta property=\"article:published_time\" content=\"2022-07-12T15:41:15+00:00\" \/>\n<meta property=\"article:modified_time\" content=\"2022-07-13T12:01:41+00:00\" \/>\n<meta name=\"author\" content=\"M\u011bstsk\u00e1 \u010d\u00e1st Praha 14\" \/>\n<meta name=\"twitter:card\" content=\"summary_large_image\" \/>\n<meta name=\"twitter:label1\" content=\"Written by\" \/>\n\t<meta name=\"twitter:data1\" content=\"M\u011bstsk\u00e1 \u010d\u00e1st Praha 14\" \/>\n\t<meta name=\"twitter:label2\" content=\"Est. reading time\" \/>\n\t<meta name=\"twitter:data2\" content=\"1 minuta\" \/>\n<script type=\"application\/ld+json\" class=\"yoast-schema-graph\">{\"@context\":\"https:\/\/schema.org\",\"@graph\":[{\"@type\":\"Article\",\"@id\":\"https:\/\/www.praha14.cz\/zivot-na-praze-14\/uzavirka-nedokoncene-objizdna-trasa-se-dotkne-i-busu-208\/#article\",\"isPartOf\":{\"@id\":\"https:\/\/www.praha14.cz\/zivot-na-praze-14\/uzavirka-nedokoncene-objizdna-trasa-se-dotkne-i-busu-208\/\"},\"author\":{\"name\":\"M\u011bstsk\u00e1 \u010d\u00e1st Praha 14\",\"@id\":\"https:\/\/www.praha14.cz\/zivot-na-praze-14\/#\/schema\/person\/1474cc87232cf4e8fd1ceb216decb2ce\"},\"headline\":\"Uzav\u00edrka Nedokon\u010den\u00e9 &#8211; obj\u00ed\u017e\u010fka i pro bus 208\",\"datePublished\":\"2022-07-12T15:41:15+00:00\",\"dateModified\":\"2022-07-13T12:01:41+00:00\",\"mainEntityOfPage\":{\"@id\":\"https:\/\/www.praha14.cz\/zivot-na-praze-14\/uzavirka-nedokoncene-objizdna-trasa-se-dotkne-i-busu-208\/\"},\"wordCount\":211,\"inLanguage\":\"cs\"},{\"@type\":\"WebPage\",\"@id\":\"https:\/\/www.praha14.cz\/zivot-na-praze-14\/uzavirka-nedokoncene-objizdna-trasa-se-dotkne-i-busu-208\/\",\"url\":\"https:\/\/www.praha14.cz\/zivot-na-praze-14\/uzavirka-nedokoncene-objizdna-trasa-se-dotkne-i-busu-208\/\",\"name\":\"Uzav\u00edrka Nedokon\u010den\u00e9 - obj\u00ed\u017e\u010fka i pro bus 208 - \u017divot na Praze 14\",\"isPartOf\":{\"@id\":\"https:\/\/www.praha14.cz\/zivot-na-praze-14\/#website\"},\"datePublished\":\"2022-07-12T15:41:15+00:00\",\"dateModified\":\"2022-07-13T12:01:41+00:00\",\"author\":{\"@id\":\"https:\/\/www.praha14.cz\/zivot-na-praze-14\/#\/schema\/person\/1474cc87232cf4e8fd1ceb216decb2ce\"},\"breadcrumb\":{\"@id\":\"https:\/\/www.praha14.cz\/zivot-na-praze-14\/uzavirka-nedokoncene-objizdna-trasa-se-dotkne-i-busu-208\/#breadcrumb\"},\"inLanguage\":\"cs\",\"potentialAction\":[{\"@type\":\"ReadAction\",\"target\":[\"https:\/\/www.praha14.cz\/zivot-na-praze-14\/uzavirka-nedokoncene-objizdna-trasa-se-dotkne-i-busu-208\/\"]}]},{\"@type\":\"BreadcrumbList\",\"@id\":\"https:\/\/www.praha14.cz\/zivot-na-praze-14\/uzavirka-nedokoncene-objizdna-trasa-se-dotkne-i-busu-208\/#breadcrumb\",\"itemListElement\":[{\"@type\":\"ListItem\",\"position\":1,\"name\":\"\u017divot na Praze 14\",\"item\":\"https:\/\/www.praha14.cz\/zivot-na-praze-14\/\"},{\"@type\":\"ListItem\",\"position\":2,\"name\":\"Uzav\u00edrka Nedokon\u010den\u00e9 &#8211; obj\u00ed\u017e\u010fka i pro bus 208\"}]},{\"@type\":\"WebSite\",\"@id\":\"https:\/\/www.praha14.cz\/zivot-na-praze-14\/#website\",\"url\":\"https:\/\/www.praha14.cz\/zivot-na-praze-14\/\",\"name\":\"\u017divot na Praze 14\",\"description\":\"\",\"potentialAction\":[{\"@type\":\"SearchAction\",\"target\":{\"@type\":\"EntryPoint\",\"urlTemplate\":\"https:\/\/www.praha14.cz\/zivot-na-praze-14\/?s={search_term_string}\"},\"query-input\":{\"@type\":\"PropertyValueSpecification\",\"valueRequired\":true,\"valueName\":\"search_term_string\"}}],\"inLanguage\":\"cs\"},{\"@type\":\"Person\",\"@id\":\"https:\/\/www.praha14.cz\/zivot-na-praze-14\/#\/schema\/person\/1474cc87232cf4e8fd1ceb216decb2ce\",\"name\":\"M\u011bstsk\u00e1 \u010d\u00e1st Praha 14\",\"image\":{\"@type\":\"ImageObject\",\"inLanguage\":\"cs\",\"@id\":\"https:\/\/secure.gravatar.com\/avatar\/e51dd751c5fcbc2776e05ea4f0dca77132897c8db7e45d2d1d7d428fc20c00ef?s=96&d=mm&r=g\",\"url\":\"https:\/\/secure.gravatar.com\/avatar\/e51dd751c5fcbc2776e05ea4f0dca77132897c8db7e45d2d1d7d428fc20c00ef?s=96&d=mm&r=g\",\"contentUrl\":\"https:\/\/secure.gravatar.com\/avatar\/e51dd751c5fcbc2776e05ea4f0dca77132897c8db7e45d2d1d7d428fc20c00ef?s=96&d=mm&r=g\",\"caption\":\"M\u011bstsk\u00e1 \u010d\u00e1st Praha 14\"},\"url\":\"https:\/\/www.praha14.cz\/zivot-na-praze-14\/author\/veronikaberna\/\"}]}<\/script>\n<!-- \/ Yoast SEO plugin. -->","yoast_head_json":{"title":"Uzav\u00edrka Nedokon\u010den\u00e9 - obj\u00ed\u017e\u010fka i pro bus 208 - \u017divot na Praze 14","robots":{"index":"index","follow":"follow","max-snippet":"max-snippet:-1","max-image-preview":"max-image-preview:large","max-video-preview":"max-video-preview:-1"},"canonical":"https:\/\/www.praha14.cz\/zivot-na-praze-14\/uzavirka-nedokoncene-objizdna-trasa-se-dotkne-i-busu-208\/","og_locale":"cs_CZ","og_type":"article","og_title":"Uzav\u00edrka Nedokon\u010den\u00e9 - obj\u00ed\u017e\u010fka i pro bus 208 - \u017divot na Praze 14","og_description":"Upozor\u0148ujeme \u0159idi\u010de a cestuj\u00edc\u00ed MHD na srpnovou uzav\u00edrku ulice Nedokon\u010den\u00e1. Z d\u016fvodu stavebn\u00edch prac\u00ed nebude komunikace pr\u016fjezdn\u00e1 od 1. do 14. 8. 2022. Po obj\u00edzdn\u00e9 trase bude vedena jak individu\u00e1ln\u00ed doprava, tak autobusov\u00e1 linka \u010d. 208. \u201eLinka 208 bude do\u010dasn\u011b vedena mezi \u0160t\u011brboholy a Doln\u00edmi Po\u010dernicemi p\u0159\u00edm\u011bj\u0161\u00ed trasou po ul. \u00dast\u0159edn\u00ed a N\u00e1rodn\u00edch hrdin\u016f. Vynech\u00e1...","og_url":"https:\/\/www.praha14.cz\/zivot-na-praze-14\/uzavirka-nedokoncene-objizdna-trasa-se-dotkne-i-busu-208\/","og_site_name":"\u017divot na Praze 14","article_published_time":"2022-07-12T15:41:15+00:00","article_modified_time":"2022-07-13T12:01:41+00:00","author":"M\u011bstsk\u00e1 \u010d\u00e1st Praha 14","twitter_card":"summary_large_image","twitter_misc":{"Written by":"M\u011bstsk\u00e1 \u010d\u00e1st Praha 14","Est. reading time":"1 minuta"},"schema":{"@context":"https:\/\/schema.org","@graph":[{"@type":"Article","@id":"https:\/\/www.praha14.cz\/zivot-na-praze-14\/uzavirka-nedokoncene-objizdna-trasa-se-dotkne-i-busu-208\/#article","isPartOf":{"@id":"https:\/\/www.praha14.cz\/zivot-na-praze-14\/uzavirka-nedokoncene-objizdna-trasa-se-dotkne-i-busu-208\/"},"author":{"name":"M\u011bstsk\u00e1 \u010d\u00e1st Praha 14","@id":"https:\/\/www.praha14.cz\/zivot-na-praze-14\/#\/schema\/person\/1474cc87232cf4e8fd1ceb216decb2ce"},"headline":"Uzav\u00edrka Nedokon\u010den\u00e9 &#8211; obj\u00ed\u017e\u010fka i pro bus 208","datePublished":"2022-07-12T15:41:15+00:00","dateModified":"2022-07-13T12:01:41+00:00","mainEntityOfPage":{"@id":"https:\/\/www.praha14.cz\/zivot-na-praze-14\/uzavirka-nedokoncene-objizdna-trasa-se-dotkne-i-busu-208\/"},"wordCount":211,"inLanguage":"cs"},{"@type":"WebPage","@id":"https:\/\/www.praha14.cz\/zivot-na-praze-14\/uzavirka-nedokoncene-objizdna-trasa-se-dotkne-i-busu-208\/","url":"https:\/\/www.praha14.cz\/zivot-na-praze-14\/uzavirka-nedokoncene-objizdna-trasa-se-dotkne-i-busu-208\/","name":"Uzav\u00edrka Nedokon\u010den\u00e9 - obj\u00ed\u017e\u010fka i pro bus 208 - \u017divot na Praze 14","isPartOf":{"@id":"https:\/\/www.praha14.cz\/zivot-na-praze-14\/#website"},"datePublished":"2022-07-12T15:41:15+00:00","dateModified":"2022-07-13T12:01:41+00:00","author":{"@id":"https:\/\/www.praha14.cz\/zivot-na-praze-14\/#\/schema\/person\/1474cc87232cf4e8fd1ceb216decb2ce"},"breadcrumb":{"@id":"https:\/\/www.praha14.cz\/zivot-na-praze-14\/uzavirka-nedokoncene-objizdna-trasa-se-dotkne-i-busu-208\/#breadcrumb"},"inLanguage":"cs","potentialAction":[{"@type":"ReadAction","target":["https:\/\/www.praha14.cz\/zivot-na-praze-14\/uzavirka-nedokoncene-objizdna-trasa-se-dotkne-i-busu-208\/"]}]},{"@type":"BreadcrumbList","@id":"https:\/\/www.praha14.cz\/zivot-na-praze-14\/uzavirka-nedokoncene-objizdna-trasa-se-dotkne-i-busu-208\/#breadcrumb","itemListElement":[{"@type":"ListItem","position":1,"name":"\u017divot na Praze 14","item":"https:\/\/www.praha14.cz\/zivot-na-praze-14\/"},{"@type":"ListItem","position":2,"name":"Uzav\u00edrka Nedokon\u010den\u00e9 &#8211; obj\u00ed\u017e\u010fka i pro bus 208"}]},{"@type":"WebSite","@id":"https:\/\/www.praha14.cz\/zivot-na-praze-14\/#website","url":"https:\/\/www.praha14.cz\/zivot-na-praze-14\/","name":"\u017divot na Praze 14","description":"","potentialAction":[{"@type":"SearchAction","target":{"@type":"EntryPoint","urlTemplate":"https:\/\/www.praha14.cz\/zivot-na-praze-14\/?s={search_term_string}"},"query-input":{"@type":"PropertyValueSpecification","valueRequired":true,"valueName":"search_term_string"}}],"inLanguage":"cs"},{"@type":"Person","@id":"https:\/\/www.praha14.cz\/zivot-na-praze-14\/#\/schema\/person\/1474cc87232cf4e8fd1ceb216decb2ce","name":"M\u011bstsk\u00e1 \u010d\u00e1st Praha 14","image":{"@type":"ImageObject","inLanguage":"cs","@id":"https:\/\/secure.gravatar.com\/avatar\/e51dd751c5fcbc2776e05ea4f0dca77132897c8db7e45d2d1d7d428fc20c00ef?s=96&d=mm&r=g","url":"https:\/\/secure.gravatar.com\/avatar\/e51dd751c5fcbc2776e05ea4f0dca77132897c8db7e45d2d1d7d428fc20c00ef?s=96&d=mm&r=g","contentUrl":"https:\/\/secure.gravatar.com\/avatar\/e51dd751c5fcbc2776e05ea4f0dca77132897c8db7e45d2d1d7d428fc20c00ef?s=96&d=mm&r=g","caption":"M\u011bstsk\u00e1 \u010d\u00e1st Praha 14"},"url":"https:\/\/www.praha14.cz\/zivot-na-praze-14\/author\/veronikaberna\/"}]}},"_links":{"self":[{"href":"https:\/\/www.praha14.cz\/zivot-na-praze-14\/wp-json\/wp\/v2\/posts\/63480","targetHints":{"allow":["GET"]}}],"collection":[{"href":"https:\/\/www.praha14.cz\/zivot-na-praze-14\/wp-json\/wp\/v2\/posts"}],"about":[{"href":"https:\/\/www.praha14.cz\/zivot-na-praze-14\/wp-json\/wp\/v2\/types\/post"}],"author":[{"embeddable":true,"href":"https:\/\/www.praha14.cz\/zivot-na-praze-14\/wp-json\/wp\/v2\/users\/6"}],"replies":[{"embeddable":true,"href":"https:\/\/www.praha14.cz\/zivot-na-praze-14\/wp-json\/wp\/v2\/comments?post=63480"}],"version-history":[{"count":5,"href":"https:\/\/www.praha14.cz\/zivot-na-praze-14\/wp-json\/wp\/v2\/posts\/63480\/revisions"}],"predecessor-version":[{"id":63708,"href":"https:\/\/www.praha14.cz\/zivot-na-praze-14\/wp-json\/wp\/v2\/posts\/63480\/revisions\/63708"}],"wp:attachment":[{"href":"https:\/\/www.praha14.cz\/zivot-na-praze-14\/wp-json\/wp\/v2\/media?parent=63480"}],"wp:term":[{"taxonomy":"category","embeddable":true,"href":"https:\/\/www.praha14.cz\/zivot-na-praze-14\/wp-json\/wp\/v2\/categories?post=63480"},{"taxonomy":"post_tag","embeddable":true,"href":"https:\/\/www.praha14.cz\/zivot-na-praze-14\/wp-json\/wp\/v2\/tags?post=63480"}],"curies":[{"name":"wp","href":"https:\/\/api.w.org\/{rel}","templated":true}]}}