{"id":65439,"date":"2022-12-02T10:02:43","date_gmt":"2022-12-02T10:02:43","guid":{"rendered":"https:\/\/www.praha14.cz\/zivot-na-praze-14\/?p=65439"},"modified":"2022-12-02T10:03:14","modified_gmt":"2022-12-02T10:03:14","slug":"podjezd-v-ul-k-viaduktu-by-mel-byt-otevren-po-10-12","status":"publish","type":"post","link":"https:\/\/www.praha14.cz\/zivot-na-praze-14\/podjezd-v-ul-k-viaduktu-by-mel-byt-otevren-po-10-12\/","title":{"rendered":"Podjezd by m\u011bl b\u00fdt otev\u0159en po 10. 12."},"content":{"rendered":"<p>Uzav\u0159en\u00ed \u017eelezni\u010dn\u00edch podjezd\u016f, kter\u00e9 souvis\u00ed s\u00a0aktu\u00e1ln\u011b prov\u00e1d\u011bnou modernizac\u00ed trat\u011b Mst\u011btice \u2013 Praha &#8211; Vyso\u010dany, dlouhodob\u011b tr\u00e1p\u00ed zejm\u00e9na obyvatele Hut\u00ed. Jako velk\u00fd probl\u00e9m lid\u00e9 vn\u00edmaj\u00ed p\u0159edev\u0161\u00edm uzav\u0159en\u00ed podjezdu mezi ulicemi Svatoj\u00e1nsk\u00e1 a K\u00a0Viaduktu, kter\u00e9 se nav\u00edc oproti p\u016fvodn\u00edmu harmonogramu prot\u00e1hlo. Podle posledn\u00edch informac\u00ed od zhotovitele stavby, spole\u010dnosti Subterra, bude 8. 12. 2022 v\u00a0podjezdu polo\u017een provizorn\u00ed asfaltov\u00fd povrch a <strong>po 10. 12. by m\u011bl b\u00fdt viadukt otev\u0159en<\/strong>. <strong>\u201eVyu\u017e\u00edvat jej budou moci p\u011b\u0161\u00ed a omezen\u011b i vozidla, p\u0159i\u010dem\u017e omezen\u00ed se bude t\u00fdkat zejm\u00e9na tranzitn\u00ed dopravy.<\/strong> Na ned\u00e1vn\u00e9m ve\u0159ejn\u00e9m projedn\u00e1n\u00ed, na n\u011bm\u017e se \u0159e\u0161ilo i toto t\u00e9ma, \u0159ada lid\u00ed \u017eij\u00edc\u00edch v oblasti poukazovala na velkou dopravn\u00ed z\u00e1t\u011b\u017e v obytn\u00fdch z\u00f3n\u00e1ch zp\u016fsobenou pr\u00e1v\u011b tranzitem, resp. \u0159idi\u010di, kte\u0159\u00ed si tudy za b\u011b\u017en\u00fdch okolnost\u00ed zkracuj\u00ed cestu. Zazn\u011bly po\u017eadavky na zachov\u00e1n\u00ed pr\u016fjezdu pouze pro rezidenty. Z\u00e1kon o provozu na pozemn\u00edch komunikac\u00edch v\u0161ak slovo rezident nezn\u00e1, proto jsme hledali jin\u00fd zp\u016fsob, jak vyhov\u011bt. Poda\u0159ilo se n\u00e1m dohodnout do\u010dasn\u00e9 um\u00edst\u011bn\u00ed dopravn\u00edho zna\u010den\u00ed, kter\u00e9 umo\u017en\u00ed pr\u016fjezd obyvatel\u016fm Hut\u00ed a Rajsk\u00e9 zahrady, integrovan\u00e9mu z\u00e1chrann\u00e9mu syst\u00e9mu, p\u0159\u00edpadn\u011b \u0159idi\u010d\u016fm, kte\u0159\u00ed do oblasti jedou za \u00fa\u010delem poskytov\u00e1n\u00ed slu\u017eeb \u2013 nap\u0159\u00edklad oprav\u00e1\u0159\u016fm, \u00fadr\u017eb\u00e1\u0159\u016fm, z\u00e1silkov\u00fdm slu\u017eb\u00e1m \u010di taxik\u00e1\u0159\u016fm. Na v\u0161echny tyto situace pamatuje dodatkov\u00e1 tabulka \u201adopravn\u00ed obsluha\u2018, kter\u00e1 bude u podjezdu um\u00edst\u011bna spolu se zna\u010dkou B11 Z\u00e1kaz vjezdu v\u0161ech motorov\u00fdch vozidel,\u201c uvedla m\u00edstostarostka Prahy 14 So\u0148a Tom\u00e1nkov\u00e1, kter\u00e1 m\u00e1 dopravu v Praze 14 ve sv\u00e9 gesci.<\/p>\n<p>Nutno dodat, \u017ee p\u0159ipravovan\u00e9 otev\u0159en\u00ed podjezdu, nebude fin\u00e1ln\u00ed. Na ja\u0159e se pracovn\u00edci realiza\u010dn\u00ed firmy na m\u00edsto vr\u00e1t\u00ed, aby dokon\u010dili p\u0159elo\u017eku plynovodu a vodovodu, co\u017e si vy\u017e\u00e1d\u00e1 dal\u0161\u00ed uzav\u00edrku. \u201eUv\u011bdomujeme si, jak slo\u017eit\u00e1 situace pro m\u00edstn\u00ed je a nebereme ji na lehkou v\u00e1hu. I proto <strong>na leden pl\u00e1nujeme dal\u0161\u00ed ve\u0159ejn\u00e9 projedn\u00e1n\u00ed<\/strong>, na n\u011bm\u017e se bude dopravn\u00ed situace v\u00a0oblasti \u0159e\u0161it. Term\u00edn projedn\u00e1n\u00ed v\u010das zve\u0159ejn\u00edme,\u201c dodala m\u00edstostarostka Tom\u00e1nkov\u00e1.<\/p>\n<p>Dal\u0161\u00ed podchod \/ podjezd pod \u017eeleznic\u00ed je v ulici K Hut\u00edm. Pr\u016fchod pro p\u011b\u0161\u00ed je ji\u017e umo\u017en\u011bn bez omezen\u00ed, mo\u017enost pr\u016fjezdu aut bude patrn\u011b obnovena nejd\u0159\u00edve v kv\u011btnu 2023 (ve stejn\u00e9m re\u017eimu jako p\u0159ed rekonstrukc\u00ed). Co se t\u00fdk\u00e1 podchodu za prodejnou Mountfield, resp. za ulic\u00ed Skorkovsk\u00e1, ten dosud slou\u017e\u00ed pouze pro p\u011b\u0161\u00ed. P\u0159esto\u017ee moment\u00e1ln\u011b pr\u016fchod mo\u017en\u00fd je, nelze jej doporu\u010dit kv\u016fli nezpevn\u011bn\u00e9mu, bahnit\u00e9mu ter\u00e9nu. Dle zhotovitele stavby zva\u017euje hlavn\u00ed m\u011bsto Praha, pota\u017emo Spr\u00e1va \u017eeleznic, na m\u00edsto polo\u017eit provizorn\u00ed \u0161t\u011brkov\u00fd povrch \u010di dr\u0165.<\/p>\n<p>Investorem modernizace trati a v\u0161ech s\u00a0n\u00ed souvisej\u00edc\u00edch prac\u00ed je Spr\u00e1va \u017eeleznic.<\/p>\n<p style=\"text-align: right;\">Zve\u0159ejn\u011bno: 2. 12. 2022<\/p>\n<p>&nbsp;<\/p>\n","protected":false},"excerpt":{"rendered":"<p>Uzav\u0159en\u00ed \u017eelezni\u010dn\u00edch podjezd\u016f, kter\u00e9 souvis\u00ed s\u00a0aktu\u00e1ln\u011b prov\u00e1d\u011bnou modernizac\u00ed trat\u011b Mst\u011btice \u2013 Praha &#8211; Vyso\u010dany, dlouhodob\u011b tr\u00e1p\u00ed zejm\u00e9na obyvatele Hut\u00ed. Jako velk\u00fd probl\u00e9m lid\u00e9 vn\u00edmaj\u00ed p\u0159edev\u0161\u00edm uzav\u0159en\u00ed podjezdu mezi ulicemi Svatoj\u00e1nsk\u00e1 a K\u00a0Viaduktu, kter\u00e9 se nav\u00edc oproti p\u016fvodn\u00edmu harmonogramu prot\u00e1hlo. Podle posledn\u00edch informac\u00ed od zhotovitele stavby, spole\u010dnosti Subterra, bude 8. 12. 2022 v\u00a0podjezdu polo\u017een provizorn\u00ed asfaltov\u00fd&#8230;<\/p>\n","protected":false},"author":6,"featured_media":0,"comment_status":"closed","ping_status":"closed","sticky":true,"template":"","format":"standard","meta":{"_acf_changed":false,"footnotes":""},"categories":[1],"tags":[],"class_list":["post-65439","post","type-post","status-publish","format-standard","hentry","category-nezarazene"],"acf":[],"geo":null,"yoast_head":"<!-- This site is optimized with the Yoast SEO plugin v27.2 - https:\/\/yoast.com\/product\/yoast-seo-wordpress\/ -->\n<title>Podjezd by m\u011bl b\u00fdt otev\u0159en po 10. 12. - \u017divot na Praze 14<\/title>\n<meta name=\"robots\" content=\"index, follow, max-snippet:-1, max-image-preview:large, max-video-preview:-1\" \/>\n<link rel=\"canonical\" href=\"https:\/\/www.praha14.cz\/zivot-na-praze-14\/podjezd-v-ul-k-viaduktu-by-mel-byt-otevren-po-10-12\/\" \/>\n<meta property=\"og:locale\" content=\"cs_CZ\" \/>\n<meta property=\"og:type\" content=\"article\" \/>\n<meta property=\"og:title\" content=\"Podjezd by m\u011bl b\u00fdt otev\u0159en po 10. 12. - \u017divot na Praze 14\" \/>\n<meta property=\"og:description\" content=\"Uzav\u0159en\u00ed \u017eelezni\u010dn\u00edch podjezd\u016f, kter\u00e9 souvis\u00ed s\u00a0aktu\u00e1ln\u011b prov\u00e1d\u011bnou modernizac\u00ed trat\u011b Mst\u011btice \u2013 Praha &#8211; Vyso\u010dany, dlouhodob\u011b tr\u00e1p\u00ed zejm\u00e9na obyvatele Hut\u00ed. Jako velk\u00fd probl\u00e9m lid\u00e9 vn\u00edmaj\u00ed p\u0159edev\u0161\u00edm uzav\u0159en\u00ed podjezdu mezi ulicemi Svatoj\u00e1nsk\u00e1 a K\u00a0Viaduktu, kter\u00e9 se nav\u00edc oproti p\u016fvodn\u00edmu harmonogramu prot\u00e1hlo. Podle posledn\u00edch informac\u00ed od zhotovitele stavby, spole\u010dnosti Subterra, bude 8. 12. 2022 v\u00a0podjezdu polo\u017een provizorn\u00ed asfaltov\u00fd...\" \/>\n<meta property=\"og:url\" content=\"https:\/\/www.praha14.cz\/zivot-na-praze-14\/podjezd-v-ul-k-viaduktu-by-mel-byt-otevren-po-10-12\/\" \/>\n<meta property=\"og:site_name\" content=\"\u017divot na Praze 14\" \/>\n<meta property=\"article:published_time\" content=\"2022-12-02T10:02:43+00:00\" \/>\n<meta property=\"article:modified_time\" content=\"2022-12-02T10:03:14+00:00\" \/>\n<meta name=\"author\" content=\"M\u011bstsk\u00e1 \u010d\u00e1st Praha 14\" \/>\n<meta name=\"twitter:card\" content=\"summary_large_image\" \/>\n<meta name=\"twitter:label1\" content=\"Written by\" \/>\n\t<meta name=\"twitter:data1\" content=\"M\u011bstsk\u00e1 \u010d\u00e1st Praha 14\" \/>\n\t<meta name=\"twitter:label2\" content=\"Est. reading time\" \/>\n\t<meta name=\"twitter:data2\" content=\"3 minuty\" \/>\n<script type=\"application\/ld+json\" class=\"yoast-schema-graph\">{\"@context\":\"https:\/\/schema.org\",\"@graph\":[{\"@type\":\"Article\",\"@id\":\"https:\/\/www.praha14.cz\/zivot-na-praze-14\/podjezd-v-ul-k-viaduktu-by-mel-byt-otevren-po-10-12\/#article\",\"isPartOf\":{\"@id\":\"https:\/\/www.praha14.cz\/zivot-na-praze-14\/podjezd-v-ul-k-viaduktu-by-mel-byt-otevren-po-10-12\/\"},\"author\":{\"name\":\"M\u011bstsk\u00e1 \u010d\u00e1st Praha 14\",\"@id\":\"https:\/\/www.praha14.cz\/zivot-na-praze-14\/#\/schema\/person\/1474cc87232cf4e8fd1ceb216decb2ce\"},\"headline\":\"Podjezd by m\u011bl b\u00fdt otev\u0159en po 10. 12.\",\"datePublished\":\"2022-12-02T10:02:43+00:00\",\"dateModified\":\"2022-12-02T10:03:14+00:00\",\"mainEntityOfPage\":{\"@id\":\"https:\/\/www.praha14.cz\/zivot-na-praze-14\/podjezd-v-ul-k-viaduktu-by-mel-byt-otevren-po-10-12\/\"},\"wordCount\":544,\"inLanguage\":\"cs\"},{\"@type\":\"WebPage\",\"@id\":\"https:\/\/www.praha14.cz\/zivot-na-praze-14\/podjezd-v-ul-k-viaduktu-by-mel-byt-otevren-po-10-12\/\",\"url\":\"https:\/\/www.praha14.cz\/zivot-na-praze-14\/podjezd-v-ul-k-viaduktu-by-mel-byt-otevren-po-10-12\/\",\"name\":\"Podjezd by m\u011bl b\u00fdt otev\u0159en po 10. 12. - \u017divot na Praze 14\",\"isPartOf\":{\"@id\":\"https:\/\/www.praha14.cz\/zivot-na-praze-14\/#website\"},\"datePublished\":\"2022-12-02T10:02:43+00:00\",\"dateModified\":\"2022-12-02T10:03:14+00:00\",\"author\":{\"@id\":\"https:\/\/www.praha14.cz\/zivot-na-praze-14\/#\/schema\/person\/1474cc87232cf4e8fd1ceb216decb2ce\"},\"breadcrumb\":{\"@id\":\"https:\/\/www.praha14.cz\/zivot-na-praze-14\/podjezd-v-ul-k-viaduktu-by-mel-byt-otevren-po-10-12\/#breadcrumb\"},\"inLanguage\":\"cs\",\"potentialAction\":[{\"@type\":\"ReadAction\",\"target\":[\"https:\/\/www.praha14.cz\/zivot-na-praze-14\/podjezd-v-ul-k-viaduktu-by-mel-byt-otevren-po-10-12\/\"]}]},{\"@type\":\"BreadcrumbList\",\"@id\":\"https:\/\/www.praha14.cz\/zivot-na-praze-14\/podjezd-v-ul-k-viaduktu-by-mel-byt-otevren-po-10-12\/#breadcrumb\",\"itemListElement\":[{\"@type\":\"ListItem\",\"position\":1,\"name\":\"\u017divot na Praze 14\",\"item\":\"https:\/\/www.praha14.cz\/zivot-na-praze-14\/\"},{\"@type\":\"ListItem\",\"position\":2,\"name\":\"Podjezd by m\u011bl b\u00fdt otev\u0159en po 10. 12.\"}]},{\"@type\":\"WebSite\",\"@id\":\"https:\/\/www.praha14.cz\/zivot-na-praze-14\/#website\",\"url\":\"https:\/\/www.praha14.cz\/zivot-na-praze-14\/\",\"name\":\"\u017divot na Praze 14\",\"description\":\"\",\"potentialAction\":[{\"@type\":\"SearchAction\",\"target\":{\"@type\":\"EntryPoint\",\"urlTemplate\":\"https:\/\/www.praha14.cz\/zivot-na-praze-14\/?s={search_term_string}\"},\"query-input\":{\"@type\":\"PropertyValueSpecification\",\"valueRequired\":true,\"valueName\":\"search_term_string\"}}],\"inLanguage\":\"cs\"},{\"@type\":\"Person\",\"@id\":\"https:\/\/www.praha14.cz\/zivot-na-praze-14\/#\/schema\/person\/1474cc87232cf4e8fd1ceb216decb2ce\",\"name\":\"M\u011bstsk\u00e1 \u010d\u00e1st Praha 14\",\"image\":{\"@type\":\"ImageObject\",\"inLanguage\":\"cs\",\"@id\":\"https:\/\/secure.gravatar.com\/avatar\/e51dd751c5fcbc2776e05ea4f0dca77132897c8db7e45d2d1d7d428fc20c00ef?s=96&d=mm&r=g\",\"url\":\"https:\/\/secure.gravatar.com\/avatar\/e51dd751c5fcbc2776e05ea4f0dca77132897c8db7e45d2d1d7d428fc20c00ef?s=96&d=mm&r=g\",\"contentUrl\":\"https:\/\/secure.gravatar.com\/avatar\/e51dd751c5fcbc2776e05ea4f0dca77132897c8db7e45d2d1d7d428fc20c00ef?s=96&d=mm&r=g\",\"caption\":\"M\u011bstsk\u00e1 \u010d\u00e1st Praha 14\"},\"url\":\"https:\/\/www.praha14.cz\/zivot-na-praze-14\/author\/veronikaberna\/\"}]}<\/script>\n<!-- \/ Yoast SEO plugin. -->","yoast_head_json":{"title":"Podjezd by m\u011bl b\u00fdt otev\u0159en po 10. 12. - \u017divot na Praze 14","robots":{"index":"index","follow":"follow","max-snippet":"max-snippet:-1","max-image-preview":"max-image-preview:large","max-video-preview":"max-video-preview:-1"},"canonical":"https:\/\/www.praha14.cz\/zivot-na-praze-14\/podjezd-v-ul-k-viaduktu-by-mel-byt-otevren-po-10-12\/","og_locale":"cs_CZ","og_type":"article","og_title":"Podjezd by m\u011bl b\u00fdt otev\u0159en po 10. 12. - \u017divot na Praze 14","og_description":"Uzav\u0159en\u00ed \u017eelezni\u010dn\u00edch podjezd\u016f, kter\u00e9 souvis\u00ed s\u00a0aktu\u00e1ln\u011b prov\u00e1d\u011bnou modernizac\u00ed trat\u011b Mst\u011btice \u2013 Praha &#8211; Vyso\u010dany, dlouhodob\u011b tr\u00e1p\u00ed zejm\u00e9na obyvatele Hut\u00ed. Jako velk\u00fd probl\u00e9m lid\u00e9 vn\u00edmaj\u00ed p\u0159edev\u0161\u00edm uzav\u0159en\u00ed podjezdu mezi ulicemi Svatoj\u00e1nsk\u00e1 a K\u00a0Viaduktu, kter\u00e9 se nav\u00edc oproti p\u016fvodn\u00edmu harmonogramu prot\u00e1hlo. Podle posledn\u00edch informac\u00ed od zhotovitele stavby, spole\u010dnosti Subterra, bude 8. 12. 2022 v\u00a0podjezdu polo\u017een provizorn\u00ed asfaltov\u00fd...","og_url":"https:\/\/www.praha14.cz\/zivot-na-praze-14\/podjezd-v-ul-k-viaduktu-by-mel-byt-otevren-po-10-12\/","og_site_name":"\u017divot na Praze 14","article_published_time":"2022-12-02T10:02:43+00:00","article_modified_time":"2022-12-02T10:03:14+00:00","author":"M\u011bstsk\u00e1 \u010d\u00e1st Praha 14","twitter_card":"summary_large_image","twitter_misc":{"Written by":"M\u011bstsk\u00e1 \u010d\u00e1st Praha 14","Est. reading time":"3 minuty"},"schema":{"@context":"https:\/\/schema.org","@graph":[{"@type":"Article","@id":"https:\/\/www.praha14.cz\/zivot-na-praze-14\/podjezd-v-ul-k-viaduktu-by-mel-byt-otevren-po-10-12\/#article","isPartOf":{"@id":"https:\/\/www.praha14.cz\/zivot-na-praze-14\/podjezd-v-ul-k-viaduktu-by-mel-byt-otevren-po-10-12\/"},"author":{"name":"M\u011bstsk\u00e1 \u010d\u00e1st Praha 14","@id":"https:\/\/www.praha14.cz\/zivot-na-praze-14\/#\/schema\/person\/1474cc87232cf4e8fd1ceb216decb2ce"},"headline":"Podjezd by m\u011bl b\u00fdt otev\u0159en po 10. 12.","datePublished":"2022-12-02T10:02:43+00:00","dateModified":"2022-12-02T10:03:14+00:00","mainEntityOfPage":{"@id":"https:\/\/www.praha14.cz\/zivot-na-praze-14\/podjezd-v-ul-k-viaduktu-by-mel-byt-otevren-po-10-12\/"},"wordCount":544,"inLanguage":"cs"},{"@type":"WebPage","@id":"https:\/\/www.praha14.cz\/zivot-na-praze-14\/podjezd-v-ul-k-viaduktu-by-mel-byt-otevren-po-10-12\/","url":"https:\/\/www.praha14.cz\/zivot-na-praze-14\/podjezd-v-ul-k-viaduktu-by-mel-byt-otevren-po-10-12\/","name":"Podjezd by m\u011bl b\u00fdt otev\u0159en po 10. 12. - \u017divot na Praze 14","isPartOf":{"@id":"https:\/\/www.praha14.cz\/zivot-na-praze-14\/#website"},"datePublished":"2022-12-02T10:02:43+00:00","dateModified":"2022-12-02T10:03:14+00:00","author":{"@id":"https:\/\/www.praha14.cz\/zivot-na-praze-14\/#\/schema\/person\/1474cc87232cf4e8fd1ceb216decb2ce"},"breadcrumb":{"@id":"https:\/\/www.praha14.cz\/zivot-na-praze-14\/podjezd-v-ul-k-viaduktu-by-mel-byt-otevren-po-10-12\/#breadcrumb"},"inLanguage":"cs","potentialAction":[{"@type":"ReadAction","target":["https:\/\/www.praha14.cz\/zivot-na-praze-14\/podjezd-v-ul-k-viaduktu-by-mel-byt-otevren-po-10-12\/"]}]},{"@type":"BreadcrumbList","@id":"https:\/\/www.praha14.cz\/zivot-na-praze-14\/podjezd-v-ul-k-viaduktu-by-mel-byt-otevren-po-10-12\/#breadcrumb","itemListElement":[{"@type":"ListItem","position":1,"name":"\u017divot na Praze 14","item":"https:\/\/www.praha14.cz\/zivot-na-praze-14\/"},{"@type":"ListItem","position":2,"name":"Podjezd by m\u011bl b\u00fdt otev\u0159en po 10. 12."}]},{"@type":"WebSite","@id":"https:\/\/www.praha14.cz\/zivot-na-praze-14\/#website","url":"https:\/\/www.praha14.cz\/zivot-na-praze-14\/","name":"\u017divot na Praze 14","description":"","potentialAction":[{"@type":"SearchAction","target":{"@type":"EntryPoint","urlTemplate":"https:\/\/www.praha14.cz\/zivot-na-praze-14\/?s={search_term_string}"},"query-input":{"@type":"PropertyValueSpecification","valueRequired":true,"valueName":"search_term_string"}}],"inLanguage":"cs"},{"@type":"Person","@id":"https:\/\/www.praha14.cz\/zivot-na-praze-14\/#\/schema\/person\/1474cc87232cf4e8fd1ceb216decb2ce","name":"M\u011bstsk\u00e1 \u010d\u00e1st Praha 14","image":{"@type":"ImageObject","inLanguage":"cs","@id":"https:\/\/secure.gravatar.com\/avatar\/e51dd751c5fcbc2776e05ea4f0dca77132897c8db7e45d2d1d7d428fc20c00ef?s=96&d=mm&r=g","url":"https:\/\/secure.gravatar.com\/avatar\/e51dd751c5fcbc2776e05ea4f0dca77132897c8db7e45d2d1d7d428fc20c00ef?s=96&d=mm&r=g","contentUrl":"https:\/\/secure.gravatar.com\/avatar\/e51dd751c5fcbc2776e05ea4f0dca77132897c8db7e45d2d1d7d428fc20c00ef?s=96&d=mm&r=g","caption":"M\u011bstsk\u00e1 \u010d\u00e1st Praha 14"},"url":"https:\/\/www.praha14.cz\/zivot-na-praze-14\/author\/veronikaberna\/"}]}},"_links":{"self":[{"href":"https:\/\/www.praha14.cz\/zivot-na-praze-14\/wp-json\/wp\/v2\/posts\/65439","targetHints":{"allow":["GET"]}}],"collection":[{"href":"https:\/\/www.praha14.cz\/zivot-na-praze-14\/wp-json\/wp\/v2\/posts"}],"about":[{"href":"https:\/\/www.praha14.cz\/zivot-na-praze-14\/wp-json\/wp\/v2\/types\/post"}],"author":[{"embeddable":true,"href":"https:\/\/www.praha14.cz\/zivot-na-praze-14\/wp-json\/wp\/v2\/users\/6"}],"replies":[{"embeddable":true,"href":"https:\/\/www.praha14.cz\/zivot-na-praze-14\/wp-json\/wp\/v2\/comments?post=65439"}],"version-history":[{"count":2,"href":"https:\/\/www.praha14.cz\/zivot-na-praze-14\/wp-json\/wp\/v2\/posts\/65439\/revisions"}],"predecessor-version":[{"id":65443,"href":"https:\/\/www.praha14.cz\/zivot-na-praze-14\/wp-json\/wp\/v2\/posts\/65439\/revisions\/65443"}],"wp:attachment":[{"href":"https:\/\/www.praha14.cz\/zivot-na-praze-14\/wp-json\/wp\/v2\/media?parent=65439"}],"wp:term":[{"taxonomy":"category","embeddable":true,"href":"https:\/\/www.praha14.cz\/zivot-na-praze-14\/wp-json\/wp\/v2\/categories?post=65439"},{"taxonomy":"post_tag","embeddable":true,"href":"https:\/\/www.praha14.cz\/zivot-na-praze-14\/wp-json\/wp\/v2\/tags?post=65439"}],"curies":[{"name":"wp","href":"https:\/\/api.w.org\/{rel}","templated":true}]}}