{"id":65874,"date":"2023-01-24T07:55:31","date_gmt":"2023-01-24T07:55:31","guid":{"rendered":"https:\/\/www.praha14.cz\/zivot-na-praze-14\/?p=65874"},"modified":"2023-01-24T09:07:53","modified_gmt":"2023-01-24T09:07:53","slug":"antifetfest-2023-natacejte-a-hlaste-se","status":"publish","type":"post","link":"https:\/\/www.praha14.cz\/zivot-na-praze-14\/antifetfest-2023-natacejte-a-hlaste-se\/","title":{"rendered":"Antifetfest 2023. Nat\u00e1\u010dejte a hlaste se!"},"content":{"rendered":"<p>Dal\u0161\u00ed ro\u010dn\u00edk sout\u011b\u017en\u00edho festivalu <strong><a href=\"http:\/\/2023.antifetfest.cz\/\" target=\"_blank\" rel=\"noopener\">Antifetfest<\/a><\/strong> je tu! Dnes ji\u017e tradi\u010dn\u00ed p\u0159ehl\u00eddka \u017e\u00e1kovsk\u00fdch a studentsk\u00fdch film\u016f se zam\u011b\u0159uje na pal\u010div\u00e1 t\u00e9mata dne\u0161n\u00ed doby \u2013 kriminalitu, drogy, \u0161ikanu, dom\u00e1c\u00ed n\u00e1sil\u00ed, z\u00e1\u0161kol\u00e1ctv\u00ed a dal\u0161\u00ed patologick\u00e9 jevy. A pr\u00e1v\u011b te\u010f je ten spr\u00e1vn\u00fd \u010das se do n\u00ed p\u0159ihl\u00e1sit. \u0160koly, \u0161kolsk\u00e1 za\u0159\u00edzen\u00ed a n\u00edzkoprahov\u00e9 kluby mohou do sout\u011b\u017ee vyslat jednotlivce nebo skupiny maxim\u00e1ln\u011b 5 tv\u016frc\u016f. Sout\u011b\u017e\u00ed se ve dvou kategori\u00edch: \u017e\u00e1ci druh\u00e9ho stupn\u011b z\u00e1kladn\u00edch \u0161kol \u010di studenti ni\u017e\u0161\u00edch ro\u010dn\u00edk\u016f v\u00edcelet\u00fdch gymn\u00e1zi\u00ed a studenti st\u0159edn\u00edch \u0161kol nebo odborn\u00fdch u\u010dili\u0161\u0165. Do filmov\u00e9ho kl\u00e1n\u00ed lze poslat maxim\u00e1ln\u011b desetiminutov\u00fd sn\u00edmek tematicky odpov\u00eddaj\u00edc\u00ed zam\u011b\u0159en\u00ed festivalu.<\/p>\n<p>&nbsp;<\/p>\n<p>&nbsp;<\/p>\n<p><strong>Harmonogram sout\u011b\u017ee:<\/strong><\/p>\n<p><strong>Do 3. dubna 2023 <\/strong>\u2013 odevzd\u00e1n\u00ed sout\u011b\u017en\u00edch sn\u00edmk\u016f do obvodn\u00edch kol. Sn\u00edmek se odevzd\u00e1v\u00e1 protidrogov\u00e9 koordin\u00e1torce Prahy 14 elektronicky p\u0159es webovou \u00falo\u017enu. Vypln\u011bn\u00e9 a podepsan\u00e9 p\u0159ihl\u00e1\u0161ky sout\u011b\u017e\u00edc\u00ed odevzdaj\u00ed spolu s\u00a0filmem e-mailem.<br \/>\n<strong>Duben 2023<\/strong>\u2013 obvodn\u00ed kola (m\u011bsta, obce, m\u011bstsk\u00e9 \u010d\u00e1sti statut\u00e1rn\u00edch m\u011bst), slavnostn\u00ed prom\u00edt\u00e1n\u00ed a vyhl\u00e1\u0161en\u00ed v\u00fdsledk\u016f, odesl\u00e1n\u00ed v\u00edt\u011bzn\u00fdch sn\u00edmk\u016f do krajsk\u00e9 sout\u011b\u017ee.<br \/>\n<strong>Kv\u011bten 2023<\/strong>\u2013 internetov\u00e9 hlasov\u00e1n\u00ed pro kategorii Cena div\u00e1k\u016f.<br \/>\n<strong>\u010cerven 2023 <\/strong>\u2013 krajsk\u00e1 fin\u00e1le, slavnostn\u00ed prom\u00edt\u00e1n\u00ed a vyhl\u00e1\u0161en\u00ed v\u00fdsledk\u016f, odesl\u00e1n\u00ed v\u00edt\u011bzn\u00fdch sn\u00edmk\u016f do celorepublikov\u00e9ho fin\u00e1le.<br \/>\n<strong>\u0158\u00edjen 2023 <\/strong>\u2013 celorepublikov\u00e9 fin\u00e1le, slavnostn\u00ed prom\u00edt\u00e1n\u00ed a vyhl\u00e1\u0161en\u00ed v\u00fdsledk\u016f. Odm\u011b\u0148ov\u00e1n\u00ed \u00fa\u010dastn\u00edk\u016f.<\/p>\n<p>M\u010c Praha 14 m\u00e1 pro v\u00edt\u011bze oblastn\u00edho kola p\u0159ipraven\u00e9 ceny v podob\u011b p\u0159\u00edslu\u0161enstv\u00ed k tv\u016fr\u010d\u00ed \u010dinnosti, elektroniku, audiotechniku, propaga\u010dn\u00ed p\u0159edm\u011bty a dal\u0161\u00ed.<br \/>\nOdm\u011bn\u011bna bude tak\u00e9 ka\u017ed\u00e1 kontaktn\u00ed osoba za \u0161kolu\/\u0161kolsk\u00e9 za\u0159\u00edzen\u00ed\/NZDM za svou ochotu a \u010das v\u011bnovan\u00fd tv\u016fr\u010d\u00ed skupin\u011b.<\/p>\n<p><strong><a href=\"https:\/\/www.praha14.cz\/app\/uploads\/sites\/4\/2023\/01\/Prihlaska_a_podminky_AFF_2023_P14.doc\" target=\"_blank\" rel=\"noopener\">P\u0159ihl\u00e1\u0161ka do Antifefestu 2023<\/a><\/strong><\/p>\n<p>Antifetfest ka\u017edoro\u010dn\u011b vyhla\u0161uje m\u011bstsk\u00e1 \u010d\u00e1st Praha 12 ve spolupr\u00e1ci s\u00a0N\u00e1rodn\u00ed s\u00edt\u00ed Zdrav\u00fdch m\u011bst \u010cR. M\u010c Praha 14 se do akce zapojuje v\u00a0r\u00e1mci mezin\u00e1rodn\u00edho programu m\u00edstn\u00ed Agenda 21, kter\u00fd ji\u017e n\u011bkolik let \u00fasp\u011b\u0161n\u011b napl\u0148uje.<br \/>\nVidea m\u00edstn\u00edch \u017e\u00e1k\u016f z p\u0159ede\u0161l\u00fdch ro\u010dn\u00edk\u016f jsou k vid\u011bn\u00ed na str\u00e1nce v\u011bnovan\u00e9 kampani <strong><a href=\"https:\/\/www.praha14.cz\/zivot-na-praze-14\/respektuj-18\/\" target=\"_blank\" rel=\"noopener\">Respektuj 18<\/a><\/strong>!.<\/p>\n<p><a href=\"https:\/\/www.praha14.cz\/app\/uploads\/sites\/4\/2023\/01\/plakat-AFF-2023.jpg\" target=\"_blank\" rel=\"noopener\" data-rel=\"lightbox-image-0\" data-rl_title=\"\" data-rl_caption=\"\" title=\"\"><img loading=\"lazy\" decoding=\"async\" class=\"alignnone wp-image-65875 \" src=\"https:\/\/www.praha14.cz\/app\/uploads\/sites\/4\/2023\/01\/plakat-AFF-2023.jpg\" alt=\"\" width=\"340\" height=\"480\" srcset=\"https:\/\/www.praha14.cz\/app\/uploads\/sites\/4\/2023\/01\/plakat-AFF-2023.jpg 1241w, https:\/\/www.praha14.cz\/app\/uploads\/sites\/4\/2023\/01\/plakat-AFF-2023-262x370.jpg 262w, https:\/\/www.praha14.cz\/app\/uploads\/sites\/4\/2023\/01\/plakat-AFF-2023-725x1024.jpg 725w, https:\/\/www.praha14.cz\/app\/uploads\/sites\/4\/2023\/01\/plakat-AFF-2023-768x1085.jpg 768w, https:\/\/www.praha14.cz\/app\/uploads\/sites\/4\/2023\/01\/plakat-AFF-2023-1087x1536.jpg 1087w\" sizes=\"(max-width: 340px) 100vw, 340px\" \/><\/a><\/p>\n<p style=\"text-align: right;\">Zve\u0159ejn\u011bno: 24. ledna 2023<\/p>\n","protected":false},"excerpt":{"rendered":"<p>Dal\u0161\u00ed ro\u010dn\u00edk sout\u011b\u017en\u00edho festivalu Antifetfest je tu! Dnes ji\u017e tradi\u010dn\u00ed p\u0159ehl\u00eddka \u017e\u00e1kovsk\u00fdch a studentsk\u00fdch film\u016f se zam\u011b\u0159uje na pal\u010div\u00e1 t\u00e9mata dne\u0161n\u00ed doby \u2013 kriminalitu, drogy, \u0161ikanu, dom\u00e1c\u00ed n\u00e1sil\u00ed, z\u00e1\u0161kol\u00e1ctv\u00ed a dal\u0161\u00ed patologick\u00e9 jevy. A pr\u00e1v\u011b te\u010f je ten spr\u00e1vn\u00fd \u010das se do n\u00ed p\u0159ihl\u00e1sit. \u0160koly, \u0161kolsk\u00e1 za\u0159\u00edzen\u00ed a n\u00edzkoprahov\u00e9 kluby mohou do sout\u011b\u017ee vyslat jednotlivce&#8230;<\/p>\n","protected":false},"author":1057,"featured_media":0,"comment_status":"closed","ping_status":"closed","sticky":true,"template":"","format":"standard","meta":{"_acf_changed":false,"footnotes":""},"categories":[1],"tags":[],"class_list":["post-65874","post","type-post","status-publish","format-standard","hentry","category-nezarazene"],"acf":[],"geo":null,"yoast_head":"<!-- This site is optimized with the Yoast SEO plugin v27.2 - https:\/\/yoast.com\/product\/yoast-seo-wordpress\/ -->\n<title>Antifetfest 2023. Nat\u00e1\u010dejte a hlaste se! - \u017divot na Praze 14<\/title>\n<meta name=\"robots\" content=\"index, follow, max-snippet:-1, max-image-preview:large, max-video-preview:-1\" \/>\n<link rel=\"canonical\" href=\"https:\/\/www.praha14.cz\/zivot-na-praze-14\/antifetfest-2023-natacejte-a-hlaste-se\/\" \/>\n<meta property=\"og:locale\" content=\"cs_CZ\" \/>\n<meta property=\"og:type\" content=\"article\" \/>\n<meta property=\"og:title\" content=\"Antifetfest 2023. Nat\u00e1\u010dejte a hlaste se! - \u017divot na Praze 14\" \/>\n<meta property=\"og:description\" content=\"Dal\u0161\u00ed ro\u010dn\u00edk sout\u011b\u017en\u00edho festivalu Antifetfest je tu! Dnes ji\u017e tradi\u010dn\u00ed p\u0159ehl\u00eddka \u017e\u00e1kovsk\u00fdch a studentsk\u00fdch film\u016f se zam\u011b\u0159uje na pal\u010div\u00e1 t\u00e9mata dne\u0161n\u00ed doby \u2013 kriminalitu, drogy, \u0161ikanu, dom\u00e1c\u00ed n\u00e1sil\u00ed, z\u00e1\u0161kol\u00e1ctv\u00ed a dal\u0161\u00ed patologick\u00e9 jevy. A pr\u00e1v\u011b te\u010f je ten spr\u00e1vn\u00fd \u010das se do n\u00ed p\u0159ihl\u00e1sit. \u0160koly, \u0161kolsk\u00e1 za\u0159\u00edzen\u00ed a n\u00edzkoprahov\u00e9 kluby mohou do sout\u011b\u017ee vyslat jednotlivce...\" \/>\n<meta property=\"og:url\" content=\"https:\/\/www.praha14.cz\/zivot-na-praze-14\/antifetfest-2023-natacejte-a-hlaste-se\/\" \/>\n<meta property=\"og:site_name\" content=\"\u017divot na Praze 14\" \/>\n<meta property=\"article:published_time\" content=\"2023-01-24T07:55:31+00:00\" \/>\n<meta property=\"article:modified_time\" content=\"2023-01-24T09:07:53+00:00\" \/>\n<meta property=\"og:image\" content=\"https:\/\/www.praha14.cz\/app\/uploads\/sites\/4\/2023\/01\/plakat-AFF-2023.jpg\" \/>\n<meta name=\"author\" content=\"Odd\u011blen\u00ed komunikace\" \/>\n<meta name=\"twitter:card\" content=\"summary_large_image\" \/>\n<meta name=\"twitter:label1\" content=\"Written by\" \/>\n\t<meta name=\"twitter:data1\" content=\"Odd\u011blen\u00ed komunikace\" \/>\n\t<meta name=\"twitter:label2\" content=\"Est. reading time\" \/>\n\t<meta name=\"twitter:data2\" content=\"2 minuty\" \/>\n<script type=\"application\/ld+json\" class=\"yoast-schema-graph\">{\"@context\":\"https:\/\/schema.org\",\"@graph\":[{\"@type\":\"Article\",\"@id\":\"https:\/\/www.praha14.cz\/zivot-na-praze-14\/antifetfest-2023-natacejte-a-hlaste-se\/#article\",\"isPartOf\":{\"@id\":\"https:\/\/www.praha14.cz\/zivot-na-praze-14\/antifetfest-2023-natacejte-a-hlaste-se\/\"},\"author\":{\"name\":\"Odd\u011blen\u00ed komunikace\",\"@id\":\"https:\/\/www.praha14.cz\/zivot-na-praze-14\/#\/schema\/person\/127a1d778cbcf76b257f93fb8c42591c\"},\"headline\":\"Antifetfest 2023. Nat\u00e1\u010dejte a hlaste se!\",\"datePublished\":\"2023-01-24T07:55:31+00:00\",\"dateModified\":\"2023-01-24T09:07:53+00:00\",\"mainEntityOfPage\":{\"@id\":\"https:\/\/www.praha14.cz\/zivot-na-praze-14\/antifetfest-2023-natacejte-a-hlaste-se\/\"},\"wordCount\":419,\"image\":{\"@id\":\"https:\/\/www.praha14.cz\/zivot-na-praze-14\/antifetfest-2023-natacejte-a-hlaste-se\/#primaryimage\"},\"thumbnailUrl\":\"https:\/\/www.praha14.cz\/app\/uploads\/sites\/4\/2023\/01\/plakat-AFF-2023.jpg\",\"inLanguage\":\"cs\"},{\"@type\":\"WebPage\",\"@id\":\"https:\/\/www.praha14.cz\/zivot-na-praze-14\/antifetfest-2023-natacejte-a-hlaste-se\/\",\"url\":\"https:\/\/www.praha14.cz\/zivot-na-praze-14\/antifetfest-2023-natacejte-a-hlaste-se\/\",\"name\":\"Antifetfest 2023. Nat\u00e1\u010dejte a hlaste se! - \u017divot na Praze 14\",\"isPartOf\":{\"@id\":\"https:\/\/www.praha14.cz\/zivot-na-praze-14\/#website\"},\"primaryImageOfPage\":{\"@id\":\"https:\/\/www.praha14.cz\/zivot-na-praze-14\/antifetfest-2023-natacejte-a-hlaste-se\/#primaryimage\"},\"image\":{\"@id\":\"https:\/\/www.praha14.cz\/zivot-na-praze-14\/antifetfest-2023-natacejte-a-hlaste-se\/#primaryimage\"},\"thumbnailUrl\":\"https:\/\/www.praha14.cz\/app\/uploads\/sites\/4\/2023\/01\/plakat-AFF-2023.jpg\",\"datePublished\":\"2023-01-24T07:55:31+00:00\",\"dateModified\":\"2023-01-24T09:07:53+00:00\",\"author\":{\"@id\":\"https:\/\/www.praha14.cz\/zivot-na-praze-14\/#\/schema\/person\/127a1d778cbcf76b257f93fb8c42591c\"},\"breadcrumb\":{\"@id\":\"https:\/\/www.praha14.cz\/zivot-na-praze-14\/antifetfest-2023-natacejte-a-hlaste-se\/#breadcrumb\"},\"inLanguage\":\"cs\",\"potentialAction\":[{\"@type\":\"ReadAction\",\"target\":[\"https:\/\/www.praha14.cz\/zivot-na-praze-14\/antifetfest-2023-natacejte-a-hlaste-se\/\"]}]},{\"@type\":\"ImageObject\",\"inLanguage\":\"cs\",\"@id\":\"https:\/\/www.praha14.cz\/zivot-na-praze-14\/antifetfest-2023-natacejte-a-hlaste-se\/#primaryimage\",\"url\":\"https:\/\/www.praha14.cz\/app\/uploads\/sites\/4\/2023\/01\/plakat-AFF-2023.jpg\",\"contentUrl\":\"https:\/\/www.praha14.cz\/app\/uploads\/sites\/4\/2023\/01\/plakat-AFF-2023.jpg\"},{\"@type\":\"BreadcrumbList\",\"@id\":\"https:\/\/www.praha14.cz\/zivot-na-praze-14\/antifetfest-2023-natacejte-a-hlaste-se\/#breadcrumb\",\"itemListElement\":[{\"@type\":\"ListItem\",\"position\":1,\"name\":\"\u017divot na Praze 14\",\"item\":\"https:\/\/www.praha14.cz\/zivot-na-praze-14\/\"},{\"@type\":\"ListItem\",\"position\":2,\"name\":\"Antifetfest 2023. Nat\u00e1\u010dejte a hlaste se!\"}]},{\"@type\":\"WebSite\",\"@id\":\"https:\/\/www.praha14.cz\/zivot-na-praze-14\/#website\",\"url\":\"https:\/\/www.praha14.cz\/zivot-na-praze-14\/\",\"name\":\"\u017divot na Praze 14\",\"description\":\"\",\"potentialAction\":[{\"@type\":\"SearchAction\",\"target\":{\"@type\":\"EntryPoint\",\"urlTemplate\":\"https:\/\/www.praha14.cz\/zivot-na-praze-14\/?s={search_term_string}\"},\"query-input\":{\"@type\":\"PropertyValueSpecification\",\"valueRequired\":true,\"valueName\":\"search_term_string\"}}],\"inLanguage\":\"cs\"},{\"@type\":\"Person\",\"@id\":\"https:\/\/www.praha14.cz\/zivot-na-praze-14\/#\/schema\/person\/127a1d778cbcf76b257f93fb8c42591c\",\"name\":\"Odd\u011blen\u00ed komunikace\",\"image\":{\"@type\":\"ImageObject\",\"inLanguage\":\"cs\",\"@id\":\"https:\/\/secure.gravatar.com\/avatar\/e958f3d1e915848093abf89585ec4bb6a7daede2e0322c416842d9f94c3fdaca?s=96&d=mm&r=g\",\"url\":\"https:\/\/secure.gravatar.com\/avatar\/e958f3d1e915848093abf89585ec4bb6a7daede2e0322c416842d9f94c3fdaca?s=96&d=mm&r=g\",\"contentUrl\":\"https:\/\/secure.gravatar.com\/avatar\/e958f3d1e915848093abf89585ec4bb6a7daede2e0322c416842d9f94c3fdaca?s=96&d=mm&r=g\",\"caption\":\"Odd\u011blen\u00ed komunikace\"},\"url\":\"https:\/\/www.praha14.cz\/zivot-na-praze-14\/author\/luciehlavackova\/\"}]}<\/script>\n<!-- \/ Yoast SEO plugin. -->","yoast_head_json":{"title":"Antifetfest 2023. Nat\u00e1\u010dejte a hlaste se! - \u017divot na Praze 14","robots":{"index":"index","follow":"follow","max-snippet":"max-snippet:-1","max-image-preview":"max-image-preview:large","max-video-preview":"max-video-preview:-1"},"canonical":"https:\/\/www.praha14.cz\/zivot-na-praze-14\/antifetfest-2023-natacejte-a-hlaste-se\/","og_locale":"cs_CZ","og_type":"article","og_title":"Antifetfest 2023. Nat\u00e1\u010dejte a hlaste se! - \u017divot na Praze 14","og_description":"Dal\u0161\u00ed ro\u010dn\u00edk sout\u011b\u017en\u00edho festivalu Antifetfest je tu! Dnes ji\u017e tradi\u010dn\u00ed p\u0159ehl\u00eddka \u017e\u00e1kovsk\u00fdch a studentsk\u00fdch film\u016f se zam\u011b\u0159uje na pal\u010div\u00e1 t\u00e9mata dne\u0161n\u00ed doby \u2013 kriminalitu, drogy, \u0161ikanu, dom\u00e1c\u00ed n\u00e1sil\u00ed, z\u00e1\u0161kol\u00e1ctv\u00ed a dal\u0161\u00ed patologick\u00e9 jevy. A pr\u00e1v\u011b te\u010f je ten spr\u00e1vn\u00fd \u010das se do n\u00ed p\u0159ihl\u00e1sit. \u0160koly, \u0161kolsk\u00e1 za\u0159\u00edzen\u00ed a n\u00edzkoprahov\u00e9 kluby mohou do sout\u011b\u017ee vyslat jednotlivce...","og_url":"https:\/\/www.praha14.cz\/zivot-na-praze-14\/antifetfest-2023-natacejte-a-hlaste-se\/","og_site_name":"\u017divot na Praze 14","article_published_time":"2023-01-24T07:55:31+00:00","article_modified_time":"2023-01-24T09:07:53+00:00","og_image":[{"url":"https:\/\/www.praha14.cz\/app\/uploads\/sites\/4\/2023\/01\/plakat-AFF-2023.jpg","type":"","width":"","height":""}],"author":"Odd\u011blen\u00ed komunikace","twitter_card":"summary_large_image","twitter_misc":{"Written by":"Odd\u011blen\u00ed komunikace","Est. reading time":"2 minuty"},"schema":{"@context":"https:\/\/schema.org","@graph":[{"@type":"Article","@id":"https:\/\/www.praha14.cz\/zivot-na-praze-14\/antifetfest-2023-natacejte-a-hlaste-se\/#article","isPartOf":{"@id":"https:\/\/www.praha14.cz\/zivot-na-praze-14\/antifetfest-2023-natacejte-a-hlaste-se\/"},"author":{"name":"Odd\u011blen\u00ed komunikace","@id":"https:\/\/www.praha14.cz\/zivot-na-praze-14\/#\/schema\/person\/127a1d778cbcf76b257f93fb8c42591c"},"headline":"Antifetfest 2023. Nat\u00e1\u010dejte a hlaste se!","datePublished":"2023-01-24T07:55:31+00:00","dateModified":"2023-01-24T09:07:53+00:00","mainEntityOfPage":{"@id":"https:\/\/www.praha14.cz\/zivot-na-praze-14\/antifetfest-2023-natacejte-a-hlaste-se\/"},"wordCount":419,"image":{"@id":"https:\/\/www.praha14.cz\/zivot-na-praze-14\/antifetfest-2023-natacejte-a-hlaste-se\/#primaryimage"},"thumbnailUrl":"https:\/\/www.praha14.cz\/app\/uploads\/sites\/4\/2023\/01\/plakat-AFF-2023.jpg","inLanguage":"cs"},{"@type":"WebPage","@id":"https:\/\/www.praha14.cz\/zivot-na-praze-14\/antifetfest-2023-natacejte-a-hlaste-se\/","url":"https:\/\/www.praha14.cz\/zivot-na-praze-14\/antifetfest-2023-natacejte-a-hlaste-se\/","name":"Antifetfest 2023. Nat\u00e1\u010dejte a hlaste se! - \u017divot na Praze 14","isPartOf":{"@id":"https:\/\/www.praha14.cz\/zivot-na-praze-14\/#website"},"primaryImageOfPage":{"@id":"https:\/\/www.praha14.cz\/zivot-na-praze-14\/antifetfest-2023-natacejte-a-hlaste-se\/#primaryimage"},"image":{"@id":"https:\/\/www.praha14.cz\/zivot-na-praze-14\/antifetfest-2023-natacejte-a-hlaste-se\/#primaryimage"},"thumbnailUrl":"https:\/\/www.praha14.cz\/app\/uploads\/sites\/4\/2023\/01\/plakat-AFF-2023.jpg","datePublished":"2023-01-24T07:55:31+00:00","dateModified":"2023-01-24T09:07:53+00:00","author":{"@id":"https:\/\/www.praha14.cz\/zivot-na-praze-14\/#\/schema\/person\/127a1d778cbcf76b257f93fb8c42591c"},"breadcrumb":{"@id":"https:\/\/www.praha14.cz\/zivot-na-praze-14\/antifetfest-2023-natacejte-a-hlaste-se\/#breadcrumb"},"inLanguage":"cs","potentialAction":[{"@type":"ReadAction","target":["https:\/\/www.praha14.cz\/zivot-na-praze-14\/antifetfest-2023-natacejte-a-hlaste-se\/"]}]},{"@type":"ImageObject","inLanguage":"cs","@id":"https:\/\/www.praha14.cz\/zivot-na-praze-14\/antifetfest-2023-natacejte-a-hlaste-se\/#primaryimage","url":"https:\/\/www.praha14.cz\/app\/uploads\/sites\/4\/2023\/01\/plakat-AFF-2023.jpg","contentUrl":"https:\/\/www.praha14.cz\/app\/uploads\/sites\/4\/2023\/01\/plakat-AFF-2023.jpg"},{"@type":"BreadcrumbList","@id":"https:\/\/www.praha14.cz\/zivot-na-praze-14\/antifetfest-2023-natacejte-a-hlaste-se\/#breadcrumb","itemListElement":[{"@type":"ListItem","position":1,"name":"\u017divot na Praze 14","item":"https:\/\/www.praha14.cz\/zivot-na-praze-14\/"},{"@type":"ListItem","position":2,"name":"Antifetfest 2023. Nat\u00e1\u010dejte a hlaste se!"}]},{"@type":"WebSite","@id":"https:\/\/www.praha14.cz\/zivot-na-praze-14\/#website","url":"https:\/\/www.praha14.cz\/zivot-na-praze-14\/","name":"\u017divot na Praze 14","description":"","potentialAction":[{"@type":"SearchAction","target":{"@type":"EntryPoint","urlTemplate":"https:\/\/www.praha14.cz\/zivot-na-praze-14\/?s={search_term_string}"},"query-input":{"@type":"PropertyValueSpecification","valueRequired":true,"valueName":"search_term_string"}}],"inLanguage":"cs"},{"@type":"Person","@id":"https:\/\/www.praha14.cz\/zivot-na-praze-14\/#\/schema\/person\/127a1d778cbcf76b257f93fb8c42591c","name":"Odd\u011blen\u00ed komunikace","image":{"@type":"ImageObject","inLanguage":"cs","@id":"https:\/\/secure.gravatar.com\/avatar\/e958f3d1e915848093abf89585ec4bb6a7daede2e0322c416842d9f94c3fdaca?s=96&d=mm&r=g","url":"https:\/\/secure.gravatar.com\/avatar\/e958f3d1e915848093abf89585ec4bb6a7daede2e0322c416842d9f94c3fdaca?s=96&d=mm&r=g","contentUrl":"https:\/\/secure.gravatar.com\/avatar\/e958f3d1e915848093abf89585ec4bb6a7daede2e0322c416842d9f94c3fdaca?s=96&d=mm&r=g","caption":"Odd\u011blen\u00ed komunikace"},"url":"https:\/\/www.praha14.cz\/zivot-na-praze-14\/author\/luciehlavackova\/"}]}},"_links":{"self":[{"href":"https:\/\/www.praha14.cz\/zivot-na-praze-14\/wp-json\/wp\/v2\/posts\/65874","targetHints":{"allow":["GET"]}}],"collection":[{"href":"https:\/\/www.praha14.cz\/zivot-na-praze-14\/wp-json\/wp\/v2\/posts"}],"about":[{"href":"https:\/\/www.praha14.cz\/zivot-na-praze-14\/wp-json\/wp\/v2\/types\/post"}],"author":[{"embeddable":true,"href":"https:\/\/www.praha14.cz\/zivot-na-praze-14\/wp-json\/wp\/v2\/users\/1057"}],"replies":[{"embeddable":true,"href":"https:\/\/www.praha14.cz\/zivot-na-praze-14\/wp-json\/wp\/v2\/comments?post=65874"}],"version-history":[{"count":5,"href":"https:\/\/www.praha14.cz\/zivot-na-praze-14\/wp-json\/wp\/v2\/posts\/65874\/revisions"}],"predecessor-version":[{"id":65885,"href":"https:\/\/www.praha14.cz\/zivot-na-praze-14\/wp-json\/wp\/v2\/posts\/65874\/revisions\/65885"}],"wp:attachment":[{"href":"https:\/\/www.praha14.cz\/zivot-na-praze-14\/wp-json\/wp\/v2\/media?parent=65874"}],"wp:term":[{"taxonomy":"category","embeddable":true,"href":"https:\/\/www.praha14.cz\/zivot-na-praze-14\/wp-json\/wp\/v2\/categories?post=65874"},{"taxonomy":"post_tag","embeddable":true,"href":"https:\/\/www.praha14.cz\/zivot-na-praze-14\/wp-json\/wp\/v2\/tags?post=65874"}],"curies":[{"name":"wp","href":"https:\/\/api.w.org\/{rel}","templated":true}]}}