{"id":67553,"date":"2023-05-23T06:46:47","date_gmt":"2023-05-23T06:46:47","guid":{"rendered":"https:\/\/www.praha14.cz\/zivot-na-praze-14\/?p=67553"},"modified":"2023-05-23T06:46:47","modified_gmt":"2023-05-23T06:46:47","slug":"dny-pestounstvi-2023","status":"publish","type":"post","link":"https:\/\/www.praha14.cz\/zivot-na-praze-14\/dny-pestounstvi-2023\/","title":{"rendered":"Dny p\u011bstounstv\u00ed 2023"},"content":{"rendered":"<h2 class=\"box-h\"><strong style=\"font-size: 16px;\">Dal\u0161\u00ed ro\u010dn\u00edk osv\u011btov\u00e9 akce zam\u011b\u0159en\u00e9 na n\u00e1hradn\u00ed rodinnou p\u00e9\u010di, <a href=\"https:\/\/www.praha.eu\/jnp\/cz\/o_meste\/magistrat\/tiskovy_servis\/akce_a_kampane\/dny_pestounstvi_2023\" target=\"_blank\" rel=\"noopener\">Dny p\u011bstounstv\u00ed<\/a>, se v Praze uskute\u010dn\u00ed od 1. do 20. \u010dervna 2023.<\/strong><\/h2>\n<div class=\"box-content\">\n<p>P\u011bstounsk\u00e1 p\u00e9\u010de je formou n\u00e1hradn\u00ed rodinn\u00e9 p\u00e9\u010de, kter\u00e1 by m\u011bla umo\u017enit d\u011btem, o kter\u00e9 se nemohou jejich biologi\u010dt\u00ed rodi\u010de postarat, vyr\u016fstat v rodin\u011b a m\u00edt tak plnohodnotn\u00fd \u017eivot. Praha chce, stejn\u011b jako v p\u0159edchoz\u00edch letech, prost\u0159ednictv\u00edm Dn\u016f p\u011bstounstv\u00ed pod\u011bkovat t\u011bm, kte\u0159\u00ed pe\u010duj\u00ed o pot\u0159ebn\u00e9 d\u011bti, a t\u011bm, kte\u0159\u00ed uva\u017euj\u00ed zapojit se do n\u00e1hradn\u00ed rodinn\u00e9 p\u00e9\u010de, poskytnout motivaci a co nejv\u00edce informac\u00ed.<\/p>\n<p>Program Dn\u016f p\u011bstounstv\u00ed byl p\u0159ipraven ve spolupr\u00e1ci Odboru soci\u00e1ln\u00edch v\u011bc\u00ed Magistr\u00e1tu hl. m. Prahy, \u00fa\u0159ad\u016f pra\u017esk\u00fdch m\u011bstsk\u00fdch \u010d\u00e1sti, p\u0159\u00edsp\u011bvkov\u00fdch a neziskov\u00fdch organizac\u00ed.<\/p>\n<p>Je ur\u010den nejen p\u011bstoun\u016fm a t\u011bm, kte\u0159\u00ed by se cht\u011bli st\u00e1t p\u011bstouny, ale i \u0161irok\u00e9 ve\u0159ejnosti. Zahrnuje besedy a diskuse s odborn\u00edky, setk\u00e1n\u00ed s p\u011bstouny, dny otev\u0159en\u00fdch dve\u0159\u00ed v pra\u017esk\u00fdch neziskov\u00fdch organizac\u00edch a na \u00fa\u0159adech m\u011bstsk\u00fdch \u010d\u00e1st\u00ed, a dal\u0161\u00ed akce, kter\u00e9 se budou konat na r\u016fzn\u00fdch m\u00edstech v metropoli.<\/p>\n<p>Dny p\u011bstounstv\u00ed nab\u00eddnou informace o problematice n\u00e1hradn\u00ed rodinn\u00e9 p\u00e9\u010de a jednotliv\u00fdch form\u00e1ch. Mimo jin\u00e9 i to, jak je mo\u017en\u00e9 st\u00e1t se p\u011bstounem, jak\u00e9 jsou na p\u011bstouny kladeny n\u00e1roky, jak\u00e1 je nab\u00eddka podp\u016frn\u00fdch slu\u017eeb pro rodinu, kter\u00e1 se rozhodne d\u00edt\u011b p\u0159ijmout apod.<\/p>\n<p><a href=\"https:\/\/www.praha14.cz\/app\/uploads\/sites\/4\/2023\/05\/A4_s_Program_2023-1-1.png\" target=\"_blank\" rel=\"noopener\" data-rel=\"lightbox-image-0\" data-rl_title=\"\" data-rl_caption=\"\" title=\"\"><img loading=\"lazy\" decoding=\"async\" class=\"alignleft wp-image-67555 \" src=\"https:\/\/www.praha14.cz\/app\/uploads\/sites\/4\/2023\/05\/A4_s_Program_2023-1-1.png\" alt=\"Dny p\u011bstounstv\u00ed 2023 - program\" width=\"735\" height=\"520\" srcset=\"https:\/\/www.praha14.cz\/app\/uploads\/sites\/4\/2023\/05\/A4_s_Program_2023-1-1.png 1753w, https:\/\/www.praha14.cz\/app\/uploads\/sites\/4\/2023\/05\/A4_s_Program_2023-1-1-370x262.png 370w, https:\/\/www.praha14.cz\/app\/uploads\/sites\/4\/2023\/05\/A4_s_Program_2023-1-1-1024x724.png 1024w, https:\/\/www.praha14.cz\/app\/uploads\/sites\/4\/2023\/05\/A4_s_Program_2023-1-1-768x543.png 768w, https:\/\/www.praha14.cz\/app\/uploads\/sites\/4\/2023\/05\/A4_s_Program_2023-1-1-1536x1087.png 1536w\" sizes=\"(max-width: 735px) 100vw, 735px\" \/><\/a><\/p>\n<\/div>\n<p>&nbsp;<\/p>\n<p>&nbsp;<\/p>\n<p>&nbsp;<\/p>\n<p>&nbsp;<\/p>\n<p>&nbsp;<\/p>\n<p>&nbsp;<\/p>\n<p>&nbsp;<\/p>\n<p>&nbsp;<\/p>\n<p>&nbsp;<\/p>\n<p>&nbsp;<\/p>\n<p>&nbsp;<\/p>\n<p>&nbsp;<\/p>\n<p>&nbsp;<\/p>\n<p>&nbsp;<\/p>\n<p style=\"text-align: right;\">Zve\u0159ejn\u011bno: 23. kv\u011btna 2023<\/p>\n","protected":false},"excerpt":{"rendered":"<p>Dal\u0161\u00ed ro\u010dn\u00edk osv\u011btov\u00e9 akce zam\u011b\u0159en\u00e9 na n\u00e1hradn\u00ed rodinnou p\u00e9\u010di, Dny p\u011bstounstv\u00ed, se v Praze uskute\u010dn\u00ed od 1. do 20. \u010dervna 2023. P\u011bstounsk\u00e1 p\u00e9\u010de je formou n\u00e1hradn\u00ed rodinn\u00e9 p\u00e9\u010de, kter\u00e1 by m\u011bla umo\u017enit d\u011btem, o kter\u00e9 se nemohou jejich biologi\u010dt\u00ed rodi\u010de postarat, vyr\u016fstat v rodin\u011b a m\u00edt tak plnohodnotn\u00fd \u017eivot. Praha chce, stejn\u011b jako v p\u0159edchoz\u00edch&#8230;<\/p>\n","protected":false},"author":1057,"featured_media":0,"comment_status":"closed","ping_status":"closed","sticky":false,"template":"","format":"standard","meta":{"_acf_changed":false,"footnotes":""},"categories":[1],"tags":[],"class_list":["post-67553","post","type-post","status-publish","format-standard","hentry","category-nezarazene"],"acf":[],"geo":null,"yoast_head":"<!-- This site is optimized with the Yoast SEO plugin v27.2 - https:\/\/yoast.com\/product\/yoast-seo-wordpress\/ -->\n<title>Dny p\u011bstounstv\u00ed 2023 - \u017divot na Praze 14<\/title>\n<meta name=\"robots\" content=\"index, follow, max-snippet:-1, max-image-preview:large, max-video-preview:-1\" \/>\n<link rel=\"canonical\" href=\"https:\/\/www.praha14.cz\/zivot-na-praze-14\/dny-pestounstvi-2023\/\" \/>\n<meta property=\"og:locale\" content=\"cs_CZ\" \/>\n<meta property=\"og:type\" content=\"article\" \/>\n<meta property=\"og:title\" content=\"Dny p\u011bstounstv\u00ed 2023 - \u017divot na Praze 14\" \/>\n<meta property=\"og:description\" content=\"Dal\u0161\u00ed ro\u010dn\u00edk osv\u011btov\u00e9 akce zam\u011b\u0159en\u00e9 na n\u00e1hradn\u00ed rodinnou p\u00e9\u010di, Dny p\u011bstounstv\u00ed, se v Praze uskute\u010dn\u00ed od 1. do 20. \u010dervna 2023. P\u011bstounsk\u00e1 p\u00e9\u010de je formou n\u00e1hradn\u00ed rodinn\u00e9 p\u00e9\u010de, kter\u00e1 by m\u011bla umo\u017enit d\u011btem, o kter\u00e9 se nemohou jejich biologi\u010dt\u00ed rodi\u010de postarat, vyr\u016fstat v rodin\u011b a m\u00edt tak plnohodnotn\u00fd \u017eivot. Praha chce, stejn\u011b jako v p\u0159edchoz\u00edch...\" \/>\n<meta property=\"og:url\" content=\"https:\/\/www.praha14.cz\/zivot-na-praze-14\/dny-pestounstvi-2023\/\" \/>\n<meta property=\"og:site_name\" content=\"\u017divot na Praze 14\" \/>\n<meta property=\"article:published_time\" content=\"2023-05-23T06:46:47+00:00\" \/>\n<meta property=\"og:image\" content=\"https:\/\/www.praha14.cz\/app\/uploads\/sites\/4\/2023\/05\/A4_s_Program_2023-1-1.png\" \/>\n<meta name=\"author\" content=\"Odd\u011blen\u00ed komunikace\" \/>\n<meta name=\"twitter:card\" content=\"summary_large_image\" \/>\n<meta name=\"twitter:label1\" content=\"Written by\" \/>\n\t<meta name=\"twitter:data1\" content=\"Odd\u011blen\u00ed komunikace\" \/>\n\t<meta name=\"twitter:label2\" content=\"Est. reading time\" \/>\n\t<meta name=\"twitter:data2\" content=\"1 minuta\" \/>\n<script type=\"application\/ld+json\" class=\"yoast-schema-graph\">{\"@context\":\"https:\/\/schema.org\",\"@graph\":[{\"@type\":\"Article\",\"@id\":\"https:\/\/www.praha14.cz\/zivot-na-praze-14\/dny-pestounstvi-2023\/#article\",\"isPartOf\":{\"@id\":\"https:\/\/www.praha14.cz\/zivot-na-praze-14\/dny-pestounstvi-2023\/\"},\"author\":{\"name\":\"Odd\u011blen\u00ed komunikace\",\"@id\":\"https:\/\/www.praha14.cz\/zivot-na-praze-14\/#\/schema\/person\/127a1d778cbcf76b257f93fb8c42591c\"},\"headline\":\"Dny p\u011bstounstv\u00ed 2023\",\"datePublished\":\"2023-05-23T06:46:47+00:00\",\"mainEntityOfPage\":{\"@id\":\"https:\/\/www.praha14.cz\/zivot-na-praze-14\/dny-pestounstvi-2023\/\"},\"wordCount\":301,\"image\":{\"@id\":\"https:\/\/www.praha14.cz\/zivot-na-praze-14\/dny-pestounstvi-2023\/#primaryimage\"},\"thumbnailUrl\":\"https:\/\/www.praha14.cz\/app\/uploads\/sites\/4\/2023\/05\/A4_s_Program_2023-1-1.png\",\"inLanguage\":\"cs\"},{\"@type\":\"WebPage\",\"@id\":\"https:\/\/www.praha14.cz\/zivot-na-praze-14\/dny-pestounstvi-2023\/\",\"url\":\"https:\/\/www.praha14.cz\/zivot-na-praze-14\/dny-pestounstvi-2023\/\",\"name\":\"Dny p\u011bstounstv\u00ed 2023 - \u017divot na Praze 14\",\"isPartOf\":{\"@id\":\"https:\/\/www.praha14.cz\/zivot-na-praze-14\/#website\"},\"primaryImageOfPage\":{\"@id\":\"https:\/\/www.praha14.cz\/zivot-na-praze-14\/dny-pestounstvi-2023\/#primaryimage\"},\"image\":{\"@id\":\"https:\/\/www.praha14.cz\/zivot-na-praze-14\/dny-pestounstvi-2023\/#primaryimage\"},\"thumbnailUrl\":\"https:\/\/www.praha14.cz\/app\/uploads\/sites\/4\/2023\/05\/A4_s_Program_2023-1-1.png\",\"datePublished\":\"2023-05-23T06:46:47+00:00\",\"author\":{\"@id\":\"https:\/\/www.praha14.cz\/zivot-na-praze-14\/#\/schema\/person\/127a1d778cbcf76b257f93fb8c42591c\"},\"breadcrumb\":{\"@id\":\"https:\/\/www.praha14.cz\/zivot-na-praze-14\/dny-pestounstvi-2023\/#breadcrumb\"},\"inLanguage\":\"cs\",\"potentialAction\":[{\"@type\":\"ReadAction\",\"target\":[\"https:\/\/www.praha14.cz\/zivot-na-praze-14\/dny-pestounstvi-2023\/\"]}]},{\"@type\":\"ImageObject\",\"inLanguage\":\"cs\",\"@id\":\"https:\/\/www.praha14.cz\/zivot-na-praze-14\/dny-pestounstvi-2023\/#primaryimage\",\"url\":\"https:\/\/www.praha14.cz\/app\/uploads\/sites\/4\/2023\/05\/A4_s_Program_2023-1-1.png\",\"contentUrl\":\"https:\/\/www.praha14.cz\/app\/uploads\/sites\/4\/2023\/05\/A4_s_Program_2023-1-1.png\"},{\"@type\":\"BreadcrumbList\",\"@id\":\"https:\/\/www.praha14.cz\/zivot-na-praze-14\/dny-pestounstvi-2023\/#breadcrumb\",\"itemListElement\":[{\"@type\":\"ListItem\",\"position\":1,\"name\":\"\u017divot na Praze 14\",\"item\":\"https:\/\/www.praha14.cz\/zivot-na-praze-14\/\"},{\"@type\":\"ListItem\",\"position\":2,\"name\":\"Dny p\u011bstounstv\u00ed 2023\"}]},{\"@type\":\"WebSite\",\"@id\":\"https:\/\/www.praha14.cz\/zivot-na-praze-14\/#website\",\"url\":\"https:\/\/www.praha14.cz\/zivot-na-praze-14\/\",\"name\":\"\u017divot na Praze 14\",\"description\":\"\",\"potentialAction\":[{\"@type\":\"SearchAction\",\"target\":{\"@type\":\"EntryPoint\",\"urlTemplate\":\"https:\/\/www.praha14.cz\/zivot-na-praze-14\/?s={search_term_string}\"},\"query-input\":{\"@type\":\"PropertyValueSpecification\",\"valueRequired\":true,\"valueName\":\"search_term_string\"}}],\"inLanguage\":\"cs\"},{\"@type\":\"Person\",\"@id\":\"https:\/\/www.praha14.cz\/zivot-na-praze-14\/#\/schema\/person\/127a1d778cbcf76b257f93fb8c42591c\",\"name\":\"Odd\u011blen\u00ed komunikace\",\"image\":{\"@type\":\"ImageObject\",\"inLanguage\":\"cs\",\"@id\":\"https:\/\/secure.gravatar.com\/avatar\/e958f3d1e915848093abf89585ec4bb6a7daede2e0322c416842d9f94c3fdaca?s=96&d=mm&r=g\",\"url\":\"https:\/\/secure.gravatar.com\/avatar\/e958f3d1e915848093abf89585ec4bb6a7daede2e0322c416842d9f94c3fdaca?s=96&d=mm&r=g\",\"contentUrl\":\"https:\/\/secure.gravatar.com\/avatar\/e958f3d1e915848093abf89585ec4bb6a7daede2e0322c416842d9f94c3fdaca?s=96&d=mm&r=g\",\"caption\":\"Odd\u011blen\u00ed komunikace\"},\"url\":\"https:\/\/www.praha14.cz\/zivot-na-praze-14\/author\/luciehlavackova\/\"}]}<\/script>\n<!-- \/ Yoast SEO plugin. -->","yoast_head_json":{"title":"Dny p\u011bstounstv\u00ed 2023 - \u017divot na Praze 14","robots":{"index":"index","follow":"follow","max-snippet":"max-snippet:-1","max-image-preview":"max-image-preview:large","max-video-preview":"max-video-preview:-1"},"canonical":"https:\/\/www.praha14.cz\/zivot-na-praze-14\/dny-pestounstvi-2023\/","og_locale":"cs_CZ","og_type":"article","og_title":"Dny p\u011bstounstv\u00ed 2023 - \u017divot na Praze 14","og_description":"Dal\u0161\u00ed ro\u010dn\u00edk osv\u011btov\u00e9 akce zam\u011b\u0159en\u00e9 na n\u00e1hradn\u00ed rodinnou p\u00e9\u010di, Dny p\u011bstounstv\u00ed, se v Praze uskute\u010dn\u00ed od 1. do 20. \u010dervna 2023. P\u011bstounsk\u00e1 p\u00e9\u010de je formou n\u00e1hradn\u00ed rodinn\u00e9 p\u00e9\u010de, kter\u00e1 by m\u011bla umo\u017enit d\u011btem, o kter\u00e9 se nemohou jejich biologi\u010dt\u00ed rodi\u010de postarat, vyr\u016fstat v rodin\u011b a m\u00edt tak plnohodnotn\u00fd \u017eivot. Praha chce, stejn\u011b jako v p\u0159edchoz\u00edch...","og_url":"https:\/\/www.praha14.cz\/zivot-na-praze-14\/dny-pestounstvi-2023\/","og_site_name":"\u017divot na Praze 14","article_published_time":"2023-05-23T06:46:47+00:00","og_image":[{"url":"https:\/\/www.praha14.cz\/app\/uploads\/sites\/4\/2023\/05\/A4_s_Program_2023-1-1.png","type":"","width":"","height":""}],"author":"Odd\u011blen\u00ed komunikace","twitter_card":"summary_large_image","twitter_misc":{"Written by":"Odd\u011blen\u00ed komunikace","Est. reading time":"1 minuta"},"schema":{"@context":"https:\/\/schema.org","@graph":[{"@type":"Article","@id":"https:\/\/www.praha14.cz\/zivot-na-praze-14\/dny-pestounstvi-2023\/#article","isPartOf":{"@id":"https:\/\/www.praha14.cz\/zivot-na-praze-14\/dny-pestounstvi-2023\/"},"author":{"name":"Odd\u011blen\u00ed komunikace","@id":"https:\/\/www.praha14.cz\/zivot-na-praze-14\/#\/schema\/person\/127a1d778cbcf76b257f93fb8c42591c"},"headline":"Dny p\u011bstounstv\u00ed 2023","datePublished":"2023-05-23T06:46:47+00:00","mainEntityOfPage":{"@id":"https:\/\/www.praha14.cz\/zivot-na-praze-14\/dny-pestounstvi-2023\/"},"wordCount":301,"image":{"@id":"https:\/\/www.praha14.cz\/zivot-na-praze-14\/dny-pestounstvi-2023\/#primaryimage"},"thumbnailUrl":"https:\/\/www.praha14.cz\/app\/uploads\/sites\/4\/2023\/05\/A4_s_Program_2023-1-1.png","inLanguage":"cs"},{"@type":"WebPage","@id":"https:\/\/www.praha14.cz\/zivot-na-praze-14\/dny-pestounstvi-2023\/","url":"https:\/\/www.praha14.cz\/zivot-na-praze-14\/dny-pestounstvi-2023\/","name":"Dny p\u011bstounstv\u00ed 2023 - \u017divot na Praze 14","isPartOf":{"@id":"https:\/\/www.praha14.cz\/zivot-na-praze-14\/#website"},"primaryImageOfPage":{"@id":"https:\/\/www.praha14.cz\/zivot-na-praze-14\/dny-pestounstvi-2023\/#primaryimage"},"image":{"@id":"https:\/\/www.praha14.cz\/zivot-na-praze-14\/dny-pestounstvi-2023\/#primaryimage"},"thumbnailUrl":"https:\/\/www.praha14.cz\/app\/uploads\/sites\/4\/2023\/05\/A4_s_Program_2023-1-1.png","datePublished":"2023-05-23T06:46:47+00:00","author":{"@id":"https:\/\/www.praha14.cz\/zivot-na-praze-14\/#\/schema\/person\/127a1d778cbcf76b257f93fb8c42591c"},"breadcrumb":{"@id":"https:\/\/www.praha14.cz\/zivot-na-praze-14\/dny-pestounstvi-2023\/#breadcrumb"},"inLanguage":"cs","potentialAction":[{"@type":"ReadAction","target":["https:\/\/www.praha14.cz\/zivot-na-praze-14\/dny-pestounstvi-2023\/"]}]},{"@type":"ImageObject","inLanguage":"cs","@id":"https:\/\/www.praha14.cz\/zivot-na-praze-14\/dny-pestounstvi-2023\/#primaryimage","url":"https:\/\/www.praha14.cz\/app\/uploads\/sites\/4\/2023\/05\/A4_s_Program_2023-1-1.png","contentUrl":"https:\/\/www.praha14.cz\/app\/uploads\/sites\/4\/2023\/05\/A4_s_Program_2023-1-1.png"},{"@type":"BreadcrumbList","@id":"https:\/\/www.praha14.cz\/zivot-na-praze-14\/dny-pestounstvi-2023\/#breadcrumb","itemListElement":[{"@type":"ListItem","position":1,"name":"\u017divot na Praze 14","item":"https:\/\/www.praha14.cz\/zivot-na-praze-14\/"},{"@type":"ListItem","position":2,"name":"Dny p\u011bstounstv\u00ed 2023"}]},{"@type":"WebSite","@id":"https:\/\/www.praha14.cz\/zivot-na-praze-14\/#website","url":"https:\/\/www.praha14.cz\/zivot-na-praze-14\/","name":"\u017divot na Praze 14","description":"","potentialAction":[{"@type":"SearchAction","target":{"@type":"EntryPoint","urlTemplate":"https:\/\/www.praha14.cz\/zivot-na-praze-14\/?s={search_term_string}"},"query-input":{"@type":"PropertyValueSpecification","valueRequired":true,"valueName":"search_term_string"}}],"inLanguage":"cs"},{"@type":"Person","@id":"https:\/\/www.praha14.cz\/zivot-na-praze-14\/#\/schema\/person\/127a1d778cbcf76b257f93fb8c42591c","name":"Odd\u011blen\u00ed komunikace","image":{"@type":"ImageObject","inLanguage":"cs","@id":"https:\/\/secure.gravatar.com\/avatar\/e958f3d1e915848093abf89585ec4bb6a7daede2e0322c416842d9f94c3fdaca?s=96&d=mm&r=g","url":"https:\/\/secure.gravatar.com\/avatar\/e958f3d1e915848093abf89585ec4bb6a7daede2e0322c416842d9f94c3fdaca?s=96&d=mm&r=g","contentUrl":"https:\/\/secure.gravatar.com\/avatar\/e958f3d1e915848093abf89585ec4bb6a7daede2e0322c416842d9f94c3fdaca?s=96&d=mm&r=g","caption":"Odd\u011blen\u00ed komunikace"},"url":"https:\/\/www.praha14.cz\/zivot-na-praze-14\/author\/luciehlavackova\/"}]}},"_links":{"self":[{"href":"https:\/\/www.praha14.cz\/zivot-na-praze-14\/wp-json\/wp\/v2\/posts\/67553","targetHints":{"allow":["GET"]}}],"collection":[{"href":"https:\/\/www.praha14.cz\/zivot-na-praze-14\/wp-json\/wp\/v2\/posts"}],"about":[{"href":"https:\/\/www.praha14.cz\/zivot-na-praze-14\/wp-json\/wp\/v2\/types\/post"}],"author":[{"embeddable":true,"href":"https:\/\/www.praha14.cz\/zivot-na-praze-14\/wp-json\/wp\/v2\/users\/1057"}],"replies":[{"embeddable":true,"href":"https:\/\/www.praha14.cz\/zivot-na-praze-14\/wp-json\/wp\/v2\/comments?post=67553"}],"version-history":[{"count":1,"href":"https:\/\/www.praha14.cz\/zivot-na-praze-14\/wp-json\/wp\/v2\/posts\/67553\/revisions"}],"predecessor-version":[{"id":67557,"href":"https:\/\/www.praha14.cz\/zivot-na-praze-14\/wp-json\/wp\/v2\/posts\/67553\/revisions\/67557"}],"wp:attachment":[{"href":"https:\/\/www.praha14.cz\/zivot-na-praze-14\/wp-json\/wp\/v2\/media?parent=67553"}],"wp:term":[{"taxonomy":"category","embeddable":true,"href":"https:\/\/www.praha14.cz\/zivot-na-praze-14\/wp-json\/wp\/v2\/categories?post=67553"},{"taxonomy":"post_tag","embeddable":true,"href":"https:\/\/www.praha14.cz\/zivot-na-praze-14\/wp-json\/wp\/v2\/tags?post=67553"}],"curies":[{"name":"wp","href":"https:\/\/api.w.org\/{rel}","templated":true}]}}