{"id":67658,"date":"2023-06-02T06:21:30","date_gmt":"2023-06-02T06:21:30","guid":{"rendered":"https:\/\/www.praha14.cz\/zivot-na-praze-14\/?p=67658"},"modified":"2023-06-02T06:21:30","modified_gmt":"2023-06-02T06:21:30","slug":"tz-4-2023-praha-14-oslavi-svetovy-den-zivotniho-prostredi-pripravila-serii-aktivit-pro-verejnost","status":"publish","type":"post","link":"https:\/\/www.praha14.cz\/zivot-na-praze-14\/tz-4-2023-praha-14-oslavi-svetovy-den-zivotniho-prostredi-pripravila-serii-aktivit-pro-verejnost\/","title":{"rendered":"TZ 4\/2023 Praha 14 oslav\u00ed Sv\u011btov\u00fd den \u017eivotn\u00edho prost\u0159ed\u00ed. P\u0159ipravila s\u00e9rii aktivit pro ve\u0159ejnost"},"content":{"rendered":"<p><strong><em>Praha, 2. \u010dervna 2023<\/em><\/strong><strong> \u2013 Ekologii se Praha 14 v\u011bnuje pr\u016fb\u011b\u017en\u011b b\u011bhem cel\u00e9ho roku. Na dubnov\u00e9 oslavy Dne Zem\u011b nyn\u00ed nav\u00e1\u017ee dal\u0161\u00ed s\u00e9rie aktivit pro ve\u0159ejnost zam\u011b\u0159ena na \u017eivotn\u00ed prost\u0159ed\u00ed \u2013 tentokr\u00e1t pod hlavi\u010dkou akce Dny \u017eivotn\u00edho prost\u0159ed\u00ed Prahy 14.<\/strong><\/p>\n<p><em>\u201ePo\u0159\u00e1d\u00e1me je u p\u0159\u00edle\u017eitosti Sv\u011btov\u00e9ho dne \u017eivotn\u00edho prost\u0159ed\u00ed, kter\u00fd p\u0159ipad\u00e1 na 5. \u010dervna. Na\u0161\u00ed snahou je neust\u00e1le p\u0159ipom\u00ednat, jak d\u016fle\u017eit\u00e9 je starat se o p\u0159\u00edrodu a o v\u0161e, co n\u00e1m d\u00e1v\u00e1. Ned\u011bl\u00e1me to jen<br \/>\npro sebe. Podpora udr\u017eiteln\u00e9ho rozvoje, v\u010detn\u011b smyslupln\u00e9ho vyu\u017e\u00edv\u00e1n\u00ed energetick\u00fdch zdroj\u016f, z\u00e1sadn\u011b ovlivn\u00ed i kvalitu \u017eivota dal\u0161\u00edch generac\u00ed,\u201c<\/em> uvedl radn\u00ed Prahy 14 Ing. Jan Li\u0161ka, kter\u00fd m\u00e1 v\u00a0gesci m\u00edstn\u00ed Agendu 21 \u2013 mezin\u00e1rodn\u00ed program zam\u011b\u0159en\u00fd mimo jin\u00e9 na podporu \u0161etrn\u00e9ho p\u0159\u00edstupu k\u00a0p\u0159\u00edrod\u011b a zapojen\u00ed ve\u0159ejnosti do rozvoje m\u011bstsk\u00e9 \u010d\u00e1sti.<\/p>\n<p>Dny \u017eivotn\u00edho prost\u0159ed\u00ed Prahy 14 zah\u00e1j\u00ed Ekologick\u00e9 odpoledne ve volno\u010dasov\u00e9m centru H55 v\u00a0Hloub\u011bt\u00edn\u011b (Hloub\u011bt\u00ednsk\u00e1 1138\/5), a to hned 5. \u010dervna. Na programu bude workshop pro d\u011bti<br \/>\nod 5 do 9 let (16 a\u017e 18 hodin, zahrada H55) i setk\u00e1n\u00ed s\u00a0oborn\u00edky (17 a\u017e 18 hodin, kav\u00e1rna H55).<\/p>\n<p><em>\u201eDiskuzi, kterou m\u00e1me nachystanou, povede Ing. Ladislav Havel, \u010dlen Rady Energetick\u00e9ho regula\u010dn\u00edho \u00fa\u0159adu. T\u00e9ma bude \u201aEnergo\u0161mejdi\u2018 a jak se jim br\u00e1nit. Besedy, na n\u00ed\u017e se ve\u0159ejnost m\u016f\u017ee v\u00edce sezn\u00e1mit s\u00a0m\u00edstn\u00ed Agendou 21, se z\u00fa\u010dastn\u00ed dv\u011b odbornice z\u00a0Ministerstva \u017eivotn\u00edho prost\u0159ed\u00ed \u010cR \u2013 vrchn\u00ed ministersk\u00fd rada Ing. Arch. Marie Petrov\u00e1 a Ing. Jarmila Cik\u00e1nkov\u00e1 z\u00a0\u010cesk\u00e9 informa\u010dn\u00ed agentury \u017eivotn\u00edho prost\u0159ed\u00ed CENIA,\u201c<\/em> vysv\u011btlil radn\u00ed Li\u0161ka. Z\u00e1v\u011br pond\u011bln\u00edho setk\u00e1n\u00ed bude pat\u0159it organiz\u00e1tor\u016fm dobrovolnick\u00fdch \u00faklid\u016f, kter\u00e9 se v\u00a0posledn\u00edch osmi letech za podpory m\u00edstn\u00ed radnice v\u00a0Praze 14 realizuj\u00ed. <em>\u201ePr\u00e1ce a p\u0159\u00edstupu dobrovoln\u00edk\u016f si velmi v\u00e1\u017e\u00edm. S\u00a0t\u00edm, aby byla Praha 14 \u010dist\u00e1 a uklizen\u00e1, n\u00e1m hodn\u011b pom\u00e1haj\u00ed. Proto jsme se rozhodli vyu\u017e\u00edt t\u00e9to p\u0159\u00edle\u017eitosti, abychom jim ofici\u00e1ln\u011b pod\u011bkovali,\u201c<\/em> dodal radn\u00ed.<\/p>\n<p>Dny \u017eivotn\u00edho prost\u0159ed\u00ed Prahy 14 budou pokra\u010dovat v\u00a0\u00fater\u00fd 6. \u010dervna, a to komentovanou vych\u00e1zkou po meandrech Rokytky. Sraz bude v\u00a016.30 hodin na b\u0159ehu rybn\u00edku Marti\u0148\u00e1k. Zelen\u00fdmi z\u00e1kout\u00edmi m\u011bstsk\u00e9 \u010d\u00e1sti z\u00e1jemce provede specialista na vodn\u00ed toky z\u00a0Magistr\u00e1tu hl. m. Prahy Ing. Ji\u0159\u00ed Karnecki.<\/p>\n<p>O dva dny pozd\u011bji (8. \u010dervna) Dny \u017eivotn\u00edho prost\u0159ed\u00ed Prahy 14 zakon\u010d\u00ed komentovan\u00e1 prohl\u00eddka mok\u0159adu v\u00a0are\u00e1lu spole\u010dnosti Coca-Cola v\u00a0Kyj\u00edch. Spole\u010dnost nechala \u010d\u00e1st tohoto \u00fazem\u00ed kultivovat, provedla zde krajin\u00e1\u0159sk\u00e9 \u00fapravy a doplnila vzd\u011bl\u00e1vac\u00ed prvky. <em>\u201e\u00da\u010dast v\u0161em v\u0159ele doporu\u010duji. P\u0159ij\u010fte se pod\u00edvat na tento zaj\u00edmav\u00fd, p\u0159\u00edrod\u011b prosp\u011b\u0161n\u00fd projekt, a proj\u00edt se po nov\u00e9 nau\u010dn\u00e9 stezce,\u201c<\/em> uvedl radn\u00ed Li\u0161ka.<\/p>\n<p>Na vych\u00e1zku po meandrech Rokytky i na prohl\u00eddku mok\u0159adu je t\u0159eba se registrovat. Z\u00e1jemci tak mohou u\u010dinit na e-mailu <a href=\"mailto:renata.srbova@praha14.cz\">renata.srbova@praha14.cz<\/a>.<\/p>\n<p>&nbsp;<\/p>\n<p><em>Pro v\u00edce informac\u00ed:<\/em><br \/>\n<em>Zora Strakov\u00e1<\/em><br \/>\n<em>vedouc\u00ed Odd\u011blen\u00ed strategick\u00e9ho pl\u00e1nov\u00e1n\u00ed \u00daM\u010c Praha 14<\/em><br \/>\n<em>Tel.: \u00a0225\u00a0295\u00a0344, mobil: 739\u00a0511 547<\/em><br \/>\n<em>E-mail: <\/em><em><a href=\"mailto:Zora.Strakova@praha14.cz\">Zora.Strakova@praha14.cz<\/a><\/em><\/p>\n","protected":false},"excerpt":{"rendered":"<p>Praha, 2. \u010dervna 2023 \u2013 Ekologii se Praha 14 v\u011bnuje pr\u016fb\u011b\u017en\u011b b\u011bhem cel\u00e9ho roku. Na dubnov\u00e9 oslavy Dne Zem\u011b nyn\u00ed nav\u00e1\u017ee dal\u0161\u00ed s\u00e9rie aktivit pro ve\u0159ejnost zam\u011b\u0159ena na \u017eivotn\u00ed prost\u0159ed\u00ed \u2013 tentokr\u00e1t pod hlavi\u010dkou akce Dny \u017eivotn\u00edho prost\u0159ed\u00ed Prahy 14. \u201ePo\u0159\u00e1d\u00e1me je u p\u0159\u00edle\u017eitosti Sv\u011btov\u00e9ho dne \u017eivotn\u00edho prost\u0159ed\u00ed, kter\u00fd p\u0159ipad\u00e1 na 5. \u010dervna. Na\u0161\u00ed snahou&#8230;<\/p>\n","protected":false},"author":1057,"featured_media":0,"comment_status":"closed","ping_status":"closed","sticky":false,"template":"","format":"standard","meta":{"_acf_changed":false,"footnotes":""},"categories":[1],"tags":[110],"class_list":["post-67658","post","type-post","status-publish","format-standard","hentry","category-nezarazene","tag-tiskove-zpravy"],"acf":[],"geo":null,"yoast_head":"<!-- This site is optimized with the Yoast SEO plugin v27.2 - https:\/\/yoast.com\/product\/yoast-seo-wordpress\/ -->\n<title>TZ 4\/2023 Praha 14 oslav\u00ed Sv\u011btov\u00fd den \u017eivotn\u00edho prost\u0159ed\u00ed. P\u0159ipravila s\u00e9rii aktivit pro ve\u0159ejnost - \u017divot na Praze 14<\/title>\n<meta name=\"robots\" content=\"index, follow, max-snippet:-1, max-image-preview:large, max-video-preview:-1\" \/>\n<link rel=\"canonical\" href=\"https:\/\/www.praha14.cz\/zivot-na-praze-14\/tz-4-2023-praha-14-oslavi-svetovy-den-zivotniho-prostredi-pripravila-serii-aktivit-pro-verejnost\/\" \/>\n<meta property=\"og:locale\" content=\"cs_CZ\" \/>\n<meta property=\"og:type\" content=\"article\" \/>\n<meta property=\"og:title\" content=\"TZ 4\/2023 Praha 14 oslav\u00ed Sv\u011btov\u00fd den \u017eivotn\u00edho prost\u0159ed\u00ed. P\u0159ipravila s\u00e9rii aktivit pro ve\u0159ejnost - \u017divot na Praze 14\" \/>\n<meta property=\"og:description\" content=\"Praha, 2. \u010dervna 2023 \u2013 Ekologii se Praha 14 v\u011bnuje pr\u016fb\u011b\u017en\u011b b\u011bhem cel\u00e9ho roku. Na dubnov\u00e9 oslavy Dne Zem\u011b nyn\u00ed nav\u00e1\u017ee dal\u0161\u00ed s\u00e9rie aktivit pro ve\u0159ejnost zam\u011b\u0159ena na \u017eivotn\u00ed prost\u0159ed\u00ed \u2013 tentokr\u00e1t pod hlavi\u010dkou akce Dny \u017eivotn\u00edho prost\u0159ed\u00ed Prahy 14. \u201ePo\u0159\u00e1d\u00e1me je u p\u0159\u00edle\u017eitosti Sv\u011btov\u00e9ho dne \u017eivotn\u00edho prost\u0159ed\u00ed, kter\u00fd p\u0159ipad\u00e1 na 5. \u010dervna. Na\u0161\u00ed snahou...\" \/>\n<meta property=\"og:url\" content=\"https:\/\/www.praha14.cz\/zivot-na-praze-14\/tz-4-2023-praha-14-oslavi-svetovy-den-zivotniho-prostredi-pripravila-serii-aktivit-pro-verejnost\/\" \/>\n<meta property=\"og:site_name\" content=\"\u017divot na Praze 14\" \/>\n<meta property=\"article:published_time\" content=\"2023-06-02T06:21:30+00:00\" \/>\n<meta name=\"author\" content=\"Odd\u011blen\u00ed komunikace\" \/>\n<meta name=\"twitter:card\" content=\"summary_large_image\" \/>\n<meta name=\"twitter:label1\" content=\"Written by\" \/>\n\t<meta name=\"twitter:data1\" content=\"Odd\u011blen\u00ed komunikace\" \/>\n\t<meta name=\"twitter:label2\" content=\"Est. reading time\" \/>\n\t<meta name=\"twitter:data2\" content=\"3 minuty\" \/>\n<script type=\"application\/ld+json\" class=\"yoast-schema-graph\">{\"@context\":\"https:\/\/schema.org\",\"@graph\":[{\"@type\":\"Article\",\"@id\":\"https:\/\/www.praha14.cz\/zivot-na-praze-14\/tz-4-2023-praha-14-oslavi-svetovy-den-zivotniho-prostredi-pripravila-serii-aktivit-pro-verejnost\/#article\",\"isPartOf\":{\"@id\":\"https:\/\/www.praha14.cz\/zivot-na-praze-14\/tz-4-2023-praha-14-oslavi-svetovy-den-zivotniho-prostredi-pripravila-serii-aktivit-pro-verejnost\/\"},\"author\":{\"name\":\"Odd\u011blen\u00ed komunikace\",\"@id\":\"https:\/\/www.praha14.cz\/zivot-na-praze-14\/#\/schema\/person\/127a1d778cbcf76b257f93fb8c42591c\"},\"headline\":\"TZ 4\/2023 Praha 14 oslav\u00ed Sv\u011btov\u00fd den \u017eivotn\u00edho prost\u0159ed\u00ed. P\u0159ipravila s\u00e9rii aktivit pro ve\u0159ejnost\",\"datePublished\":\"2023-06-02T06:21:30+00:00\",\"mainEntityOfPage\":{\"@id\":\"https:\/\/www.praha14.cz\/zivot-na-praze-14\/tz-4-2023-praha-14-oslavi-svetovy-den-zivotniho-prostredi-pripravila-serii-aktivit-pro-verejnost\/\"},\"wordCount\":583,\"keywords\":[\"Tiskov\u00e9 zpr\u00e1vy\"],\"inLanguage\":\"cs\"},{\"@type\":\"WebPage\",\"@id\":\"https:\/\/www.praha14.cz\/zivot-na-praze-14\/tz-4-2023-praha-14-oslavi-svetovy-den-zivotniho-prostredi-pripravila-serii-aktivit-pro-verejnost\/\",\"url\":\"https:\/\/www.praha14.cz\/zivot-na-praze-14\/tz-4-2023-praha-14-oslavi-svetovy-den-zivotniho-prostredi-pripravila-serii-aktivit-pro-verejnost\/\",\"name\":\"TZ 4\/2023 Praha 14 oslav\u00ed Sv\u011btov\u00fd den \u017eivotn\u00edho prost\u0159ed\u00ed. P\u0159ipravila s\u00e9rii aktivit pro ve\u0159ejnost - \u017divot na Praze 14\",\"isPartOf\":{\"@id\":\"https:\/\/www.praha14.cz\/zivot-na-praze-14\/#website\"},\"datePublished\":\"2023-06-02T06:21:30+00:00\",\"author\":{\"@id\":\"https:\/\/www.praha14.cz\/zivot-na-praze-14\/#\/schema\/person\/127a1d778cbcf76b257f93fb8c42591c\"},\"breadcrumb\":{\"@id\":\"https:\/\/www.praha14.cz\/zivot-na-praze-14\/tz-4-2023-praha-14-oslavi-svetovy-den-zivotniho-prostredi-pripravila-serii-aktivit-pro-verejnost\/#breadcrumb\"},\"inLanguage\":\"cs\",\"potentialAction\":[{\"@type\":\"ReadAction\",\"target\":[\"https:\/\/www.praha14.cz\/zivot-na-praze-14\/tz-4-2023-praha-14-oslavi-svetovy-den-zivotniho-prostredi-pripravila-serii-aktivit-pro-verejnost\/\"]}]},{\"@type\":\"BreadcrumbList\",\"@id\":\"https:\/\/www.praha14.cz\/zivot-na-praze-14\/tz-4-2023-praha-14-oslavi-svetovy-den-zivotniho-prostredi-pripravila-serii-aktivit-pro-verejnost\/#breadcrumb\",\"itemListElement\":[{\"@type\":\"ListItem\",\"position\":1,\"name\":\"\u017divot na Praze 14\",\"item\":\"https:\/\/www.praha14.cz\/zivot-na-praze-14\/\"},{\"@type\":\"ListItem\",\"position\":2,\"name\":\"TZ 4\/2023 Praha 14 oslav\u00ed Sv\u011btov\u00fd den \u017eivotn\u00edho prost\u0159ed\u00ed. P\u0159ipravila s\u00e9rii aktivit pro ve\u0159ejnost\"}]},{\"@type\":\"WebSite\",\"@id\":\"https:\/\/www.praha14.cz\/zivot-na-praze-14\/#website\",\"url\":\"https:\/\/www.praha14.cz\/zivot-na-praze-14\/\",\"name\":\"\u017divot na Praze 14\",\"description\":\"\",\"potentialAction\":[{\"@type\":\"SearchAction\",\"target\":{\"@type\":\"EntryPoint\",\"urlTemplate\":\"https:\/\/www.praha14.cz\/zivot-na-praze-14\/?s={search_term_string}\"},\"query-input\":{\"@type\":\"PropertyValueSpecification\",\"valueRequired\":true,\"valueName\":\"search_term_string\"}}],\"inLanguage\":\"cs\"},{\"@type\":\"Person\",\"@id\":\"https:\/\/www.praha14.cz\/zivot-na-praze-14\/#\/schema\/person\/127a1d778cbcf76b257f93fb8c42591c\",\"name\":\"Odd\u011blen\u00ed komunikace\",\"image\":{\"@type\":\"ImageObject\",\"inLanguage\":\"cs\",\"@id\":\"https:\/\/secure.gravatar.com\/avatar\/e958f3d1e915848093abf89585ec4bb6a7daede2e0322c416842d9f94c3fdaca?s=96&d=mm&r=g\",\"url\":\"https:\/\/secure.gravatar.com\/avatar\/e958f3d1e915848093abf89585ec4bb6a7daede2e0322c416842d9f94c3fdaca?s=96&d=mm&r=g\",\"contentUrl\":\"https:\/\/secure.gravatar.com\/avatar\/e958f3d1e915848093abf89585ec4bb6a7daede2e0322c416842d9f94c3fdaca?s=96&d=mm&r=g\",\"caption\":\"Odd\u011blen\u00ed komunikace\"},\"url\":\"https:\/\/www.praha14.cz\/zivot-na-praze-14\/author\/luciehlavackova\/\"}]}<\/script>\n<!-- \/ Yoast SEO plugin. -->","yoast_head_json":{"title":"TZ 4\/2023 Praha 14 oslav\u00ed Sv\u011btov\u00fd den \u017eivotn\u00edho prost\u0159ed\u00ed. P\u0159ipravila s\u00e9rii aktivit pro ve\u0159ejnost - \u017divot na Praze 14","robots":{"index":"index","follow":"follow","max-snippet":"max-snippet:-1","max-image-preview":"max-image-preview:large","max-video-preview":"max-video-preview:-1"},"canonical":"https:\/\/www.praha14.cz\/zivot-na-praze-14\/tz-4-2023-praha-14-oslavi-svetovy-den-zivotniho-prostredi-pripravila-serii-aktivit-pro-verejnost\/","og_locale":"cs_CZ","og_type":"article","og_title":"TZ 4\/2023 Praha 14 oslav\u00ed Sv\u011btov\u00fd den \u017eivotn\u00edho prost\u0159ed\u00ed. P\u0159ipravila s\u00e9rii aktivit pro ve\u0159ejnost - \u017divot na Praze 14","og_description":"Praha, 2. \u010dervna 2023 \u2013 Ekologii se Praha 14 v\u011bnuje pr\u016fb\u011b\u017en\u011b b\u011bhem cel\u00e9ho roku. Na dubnov\u00e9 oslavy Dne Zem\u011b nyn\u00ed nav\u00e1\u017ee dal\u0161\u00ed s\u00e9rie aktivit pro ve\u0159ejnost zam\u011b\u0159ena na \u017eivotn\u00ed prost\u0159ed\u00ed \u2013 tentokr\u00e1t pod hlavi\u010dkou akce Dny \u017eivotn\u00edho prost\u0159ed\u00ed Prahy 14. \u201ePo\u0159\u00e1d\u00e1me je u p\u0159\u00edle\u017eitosti Sv\u011btov\u00e9ho dne \u017eivotn\u00edho prost\u0159ed\u00ed, kter\u00fd p\u0159ipad\u00e1 na 5. \u010dervna. Na\u0161\u00ed snahou...","og_url":"https:\/\/www.praha14.cz\/zivot-na-praze-14\/tz-4-2023-praha-14-oslavi-svetovy-den-zivotniho-prostredi-pripravila-serii-aktivit-pro-verejnost\/","og_site_name":"\u017divot na Praze 14","article_published_time":"2023-06-02T06:21:30+00:00","author":"Odd\u011blen\u00ed komunikace","twitter_card":"summary_large_image","twitter_misc":{"Written by":"Odd\u011blen\u00ed komunikace","Est. reading time":"3 minuty"},"schema":{"@context":"https:\/\/schema.org","@graph":[{"@type":"Article","@id":"https:\/\/www.praha14.cz\/zivot-na-praze-14\/tz-4-2023-praha-14-oslavi-svetovy-den-zivotniho-prostredi-pripravila-serii-aktivit-pro-verejnost\/#article","isPartOf":{"@id":"https:\/\/www.praha14.cz\/zivot-na-praze-14\/tz-4-2023-praha-14-oslavi-svetovy-den-zivotniho-prostredi-pripravila-serii-aktivit-pro-verejnost\/"},"author":{"name":"Odd\u011blen\u00ed komunikace","@id":"https:\/\/www.praha14.cz\/zivot-na-praze-14\/#\/schema\/person\/127a1d778cbcf76b257f93fb8c42591c"},"headline":"TZ 4\/2023 Praha 14 oslav\u00ed Sv\u011btov\u00fd den \u017eivotn\u00edho prost\u0159ed\u00ed. P\u0159ipravila s\u00e9rii aktivit pro ve\u0159ejnost","datePublished":"2023-06-02T06:21:30+00:00","mainEntityOfPage":{"@id":"https:\/\/www.praha14.cz\/zivot-na-praze-14\/tz-4-2023-praha-14-oslavi-svetovy-den-zivotniho-prostredi-pripravila-serii-aktivit-pro-verejnost\/"},"wordCount":583,"keywords":["Tiskov\u00e9 zpr\u00e1vy"],"inLanguage":"cs"},{"@type":"WebPage","@id":"https:\/\/www.praha14.cz\/zivot-na-praze-14\/tz-4-2023-praha-14-oslavi-svetovy-den-zivotniho-prostredi-pripravila-serii-aktivit-pro-verejnost\/","url":"https:\/\/www.praha14.cz\/zivot-na-praze-14\/tz-4-2023-praha-14-oslavi-svetovy-den-zivotniho-prostredi-pripravila-serii-aktivit-pro-verejnost\/","name":"TZ 4\/2023 Praha 14 oslav\u00ed Sv\u011btov\u00fd den \u017eivotn\u00edho prost\u0159ed\u00ed. P\u0159ipravila s\u00e9rii aktivit pro ve\u0159ejnost - \u017divot na Praze 14","isPartOf":{"@id":"https:\/\/www.praha14.cz\/zivot-na-praze-14\/#website"},"datePublished":"2023-06-02T06:21:30+00:00","author":{"@id":"https:\/\/www.praha14.cz\/zivot-na-praze-14\/#\/schema\/person\/127a1d778cbcf76b257f93fb8c42591c"},"breadcrumb":{"@id":"https:\/\/www.praha14.cz\/zivot-na-praze-14\/tz-4-2023-praha-14-oslavi-svetovy-den-zivotniho-prostredi-pripravila-serii-aktivit-pro-verejnost\/#breadcrumb"},"inLanguage":"cs","potentialAction":[{"@type":"ReadAction","target":["https:\/\/www.praha14.cz\/zivot-na-praze-14\/tz-4-2023-praha-14-oslavi-svetovy-den-zivotniho-prostredi-pripravila-serii-aktivit-pro-verejnost\/"]}]},{"@type":"BreadcrumbList","@id":"https:\/\/www.praha14.cz\/zivot-na-praze-14\/tz-4-2023-praha-14-oslavi-svetovy-den-zivotniho-prostredi-pripravila-serii-aktivit-pro-verejnost\/#breadcrumb","itemListElement":[{"@type":"ListItem","position":1,"name":"\u017divot na Praze 14","item":"https:\/\/www.praha14.cz\/zivot-na-praze-14\/"},{"@type":"ListItem","position":2,"name":"TZ 4\/2023 Praha 14 oslav\u00ed Sv\u011btov\u00fd den \u017eivotn\u00edho prost\u0159ed\u00ed. P\u0159ipravila s\u00e9rii aktivit pro ve\u0159ejnost"}]},{"@type":"WebSite","@id":"https:\/\/www.praha14.cz\/zivot-na-praze-14\/#website","url":"https:\/\/www.praha14.cz\/zivot-na-praze-14\/","name":"\u017divot na Praze 14","description":"","potentialAction":[{"@type":"SearchAction","target":{"@type":"EntryPoint","urlTemplate":"https:\/\/www.praha14.cz\/zivot-na-praze-14\/?s={search_term_string}"},"query-input":{"@type":"PropertyValueSpecification","valueRequired":true,"valueName":"search_term_string"}}],"inLanguage":"cs"},{"@type":"Person","@id":"https:\/\/www.praha14.cz\/zivot-na-praze-14\/#\/schema\/person\/127a1d778cbcf76b257f93fb8c42591c","name":"Odd\u011blen\u00ed komunikace","image":{"@type":"ImageObject","inLanguage":"cs","@id":"https:\/\/secure.gravatar.com\/avatar\/e958f3d1e915848093abf89585ec4bb6a7daede2e0322c416842d9f94c3fdaca?s=96&d=mm&r=g","url":"https:\/\/secure.gravatar.com\/avatar\/e958f3d1e915848093abf89585ec4bb6a7daede2e0322c416842d9f94c3fdaca?s=96&d=mm&r=g","contentUrl":"https:\/\/secure.gravatar.com\/avatar\/e958f3d1e915848093abf89585ec4bb6a7daede2e0322c416842d9f94c3fdaca?s=96&d=mm&r=g","caption":"Odd\u011blen\u00ed komunikace"},"url":"https:\/\/www.praha14.cz\/zivot-na-praze-14\/author\/luciehlavackova\/"}]}},"_links":{"self":[{"href":"https:\/\/www.praha14.cz\/zivot-na-praze-14\/wp-json\/wp\/v2\/posts\/67658","targetHints":{"allow":["GET"]}}],"collection":[{"href":"https:\/\/www.praha14.cz\/zivot-na-praze-14\/wp-json\/wp\/v2\/posts"}],"about":[{"href":"https:\/\/www.praha14.cz\/zivot-na-praze-14\/wp-json\/wp\/v2\/types\/post"}],"author":[{"embeddable":true,"href":"https:\/\/www.praha14.cz\/zivot-na-praze-14\/wp-json\/wp\/v2\/users\/1057"}],"replies":[{"embeddable":true,"href":"https:\/\/www.praha14.cz\/zivot-na-praze-14\/wp-json\/wp\/v2\/comments?post=67658"}],"version-history":[{"count":1,"href":"https:\/\/www.praha14.cz\/zivot-na-praze-14\/wp-json\/wp\/v2\/posts\/67658\/revisions"}],"predecessor-version":[{"id":67659,"href":"https:\/\/www.praha14.cz\/zivot-na-praze-14\/wp-json\/wp\/v2\/posts\/67658\/revisions\/67659"}],"wp:attachment":[{"href":"https:\/\/www.praha14.cz\/zivot-na-praze-14\/wp-json\/wp\/v2\/media?parent=67658"}],"wp:term":[{"taxonomy":"category","embeddable":true,"href":"https:\/\/www.praha14.cz\/zivot-na-praze-14\/wp-json\/wp\/v2\/categories?post=67658"},{"taxonomy":"post_tag","embeddable":true,"href":"https:\/\/www.praha14.cz\/zivot-na-praze-14\/wp-json\/wp\/v2\/tags?post=67658"}],"curies":[{"name":"wp","href":"https:\/\/api.w.org\/{rel}","templated":true}]}}