{"id":68191,"date":"2023-08-31T10:22:45","date_gmt":"2023-08-31T10:22:45","guid":{"rendered":"https:\/\/www.praha14.cz\/zivot-na-praze-14\/?p=68191"},"modified":"2023-09-12T08:08:56","modified_gmt":"2023-09-12T08:08:56","slug":"rekonstrukce-ulice-narodnich-hrdinu-brzy-zacne","status":"publish","type":"post","link":"https:\/\/www.praha14.cz\/zivot-na-praze-14\/rekonstrukce-ulice-narodnich-hrdinu-brzy-zacne\/","title":{"rendered":"Rekonstrukce ulice N\u00e1rodn\u00edch hrdin\u016f"},"content":{"rendered":"<p><strong><span style=\"color: #ff0000;\">AKTUALIZACE: <\/span><\/strong><\/p>\n<p><span style=\"font-size: 12.0pt; color: black;\">Z d\u016fvodu neopr\u00e1vn\u011bn\u00fdch vjezd\u016f do prostoru stavby na ulici N\u00e1rodn\u00edch Hrdin\u016f a nadm\u011brn\u00e9mu zat\u011b\u017eov\u00e1n\u00ed okoln\u00ed vilov\u00e9 \u010dtvrti budou znepr\u016fjezdn\u011bny ulice Rtynsk\u00e1 a Podkrkon\u0161sk\u00e1 a t\u00edm dojde k znepr\u016fjezdn\u011bn\u00ed cel\u00e9 vilov\u00e9 \u010d\u00e1sti. \u017d\u00e1d\u00e1me m\u00edstn\u00ed obyvatele, aby do prostoru stavby vj\u00ed\u017ed\u011bli jen v nejnutn\u011bj\u0161\u00edch p\u0159\u00edpadech.<\/span><\/p>\n<hr \/>\n<p><strong><span style=\"color: #ff0000;\">Z d\u016fvodu nesouhlasu M\u010c Praha 15, o n\u011bm\u017e byla M\u010c Praha 14 informov\u00e1na v p\u00e1tek 1. 9. 2023, povede obj\u00edzdn\u00e1 trasa pouze p\u0159es \u0160t\u011brboholskou spojku a ulici Nedokon\u010den\u00e1. V p\u0159\u00edsp\u011bvku n\u00ed\u017ee uv\u00e1d\u011bn\u00e1 trasa p\u0159es ulici Ke K\u0159\u00ed\u017ek\u00e1m (viz kurz\u00edva) tedy neplat\u00ed.\u00a0<\/span><\/strong><br \/>\n<strong><span style=\"color: #ff0000;\">D\u011bkujeme za pochopen\u00ed.\u00a0\u00a0<\/span><\/strong><\/p>\n<p>Aktu\u00e1ln\u00ed mapa obj\u00edzdn\u00e9 trasy:<\/p>\n<p><a href=\"https:\/\/www.praha14.cz\/app\/uploads\/sites\/4\/2023\/09\/Upravena-mapa_zmena-objizdky-1.png\" target=\"_blank\" rel=\"noopener\" data-rel=\"lightbox-image-0\" data-rl_title=\"\" data-rl_caption=\"\" title=\"\"><img loading=\"lazy\" decoding=\"async\" class=\"wp-image-68246 alignnone\" src=\"https:\/\/www.praha14.cz\/app\/uploads\/sites\/4\/2023\/09\/Upravena-mapa_zmena-objizdky-1.png\" alt=\"\" width=\"549\" height=\"388\" srcset=\"https:\/\/www.praha14.cz\/app\/uploads\/sites\/4\/2023\/09\/Upravena-mapa_zmena-objizdky-1.png 2245w, https:\/\/www.praha14.cz\/app\/uploads\/sites\/4\/2023\/09\/Upravena-mapa_zmena-objizdky-1-370x262.png 370w, https:\/\/www.praha14.cz\/app\/uploads\/sites\/4\/2023\/09\/Upravena-mapa_zmena-objizdky-1-1024x724.png 1024w, https:\/\/www.praha14.cz\/app\/uploads\/sites\/4\/2023\/09\/Upravena-mapa_zmena-objizdky-1-768x543.png 768w, https:\/\/www.praha14.cz\/app\/uploads\/sites\/4\/2023\/09\/Upravena-mapa_zmena-objizdky-1-1536x1086.png 1536w, https:\/\/www.praha14.cz\/app\/uploads\/sites\/4\/2023\/09\/Upravena-mapa_zmena-objizdky-1-2048x1448.png 2048w\" sizes=\"(max-width: 549px) 100vw, 549px\" \/><\/a><\/p>\n<p>&nbsp;<\/p>\n<hr \/>\n<p>Technick\u00e1 spr\u00e1va komunikac\u00ed hl. m. Prahy (TSK) zah\u00e1j\u00ed 4. z\u00e1\u0159\u00ed 2023 rekonstrukci frekventovan\u00e9 dolnopo\u010dernick\u00e9 spojnice \u2013 ulice N\u00e1rodn\u00edch hrdin\u016f. Opravy by m\u011bly dle sou\u010dasn\u00e9ho harmonogramu trvat do konce leto\u0161n\u00edho listopadu. Obj\u00edzdn\u00e1 trasa povede zejm\u00e9na po ulici Nedokon\u010den\u00e1, propojuj\u00edc\u00ed \u0160t\u011brboholy s Jir\u00e1skovou \u010dtvrt\u00ed. V oblasti je tak nutn\u00e9 po\u010d\u00edtat se siln\u011bj\u0161\u00edm provozem, ne\u017e b\u00fdv\u00e1 v t\u00e9to dob\u011b obvykl\u00e9.<\/p>\n<p><em>Pro obyvatele Doln\u00edch Po\u010dernic \u017eij\u00edc\u00ed v\u00a0okol\u00ed rekonstruovan\u00e9ho \u00faseku je prim\u00e1rn\u011b stanovena obj\u00edzdn\u00e1 trasa p\u0159es ulice Ke K\u0159\u00ed\u017ek\u00e1m, Slatiny a Nedokon\u010den\u00e1. Lid\u00e9 samoz\u0159ejm\u011b mohou vyu\u017e\u00edvat i \u0160t\u011brboholskou spojku, ale tato cesta nen\u00ed s\u00a0ohledem na \u010dast\u00e9 kolony p\u0159\u00edli\u0161 komfortn\u00ed. \u00dasek p\u0159es Dube\u010d je a\u017e po k\u0159i\u017eovatku s\u00a0ulic\u00ed Nedokon\u010den\u00e1 ur\u010den pouze pro osobn\u00ed vozidla. Tamn\u00ed komunikace maj\u00ed omezenou kapacitu.<\/em><\/p>\n<p>V ulici N\u00e1rodn\u00edch hrdin\u016f bude rekonstruov\u00e1n, respektive do\u010dasn\u011b uzav\u0159en t\u00e9m\u011b\u0159 8 tis\u00edc metr\u016f \u010dtvere\u010dn\u00edch dlouh\u00fd \u00fasek. Pracovat se bude ve dvou etap\u00e1ch \u2013 od ulice \u010ceskobrodsk\u00e1 po Makovskou a od Makovsk\u00e9 po \u0160t\u011brboholskou spojku. Sou\u010d\u00e1st\u00ed oprav je nejen polo\u017een\u00ed nov\u00e9ho povrchu vozovky, ale tak\u00e9 vybudov\u00e1n\u00ed zv\u00fd\u0161en\u00e9ho p\u0159echodu pro chodce s bezbari\u00e9rov\u00fdm prahem, p\u0159edl\u00e1\u017ed\u011bn\u00ed chodn\u00edku, rekonstrukce p\u0159\u00edpojek a uli\u010dn\u00edch vpust\u00ed a obnova dopravn\u00edho zna\u010den\u00ed.<\/p>\n<p><strong>Uzav\u00edrky se dotknou i MHD<\/strong><\/p>\n<p>Uzav\u00edrky se dot\u00fdkaj\u00ed nejen individu\u00e1ln\u00ed, ale i autobusov\u00e9 dopravy. Linka \u010d\u00edslo 204 do\u010dasn\u011b nebude obsluhovat zast\u00e1vky Svato\u0148ovick\u00e1 a Rty\u0148sk\u00e1.\u00a0 Linka 136 do oblasti nezaj\u00ed\u017ed\u00ed v\u016fbec, respektive rovnou naj\u00ed\u017ed\u00ed na Nedokon\u010denou a p\u0159es \u010ceskobrodskou sm\u011b\u0159uje do B\u011bchovic.<\/p>\n<p>D\u011bkujeme za trp\u011blivost.<\/p>\n","protected":false},"excerpt":{"rendered":"<p>AKTUALIZACE: Z d\u016fvodu neopr\u00e1vn\u011bn\u00fdch vjezd\u016f do prostoru stavby na ulici N\u00e1rodn\u00edch Hrdin\u016f a nadm\u011brn\u00e9mu zat\u011b\u017eov\u00e1n\u00ed okoln\u00ed vilov\u00e9 \u010dtvrti budou znepr\u016fjezdn\u011bny ulice Rtynsk\u00e1 a Podkrkon\u0161sk\u00e1 a t\u00edm dojde k znepr\u016fjezdn\u011bn\u00ed cel\u00e9 vilov\u00e9 \u010d\u00e1sti. \u017d\u00e1d\u00e1me m\u00edstn\u00ed obyvatele, aby do prostoru stavby vj\u00ed\u017ed\u011bli jen v nejnutn\u011bj\u0161\u00edch p\u0159\u00edpadech. Z d\u016fvodu nesouhlasu M\u010c Praha 15, o n\u011bm\u017e byla M\u010c Praha&#8230;<\/p>\n","protected":false},"author":1057,"featured_media":0,"comment_status":"closed","ping_status":"closed","sticky":true,"template":"","format":"standard","meta":{"_acf_changed":false,"footnotes":""},"categories":[1],"tags":[],"class_list":["post-68191","post","type-post","status-publish","format-standard","hentry","category-nezarazene"],"acf":[],"geo":null,"yoast_head":"<!-- This site is optimized with the Yoast SEO plugin v27.2 - https:\/\/yoast.com\/product\/yoast-seo-wordpress\/ -->\n<title>Rekonstrukce ulice N\u00e1rodn\u00edch hrdin\u016f - \u017divot na Praze 14<\/title>\n<meta name=\"robots\" content=\"index, follow, max-snippet:-1, max-image-preview:large, max-video-preview:-1\" \/>\n<link rel=\"canonical\" href=\"https:\/\/www.praha14.cz\/zivot-na-praze-14\/rekonstrukce-ulice-narodnich-hrdinu-brzy-zacne\/\" \/>\n<meta property=\"og:locale\" content=\"cs_CZ\" \/>\n<meta property=\"og:type\" content=\"article\" \/>\n<meta property=\"og:title\" content=\"Rekonstrukce ulice N\u00e1rodn\u00edch hrdin\u016f - \u017divot na Praze 14\" \/>\n<meta property=\"og:description\" content=\"AKTUALIZACE: Z d\u016fvodu neopr\u00e1vn\u011bn\u00fdch vjezd\u016f do prostoru stavby na ulici N\u00e1rodn\u00edch Hrdin\u016f a nadm\u011brn\u00e9mu zat\u011b\u017eov\u00e1n\u00ed okoln\u00ed vilov\u00e9 \u010dtvrti budou znepr\u016fjezdn\u011bny ulice Rtynsk\u00e1 a Podkrkon\u0161sk\u00e1 a t\u00edm dojde k znepr\u016fjezdn\u011bn\u00ed cel\u00e9 vilov\u00e9 \u010d\u00e1sti. \u017d\u00e1d\u00e1me m\u00edstn\u00ed obyvatele, aby do prostoru stavby vj\u00ed\u017ed\u011bli jen v nejnutn\u011bj\u0161\u00edch p\u0159\u00edpadech. Z d\u016fvodu nesouhlasu M\u010c Praha 15, o n\u011bm\u017e byla M\u010c Praha...\" \/>\n<meta property=\"og:url\" content=\"https:\/\/www.praha14.cz\/zivot-na-praze-14\/rekonstrukce-ulice-narodnich-hrdinu-brzy-zacne\/\" \/>\n<meta property=\"og:site_name\" content=\"\u017divot na Praze 14\" \/>\n<meta property=\"article:published_time\" content=\"2023-08-31T10:22:45+00:00\" \/>\n<meta property=\"article:modified_time\" content=\"2023-09-12T08:08:56+00:00\" \/>\n<meta property=\"og:image\" content=\"https:\/\/www.praha14.cz\/app\/uploads\/sites\/4\/2023\/09\/Upravena-mapa_zmena-objizdky-1.png\" \/>\n<meta name=\"author\" content=\"Odd\u011blen\u00ed komunikace\" \/>\n<meta name=\"twitter:card\" content=\"summary_large_image\" \/>\n<meta name=\"twitter:label1\" content=\"Written by\" \/>\n\t<meta name=\"twitter:data1\" content=\"Odd\u011blen\u00ed komunikace\" \/>\n\t<meta name=\"twitter:label2\" content=\"Est. reading time\" \/>\n\t<meta name=\"twitter:data2\" content=\"2 minuty\" \/>\n<script type=\"application\/ld+json\" class=\"yoast-schema-graph\">{\"@context\":\"https:\/\/schema.org\",\"@graph\":[{\"@type\":\"Article\",\"@id\":\"https:\/\/www.praha14.cz\/zivot-na-praze-14\/rekonstrukce-ulice-narodnich-hrdinu-brzy-zacne\/#article\",\"isPartOf\":{\"@id\":\"https:\/\/www.praha14.cz\/zivot-na-praze-14\/rekonstrukce-ulice-narodnich-hrdinu-brzy-zacne\/\"},\"author\":{\"name\":\"Odd\u011blen\u00ed komunikace\",\"@id\":\"https:\/\/www.praha14.cz\/zivot-na-praze-14\/#\/schema\/person\/127a1d778cbcf76b257f93fb8c42591c\"},\"headline\":\"Rekonstrukce ulice N\u00e1rodn\u00edch hrdin\u016f\",\"datePublished\":\"2023-08-31T10:22:45+00:00\",\"dateModified\":\"2023-09-12T08:08:56+00:00\",\"mainEntityOfPage\":{\"@id\":\"https:\/\/www.praha14.cz\/zivot-na-praze-14\/rekonstrukce-ulice-narodnich-hrdinu-brzy-zacne\/\"},\"wordCount\":439,\"image\":{\"@id\":\"https:\/\/www.praha14.cz\/zivot-na-praze-14\/rekonstrukce-ulice-narodnich-hrdinu-brzy-zacne\/#primaryimage\"},\"thumbnailUrl\":\"https:\/\/www.praha14.cz\/app\/uploads\/sites\/4\/2023\/09\/Upravena-mapa_zmena-objizdky-1.png\",\"inLanguage\":\"cs\"},{\"@type\":\"WebPage\",\"@id\":\"https:\/\/www.praha14.cz\/zivot-na-praze-14\/rekonstrukce-ulice-narodnich-hrdinu-brzy-zacne\/\",\"url\":\"https:\/\/www.praha14.cz\/zivot-na-praze-14\/rekonstrukce-ulice-narodnich-hrdinu-brzy-zacne\/\",\"name\":\"Rekonstrukce ulice N\u00e1rodn\u00edch hrdin\u016f - \u017divot na Praze 14\",\"isPartOf\":{\"@id\":\"https:\/\/www.praha14.cz\/zivot-na-praze-14\/#website\"},\"primaryImageOfPage\":{\"@id\":\"https:\/\/www.praha14.cz\/zivot-na-praze-14\/rekonstrukce-ulice-narodnich-hrdinu-brzy-zacne\/#primaryimage\"},\"image\":{\"@id\":\"https:\/\/www.praha14.cz\/zivot-na-praze-14\/rekonstrukce-ulice-narodnich-hrdinu-brzy-zacne\/#primaryimage\"},\"thumbnailUrl\":\"https:\/\/www.praha14.cz\/app\/uploads\/sites\/4\/2023\/09\/Upravena-mapa_zmena-objizdky-1.png\",\"datePublished\":\"2023-08-31T10:22:45+00:00\",\"dateModified\":\"2023-09-12T08:08:56+00:00\",\"author\":{\"@id\":\"https:\/\/www.praha14.cz\/zivot-na-praze-14\/#\/schema\/person\/127a1d778cbcf76b257f93fb8c42591c\"},\"breadcrumb\":{\"@id\":\"https:\/\/www.praha14.cz\/zivot-na-praze-14\/rekonstrukce-ulice-narodnich-hrdinu-brzy-zacne\/#breadcrumb\"},\"inLanguage\":\"cs\",\"potentialAction\":[{\"@type\":\"ReadAction\",\"target\":[\"https:\/\/www.praha14.cz\/zivot-na-praze-14\/rekonstrukce-ulice-narodnich-hrdinu-brzy-zacne\/\"]}]},{\"@type\":\"ImageObject\",\"inLanguage\":\"cs\",\"@id\":\"https:\/\/www.praha14.cz\/zivot-na-praze-14\/rekonstrukce-ulice-narodnich-hrdinu-brzy-zacne\/#primaryimage\",\"url\":\"https:\/\/www.praha14.cz\/app\/uploads\/sites\/4\/2023\/09\/Upravena-mapa_zmena-objizdky-1.png\",\"contentUrl\":\"https:\/\/www.praha14.cz\/app\/uploads\/sites\/4\/2023\/09\/Upravena-mapa_zmena-objizdky-1.png\"},{\"@type\":\"BreadcrumbList\",\"@id\":\"https:\/\/www.praha14.cz\/zivot-na-praze-14\/rekonstrukce-ulice-narodnich-hrdinu-brzy-zacne\/#breadcrumb\",\"itemListElement\":[{\"@type\":\"ListItem\",\"position\":1,\"name\":\"\u017divot na Praze 14\",\"item\":\"https:\/\/www.praha14.cz\/zivot-na-praze-14\/\"},{\"@type\":\"ListItem\",\"position\":2,\"name\":\"Rekonstrukce ulice N\u00e1rodn\u00edch hrdin\u016f\"}]},{\"@type\":\"WebSite\",\"@id\":\"https:\/\/www.praha14.cz\/zivot-na-praze-14\/#website\",\"url\":\"https:\/\/www.praha14.cz\/zivot-na-praze-14\/\",\"name\":\"\u017divot na Praze 14\",\"description\":\"\",\"potentialAction\":[{\"@type\":\"SearchAction\",\"target\":{\"@type\":\"EntryPoint\",\"urlTemplate\":\"https:\/\/www.praha14.cz\/zivot-na-praze-14\/?s={search_term_string}\"},\"query-input\":{\"@type\":\"PropertyValueSpecification\",\"valueRequired\":true,\"valueName\":\"search_term_string\"}}],\"inLanguage\":\"cs\"},{\"@type\":\"Person\",\"@id\":\"https:\/\/www.praha14.cz\/zivot-na-praze-14\/#\/schema\/person\/127a1d778cbcf76b257f93fb8c42591c\",\"name\":\"Odd\u011blen\u00ed komunikace\",\"image\":{\"@type\":\"ImageObject\",\"inLanguage\":\"cs\",\"@id\":\"https:\/\/secure.gravatar.com\/avatar\/e958f3d1e915848093abf89585ec4bb6a7daede2e0322c416842d9f94c3fdaca?s=96&d=mm&r=g\",\"url\":\"https:\/\/secure.gravatar.com\/avatar\/e958f3d1e915848093abf89585ec4bb6a7daede2e0322c416842d9f94c3fdaca?s=96&d=mm&r=g\",\"contentUrl\":\"https:\/\/secure.gravatar.com\/avatar\/e958f3d1e915848093abf89585ec4bb6a7daede2e0322c416842d9f94c3fdaca?s=96&d=mm&r=g\",\"caption\":\"Odd\u011blen\u00ed komunikace\"},\"url\":\"https:\/\/www.praha14.cz\/zivot-na-praze-14\/author\/luciehlavackova\/\"}]}<\/script>\n<!-- \/ Yoast SEO plugin. -->","yoast_head_json":{"title":"Rekonstrukce ulice N\u00e1rodn\u00edch hrdin\u016f - \u017divot na Praze 14","robots":{"index":"index","follow":"follow","max-snippet":"max-snippet:-1","max-image-preview":"max-image-preview:large","max-video-preview":"max-video-preview:-1"},"canonical":"https:\/\/www.praha14.cz\/zivot-na-praze-14\/rekonstrukce-ulice-narodnich-hrdinu-brzy-zacne\/","og_locale":"cs_CZ","og_type":"article","og_title":"Rekonstrukce ulice N\u00e1rodn\u00edch hrdin\u016f - \u017divot na Praze 14","og_description":"AKTUALIZACE: Z d\u016fvodu neopr\u00e1vn\u011bn\u00fdch vjezd\u016f do prostoru stavby na ulici N\u00e1rodn\u00edch Hrdin\u016f a nadm\u011brn\u00e9mu zat\u011b\u017eov\u00e1n\u00ed okoln\u00ed vilov\u00e9 \u010dtvrti budou znepr\u016fjezdn\u011bny ulice Rtynsk\u00e1 a Podkrkon\u0161sk\u00e1 a t\u00edm dojde k znepr\u016fjezdn\u011bn\u00ed cel\u00e9 vilov\u00e9 \u010d\u00e1sti. \u017d\u00e1d\u00e1me m\u00edstn\u00ed obyvatele, aby do prostoru stavby vj\u00ed\u017ed\u011bli jen v nejnutn\u011bj\u0161\u00edch p\u0159\u00edpadech. Z d\u016fvodu nesouhlasu M\u010c Praha 15, o n\u011bm\u017e byla M\u010c Praha...","og_url":"https:\/\/www.praha14.cz\/zivot-na-praze-14\/rekonstrukce-ulice-narodnich-hrdinu-brzy-zacne\/","og_site_name":"\u017divot na Praze 14","article_published_time":"2023-08-31T10:22:45+00:00","article_modified_time":"2023-09-12T08:08:56+00:00","og_image":[{"url":"https:\/\/www.praha14.cz\/app\/uploads\/sites\/4\/2023\/09\/Upravena-mapa_zmena-objizdky-1.png","type":"","width":"","height":""}],"author":"Odd\u011blen\u00ed komunikace","twitter_card":"summary_large_image","twitter_misc":{"Written by":"Odd\u011blen\u00ed komunikace","Est. reading time":"2 minuty"},"schema":{"@context":"https:\/\/schema.org","@graph":[{"@type":"Article","@id":"https:\/\/www.praha14.cz\/zivot-na-praze-14\/rekonstrukce-ulice-narodnich-hrdinu-brzy-zacne\/#article","isPartOf":{"@id":"https:\/\/www.praha14.cz\/zivot-na-praze-14\/rekonstrukce-ulice-narodnich-hrdinu-brzy-zacne\/"},"author":{"name":"Odd\u011blen\u00ed komunikace","@id":"https:\/\/www.praha14.cz\/zivot-na-praze-14\/#\/schema\/person\/127a1d778cbcf76b257f93fb8c42591c"},"headline":"Rekonstrukce ulice N\u00e1rodn\u00edch hrdin\u016f","datePublished":"2023-08-31T10:22:45+00:00","dateModified":"2023-09-12T08:08:56+00:00","mainEntityOfPage":{"@id":"https:\/\/www.praha14.cz\/zivot-na-praze-14\/rekonstrukce-ulice-narodnich-hrdinu-brzy-zacne\/"},"wordCount":439,"image":{"@id":"https:\/\/www.praha14.cz\/zivot-na-praze-14\/rekonstrukce-ulice-narodnich-hrdinu-brzy-zacne\/#primaryimage"},"thumbnailUrl":"https:\/\/www.praha14.cz\/app\/uploads\/sites\/4\/2023\/09\/Upravena-mapa_zmena-objizdky-1.png","inLanguage":"cs"},{"@type":"WebPage","@id":"https:\/\/www.praha14.cz\/zivot-na-praze-14\/rekonstrukce-ulice-narodnich-hrdinu-brzy-zacne\/","url":"https:\/\/www.praha14.cz\/zivot-na-praze-14\/rekonstrukce-ulice-narodnich-hrdinu-brzy-zacne\/","name":"Rekonstrukce ulice N\u00e1rodn\u00edch hrdin\u016f - \u017divot na Praze 14","isPartOf":{"@id":"https:\/\/www.praha14.cz\/zivot-na-praze-14\/#website"},"primaryImageOfPage":{"@id":"https:\/\/www.praha14.cz\/zivot-na-praze-14\/rekonstrukce-ulice-narodnich-hrdinu-brzy-zacne\/#primaryimage"},"image":{"@id":"https:\/\/www.praha14.cz\/zivot-na-praze-14\/rekonstrukce-ulice-narodnich-hrdinu-brzy-zacne\/#primaryimage"},"thumbnailUrl":"https:\/\/www.praha14.cz\/app\/uploads\/sites\/4\/2023\/09\/Upravena-mapa_zmena-objizdky-1.png","datePublished":"2023-08-31T10:22:45+00:00","dateModified":"2023-09-12T08:08:56+00:00","author":{"@id":"https:\/\/www.praha14.cz\/zivot-na-praze-14\/#\/schema\/person\/127a1d778cbcf76b257f93fb8c42591c"},"breadcrumb":{"@id":"https:\/\/www.praha14.cz\/zivot-na-praze-14\/rekonstrukce-ulice-narodnich-hrdinu-brzy-zacne\/#breadcrumb"},"inLanguage":"cs","potentialAction":[{"@type":"ReadAction","target":["https:\/\/www.praha14.cz\/zivot-na-praze-14\/rekonstrukce-ulice-narodnich-hrdinu-brzy-zacne\/"]}]},{"@type":"ImageObject","inLanguage":"cs","@id":"https:\/\/www.praha14.cz\/zivot-na-praze-14\/rekonstrukce-ulice-narodnich-hrdinu-brzy-zacne\/#primaryimage","url":"https:\/\/www.praha14.cz\/app\/uploads\/sites\/4\/2023\/09\/Upravena-mapa_zmena-objizdky-1.png","contentUrl":"https:\/\/www.praha14.cz\/app\/uploads\/sites\/4\/2023\/09\/Upravena-mapa_zmena-objizdky-1.png"},{"@type":"BreadcrumbList","@id":"https:\/\/www.praha14.cz\/zivot-na-praze-14\/rekonstrukce-ulice-narodnich-hrdinu-brzy-zacne\/#breadcrumb","itemListElement":[{"@type":"ListItem","position":1,"name":"\u017divot na Praze 14","item":"https:\/\/www.praha14.cz\/zivot-na-praze-14\/"},{"@type":"ListItem","position":2,"name":"Rekonstrukce ulice N\u00e1rodn\u00edch hrdin\u016f"}]},{"@type":"WebSite","@id":"https:\/\/www.praha14.cz\/zivot-na-praze-14\/#website","url":"https:\/\/www.praha14.cz\/zivot-na-praze-14\/","name":"\u017divot na Praze 14","description":"","potentialAction":[{"@type":"SearchAction","target":{"@type":"EntryPoint","urlTemplate":"https:\/\/www.praha14.cz\/zivot-na-praze-14\/?s={search_term_string}"},"query-input":{"@type":"PropertyValueSpecification","valueRequired":true,"valueName":"search_term_string"}}],"inLanguage":"cs"},{"@type":"Person","@id":"https:\/\/www.praha14.cz\/zivot-na-praze-14\/#\/schema\/person\/127a1d778cbcf76b257f93fb8c42591c","name":"Odd\u011blen\u00ed komunikace","image":{"@type":"ImageObject","inLanguage":"cs","@id":"https:\/\/secure.gravatar.com\/avatar\/e958f3d1e915848093abf89585ec4bb6a7daede2e0322c416842d9f94c3fdaca?s=96&d=mm&r=g","url":"https:\/\/secure.gravatar.com\/avatar\/e958f3d1e915848093abf89585ec4bb6a7daede2e0322c416842d9f94c3fdaca?s=96&d=mm&r=g","contentUrl":"https:\/\/secure.gravatar.com\/avatar\/e958f3d1e915848093abf89585ec4bb6a7daede2e0322c416842d9f94c3fdaca?s=96&d=mm&r=g","caption":"Odd\u011blen\u00ed komunikace"},"url":"https:\/\/www.praha14.cz\/zivot-na-praze-14\/author\/luciehlavackova\/"}]}},"_links":{"self":[{"href":"https:\/\/www.praha14.cz\/zivot-na-praze-14\/wp-json\/wp\/v2\/posts\/68191","targetHints":{"allow":["GET"]}}],"collection":[{"href":"https:\/\/www.praha14.cz\/zivot-na-praze-14\/wp-json\/wp\/v2\/posts"}],"about":[{"href":"https:\/\/www.praha14.cz\/zivot-na-praze-14\/wp-json\/wp\/v2\/types\/post"}],"author":[{"embeddable":true,"href":"https:\/\/www.praha14.cz\/zivot-na-praze-14\/wp-json\/wp\/v2\/users\/1057"}],"replies":[{"embeddable":true,"href":"https:\/\/www.praha14.cz\/zivot-na-praze-14\/wp-json\/wp\/v2\/comments?post=68191"}],"version-history":[{"count":7,"href":"https:\/\/www.praha14.cz\/zivot-na-praze-14\/wp-json\/wp\/v2\/posts\/68191\/revisions"}],"predecessor-version":[{"id":68405,"href":"https:\/\/www.praha14.cz\/zivot-na-praze-14\/wp-json\/wp\/v2\/posts\/68191\/revisions\/68405"}],"wp:attachment":[{"href":"https:\/\/www.praha14.cz\/zivot-na-praze-14\/wp-json\/wp\/v2\/media?parent=68191"}],"wp:term":[{"taxonomy":"category","embeddable":true,"href":"https:\/\/www.praha14.cz\/zivot-na-praze-14\/wp-json\/wp\/v2\/categories?post=68191"},{"taxonomy":"post_tag","embeddable":true,"href":"https:\/\/www.praha14.cz\/zivot-na-praze-14\/wp-json\/wp\/v2\/tags?post=68191"}],"curies":[{"name":"wp","href":"https:\/\/api.w.org\/{rel}","templated":true}]}}