{"id":68441,"date":"2023-09-14T06:12:55","date_gmt":"2023-09-14T06:12:55","guid":{"rendered":"https:\/\/www.praha14.cz\/zivot-na-praze-14\/?p=68441"},"modified":"2023-09-14T06:13:08","modified_gmt":"2023-09-14T06:13:08","slug":"zacala-vystavba-polyfunkcniho-domu-na-cm","status":"publish","type":"post","link":"https:\/\/www.praha14.cz\/zivot-na-praze-14\/zacala-vystavba-polyfunkcniho-domu-na-cm\/","title":{"rendered":"Za\u010dala v\u00fdstavba polyfunk\u010dn\u00edho domu na \u010cern\u00e9m Most\u011b"},"content":{"rendered":"<div class=\"xdj266r x11i5rnm xat24cr x1mh8g0r x1vvkbs x126k92a\">\n<div dir=\"auto\">V\u00fdstavba polyfunk\u010dn\u00edho domu u stanice metra \u010cern\u00fd Most byla zah\u00e1jena. Prostranstv\u00ed je nyn\u00ed oplocen\u00e9 a do dvou let by m\u011bl b\u00fdt projekt hotov.\u00a0Budova nab\u00eddne nejen des\u00edtky byt\u016f, ale tak\u00e9 kontaktn\u00ed m\u00edsto \u00fa\u0159adu \u010di nejmodern\u011bj\u0161\u00ed pobo\u010dku M\u011bstsk\u00e9 knihovny v Praze.<\/div>\n<\/div>\n<p><strong>Dopravn\u00ed omezen\u00ed:<br \/>\n<\/strong>P\u0159esto\u017ee m\u011bstsk\u00e1 \u010d\u00e1st i realiz\u00e1tor ud\u011blaj\u00ed v\u0161e pro to, aby dopady stavby na okoln\u00ed prost\u0159ed\u00ed byly co nejmen\u0161\u00ed, ur\u010dit\u00e1 nezbytn\u00e1 omezen\u00ed si pr\u00e1ce vy\u017e\u00e1daj\u00ed. Vozidla p\u0159ev\u00e1\u017eej\u00edc\u00ed zeminu a dal\u0161\u00ed stavebn\u00ed technika budou na m\u00edsto zaj\u00ed\u017ed\u011bt ulic\u00ed Bryksova a koridorem vedouc\u00edm kolem font\u00e1ny u stanice metra a b\u00fdval\u00e9 budovy Komer\u010dn\u00ed banky. Pravideln\u00e9 p\u00e1te\u010dn\u00ed farm\u00e1\u0159sk\u00e9 trhy budou t\u00edmto opat\u0159en\u00edm dot\u010deny minim\u00e1ln\u011b \u2013 dojde pouze k posunut\u00ed n\u011bkter\u00fdch st\u00e1nk\u016f. St\u00e1vaj\u00edc\u00ed p\u0159echod pro chodce p\u0159es ulici Bryksova bude kv\u016fli pohybu stavebn\u00ed techniky posunut\u00fd o p\u00e1r metr\u016f vedle tak, aby z\u016fstala zaji\u0161t\u011bna bezbari\u00e9rovost. Do\u010dasn\u00e1 (zhruba prvn\u00ed 4 a\u017e 6 m\u011bs\u00edc\u016f stavby) deponie zeminy bude um\u00edst\u011bna na voln\u00e9 plo\u0161e nedaleko slu\u017eebny Policie \u010cR. Z\u00e1rove\u0148 je t\u0159eba po\u010d\u00edtat s n\u011bkolika do\u010dasn\u00fdmi z\u00e1kazy parkov\u00e1n\u00ed, a to na mal\u00e9m \u00faseku ulice Bryksova v bl\u00edzkosti stavby a v j\u00edzdn\u00edm pruhu ulice Ma\u0148\u00e1kova.<\/p>\n<p>D\u011bkujeme v\u0161em za trp\u011blivost a respektov\u00e1n\u00ed dopravn\u00edch omezen\u00ed, kter\u00e9 jsou pro v\u00fdstavbu nezbytn\u00e9.<\/p>\n<p style=\"text-align: right;\">Zve\u0159ejn\u011bno: 14. z\u00e1\u0159\u00ed 2023<\/p>\n","protected":false},"excerpt":{"rendered":"<p>V\u00fdstavba polyfunk\u010dn\u00edho domu u stanice metra \u010cern\u00fd Most byla zah\u00e1jena. Prostranstv\u00ed je nyn\u00ed oplocen\u00e9 a do dvou let by m\u011bl b\u00fdt projekt hotov.\u00a0Budova nab\u00eddne nejen des\u00edtky byt\u016f, ale tak\u00e9 kontaktn\u00ed m\u00edsto \u00fa\u0159adu \u010di nejmodern\u011bj\u0161\u00ed pobo\u010dku M\u011bstsk\u00e9 knihovny v Praze. Dopravn\u00ed omezen\u00ed: P\u0159esto\u017ee m\u011bstsk\u00e1 \u010d\u00e1st i realiz\u00e1tor ud\u011blaj\u00ed v\u0161e pro to, aby dopady stavby na okoln\u00ed&#8230;<\/p>\n","protected":false},"author":1057,"featured_media":0,"comment_status":"closed","ping_status":"closed","sticky":true,"template":"","format":"standard","meta":{"_acf_changed":false,"footnotes":""},"categories":[1],"tags":[],"class_list":["post-68441","post","type-post","status-publish","format-standard","hentry","category-nezarazene"],"acf":[],"geo":null,"yoast_head":"<!-- This site is optimized with the Yoast SEO plugin v27.2 - https:\/\/yoast.com\/product\/yoast-seo-wordpress\/ -->\n<title>Za\u010dala v\u00fdstavba polyfunk\u010dn\u00edho domu na \u010cern\u00e9m Most\u011b - \u017divot na Praze 14<\/title>\n<meta name=\"robots\" content=\"index, follow, max-snippet:-1, max-image-preview:large, max-video-preview:-1\" \/>\n<link rel=\"canonical\" href=\"https:\/\/www.praha14.cz\/zivot-na-praze-14\/zacala-vystavba-polyfunkcniho-domu-na-cm\/\" \/>\n<meta property=\"og:locale\" content=\"cs_CZ\" \/>\n<meta property=\"og:type\" content=\"article\" \/>\n<meta property=\"og:title\" content=\"Za\u010dala v\u00fdstavba polyfunk\u010dn\u00edho domu na \u010cern\u00e9m Most\u011b - \u017divot na Praze 14\" \/>\n<meta property=\"og:description\" content=\"V\u00fdstavba polyfunk\u010dn\u00edho domu u stanice metra \u010cern\u00fd Most byla zah\u00e1jena. Prostranstv\u00ed je nyn\u00ed oplocen\u00e9 a do dvou let by m\u011bl b\u00fdt projekt hotov.\u00a0Budova nab\u00eddne nejen des\u00edtky byt\u016f, ale tak\u00e9 kontaktn\u00ed m\u00edsto \u00fa\u0159adu \u010di nejmodern\u011bj\u0161\u00ed pobo\u010dku M\u011bstsk\u00e9 knihovny v Praze. Dopravn\u00ed omezen\u00ed: P\u0159esto\u017ee m\u011bstsk\u00e1 \u010d\u00e1st i realiz\u00e1tor ud\u011blaj\u00ed v\u0161e pro to, aby dopady stavby na okoln\u00ed...\" \/>\n<meta property=\"og:url\" content=\"https:\/\/www.praha14.cz\/zivot-na-praze-14\/zacala-vystavba-polyfunkcniho-domu-na-cm\/\" \/>\n<meta property=\"og:site_name\" content=\"\u017divot na Praze 14\" \/>\n<meta property=\"article:published_time\" content=\"2023-09-14T06:12:55+00:00\" \/>\n<meta property=\"article:modified_time\" content=\"2023-09-14T06:13:08+00:00\" \/>\n<meta name=\"author\" content=\"Odd\u011blen\u00ed komunikace\" \/>\n<meta name=\"twitter:card\" content=\"summary_large_image\" \/>\n<meta name=\"twitter:label1\" content=\"Written by\" \/>\n\t<meta name=\"twitter:data1\" content=\"Odd\u011blen\u00ed komunikace\" \/>\n\t<meta name=\"twitter:label2\" content=\"Est. reading time\" \/>\n\t<meta name=\"twitter:data2\" content=\"2 minuty\" \/>\n<script type=\"application\/ld+json\" class=\"yoast-schema-graph\">{\"@context\":\"https:\/\/schema.org\",\"@graph\":[{\"@type\":\"Article\",\"@id\":\"https:\/\/www.praha14.cz\/zivot-na-praze-14\/zacala-vystavba-polyfunkcniho-domu-na-cm\/#article\",\"isPartOf\":{\"@id\":\"https:\/\/www.praha14.cz\/zivot-na-praze-14\/zacala-vystavba-polyfunkcniho-domu-na-cm\/\"},\"author\":{\"name\":\"Odd\u011blen\u00ed komunikace\",\"@id\":\"https:\/\/www.praha14.cz\/zivot-na-praze-14\/#\/schema\/person\/127a1d778cbcf76b257f93fb8c42591c\"},\"headline\":\"Za\u010dala v\u00fdstavba polyfunk\u010dn\u00edho domu na \u010cern\u00e9m Most\u011b\",\"datePublished\":\"2023-09-14T06:12:55+00:00\",\"dateModified\":\"2023-09-14T06:13:08+00:00\",\"mainEntityOfPage\":{\"@id\":\"https:\/\/www.praha14.cz\/zivot-na-praze-14\/zacala-vystavba-polyfunkcniho-domu-na-cm\/\"},\"wordCount\":279,\"inLanguage\":\"cs\"},{\"@type\":\"WebPage\",\"@id\":\"https:\/\/www.praha14.cz\/zivot-na-praze-14\/zacala-vystavba-polyfunkcniho-domu-na-cm\/\",\"url\":\"https:\/\/www.praha14.cz\/zivot-na-praze-14\/zacala-vystavba-polyfunkcniho-domu-na-cm\/\",\"name\":\"Za\u010dala v\u00fdstavba polyfunk\u010dn\u00edho domu na \u010cern\u00e9m Most\u011b - \u017divot na Praze 14\",\"isPartOf\":{\"@id\":\"https:\/\/www.praha14.cz\/zivot-na-praze-14\/#website\"},\"datePublished\":\"2023-09-14T06:12:55+00:00\",\"dateModified\":\"2023-09-14T06:13:08+00:00\",\"author\":{\"@id\":\"https:\/\/www.praha14.cz\/zivot-na-praze-14\/#\/schema\/person\/127a1d778cbcf76b257f93fb8c42591c\"},\"breadcrumb\":{\"@id\":\"https:\/\/www.praha14.cz\/zivot-na-praze-14\/zacala-vystavba-polyfunkcniho-domu-na-cm\/#breadcrumb\"},\"inLanguage\":\"cs\",\"potentialAction\":[{\"@type\":\"ReadAction\",\"target\":[\"https:\/\/www.praha14.cz\/zivot-na-praze-14\/zacala-vystavba-polyfunkcniho-domu-na-cm\/\"]}]},{\"@type\":\"BreadcrumbList\",\"@id\":\"https:\/\/www.praha14.cz\/zivot-na-praze-14\/zacala-vystavba-polyfunkcniho-domu-na-cm\/#breadcrumb\",\"itemListElement\":[{\"@type\":\"ListItem\",\"position\":1,\"name\":\"\u017divot na Praze 14\",\"item\":\"https:\/\/www.praha14.cz\/zivot-na-praze-14\/\"},{\"@type\":\"ListItem\",\"position\":2,\"name\":\"Za\u010dala v\u00fdstavba polyfunk\u010dn\u00edho domu na \u010cern\u00e9m Most\u011b\"}]},{\"@type\":\"WebSite\",\"@id\":\"https:\/\/www.praha14.cz\/zivot-na-praze-14\/#website\",\"url\":\"https:\/\/www.praha14.cz\/zivot-na-praze-14\/\",\"name\":\"\u017divot na Praze 14\",\"description\":\"\",\"potentialAction\":[{\"@type\":\"SearchAction\",\"target\":{\"@type\":\"EntryPoint\",\"urlTemplate\":\"https:\/\/www.praha14.cz\/zivot-na-praze-14\/?s={search_term_string}\"},\"query-input\":{\"@type\":\"PropertyValueSpecification\",\"valueRequired\":true,\"valueName\":\"search_term_string\"}}],\"inLanguage\":\"cs\"},{\"@type\":\"Person\",\"@id\":\"https:\/\/www.praha14.cz\/zivot-na-praze-14\/#\/schema\/person\/127a1d778cbcf76b257f93fb8c42591c\",\"name\":\"Odd\u011blen\u00ed komunikace\",\"image\":{\"@type\":\"ImageObject\",\"inLanguage\":\"cs\",\"@id\":\"https:\/\/secure.gravatar.com\/avatar\/e958f3d1e915848093abf89585ec4bb6a7daede2e0322c416842d9f94c3fdaca?s=96&d=mm&r=g\",\"url\":\"https:\/\/secure.gravatar.com\/avatar\/e958f3d1e915848093abf89585ec4bb6a7daede2e0322c416842d9f94c3fdaca?s=96&d=mm&r=g\",\"contentUrl\":\"https:\/\/secure.gravatar.com\/avatar\/e958f3d1e915848093abf89585ec4bb6a7daede2e0322c416842d9f94c3fdaca?s=96&d=mm&r=g\",\"caption\":\"Odd\u011blen\u00ed komunikace\"},\"url\":\"https:\/\/www.praha14.cz\/zivot-na-praze-14\/author\/luciehlavackova\/\"}]}<\/script>\n<!-- \/ Yoast SEO plugin. -->","yoast_head_json":{"title":"Za\u010dala v\u00fdstavba polyfunk\u010dn\u00edho domu na \u010cern\u00e9m Most\u011b - \u017divot na Praze 14","robots":{"index":"index","follow":"follow","max-snippet":"max-snippet:-1","max-image-preview":"max-image-preview:large","max-video-preview":"max-video-preview:-1"},"canonical":"https:\/\/www.praha14.cz\/zivot-na-praze-14\/zacala-vystavba-polyfunkcniho-domu-na-cm\/","og_locale":"cs_CZ","og_type":"article","og_title":"Za\u010dala v\u00fdstavba polyfunk\u010dn\u00edho domu na \u010cern\u00e9m Most\u011b - \u017divot na Praze 14","og_description":"V\u00fdstavba polyfunk\u010dn\u00edho domu u stanice metra \u010cern\u00fd Most byla zah\u00e1jena. Prostranstv\u00ed je nyn\u00ed oplocen\u00e9 a do dvou let by m\u011bl b\u00fdt projekt hotov.\u00a0Budova nab\u00eddne nejen des\u00edtky byt\u016f, ale tak\u00e9 kontaktn\u00ed m\u00edsto \u00fa\u0159adu \u010di nejmodern\u011bj\u0161\u00ed pobo\u010dku M\u011bstsk\u00e9 knihovny v Praze. Dopravn\u00ed omezen\u00ed: P\u0159esto\u017ee m\u011bstsk\u00e1 \u010d\u00e1st i realiz\u00e1tor ud\u011blaj\u00ed v\u0161e pro to, aby dopady stavby na okoln\u00ed...","og_url":"https:\/\/www.praha14.cz\/zivot-na-praze-14\/zacala-vystavba-polyfunkcniho-domu-na-cm\/","og_site_name":"\u017divot na Praze 14","article_published_time":"2023-09-14T06:12:55+00:00","article_modified_time":"2023-09-14T06:13:08+00:00","author":"Odd\u011blen\u00ed komunikace","twitter_card":"summary_large_image","twitter_misc":{"Written by":"Odd\u011blen\u00ed komunikace","Est. reading time":"2 minuty"},"schema":{"@context":"https:\/\/schema.org","@graph":[{"@type":"Article","@id":"https:\/\/www.praha14.cz\/zivot-na-praze-14\/zacala-vystavba-polyfunkcniho-domu-na-cm\/#article","isPartOf":{"@id":"https:\/\/www.praha14.cz\/zivot-na-praze-14\/zacala-vystavba-polyfunkcniho-domu-na-cm\/"},"author":{"name":"Odd\u011blen\u00ed komunikace","@id":"https:\/\/www.praha14.cz\/zivot-na-praze-14\/#\/schema\/person\/127a1d778cbcf76b257f93fb8c42591c"},"headline":"Za\u010dala v\u00fdstavba polyfunk\u010dn\u00edho domu na \u010cern\u00e9m Most\u011b","datePublished":"2023-09-14T06:12:55+00:00","dateModified":"2023-09-14T06:13:08+00:00","mainEntityOfPage":{"@id":"https:\/\/www.praha14.cz\/zivot-na-praze-14\/zacala-vystavba-polyfunkcniho-domu-na-cm\/"},"wordCount":279,"inLanguage":"cs"},{"@type":"WebPage","@id":"https:\/\/www.praha14.cz\/zivot-na-praze-14\/zacala-vystavba-polyfunkcniho-domu-na-cm\/","url":"https:\/\/www.praha14.cz\/zivot-na-praze-14\/zacala-vystavba-polyfunkcniho-domu-na-cm\/","name":"Za\u010dala v\u00fdstavba polyfunk\u010dn\u00edho domu na \u010cern\u00e9m Most\u011b - \u017divot na Praze 14","isPartOf":{"@id":"https:\/\/www.praha14.cz\/zivot-na-praze-14\/#website"},"datePublished":"2023-09-14T06:12:55+00:00","dateModified":"2023-09-14T06:13:08+00:00","author":{"@id":"https:\/\/www.praha14.cz\/zivot-na-praze-14\/#\/schema\/person\/127a1d778cbcf76b257f93fb8c42591c"},"breadcrumb":{"@id":"https:\/\/www.praha14.cz\/zivot-na-praze-14\/zacala-vystavba-polyfunkcniho-domu-na-cm\/#breadcrumb"},"inLanguage":"cs","potentialAction":[{"@type":"ReadAction","target":["https:\/\/www.praha14.cz\/zivot-na-praze-14\/zacala-vystavba-polyfunkcniho-domu-na-cm\/"]}]},{"@type":"BreadcrumbList","@id":"https:\/\/www.praha14.cz\/zivot-na-praze-14\/zacala-vystavba-polyfunkcniho-domu-na-cm\/#breadcrumb","itemListElement":[{"@type":"ListItem","position":1,"name":"\u017divot na Praze 14","item":"https:\/\/www.praha14.cz\/zivot-na-praze-14\/"},{"@type":"ListItem","position":2,"name":"Za\u010dala v\u00fdstavba polyfunk\u010dn\u00edho domu na \u010cern\u00e9m Most\u011b"}]},{"@type":"WebSite","@id":"https:\/\/www.praha14.cz\/zivot-na-praze-14\/#website","url":"https:\/\/www.praha14.cz\/zivot-na-praze-14\/","name":"\u017divot na Praze 14","description":"","potentialAction":[{"@type":"SearchAction","target":{"@type":"EntryPoint","urlTemplate":"https:\/\/www.praha14.cz\/zivot-na-praze-14\/?s={search_term_string}"},"query-input":{"@type":"PropertyValueSpecification","valueRequired":true,"valueName":"search_term_string"}}],"inLanguage":"cs"},{"@type":"Person","@id":"https:\/\/www.praha14.cz\/zivot-na-praze-14\/#\/schema\/person\/127a1d778cbcf76b257f93fb8c42591c","name":"Odd\u011blen\u00ed komunikace","image":{"@type":"ImageObject","inLanguage":"cs","@id":"https:\/\/secure.gravatar.com\/avatar\/e958f3d1e915848093abf89585ec4bb6a7daede2e0322c416842d9f94c3fdaca?s=96&d=mm&r=g","url":"https:\/\/secure.gravatar.com\/avatar\/e958f3d1e915848093abf89585ec4bb6a7daede2e0322c416842d9f94c3fdaca?s=96&d=mm&r=g","contentUrl":"https:\/\/secure.gravatar.com\/avatar\/e958f3d1e915848093abf89585ec4bb6a7daede2e0322c416842d9f94c3fdaca?s=96&d=mm&r=g","caption":"Odd\u011blen\u00ed komunikace"},"url":"https:\/\/www.praha14.cz\/zivot-na-praze-14\/author\/luciehlavackova\/"}]}},"_links":{"self":[{"href":"https:\/\/www.praha14.cz\/zivot-na-praze-14\/wp-json\/wp\/v2\/posts\/68441","targetHints":{"allow":["GET"]}}],"collection":[{"href":"https:\/\/www.praha14.cz\/zivot-na-praze-14\/wp-json\/wp\/v2\/posts"}],"about":[{"href":"https:\/\/www.praha14.cz\/zivot-na-praze-14\/wp-json\/wp\/v2\/types\/post"}],"author":[{"embeddable":true,"href":"https:\/\/www.praha14.cz\/zivot-na-praze-14\/wp-json\/wp\/v2\/users\/1057"}],"replies":[{"embeddable":true,"href":"https:\/\/www.praha14.cz\/zivot-na-praze-14\/wp-json\/wp\/v2\/comments?post=68441"}],"version-history":[{"count":2,"href":"https:\/\/www.praha14.cz\/zivot-na-praze-14\/wp-json\/wp\/v2\/posts\/68441\/revisions"}],"predecessor-version":[{"id":68444,"href":"https:\/\/www.praha14.cz\/zivot-na-praze-14\/wp-json\/wp\/v2\/posts\/68441\/revisions\/68444"}],"wp:attachment":[{"href":"https:\/\/www.praha14.cz\/zivot-na-praze-14\/wp-json\/wp\/v2\/media?parent=68441"}],"wp:term":[{"taxonomy":"category","embeddable":true,"href":"https:\/\/www.praha14.cz\/zivot-na-praze-14\/wp-json\/wp\/v2\/categories?post=68441"},{"taxonomy":"post_tag","embeddable":true,"href":"https:\/\/www.praha14.cz\/zivot-na-praze-14\/wp-json\/wp\/v2\/tags?post=68441"}],"curies":[{"name":"wp","href":"https:\/\/api.w.org\/{rel}","templated":true}]}}