{"id":69764,"date":"2024-03-24T07:50:01","date_gmt":"2024-03-24T07:50:01","guid":{"rendered":"https:\/\/www.praha14.cz\/zivot-na-praze-14\/?p=69764"},"modified":"2024-03-25T09:45:10","modified_gmt":"2024-03-25T09:45:10","slug":"koncepce-bezbarierovosti-zasilejte-sve-navrhy-na-zlepseni","status":"publish","type":"post","link":"https:\/\/www.praha14.cz\/zivot-na-praze-14\/koncepce-bezbarierovosti-zasilejte-sve-navrhy-na-zlepseni\/","title":{"rendered":"Koncepce bezbari\u00e9rovosti &#8211; zas\u00edlejte sv\u00e9 n\u00e1vrhy na zlep\u0161en\u00ed"},"content":{"rendered":"<p>Sou\u010d\u00e1st\u00ed nov\u00e9ho <strong><a href=\"https:\/\/www.praha14.cz\/zivot-na-praze-14\/strategicke-dokumenty\/strategie-udrzitelneho-rozvoje-pro-obdobi-2025-2035\/\" target=\"_blank\" rel=\"noopener\">strategick\u00e9ho pl\u00e1nu rozvoje<\/a>, <\/strong>kter\u00fd na\u0161e m\u011bstsk\u00e1 \u010d\u00e1st moment\u00e1ln\u011b tvo\u0159\u00ed, bude i <strong>koncepce bezbari\u00e9rovosti<\/strong>, na n\u00ed\u017e spolupracujeme s Pra\u017eskou organizac\u00ed voz\u00ed\u010dk\u00e1\u0159\u016f. Jedn\u00e1 se o rozs\u00e1hlou anal\u00fdzu p\u0159\u00edstupnosti staveb ob\u010dansk\u00e9 vybavenosti, ve\u0159ejn\u00e9ho prostoru a dopravy z hlediska osob s omezenou schopnost\u00ed pohybu a orientace. Bude zohled\u0148ovat nejen pot\u0159eby lid\u00ed na voz\u00edku, ale i zrakov\u011b a sluchov\u011b posti\u017een\u00fdch, senior\u016f nebo rodin s mal\u00fdmi d\u011btmi.<\/p>\n<p>Projekt potrv\u00e1 do konce \u0159\u00edjna. Pr\u00e1ce budou rozd\u011bleny do n\u011bkolika f\u00e1z\u00ed. V \u00favodn\u00ed \u010d\u00e1sti se bude systematicky mapovat p\u0159\u00edstupnost vytipovan\u00fdch objekt\u016f, tras a komunikac\u00ed. Sou\u010dasn\u011b prob\u011bhne k dan\u00e9mu t\u00e9matu sb\u011br podn\u011bt\u016f od obyvatel m\u011bstsk\u00e9 \u010d\u00e1sti, p\u0159edev\u0161\u00edm c\u00edlov\u00fdch skupin, jejich\u017e zku\u0161enosti pomohou ur\u010dit problematick\u00e1 m\u00edsta, bari\u00e9ry ve ve\u0159ejn\u00e9m prostoru i v budov\u00e1ch, ale tak\u00e9 bari\u00e9ry komunika\u010dn\u00ed.<\/p>\n<p><span style=\"color: #ff0000;\"><em><strong>Sv\u00e9 p\u0159ipom\u00ednky a n\u00e1vrhy na zlep\u0161en\u00ed p\u0159\u00edstupnosti m\u016f\u017eete ji\u017e nyn\u00ed pos\u00edlat na speci\u00e1ln\u00ed e-mailovou adresu <span style=\"color: #000080;\"><a style=\"color: #000080;\" href=\"mailto:bezbarierovost@praha14.cz\">bezbarierovost@praha14.cz<\/a><\/span>, a to a\u017e do konce leto\u0161n\u00edho dubna. Rovn\u011b\u017e je mo\u017en\u00e9 se zapojit do <a href=\"https:\/\/forms.office.com\/pages\/responsepage.aspx?id=DQSIkWdsW0yxEjajBLZtrQAAAAAAAAAAAAMAAEj_Dj1URjM2QjBDS0pNWDhCUFlTMjQwSEFQMFZCWC4u\" target=\"_blank\" rel=\"noopener\">ankety<\/a>, p\u0159\u00edpadn\u011b vyplnit pap\u00edrov\u00fd dotazn\u00edk dostupn\u00fd na podateln\u011b \u00daM\u010c Praha 14 (Brat\u0159\u00ed Vencl\u00edk\u016f 1073, p\u0159\u00edzem\u00ed).\u00a0<\/strong><\/em><\/span><\/p>\n<p><a href=\"https:\/\/www.praha14.cz\/app\/uploads\/sites\/4\/2024\/02\/QRCode-pro-PRUZKUM-POTREB-OBYVATEL-MC-PRAHA-14-\u2013-BEZBARIEROVY-POHYB-PO-UZEMI-.png\" target=\"_blank\" rel=\"noopener\" data-rel=\"lightbox-image-0\" data-rl_title=\"\" data-rl_caption=\"\" title=\"\"><img loading=\"lazy\" decoding=\"async\" class=\"wp-image-69855 aligncenter\" src=\"https:\/\/www.praha14.cz\/app\/uploads\/sites\/4\/2024\/02\/QRCode-pro-PRUZKUM-POTREB-OBYVATEL-MC-PRAHA-14-\u2013-BEZBARIEROVY-POHYB-PO-UZEMI--370x370.png\" alt=\"QRCode pro PR\u016eZKUM POT\u0158EB OBYVATEL M\u010c PRAHA 14\u00a0\u2013 BEZBARI\u00c9ROV\u00dd POHYB PO \u00daZEM\u00cd\u00a0\" width=\"294\" height=\"294\" srcset=\"https:\/\/www.praha14.cz\/app\/uploads\/sites\/4\/2024\/02\/QRCode-pro-PRUZKUM-POTREB-OBYVATEL-MC-PRAHA-14-\u2013-BEZBARIEROVY-POHYB-PO-UZEMI--370x370.png 370w, https:\/\/www.praha14.cz\/app\/uploads\/sites\/4\/2024\/02\/QRCode-pro-PRUZKUM-POTREB-OBYVATEL-MC-PRAHA-14-\u2013-BEZBARIEROVY-POHYB-PO-UZEMI--1024x1024.png 1024w, https:\/\/www.praha14.cz\/app\/uploads\/sites\/4\/2024\/02\/QRCode-pro-PRUZKUM-POTREB-OBYVATEL-MC-PRAHA-14-\u2013-BEZBARIEROVY-POHYB-PO-UZEMI--150x150.png 150w, https:\/\/www.praha14.cz\/app\/uploads\/sites\/4\/2024\/02\/QRCode-pro-PRUZKUM-POTREB-OBYVATEL-MC-PRAHA-14-\u2013-BEZBARIEROVY-POHYB-PO-UZEMI--768x768.png 768w, https:\/\/www.praha14.cz\/app\/uploads\/sites\/4\/2024\/02\/QRCode-pro-PRUZKUM-POTREB-OBYVATEL-MC-PRAHA-14-\u2013-BEZBARIEROVY-POHYB-PO-UZEMI--1536x1536.png 1536w, https:\/\/www.praha14.cz\/app\/uploads\/sites\/4\/2024\/02\/QRCode-pro-PRUZKUM-POTREB-OBYVATEL-MC-PRAHA-14-\u2013-BEZBARIEROVY-POHYB-PO-UZEMI-.png 1890w\" sizes=\"(max-width: 294px) 100vw, 294px\" \/><\/a><\/p>\n<p>Po ukon\u010den\u00ed sb\u011bru dat vznikne soubor n\u00e1vrh\u016f stavebn\u00edch, technick\u00fdch a dal\u0161\u00edch opat\u0159en\u00ed, kter\u00e1 budou sm\u011b\u0159ovat ke zlep\u0161en\u00ed podm\u00ednek a k odstran\u011bn\u00ed nedostatk\u016f. Pov\u011b\u0159en\u00ed pracovn\u00edci m\u011bstsk\u00e9 \u010d\u00e1sti pak budou na odstra\u0148ov\u00e1n\u00ed bari\u00e9r pracovat podle stanoven\u00fdch priorit. Chceme, aby se v Praze 14 \u017eilo dob\u0159e v\u0161em. I lidem, kter\u00fdm komplikuje pohyb zhor\u0161en\u00fd zdravotn\u00ed stav.<\/p>\n<p style=\"text-align: right;\">Zve\u0159ejn\u011bno: 27. \u00fanora 2024<\/p>\n<p>&nbsp;<\/p>\n","protected":false},"excerpt":{"rendered":"<p>Sou\u010d\u00e1st\u00ed nov\u00e9ho strategick\u00e9ho pl\u00e1nu rozvoje, kter\u00fd na\u0161e m\u011bstsk\u00e1 \u010d\u00e1st moment\u00e1ln\u011b tvo\u0159\u00ed, bude i koncepce bezbari\u00e9rovosti, na n\u00ed\u017e spolupracujeme s Pra\u017eskou organizac\u00ed voz\u00ed\u010dk\u00e1\u0159\u016f. Jedn\u00e1 se o rozs\u00e1hlou anal\u00fdzu p\u0159\u00edstupnosti staveb ob\u010dansk\u00e9 vybavenosti, ve\u0159ejn\u00e9ho prostoru a dopravy z hlediska osob s omezenou schopnost\u00ed pohybu a orientace. Bude zohled\u0148ovat nejen pot\u0159eby lid\u00ed na voz\u00edku, ale i zrakov\u011b a&#8230;<\/p>\n","protected":false},"author":1057,"featured_media":0,"comment_status":"closed","ping_status":"closed","sticky":false,"template":"","format":"standard","meta":{"_acf_changed":false,"footnotes":""},"categories":[1],"tags":[],"class_list":["post-69764","post","type-post","status-publish","format-standard","hentry","category-nezarazene"],"acf":[],"geo":null,"yoast_head":"<!-- This site is optimized with the Yoast SEO plugin v27.2 - https:\/\/yoast.com\/product\/yoast-seo-wordpress\/ -->\n<title>Koncepce bezbari\u00e9rovosti - zas\u00edlejte sv\u00e9 n\u00e1vrhy na zlep\u0161en\u00ed - \u017divot na Praze 14<\/title>\n<meta name=\"robots\" content=\"index, follow, max-snippet:-1, max-image-preview:large, max-video-preview:-1\" \/>\n<link rel=\"canonical\" href=\"https:\/\/www.praha14.cz\/zivot-na-praze-14\/koncepce-bezbarierovosti-zasilejte-sve-navrhy-na-zlepseni\/\" \/>\n<meta property=\"og:locale\" content=\"cs_CZ\" \/>\n<meta property=\"og:type\" content=\"article\" \/>\n<meta property=\"og:title\" content=\"Koncepce bezbari\u00e9rovosti - zas\u00edlejte sv\u00e9 n\u00e1vrhy na zlep\u0161en\u00ed - \u017divot na Praze 14\" \/>\n<meta property=\"og:description\" content=\"Sou\u010d\u00e1st\u00ed nov\u00e9ho strategick\u00e9ho pl\u00e1nu rozvoje, kter\u00fd na\u0161e m\u011bstsk\u00e1 \u010d\u00e1st moment\u00e1ln\u011b tvo\u0159\u00ed, bude i koncepce bezbari\u00e9rovosti, na n\u00ed\u017e spolupracujeme s Pra\u017eskou organizac\u00ed voz\u00ed\u010dk\u00e1\u0159\u016f. Jedn\u00e1 se o rozs\u00e1hlou anal\u00fdzu p\u0159\u00edstupnosti staveb ob\u010dansk\u00e9 vybavenosti, ve\u0159ejn\u00e9ho prostoru a dopravy z hlediska osob s omezenou schopnost\u00ed pohybu a orientace. Bude zohled\u0148ovat nejen pot\u0159eby lid\u00ed na voz\u00edku, ale i zrakov\u011b a...\" \/>\n<meta property=\"og:url\" content=\"https:\/\/www.praha14.cz\/zivot-na-praze-14\/koncepce-bezbarierovosti-zasilejte-sve-navrhy-na-zlepseni\/\" \/>\n<meta property=\"og:site_name\" content=\"\u017divot na Praze 14\" \/>\n<meta property=\"article:published_time\" content=\"2024-03-24T07:50:01+00:00\" \/>\n<meta property=\"article:modified_time\" content=\"2024-03-25T09:45:10+00:00\" \/>\n<meta name=\"author\" content=\"Odd\u011blen\u00ed komunikace\" \/>\n<meta name=\"twitter:card\" content=\"summary_large_image\" \/>\n<meta name=\"twitter:label1\" content=\"Written by\" \/>\n\t<meta name=\"twitter:data1\" content=\"Odd\u011blen\u00ed komunikace\" \/>\n\t<meta name=\"twitter:label2\" content=\"Est. reading time\" \/>\n\t<meta name=\"twitter:data2\" content=\"2 minuty\" \/>\n<script type=\"application\/ld+json\" class=\"yoast-schema-graph\">{\"@context\":\"https:\/\/schema.org\",\"@graph\":[{\"@type\":\"Article\",\"@id\":\"https:\/\/www.praha14.cz\/zivot-na-praze-14\/koncepce-bezbarierovosti-zasilejte-sve-navrhy-na-zlepseni\/#article\",\"isPartOf\":{\"@id\":\"https:\/\/www.praha14.cz\/zivot-na-praze-14\/koncepce-bezbarierovosti-zasilejte-sve-navrhy-na-zlepseni\/\"},\"author\":{\"name\":\"Odd\u011blen\u00ed komunikace\",\"@id\":\"https:\/\/www.praha14.cz\/zivot-na-praze-14\/#\/schema\/person\/127a1d778cbcf76b257f93fb8c42591c\"},\"headline\":\"Koncepce bezbari\u00e9rovosti &#8211; zas\u00edlejte sv\u00e9 n\u00e1vrhy na zlep\u0161en\u00ed\",\"datePublished\":\"2024-03-24T07:50:01+00:00\",\"dateModified\":\"2024-03-25T09:45:10+00:00\",\"mainEntityOfPage\":{\"@id\":\"https:\/\/www.praha14.cz\/zivot-na-praze-14\/koncepce-bezbarierovosti-zasilejte-sve-navrhy-na-zlepseni\/\"},\"wordCount\":317,\"inLanguage\":\"cs\"},{\"@type\":\"WebPage\",\"@id\":\"https:\/\/www.praha14.cz\/zivot-na-praze-14\/koncepce-bezbarierovosti-zasilejte-sve-navrhy-na-zlepseni\/\",\"url\":\"https:\/\/www.praha14.cz\/zivot-na-praze-14\/koncepce-bezbarierovosti-zasilejte-sve-navrhy-na-zlepseni\/\",\"name\":\"Koncepce bezbari\u00e9rovosti - zas\u00edlejte sv\u00e9 n\u00e1vrhy na zlep\u0161en\u00ed - \u017divot na Praze 14\",\"isPartOf\":{\"@id\":\"https:\/\/www.praha14.cz\/zivot-na-praze-14\/#website\"},\"datePublished\":\"2024-03-24T07:50:01+00:00\",\"dateModified\":\"2024-03-25T09:45:10+00:00\",\"author\":{\"@id\":\"https:\/\/www.praha14.cz\/zivot-na-praze-14\/#\/schema\/person\/127a1d778cbcf76b257f93fb8c42591c\"},\"breadcrumb\":{\"@id\":\"https:\/\/www.praha14.cz\/zivot-na-praze-14\/koncepce-bezbarierovosti-zasilejte-sve-navrhy-na-zlepseni\/#breadcrumb\"},\"inLanguage\":\"cs\",\"potentialAction\":[{\"@type\":\"ReadAction\",\"target\":[\"https:\/\/www.praha14.cz\/zivot-na-praze-14\/koncepce-bezbarierovosti-zasilejte-sve-navrhy-na-zlepseni\/\"]}]},{\"@type\":\"BreadcrumbList\",\"@id\":\"https:\/\/www.praha14.cz\/zivot-na-praze-14\/koncepce-bezbarierovosti-zasilejte-sve-navrhy-na-zlepseni\/#breadcrumb\",\"itemListElement\":[{\"@type\":\"ListItem\",\"position\":1,\"name\":\"\u017divot na Praze 14\",\"item\":\"https:\/\/www.praha14.cz\/zivot-na-praze-14\/\"},{\"@type\":\"ListItem\",\"position\":2,\"name\":\"Koncepce bezbari\u00e9rovosti &#8211; zas\u00edlejte sv\u00e9 n\u00e1vrhy na zlep\u0161en\u00ed\"}]},{\"@type\":\"WebSite\",\"@id\":\"https:\/\/www.praha14.cz\/zivot-na-praze-14\/#website\",\"url\":\"https:\/\/www.praha14.cz\/zivot-na-praze-14\/\",\"name\":\"\u017divot na Praze 14\",\"description\":\"\",\"potentialAction\":[{\"@type\":\"SearchAction\",\"target\":{\"@type\":\"EntryPoint\",\"urlTemplate\":\"https:\/\/www.praha14.cz\/zivot-na-praze-14\/?s={search_term_string}\"},\"query-input\":{\"@type\":\"PropertyValueSpecification\",\"valueRequired\":true,\"valueName\":\"search_term_string\"}}],\"inLanguage\":\"cs\"},{\"@type\":\"Person\",\"@id\":\"https:\/\/www.praha14.cz\/zivot-na-praze-14\/#\/schema\/person\/127a1d778cbcf76b257f93fb8c42591c\",\"name\":\"Odd\u011blen\u00ed komunikace\",\"image\":{\"@type\":\"ImageObject\",\"inLanguage\":\"cs\",\"@id\":\"https:\/\/secure.gravatar.com\/avatar\/e958f3d1e915848093abf89585ec4bb6a7daede2e0322c416842d9f94c3fdaca?s=96&d=mm&r=g\",\"url\":\"https:\/\/secure.gravatar.com\/avatar\/e958f3d1e915848093abf89585ec4bb6a7daede2e0322c416842d9f94c3fdaca?s=96&d=mm&r=g\",\"contentUrl\":\"https:\/\/secure.gravatar.com\/avatar\/e958f3d1e915848093abf89585ec4bb6a7daede2e0322c416842d9f94c3fdaca?s=96&d=mm&r=g\",\"caption\":\"Odd\u011blen\u00ed komunikace\"},\"url\":\"https:\/\/www.praha14.cz\/zivot-na-praze-14\/author\/luciehlavackova\/\"}]}<\/script>\n<!-- \/ Yoast SEO plugin. -->","yoast_head_json":{"title":"Koncepce bezbari\u00e9rovosti - zas\u00edlejte sv\u00e9 n\u00e1vrhy na zlep\u0161en\u00ed - \u017divot na Praze 14","robots":{"index":"index","follow":"follow","max-snippet":"max-snippet:-1","max-image-preview":"max-image-preview:large","max-video-preview":"max-video-preview:-1"},"canonical":"https:\/\/www.praha14.cz\/zivot-na-praze-14\/koncepce-bezbarierovosti-zasilejte-sve-navrhy-na-zlepseni\/","og_locale":"cs_CZ","og_type":"article","og_title":"Koncepce bezbari\u00e9rovosti - zas\u00edlejte sv\u00e9 n\u00e1vrhy na zlep\u0161en\u00ed - \u017divot na Praze 14","og_description":"Sou\u010d\u00e1st\u00ed nov\u00e9ho strategick\u00e9ho pl\u00e1nu rozvoje, kter\u00fd na\u0161e m\u011bstsk\u00e1 \u010d\u00e1st moment\u00e1ln\u011b tvo\u0159\u00ed, bude i koncepce bezbari\u00e9rovosti, na n\u00ed\u017e spolupracujeme s Pra\u017eskou organizac\u00ed voz\u00ed\u010dk\u00e1\u0159\u016f. Jedn\u00e1 se o rozs\u00e1hlou anal\u00fdzu p\u0159\u00edstupnosti staveb ob\u010dansk\u00e9 vybavenosti, ve\u0159ejn\u00e9ho prostoru a dopravy z hlediska osob s omezenou schopnost\u00ed pohybu a orientace. Bude zohled\u0148ovat nejen pot\u0159eby lid\u00ed na voz\u00edku, ale i zrakov\u011b a...","og_url":"https:\/\/www.praha14.cz\/zivot-na-praze-14\/koncepce-bezbarierovosti-zasilejte-sve-navrhy-na-zlepseni\/","og_site_name":"\u017divot na Praze 14","article_published_time":"2024-03-24T07:50:01+00:00","article_modified_time":"2024-03-25T09:45:10+00:00","author":"Odd\u011blen\u00ed komunikace","twitter_card":"summary_large_image","twitter_misc":{"Written by":"Odd\u011blen\u00ed komunikace","Est. reading time":"2 minuty"},"schema":{"@context":"https:\/\/schema.org","@graph":[{"@type":"Article","@id":"https:\/\/www.praha14.cz\/zivot-na-praze-14\/koncepce-bezbarierovosti-zasilejte-sve-navrhy-na-zlepseni\/#article","isPartOf":{"@id":"https:\/\/www.praha14.cz\/zivot-na-praze-14\/koncepce-bezbarierovosti-zasilejte-sve-navrhy-na-zlepseni\/"},"author":{"name":"Odd\u011blen\u00ed komunikace","@id":"https:\/\/www.praha14.cz\/zivot-na-praze-14\/#\/schema\/person\/127a1d778cbcf76b257f93fb8c42591c"},"headline":"Koncepce bezbari\u00e9rovosti &#8211; zas\u00edlejte sv\u00e9 n\u00e1vrhy na zlep\u0161en\u00ed","datePublished":"2024-03-24T07:50:01+00:00","dateModified":"2024-03-25T09:45:10+00:00","mainEntityOfPage":{"@id":"https:\/\/www.praha14.cz\/zivot-na-praze-14\/koncepce-bezbarierovosti-zasilejte-sve-navrhy-na-zlepseni\/"},"wordCount":317,"inLanguage":"cs"},{"@type":"WebPage","@id":"https:\/\/www.praha14.cz\/zivot-na-praze-14\/koncepce-bezbarierovosti-zasilejte-sve-navrhy-na-zlepseni\/","url":"https:\/\/www.praha14.cz\/zivot-na-praze-14\/koncepce-bezbarierovosti-zasilejte-sve-navrhy-na-zlepseni\/","name":"Koncepce bezbari\u00e9rovosti - zas\u00edlejte sv\u00e9 n\u00e1vrhy na zlep\u0161en\u00ed - \u017divot na Praze 14","isPartOf":{"@id":"https:\/\/www.praha14.cz\/zivot-na-praze-14\/#website"},"datePublished":"2024-03-24T07:50:01+00:00","dateModified":"2024-03-25T09:45:10+00:00","author":{"@id":"https:\/\/www.praha14.cz\/zivot-na-praze-14\/#\/schema\/person\/127a1d778cbcf76b257f93fb8c42591c"},"breadcrumb":{"@id":"https:\/\/www.praha14.cz\/zivot-na-praze-14\/koncepce-bezbarierovosti-zasilejte-sve-navrhy-na-zlepseni\/#breadcrumb"},"inLanguage":"cs","potentialAction":[{"@type":"ReadAction","target":["https:\/\/www.praha14.cz\/zivot-na-praze-14\/koncepce-bezbarierovosti-zasilejte-sve-navrhy-na-zlepseni\/"]}]},{"@type":"BreadcrumbList","@id":"https:\/\/www.praha14.cz\/zivot-na-praze-14\/koncepce-bezbarierovosti-zasilejte-sve-navrhy-na-zlepseni\/#breadcrumb","itemListElement":[{"@type":"ListItem","position":1,"name":"\u017divot na Praze 14","item":"https:\/\/www.praha14.cz\/zivot-na-praze-14\/"},{"@type":"ListItem","position":2,"name":"Koncepce bezbari\u00e9rovosti &#8211; zas\u00edlejte sv\u00e9 n\u00e1vrhy na zlep\u0161en\u00ed"}]},{"@type":"WebSite","@id":"https:\/\/www.praha14.cz\/zivot-na-praze-14\/#website","url":"https:\/\/www.praha14.cz\/zivot-na-praze-14\/","name":"\u017divot na Praze 14","description":"","potentialAction":[{"@type":"SearchAction","target":{"@type":"EntryPoint","urlTemplate":"https:\/\/www.praha14.cz\/zivot-na-praze-14\/?s={search_term_string}"},"query-input":{"@type":"PropertyValueSpecification","valueRequired":true,"valueName":"search_term_string"}}],"inLanguage":"cs"},{"@type":"Person","@id":"https:\/\/www.praha14.cz\/zivot-na-praze-14\/#\/schema\/person\/127a1d778cbcf76b257f93fb8c42591c","name":"Odd\u011blen\u00ed komunikace","image":{"@type":"ImageObject","inLanguage":"cs","@id":"https:\/\/secure.gravatar.com\/avatar\/e958f3d1e915848093abf89585ec4bb6a7daede2e0322c416842d9f94c3fdaca?s=96&d=mm&r=g","url":"https:\/\/secure.gravatar.com\/avatar\/e958f3d1e915848093abf89585ec4bb6a7daede2e0322c416842d9f94c3fdaca?s=96&d=mm&r=g","contentUrl":"https:\/\/secure.gravatar.com\/avatar\/e958f3d1e915848093abf89585ec4bb6a7daede2e0322c416842d9f94c3fdaca?s=96&d=mm&r=g","caption":"Odd\u011blen\u00ed komunikace"},"url":"https:\/\/www.praha14.cz\/zivot-na-praze-14\/author\/luciehlavackova\/"}]}},"_links":{"self":[{"href":"https:\/\/www.praha14.cz\/zivot-na-praze-14\/wp-json\/wp\/v2\/posts\/69764","targetHints":{"allow":["GET"]}}],"collection":[{"href":"https:\/\/www.praha14.cz\/zivot-na-praze-14\/wp-json\/wp\/v2\/posts"}],"about":[{"href":"https:\/\/www.praha14.cz\/zivot-na-praze-14\/wp-json\/wp\/v2\/types\/post"}],"author":[{"embeddable":true,"href":"https:\/\/www.praha14.cz\/zivot-na-praze-14\/wp-json\/wp\/v2\/users\/1057"}],"replies":[{"embeddable":true,"href":"https:\/\/www.praha14.cz\/zivot-na-praze-14\/wp-json\/wp\/v2\/comments?post=69764"}],"version-history":[{"count":7,"href":"https:\/\/www.praha14.cz\/zivot-na-praze-14\/wp-json\/wp\/v2\/posts\/69764\/revisions"}],"predecessor-version":[{"id":69856,"href":"https:\/\/www.praha14.cz\/zivot-na-praze-14\/wp-json\/wp\/v2\/posts\/69764\/revisions\/69856"}],"wp:attachment":[{"href":"https:\/\/www.praha14.cz\/zivot-na-praze-14\/wp-json\/wp\/v2\/media?parent=69764"}],"wp:term":[{"taxonomy":"category","embeddable":true,"href":"https:\/\/www.praha14.cz\/zivot-na-praze-14\/wp-json\/wp\/v2\/categories?post=69764"},{"taxonomy":"post_tag","embeddable":true,"href":"https:\/\/www.praha14.cz\/zivot-na-praze-14\/wp-json\/wp\/v2\/tags?post=69764"}],"curies":[{"name":"wp","href":"https:\/\/api.w.org\/{rel}","templated":true}]}}