{"id":70519,"date":"2024-06-07T09:37:33","date_gmt":"2024-06-07T09:37:33","guid":{"rendered":"https:\/\/www.praha14.cz\/zivot-na-praze-14\/?p=70519"},"modified":"2024-07-29T10:09:31","modified_gmt":"2024-07-29T10:09:31","slug":"ctrnactka-slavi-tricatiny-charitativni-fotbalove-utkani-mezi-zastupci-mestske-casti-a-osobnostmi-kultury-a-sportu","status":"publish","type":"post","link":"https:\/\/www.praha14.cz\/zivot-na-praze-14\/ctrnactka-slavi-tricatiny-charitativni-fotbalove-utkani-mezi-zastupci-mestske-casti-a-osobnostmi-kultury-a-sportu\/","title":{"rendered":"TZ 4\/2024 \u010ctrn\u00e1ctka slav\u00ed t\u0159ic\u00e1tiny: Charitativn\u00ed fotbalov\u00e9 utk\u00e1n\u00ed mezi z\u00e1stupci m\u011bstsk\u00e9 \u010d\u00e1sti a osobnostmi kultury a sportu"},"content":{"rendered":"<p><strong><em>Praha, 7. \u010dervna 2024<\/em><\/strong><strong> \u2013 Praha 14 slav\u00ed 30 let. Mezi akce, kter\u00fdmi si leto\u0161n\u00ed \u201enarozeniny\u201c p\u0159ipom\u00edn\u00e1, za\u0159adila i charitativn\u00ed fotbalov\u00fd z\u00e1pas mezi v\u00fdb\u011brem z m\u011bstsk\u00e9 \u010d\u00e1sti a popul\u00e1rn\u00edm Real Top Praha, t\u00fdmem slo\u017een\u00fdm z\u00a0mnoha osobnost\u00ed sportu a kultury. V\u00fdt\u011b\u017eek z\u00a0utk\u00e1n\u00ed poputuje na pomoc futsalov\u00e9mu klubu FC Dynamo \u010cern\u00fd Most, kde sportuj\u00ed d\u011bti z\u00a0rodin v\u00a0t\u00ed\u017eiv\u00e9 \u017eivotn\u00ed situaci.<\/strong><\/p>\n<p><em>\u201eM\u00e1m velkou radost, \u017ee se n\u00e1m poda\u0159ilo se s\u00a0Real Top Praha domluvit. V\u0161em hr\u00e1\u010d\u016fm, kte\u0159\u00ed se k\u00a0n\u00e1m chystaj\u00ed, moc d\u011bkuji. V\u00e1\u017e\u00edm si toho o to v\u00edc, \u017ee obvykle v\u00a0Praze v\u016fbec nehraj\u00ed. V\u011b\u0159\u00edm, \u017ee je p\u0159ed n\u00e1mi p\u0159\u00edjemn\u00fd podve\u010der, kdy se nejen pobav\u00edme, ale z\u00e1rove\u0148 p\u0159isp\u011bjeme na n\u011bco, co m\u00e1 smysl,\u201c<\/em> \u0159ekl radn\u00ed Prahy 14 Josef Kutmon, kter\u00fd m\u00e1 sport, kulturu a voln\u00fd \u010das v\u00a0m\u011bstsk\u00e9 \u010d\u00e1sti ve sv\u00e9 gesci. S\u00e1m se nav\u00edc utk\u00e1n\u00ed aktivn\u011b z\u00fa\u010dastn\u00ed.<\/p>\n<p>V\u00a0Real Top Praha v\u00a0sou\u010dasn\u00e9 dob\u011b p\u016fsob\u00ed asi osm des\u00edtek sportovc\u016f a v\u00edce ne\u017e t\u0159icet osobnost\u00ed kultury. Charitativn\u00edch utk\u00e1n\u00ed se \u00fa\u010dastn\u00ed dle sv\u00fdch \u010dasov\u00fdch mo\u017enost\u00ed.<\/p>\n<p><em>\u201eOfici\u00e1ln\u011b jako spolek fungujeme od z\u00e1\u0159\u00ed 2005. D\u016fvod pro zalo\u017een\u00ed klubu byl jasn\u00fd: cht\u011bli jsme spojit n\u011bco, co m\u00e1me r\u00e1di, tedy sport, s\u00a0n\u011b\u010d\u00edm, co m\u00e1 p\u0159esah, tedy s\u00a0pomoc\u00ed ostatn\u00edm. Dosud se n\u00e1m na charitu poda\u0159ilo vybrat v\u00edce ne\u017e 42 milion\u016f korun,\u201c<\/em> uvedl zakladatel Real Top Praha Alexandr Smita a dodal: <em>\u201eCelkov\u00fd po\u010det zapojen\u00fdch hr\u00e1\u010d\u016f se st\u00e1le roz\u0161i\u0159uje. Postupn\u011b se p\u0159id\u00e1vaj\u00ed dal\u0161\u00ed, t\u0159eba po konci sportovn\u00ed kari\u00e9ry \u2013 v\u011bt\u0161inou na doporu\u010den\u00ed st\u00e1vaj\u00edc\u00edch \u010dlen\u016f. Ro\u010dn\u011b hrajeme dvacet a\u017e p\u011btadvacet charitativn\u00edch z\u00e1pas\u016f.\u201c<\/em><\/p>\n<p>Utk\u00e1n\u00ed v\u00a0Praze 14 se uskute\u010dn\u00ed <strong>ve \u010dtvrtek 13. \u010dervna od 18 hodin na fotbalov\u00e9m h\u0159i\u0161ti TJ Kyje (Broumarsk\u00e1 851)<\/strong>, vstupn\u00e9 \u010din\u00ed 100 korun na osobu. Vstupenky je mo\u017en\u00e9 zakoupit v\u00a0s\u00edti GoOut, nebo na m\u00edst\u011b. <em>\u201ePo z\u00e1pase \u010dek\u00e1 div\u00e1ky autogrami\u00e1da, tak\u017ee kdo si chce na\u0161e hv\u011bzdn\u00e9 n\u00e1v\u0161t\u011bvn\u00edky opravdu u\u017e\u00edt, a\u0165 ur\u010dit\u011b z\u016fstane a\u017e do konce. Podepisovat se bude to, co si lid\u00e9 p\u0159inesou,\u201c<\/em> dodal radn\u00ed Kutmon.<\/p>\n<p>Krom\u011b n\u011bj za Prahu 14 na fotbalov\u00fd \u201epa\u017eit\u201c nastoup\u00ed nap\u0159\u00edklad starosta m\u011bstsk\u00e9 \u010d\u00e1sti Ji\u0159\u00ed Zajac, hv\u011bzda SK Slavia Praha Luk\u00e1\u0161 Masopust, brank\u00e1\u0159 FK Bene\u0161ov a \u00fa\u010dastn\u00edk reality show Love Island David Vit\u00e1sek, m\u00edstn\u00ed patrioti Vojt\u011bch Havlovec a Ji\u0159\u00ed Broum, fotbalov\u00fd tren\u00e9r a b\u00fdval\u00fd hr\u00e1\u010d Petr Mikolanda nebo moder\u00e1tor \u010cesk\u00e9 televize Richard Samko.<\/p>\n<p>Za Real Top Praha se sportovn\u00ed fanou\u0161ci mohou t\u011b\u0161it mimo jin\u00e9 na zp\u011bv\u00e1ka Kamila St\u0159ihavku, herce Davida Sucha\u0159\u00edpu, st\u0159\u00edbrn\u00e9ho medailistu z\u00a0LOH 2012 kajak\u00e1\u0159e Vav\u0159ince Hradilka, fotbalov\u00e9ho obr\u00e1nce Ji\u0159\u00edho Novotn\u00e9ho, herce Ladislava Hampla, fotbalov\u00e9ho z\u00e1lo\u017en\u00edka Patrika Je\u017eka, popul\u00e1rn\u00edho \u010desk\u00e9ho kucha\u0159e Ji\u0159\u00edho Babicu \u010di t\u0159eba na fotbalov\u00e9ho \u00fato\u010dn\u00edka Vratislava Lokvence. Kompletn\u00ed slo\u017een\u00ed t\u00fdm\u016f zat\u00edm nebylo finalizov\u00e1no. Aktu\u00e1ln\u00ed informace se pr\u016fb\u011b\u017en\u011b objevuj\u00ed na facebookov\u00e9m profilu \u201ePraha 14 je kulturn\u00ed\u201c.<\/p>\n<p>Z\u00e1pas se bude hr\u00e1t dvakr\u00e1t 40 minut, o polo\u010dase vystoup\u00ed roztlesk\u00e1va\u010dky z\u00a0Cheer Academy. Za Real Top Praha nastoup\u00ed 25 hr\u00e1\u010d\u016f v\u00a0b\u00edl\u00fdch dresech, za \u010dtrn\u00e1ctku 23 v \u010dern\u00fdch. T\u00fdmy se dohodly na tzv. hokejov\u00e9m st\u0159\u00edd\u00e1n\u00ed. Znamen\u00e1 to, \u017ee v\u00a0okam\u017eiku, kdy n\u011bjak\u00fd hr\u00e1\u010d bude pot\u0159ebovat vyst\u0159\u00eddat, bude bez p\u0159eru\u0161en\u00ed hry vyst\u0159\u00edd\u00e1n jin\u00fdm.<\/p>\n<p>&nbsp;<\/p>\n<p><em>Pro v\u00edce informac\u00ed:<\/em><br \/>\n<em>Veronika Bern\u00e1<br \/>\n<\/em><em>vedouc\u00ed \u00faseku komunikace<br \/>\n<\/em><em>Odbor kultury a komunikace<\/em><br \/>\n<em>Tel.: \u00a0225\u00a0295\u00a0603, mobil: 605\u00a0222 238<\/em><br \/>\n<em>E-mail: <a href=\"mailto:Veronika.Berna@praha14.cz\">Veronika.Berna@praha14.cz<\/a><\/em><\/p>\n","protected":false},"excerpt":{"rendered":"<p>Praha, 7. \u010dervna 2024 \u2013 Praha 14 slav\u00ed 30 let. Mezi akce, kter\u00fdmi si leto\u0161n\u00ed \u201enarozeniny\u201c p\u0159ipom\u00edn\u00e1, za\u0159adila i charitativn\u00ed fotbalov\u00fd z\u00e1pas mezi v\u00fdb\u011brem z m\u011bstsk\u00e9 \u010d\u00e1sti a popul\u00e1rn\u00edm Real Top Praha, t\u00fdmem slo\u017een\u00fdm z\u00a0mnoha osobnost\u00ed sportu a kultury. V\u00fdt\u011b\u017eek z\u00a0utk\u00e1n\u00ed poputuje na pomoc futsalov\u00e9mu klubu FC Dynamo \u010cern\u00fd Most, kde sportuj\u00ed d\u011bti z\u00a0rodin v\u00a0t\u00ed\u017eiv\u00e9&#8230;<\/p>\n","protected":false},"author":1057,"featured_media":0,"comment_status":"closed","ping_status":"closed","sticky":false,"template":"","format":"standard","meta":{"_acf_changed":false,"footnotes":""},"categories":[1],"tags":[110],"class_list":["post-70519","post","type-post","status-publish","format-standard","hentry","category-nezarazene","tag-tiskove-zpravy"],"acf":[],"geo":null,"yoast_head":"<!-- This site is optimized with the Yoast SEO plugin v27.2 - https:\/\/yoast.com\/product\/yoast-seo-wordpress\/ -->\n<title>TZ 4\/2024 \u010ctrn\u00e1ctka slav\u00ed t\u0159ic\u00e1tiny: Charitativn\u00ed fotbalov\u00e9 utk\u00e1n\u00ed mezi z\u00e1stupci m\u011bstsk\u00e9 \u010d\u00e1sti a osobnostmi kultury a sportu - \u017divot na Praze 14<\/title>\n<meta name=\"robots\" content=\"index, follow, max-snippet:-1, max-image-preview:large, max-video-preview:-1\" \/>\n<link rel=\"canonical\" href=\"https:\/\/www.praha14.cz\/zivot-na-praze-14\/ctrnactka-slavi-tricatiny-charitativni-fotbalove-utkani-mezi-zastupci-mestske-casti-a-osobnostmi-kultury-a-sportu\/\" \/>\n<meta property=\"og:locale\" content=\"cs_CZ\" \/>\n<meta property=\"og:type\" content=\"article\" \/>\n<meta property=\"og:title\" content=\"TZ 4\/2024 \u010ctrn\u00e1ctka slav\u00ed t\u0159ic\u00e1tiny: Charitativn\u00ed fotbalov\u00e9 utk\u00e1n\u00ed mezi z\u00e1stupci m\u011bstsk\u00e9 \u010d\u00e1sti a osobnostmi kultury a sportu - \u017divot na Praze 14\" \/>\n<meta property=\"og:description\" content=\"Praha, 7. \u010dervna 2024 \u2013 Praha 14 slav\u00ed 30 let. Mezi akce, kter\u00fdmi si leto\u0161n\u00ed \u201enarozeniny\u201c p\u0159ipom\u00edn\u00e1, za\u0159adila i charitativn\u00ed fotbalov\u00fd z\u00e1pas mezi v\u00fdb\u011brem z m\u011bstsk\u00e9 \u010d\u00e1sti a popul\u00e1rn\u00edm Real Top Praha, t\u00fdmem slo\u017een\u00fdm z\u00a0mnoha osobnost\u00ed sportu a kultury. V\u00fdt\u011b\u017eek z\u00a0utk\u00e1n\u00ed poputuje na pomoc futsalov\u00e9mu klubu FC Dynamo \u010cern\u00fd Most, kde sportuj\u00ed d\u011bti z\u00a0rodin v\u00a0t\u00ed\u017eiv\u00e9...\" \/>\n<meta property=\"og:url\" content=\"https:\/\/www.praha14.cz\/zivot-na-praze-14\/ctrnactka-slavi-tricatiny-charitativni-fotbalove-utkani-mezi-zastupci-mestske-casti-a-osobnostmi-kultury-a-sportu\/\" \/>\n<meta property=\"og:site_name\" content=\"\u017divot na Praze 14\" \/>\n<meta property=\"article:published_time\" content=\"2024-06-07T09:37:33+00:00\" \/>\n<meta property=\"article:modified_time\" content=\"2024-07-29T10:09:31+00:00\" \/>\n<meta name=\"author\" content=\"Odd\u011blen\u00ed komunikace\" \/>\n<meta name=\"twitter:card\" content=\"summary_large_image\" \/>\n<meta name=\"twitter:label1\" content=\"Written by\" \/>\n\t<meta name=\"twitter:data1\" content=\"Odd\u011blen\u00ed komunikace\" \/>\n\t<meta name=\"twitter:label2\" content=\"Est. reading time\" \/>\n\t<meta name=\"twitter:data2\" content=\"3 minuty\" \/>\n<script type=\"application\/ld+json\" class=\"yoast-schema-graph\">{\"@context\":\"https:\/\/schema.org\",\"@graph\":[{\"@type\":\"Article\",\"@id\":\"https:\/\/www.praha14.cz\/zivot-na-praze-14\/ctrnactka-slavi-tricatiny-charitativni-fotbalove-utkani-mezi-zastupci-mestske-casti-a-osobnostmi-kultury-a-sportu\/#article\",\"isPartOf\":{\"@id\":\"https:\/\/www.praha14.cz\/zivot-na-praze-14\/ctrnactka-slavi-tricatiny-charitativni-fotbalove-utkani-mezi-zastupci-mestske-casti-a-osobnostmi-kultury-a-sportu\/\"},\"author\":{\"name\":\"Odd\u011blen\u00ed komunikace\",\"@id\":\"https:\/\/www.praha14.cz\/zivot-na-praze-14\/#\/schema\/person\/127a1d778cbcf76b257f93fb8c42591c\"},\"headline\":\"TZ 4\/2024 \u010ctrn\u00e1ctka slav\u00ed t\u0159ic\u00e1tiny: Charitativn\u00ed fotbalov\u00e9 utk\u00e1n\u00ed mezi z\u00e1stupci m\u011bstsk\u00e9 \u010d\u00e1sti a osobnostmi kultury a sportu\",\"datePublished\":\"2024-06-07T09:37:33+00:00\",\"dateModified\":\"2024-07-29T10:09:31+00:00\",\"mainEntityOfPage\":{\"@id\":\"https:\/\/www.praha14.cz\/zivot-na-praze-14\/ctrnactka-slavi-tricatiny-charitativni-fotbalove-utkani-mezi-zastupci-mestske-casti-a-osobnostmi-kultury-a-sportu\/\"},\"wordCount\":689,\"keywords\":[\"Tiskov\u00e9 zpr\u00e1vy\"],\"inLanguage\":\"cs\"},{\"@type\":\"WebPage\",\"@id\":\"https:\/\/www.praha14.cz\/zivot-na-praze-14\/ctrnactka-slavi-tricatiny-charitativni-fotbalove-utkani-mezi-zastupci-mestske-casti-a-osobnostmi-kultury-a-sportu\/\",\"url\":\"https:\/\/www.praha14.cz\/zivot-na-praze-14\/ctrnactka-slavi-tricatiny-charitativni-fotbalove-utkani-mezi-zastupci-mestske-casti-a-osobnostmi-kultury-a-sportu\/\",\"name\":\"TZ 4\/2024 \u010ctrn\u00e1ctka slav\u00ed t\u0159ic\u00e1tiny: Charitativn\u00ed fotbalov\u00e9 utk\u00e1n\u00ed mezi z\u00e1stupci m\u011bstsk\u00e9 \u010d\u00e1sti a osobnostmi kultury a sportu - \u017divot na Praze 14\",\"isPartOf\":{\"@id\":\"https:\/\/www.praha14.cz\/zivot-na-praze-14\/#website\"},\"datePublished\":\"2024-06-07T09:37:33+00:00\",\"dateModified\":\"2024-07-29T10:09:31+00:00\",\"author\":{\"@id\":\"https:\/\/www.praha14.cz\/zivot-na-praze-14\/#\/schema\/person\/127a1d778cbcf76b257f93fb8c42591c\"},\"breadcrumb\":{\"@id\":\"https:\/\/www.praha14.cz\/zivot-na-praze-14\/ctrnactka-slavi-tricatiny-charitativni-fotbalove-utkani-mezi-zastupci-mestske-casti-a-osobnostmi-kultury-a-sportu\/#breadcrumb\"},\"inLanguage\":\"cs\",\"potentialAction\":[{\"@type\":\"ReadAction\",\"target\":[\"https:\/\/www.praha14.cz\/zivot-na-praze-14\/ctrnactka-slavi-tricatiny-charitativni-fotbalove-utkani-mezi-zastupci-mestske-casti-a-osobnostmi-kultury-a-sportu\/\"]}]},{\"@type\":\"BreadcrumbList\",\"@id\":\"https:\/\/www.praha14.cz\/zivot-na-praze-14\/ctrnactka-slavi-tricatiny-charitativni-fotbalove-utkani-mezi-zastupci-mestske-casti-a-osobnostmi-kultury-a-sportu\/#breadcrumb\",\"itemListElement\":[{\"@type\":\"ListItem\",\"position\":1,\"name\":\"\u017divot na Praze 14\",\"item\":\"https:\/\/www.praha14.cz\/zivot-na-praze-14\/\"},{\"@type\":\"ListItem\",\"position\":2,\"name\":\"TZ 4\/2024 \u010ctrn\u00e1ctka slav\u00ed t\u0159ic\u00e1tiny: Charitativn\u00ed fotbalov\u00e9 utk\u00e1n\u00ed mezi z\u00e1stupci m\u011bstsk\u00e9 \u010d\u00e1sti a osobnostmi kultury a sportu\"}]},{\"@type\":\"WebSite\",\"@id\":\"https:\/\/www.praha14.cz\/zivot-na-praze-14\/#website\",\"url\":\"https:\/\/www.praha14.cz\/zivot-na-praze-14\/\",\"name\":\"\u017divot na Praze 14\",\"description\":\"\",\"potentialAction\":[{\"@type\":\"SearchAction\",\"target\":{\"@type\":\"EntryPoint\",\"urlTemplate\":\"https:\/\/www.praha14.cz\/zivot-na-praze-14\/?s={search_term_string}\"},\"query-input\":{\"@type\":\"PropertyValueSpecification\",\"valueRequired\":true,\"valueName\":\"search_term_string\"}}],\"inLanguage\":\"cs\"},{\"@type\":\"Person\",\"@id\":\"https:\/\/www.praha14.cz\/zivot-na-praze-14\/#\/schema\/person\/127a1d778cbcf76b257f93fb8c42591c\",\"name\":\"Odd\u011blen\u00ed komunikace\",\"image\":{\"@type\":\"ImageObject\",\"inLanguage\":\"cs\",\"@id\":\"https:\/\/secure.gravatar.com\/avatar\/e958f3d1e915848093abf89585ec4bb6a7daede2e0322c416842d9f94c3fdaca?s=96&d=mm&r=g\",\"url\":\"https:\/\/secure.gravatar.com\/avatar\/e958f3d1e915848093abf89585ec4bb6a7daede2e0322c416842d9f94c3fdaca?s=96&d=mm&r=g\",\"contentUrl\":\"https:\/\/secure.gravatar.com\/avatar\/e958f3d1e915848093abf89585ec4bb6a7daede2e0322c416842d9f94c3fdaca?s=96&d=mm&r=g\",\"caption\":\"Odd\u011blen\u00ed komunikace\"},\"url\":\"https:\/\/www.praha14.cz\/zivot-na-praze-14\/author\/luciehlavackova\/\"}]}<\/script>\n<!-- \/ Yoast SEO plugin. -->","yoast_head_json":{"title":"TZ 4\/2024 \u010ctrn\u00e1ctka slav\u00ed t\u0159ic\u00e1tiny: Charitativn\u00ed fotbalov\u00e9 utk\u00e1n\u00ed mezi z\u00e1stupci m\u011bstsk\u00e9 \u010d\u00e1sti a osobnostmi kultury a sportu - \u017divot na Praze 14","robots":{"index":"index","follow":"follow","max-snippet":"max-snippet:-1","max-image-preview":"max-image-preview:large","max-video-preview":"max-video-preview:-1"},"canonical":"https:\/\/www.praha14.cz\/zivot-na-praze-14\/ctrnactka-slavi-tricatiny-charitativni-fotbalove-utkani-mezi-zastupci-mestske-casti-a-osobnostmi-kultury-a-sportu\/","og_locale":"cs_CZ","og_type":"article","og_title":"TZ 4\/2024 \u010ctrn\u00e1ctka slav\u00ed t\u0159ic\u00e1tiny: Charitativn\u00ed fotbalov\u00e9 utk\u00e1n\u00ed mezi z\u00e1stupci m\u011bstsk\u00e9 \u010d\u00e1sti a osobnostmi kultury a sportu - \u017divot na Praze 14","og_description":"Praha, 7. \u010dervna 2024 \u2013 Praha 14 slav\u00ed 30 let. Mezi akce, kter\u00fdmi si leto\u0161n\u00ed \u201enarozeniny\u201c p\u0159ipom\u00edn\u00e1, za\u0159adila i charitativn\u00ed fotbalov\u00fd z\u00e1pas mezi v\u00fdb\u011brem z m\u011bstsk\u00e9 \u010d\u00e1sti a popul\u00e1rn\u00edm Real Top Praha, t\u00fdmem slo\u017een\u00fdm z\u00a0mnoha osobnost\u00ed sportu a kultury. V\u00fdt\u011b\u017eek z\u00a0utk\u00e1n\u00ed poputuje na pomoc futsalov\u00e9mu klubu FC Dynamo \u010cern\u00fd Most, kde sportuj\u00ed d\u011bti z\u00a0rodin v\u00a0t\u00ed\u017eiv\u00e9...","og_url":"https:\/\/www.praha14.cz\/zivot-na-praze-14\/ctrnactka-slavi-tricatiny-charitativni-fotbalove-utkani-mezi-zastupci-mestske-casti-a-osobnostmi-kultury-a-sportu\/","og_site_name":"\u017divot na Praze 14","article_published_time":"2024-06-07T09:37:33+00:00","article_modified_time":"2024-07-29T10:09:31+00:00","author":"Odd\u011blen\u00ed komunikace","twitter_card":"summary_large_image","twitter_misc":{"Written by":"Odd\u011blen\u00ed komunikace","Est. reading time":"3 minuty"},"schema":{"@context":"https:\/\/schema.org","@graph":[{"@type":"Article","@id":"https:\/\/www.praha14.cz\/zivot-na-praze-14\/ctrnactka-slavi-tricatiny-charitativni-fotbalove-utkani-mezi-zastupci-mestske-casti-a-osobnostmi-kultury-a-sportu\/#article","isPartOf":{"@id":"https:\/\/www.praha14.cz\/zivot-na-praze-14\/ctrnactka-slavi-tricatiny-charitativni-fotbalove-utkani-mezi-zastupci-mestske-casti-a-osobnostmi-kultury-a-sportu\/"},"author":{"name":"Odd\u011blen\u00ed komunikace","@id":"https:\/\/www.praha14.cz\/zivot-na-praze-14\/#\/schema\/person\/127a1d778cbcf76b257f93fb8c42591c"},"headline":"TZ 4\/2024 \u010ctrn\u00e1ctka slav\u00ed t\u0159ic\u00e1tiny: Charitativn\u00ed fotbalov\u00e9 utk\u00e1n\u00ed mezi z\u00e1stupci m\u011bstsk\u00e9 \u010d\u00e1sti a osobnostmi kultury a sportu","datePublished":"2024-06-07T09:37:33+00:00","dateModified":"2024-07-29T10:09:31+00:00","mainEntityOfPage":{"@id":"https:\/\/www.praha14.cz\/zivot-na-praze-14\/ctrnactka-slavi-tricatiny-charitativni-fotbalove-utkani-mezi-zastupci-mestske-casti-a-osobnostmi-kultury-a-sportu\/"},"wordCount":689,"keywords":["Tiskov\u00e9 zpr\u00e1vy"],"inLanguage":"cs"},{"@type":"WebPage","@id":"https:\/\/www.praha14.cz\/zivot-na-praze-14\/ctrnactka-slavi-tricatiny-charitativni-fotbalove-utkani-mezi-zastupci-mestske-casti-a-osobnostmi-kultury-a-sportu\/","url":"https:\/\/www.praha14.cz\/zivot-na-praze-14\/ctrnactka-slavi-tricatiny-charitativni-fotbalove-utkani-mezi-zastupci-mestske-casti-a-osobnostmi-kultury-a-sportu\/","name":"TZ 4\/2024 \u010ctrn\u00e1ctka slav\u00ed t\u0159ic\u00e1tiny: Charitativn\u00ed fotbalov\u00e9 utk\u00e1n\u00ed mezi z\u00e1stupci m\u011bstsk\u00e9 \u010d\u00e1sti a osobnostmi kultury a sportu - \u017divot na Praze 14","isPartOf":{"@id":"https:\/\/www.praha14.cz\/zivot-na-praze-14\/#website"},"datePublished":"2024-06-07T09:37:33+00:00","dateModified":"2024-07-29T10:09:31+00:00","author":{"@id":"https:\/\/www.praha14.cz\/zivot-na-praze-14\/#\/schema\/person\/127a1d778cbcf76b257f93fb8c42591c"},"breadcrumb":{"@id":"https:\/\/www.praha14.cz\/zivot-na-praze-14\/ctrnactka-slavi-tricatiny-charitativni-fotbalove-utkani-mezi-zastupci-mestske-casti-a-osobnostmi-kultury-a-sportu\/#breadcrumb"},"inLanguage":"cs","potentialAction":[{"@type":"ReadAction","target":["https:\/\/www.praha14.cz\/zivot-na-praze-14\/ctrnactka-slavi-tricatiny-charitativni-fotbalove-utkani-mezi-zastupci-mestske-casti-a-osobnostmi-kultury-a-sportu\/"]}]},{"@type":"BreadcrumbList","@id":"https:\/\/www.praha14.cz\/zivot-na-praze-14\/ctrnactka-slavi-tricatiny-charitativni-fotbalove-utkani-mezi-zastupci-mestske-casti-a-osobnostmi-kultury-a-sportu\/#breadcrumb","itemListElement":[{"@type":"ListItem","position":1,"name":"\u017divot na Praze 14","item":"https:\/\/www.praha14.cz\/zivot-na-praze-14\/"},{"@type":"ListItem","position":2,"name":"TZ 4\/2024 \u010ctrn\u00e1ctka slav\u00ed t\u0159ic\u00e1tiny: Charitativn\u00ed fotbalov\u00e9 utk\u00e1n\u00ed mezi z\u00e1stupci m\u011bstsk\u00e9 \u010d\u00e1sti a osobnostmi kultury a sportu"}]},{"@type":"WebSite","@id":"https:\/\/www.praha14.cz\/zivot-na-praze-14\/#website","url":"https:\/\/www.praha14.cz\/zivot-na-praze-14\/","name":"\u017divot na Praze 14","description":"","potentialAction":[{"@type":"SearchAction","target":{"@type":"EntryPoint","urlTemplate":"https:\/\/www.praha14.cz\/zivot-na-praze-14\/?s={search_term_string}"},"query-input":{"@type":"PropertyValueSpecification","valueRequired":true,"valueName":"search_term_string"}}],"inLanguage":"cs"},{"@type":"Person","@id":"https:\/\/www.praha14.cz\/zivot-na-praze-14\/#\/schema\/person\/127a1d778cbcf76b257f93fb8c42591c","name":"Odd\u011blen\u00ed komunikace","image":{"@type":"ImageObject","inLanguage":"cs","@id":"https:\/\/secure.gravatar.com\/avatar\/e958f3d1e915848093abf89585ec4bb6a7daede2e0322c416842d9f94c3fdaca?s=96&d=mm&r=g","url":"https:\/\/secure.gravatar.com\/avatar\/e958f3d1e915848093abf89585ec4bb6a7daede2e0322c416842d9f94c3fdaca?s=96&d=mm&r=g","contentUrl":"https:\/\/secure.gravatar.com\/avatar\/e958f3d1e915848093abf89585ec4bb6a7daede2e0322c416842d9f94c3fdaca?s=96&d=mm&r=g","caption":"Odd\u011blen\u00ed komunikace"},"url":"https:\/\/www.praha14.cz\/zivot-na-praze-14\/author\/luciehlavackova\/"}]}},"_links":{"self":[{"href":"https:\/\/www.praha14.cz\/zivot-na-praze-14\/wp-json\/wp\/v2\/posts\/70519","targetHints":{"allow":["GET"]}}],"collection":[{"href":"https:\/\/www.praha14.cz\/zivot-na-praze-14\/wp-json\/wp\/v2\/posts"}],"about":[{"href":"https:\/\/www.praha14.cz\/zivot-na-praze-14\/wp-json\/wp\/v2\/types\/post"}],"author":[{"embeddable":true,"href":"https:\/\/www.praha14.cz\/zivot-na-praze-14\/wp-json\/wp\/v2\/users\/1057"}],"replies":[{"embeddable":true,"href":"https:\/\/www.praha14.cz\/zivot-na-praze-14\/wp-json\/wp\/v2\/comments?post=70519"}],"version-history":[{"count":3,"href":"https:\/\/www.praha14.cz\/zivot-na-praze-14\/wp-json\/wp\/v2\/posts\/70519\/revisions"}],"predecessor-version":[{"id":70705,"href":"https:\/\/www.praha14.cz\/zivot-na-praze-14\/wp-json\/wp\/v2\/posts\/70519\/revisions\/70705"}],"wp:attachment":[{"href":"https:\/\/www.praha14.cz\/zivot-na-praze-14\/wp-json\/wp\/v2\/media?parent=70519"}],"wp:term":[{"taxonomy":"category","embeddable":true,"href":"https:\/\/www.praha14.cz\/zivot-na-praze-14\/wp-json\/wp\/v2\/categories?post=70519"},{"taxonomy":"post_tag","embeddable":true,"href":"https:\/\/www.praha14.cz\/zivot-na-praze-14\/wp-json\/wp\/v2\/tags?post=70519"}],"curies":[{"name":"wp","href":"https:\/\/api.w.org\/{rel}","templated":true}]}}