{"id":71163,"date":"2024-10-31T08:25:12","date_gmt":"2024-10-31T08:25:12","guid":{"rendered":"https:\/\/www.praha14.cz\/zivot-na-praze-14\/?p=71163"},"modified":"2024-10-31T08:25:12","modified_gmt":"2024-10-31T08:25:12","slug":"tsk-se-vraci-na-chlumeckou-opravi-usek-ve-smeru-z-centra","status":"publish","type":"post","link":"https:\/\/www.praha14.cz\/zivot-na-praze-14\/tsk-se-vraci-na-chlumeckou-opravi-usek-ve-smeru-z-centra\/","title":{"rendered":"TSK se vrac\u00ed na Chlumeckou, oprav\u00ed \u00fasek ve sm\u011bru z centra"},"content":{"rendered":"<p><a href=\"https:\/\/opravujeme.to\/action\/1952\/\" target=\"_blank\" rel=\"noopener\">Technick\u00e1 spr\u00e1va komunikac\u00ed (TSK)<\/a> zah\u00e1j\u00ed v <strong>pond\u011bl\u00ed 4. listopadu 2024 opravu vozovky v ulici Chlumeck\u00e1 v \u00faseku od ulice Ocelkova po k\u0159\u00ed\u017een\u00ed s Pra\u017esk\u00fdm okruhem<\/strong> (D0). Nav\u00e1\u017ee tak na opravu stejn\u00e9ho \u00faseku z jara leto\u0161n\u00edho roku, tentokr\u00e1t se ale bude opravovat sm\u011br z centra.<\/p>\n<p>Stavebn\u00ed pr\u00e1ce budou na 1,2 km dlouh\u00e9m \u00faseku prob\u00edhat <strong>a\u017e do 8. prosince 2024<\/strong>. Vozovka bude vyfr\u00e9zov\u00e1na do hloubky 12 cm a n\u00e1sledn\u011b bude provedena pokl\u00e1dka ve stejn\u00e9 tlou\u0161\u0165ce. D\u00e1le budou vyrovn\u00e1ny propadan\u00e9 krajn\u00edky, opraveno odvodn\u011bn\u00ed komunikace a obnoveno dopravn\u00ed zna\u010den\u00ed. Akce je v koordinaci s opravou mostu.<\/p>\n<p><strong>Pr\u00e1ce budou prob\u00edhat po etap\u00e1ch:<br \/>\n<\/strong>0. etapa (p\u0159\u00edpravn\u00e9 pr\u00e1ce): 4. 11. 2024 \u2013 odstran\u011bn\u00ed ostr\u016fvku k odbo\u010den\u00ed do obchodu Hornbach, na P+R \u010cern\u00fd Most a realizace p\u0159ejezdov\u00fdch m\u00edst pro p\u0159eveden\u00ed dopravy<br \/>\n1. etapa: 11. 11. \u2013 24. 11. 2024 \u2013 pr\u00e1ce budou prob\u00edhat v pomal\u00e9m (prav\u00e9m) j\u00edzdn\u00edm pruhu<br \/>\n2. etapa: 25. 11. \u2013 8. 12. 2024 \u2013 pr\u00e1ce budou prob\u00edhat v\u00a0rychl\u00e9m (lev\u00e9m) j\u00edzdn\u00edm pruhu<\/p>\n<p>Oprava bude prob\u00edhat v\u017edy v\u00a0jednom j\u00edzdn\u00edm pruhu. Dopravn\u00ed omezen\u00ed se dotkne obou sm\u011br\u016f, kdy doprava bude vedena v\u017edy ve dvou j\u00edzdn\u00edch pruz\u00edch, z\u00a0nich\u017e jeden z\u00a0opravovan\u00e9 \u010d\u00e1sti bude p\u0159eveden do protism\u011bru. Vozidla jedouc\u00ed v\u00a0j\u00edzdn\u00edm pruhu p\u0159eveden\u00e9m do protism\u011bru nebudou moci odbo\u010dit do centra \u010cern\u00e9ho Mostu ani na Ji\u017en\u00ed spojku sm\u011brem na \u0160t\u011brboholy. Sm\u011br j\u00edzdy bude omezen na Horn\u00ed Po\u010dernice a Pra\u017esk\u00fd okruh sm\u011brem na Novopackou.<\/p>\n<p>Zdroj: tiskov\u00e1 zpr\u00e1va TSK.<\/p>\n<p>&nbsp;<\/p>\n<p>&nbsp;<\/p>\n","protected":false},"excerpt":{"rendered":"<p>Technick\u00e1 spr\u00e1va komunikac\u00ed (TSK) zah\u00e1j\u00ed v pond\u011bl\u00ed 4. listopadu 2024 opravu vozovky v ulici Chlumeck\u00e1 v \u00faseku od ulice Ocelkova po k\u0159\u00ed\u017een\u00ed s Pra\u017esk\u00fdm okruhem (D0). Nav\u00e1\u017ee tak na opravu stejn\u00e9ho \u00faseku z jara leto\u0161n\u00edho roku, tentokr\u00e1t se ale bude opravovat sm\u011br z centra. Stavebn\u00ed pr\u00e1ce budou na 1,2 km dlouh\u00e9m \u00faseku prob\u00edhat a\u017e do&#8230;<\/p>\n","protected":false},"author":1057,"featured_media":0,"comment_status":"closed","ping_status":"closed","sticky":false,"template":"","format":"standard","meta":{"_acf_changed":false,"footnotes":""},"categories":[1],"tags":[],"class_list":["post-71163","post","type-post","status-publish","format-standard","hentry","category-nezarazene"],"acf":[],"geo":null,"yoast_head":"<!-- This site is optimized with the Yoast SEO plugin v27.2 - https:\/\/yoast.com\/product\/yoast-seo-wordpress\/ -->\n<title>TSK se vrac\u00ed na Chlumeckou, oprav\u00ed \u00fasek ve sm\u011bru z centra - \u017divot na Praze 14<\/title>\n<meta name=\"robots\" content=\"index, follow, max-snippet:-1, max-image-preview:large, max-video-preview:-1\" \/>\n<link rel=\"canonical\" href=\"https:\/\/www.praha14.cz\/zivot-na-praze-14\/tsk-se-vraci-na-chlumeckou-opravi-usek-ve-smeru-z-centra\/\" \/>\n<meta property=\"og:locale\" content=\"cs_CZ\" \/>\n<meta property=\"og:type\" content=\"article\" \/>\n<meta property=\"og:title\" content=\"TSK se vrac\u00ed na Chlumeckou, oprav\u00ed \u00fasek ve sm\u011bru z centra - \u017divot na Praze 14\" \/>\n<meta property=\"og:description\" content=\"Technick\u00e1 spr\u00e1va komunikac\u00ed (TSK) zah\u00e1j\u00ed v pond\u011bl\u00ed 4. listopadu 2024 opravu vozovky v ulici Chlumeck\u00e1 v \u00faseku od ulice Ocelkova po k\u0159\u00ed\u017een\u00ed s Pra\u017esk\u00fdm okruhem (D0). Nav\u00e1\u017ee tak na opravu stejn\u00e9ho \u00faseku z jara leto\u0161n\u00edho roku, tentokr\u00e1t se ale bude opravovat sm\u011br z centra. Stavebn\u00ed pr\u00e1ce budou na 1,2 km dlouh\u00e9m \u00faseku prob\u00edhat a\u017e do...\" \/>\n<meta property=\"og:url\" content=\"https:\/\/www.praha14.cz\/zivot-na-praze-14\/tsk-se-vraci-na-chlumeckou-opravi-usek-ve-smeru-z-centra\/\" \/>\n<meta property=\"og:site_name\" content=\"\u017divot na Praze 14\" \/>\n<meta property=\"article:published_time\" content=\"2024-10-31T08:25:12+00:00\" \/>\n<meta name=\"author\" content=\"Odd\u011blen\u00ed komunikace\" \/>\n<meta name=\"twitter:card\" content=\"summary_large_image\" \/>\n<meta name=\"twitter:label1\" content=\"Written by\" \/>\n\t<meta name=\"twitter:data1\" content=\"Odd\u011blen\u00ed komunikace\" \/>\n\t<meta name=\"twitter:label2\" content=\"Est. reading time\" \/>\n\t<meta name=\"twitter:data2\" content=\"2 minuty\" \/>\n<script type=\"application\/ld+json\" class=\"yoast-schema-graph\">{\"@context\":\"https:\/\/schema.org\",\"@graph\":[{\"@type\":\"Article\",\"@id\":\"https:\/\/www.praha14.cz\/zivot-na-praze-14\/tsk-se-vraci-na-chlumeckou-opravi-usek-ve-smeru-z-centra\/#article\",\"isPartOf\":{\"@id\":\"https:\/\/www.praha14.cz\/zivot-na-praze-14\/tsk-se-vraci-na-chlumeckou-opravi-usek-ve-smeru-z-centra\/\"},\"author\":{\"name\":\"Odd\u011blen\u00ed komunikace\",\"@id\":\"https:\/\/www.praha14.cz\/zivot-na-praze-14\/#\/schema\/person\/127a1d778cbcf76b257f93fb8c42591c\"},\"headline\":\"TSK se vrac\u00ed na Chlumeckou, oprav\u00ed \u00fasek ve sm\u011bru z centra\",\"datePublished\":\"2024-10-31T08:25:12+00:00\",\"mainEntityOfPage\":{\"@id\":\"https:\/\/www.praha14.cz\/zivot-na-praze-14\/tsk-se-vraci-na-chlumeckou-opravi-usek-ve-smeru-z-centra\/\"},\"wordCount\":293,\"inLanguage\":\"cs\"},{\"@type\":\"WebPage\",\"@id\":\"https:\/\/www.praha14.cz\/zivot-na-praze-14\/tsk-se-vraci-na-chlumeckou-opravi-usek-ve-smeru-z-centra\/\",\"url\":\"https:\/\/www.praha14.cz\/zivot-na-praze-14\/tsk-se-vraci-na-chlumeckou-opravi-usek-ve-smeru-z-centra\/\",\"name\":\"TSK se vrac\u00ed na Chlumeckou, oprav\u00ed \u00fasek ve sm\u011bru z centra - \u017divot na Praze 14\",\"isPartOf\":{\"@id\":\"https:\/\/www.praha14.cz\/zivot-na-praze-14\/#website\"},\"datePublished\":\"2024-10-31T08:25:12+00:00\",\"author\":{\"@id\":\"https:\/\/www.praha14.cz\/zivot-na-praze-14\/#\/schema\/person\/127a1d778cbcf76b257f93fb8c42591c\"},\"breadcrumb\":{\"@id\":\"https:\/\/www.praha14.cz\/zivot-na-praze-14\/tsk-se-vraci-na-chlumeckou-opravi-usek-ve-smeru-z-centra\/#breadcrumb\"},\"inLanguage\":\"cs\",\"potentialAction\":[{\"@type\":\"ReadAction\",\"target\":[\"https:\/\/www.praha14.cz\/zivot-na-praze-14\/tsk-se-vraci-na-chlumeckou-opravi-usek-ve-smeru-z-centra\/\"]}]},{\"@type\":\"BreadcrumbList\",\"@id\":\"https:\/\/www.praha14.cz\/zivot-na-praze-14\/tsk-se-vraci-na-chlumeckou-opravi-usek-ve-smeru-z-centra\/#breadcrumb\",\"itemListElement\":[{\"@type\":\"ListItem\",\"position\":1,\"name\":\"\u017divot na Praze 14\",\"item\":\"https:\/\/www.praha14.cz\/zivot-na-praze-14\/\"},{\"@type\":\"ListItem\",\"position\":2,\"name\":\"TSK se vrac\u00ed na Chlumeckou, oprav\u00ed \u00fasek ve sm\u011bru z centra\"}]},{\"@type\":\"WebSite\",\"@id\":\"https:\/\/www.praha14.cz\/zivot-na-praze-14\/#website\",\"url\":\"https:\/\/www.praha14.cz\/zivot-na-praze-14\/\",\"name\":\"\u017divot na Praze 14\",\"description\":\"\",\"potentialAction\":[{\"@type\":\"SearchAction\",\"target\":{\"@type\":\"EntryPoint\",\"urlTemplate\":\"https:\/\/www.praha14.cz\/zivot-na-praze-14\/?s={search_term_string}\"},\"query-input\":{\"@type\":\"PropertyValueSpecification\",\"valueRequired\":true,\"valueName\":\"search_term_string\"}}],\"inLanguage\":\"cs\"},{\"@type\":\"Person\",\"@id\":\"https:\/\/www.praha14.cz\/zivot-na-praze-14\/#\/schema\/person\/127a1d778cbcf76b257f93fb8c42591c\",\"name\":\"Odd\u011blen\u00ed komunikace\",\"image\":{\"@type\":\"ImageObject\",\"inLanguage\":\"cs\",\"@id\":\"https:\/\/secure.gravatar.com\/avatar\/e958f3d1e915848093abf89585ec4bb6a7daede2e0322c416842d9f94c3fdaca?s=96&d=mm&r=g\",\"url\":\"https:\/\/secure.gravatar.com\/avatar\/e958f3d1e915848093abf89585ec4bb6a7daede2e0322c416842d9f94c3fdaca?s=96&d=mm&r=g\",\"contentUrl\":\"https:\/\/secure.gravatar.com\/avatar\/e958f3d1e915848093abf89585ec4bb6a7daede2e0322c416842d9f94c3fdaca?s=96&d=mm&r=g\",\"caption\":\"Odd\u011blen\u00ed komunikace\"},\"url\":\"https:\/\/www.praha14.cz\/zivot-na-praze-14\/author\/luciehlavackova\/\"}]}<\/script>\n<!-- \/ Yoast SEO plugin. -->","yoast_head_json":{"title":"TSK se vrac\u00ed na Chlumeckou, oprav\u00ed \u00fasek ve sm\u011bru z centra - \u017divot na Praze 14","robots":{"index":"index","follow":"follow","max-snippet":"max-snippet:-1","max-image-preview":"max-image-preview:large","max-video-preview":"max-video-preview:-1"},"canonical":"https:\/\/www.praha14.cz\/zivot-na-praze-14\/tsk-se-vraci-na-chlumeckou-opravi-usek-ve-smeru-z-centra\/","og_locale":"cs_CZ","og_type":"article","og_title":"TSK se vrac\u00ed na Chlumeckou, oprav\u00ed \u00fasek ve sm\u011bru z centra - \u017divot na Praze 14","og_description":"Technick\u00e1 spr\u00e1va komunikac\u00ed (TSK) zah\u00e1j\u00ed v pond\u011bl\u00ed 4. listopadu 2024 opravu vozovky v ulici Chlumeck\u00e1 v \u00faseku od ulice Ocelkova po k\u0159\u00ed\u017een\u00ed s Pra\u017esk\u00fdm okruhem (D0). Nav\u00e1\u017ee tak na opravu stejn\u00e9ho \u00faseku z jara leto\u0161n\u00edho roku, tentokr\u00e1t se ale bude opravovat sm\u011br z centra. Stavebn\u00ed pr\u00e1ce budou na 1,2 km dlouh\u00e9m \u00faseku prob\u00edhat a\u017e do...","og_url":"https:\/\/www.praha14.cz\/zivot-na-praze-14\/tsk-se-vraci-na-chlumeckou-opravi-usek-ve-smeru-z-centra\/","og_site_name":"\u017divot na Praze 14","article_published_time":"2024-10-31T08:25:12+00:00","author":"Odd\u011blen\u00ed komunikace","twitter_card":"summary_large_image","twitter_misc":{"Written by":"Odd\u011blen\u00ed komunikace","Est. reading time":"2 minuty"},"schema":{"@context":"https:\/\/schema.org","@graph":[{"@type":"Article","@id":"https:\/\/www.praha14.cz\/zivot-na-praze-14\/tsk-se-vraci-na-chlumeckou-opravi-usek-ve-smeru-z-centra\/#article","isPartOf":{"@id":"https:\/\/www.praha14.cz\/zivot-na-praze-14\/tsk-se-vraci-na-chlumeckou-opravi-usek-ve-smeru-z-centra\/"},"author":{"name":"Odd\u011blen\u00ed komunikace","@id":"https:\/\/www.praha14.cz\/zivot-na-praze-14\/#\/schema\/person\/127a1d778cbcf76b257f93fb8c42591c"},"headline":"TSK se vrac\u00ed na Chlumeckou, oprav\u00ed \u00fasek ve sm\u011bru z centra","datePublished":"2024-10-31T08:25:12+00:00","mainEntityOfPage":{"@id":"https:\/\/www.praha14.cz\/zivot-na-praze-14\/tsk-se-vraci-na-chlumeckou-opravi-usek-ve-smeru-z-centra\/"},"wordCount":293,"inLanguage":"cs"},{"@type":"WebPage","@id":"https:\/\/www.praha14.cz\/zivot-na-praze-14\/tsk-se-vraci-na-chlumeckou-opravi-usek-ve-smeru-z-centra\/","url":"https:\/\/www.praha14.cz\/zivot-na-praze-14\/tsk-se-vraci-na-chlumeckou-opravi-usek-ve-smeru-z-centra\/","name":"TSK se vrac\u00ed na Chlumeckou, oprav\u00ed \u00fasek ve sm\u011bru z centra - \u017divot na Praze 14","isPartOf":{"@id":"https:\/\/www.praha14.cz\/zivot-na-praze-14\/#website"},"datePublished":"2024-10-31T08:25:12+00:00","author":{"@id":"https:\/\/www.praha14.cz\/zivot-na-praze-14\/#\/schema\/person\/127a1d778cbcf76b257f93fb8c42591c"},"breadcrumb":{"@id":"https:\/\/www.praha14.cz\/zivot-na-praze-14\/tsk-se-vraci-na-chlumeckou-opravi-usek-ve-smeru-z-centra\/#breadcrumb"},"inLanguage":"cs","potentialAction":[{"@type":"ReadAction","target":["https:\/\/www.praha14.cz\/zivot-na-praze-14\/tsk-se-vraci-na-chlumeckou-opravi-usek-ve-smeru-z-centra\/"]}]},{"@type":"BreadcrumbList","@id":"https:\/\/www.praha14.cz\/zivot-na-praze-14\/tsk-se-vraci-na-chlumeckou-opravi-usek-ve-smeru-z-centra\/#breadcrumb","itemListElement":[{"@type":"ListItem","position":1,"name":"\u017divot na Praze 14","item":"https:\/\/www.praha14.cz\/zivot-na-praze-14\/"},{"@type":"ListItem","position":2,"name":"TSK se vrac\u00ed na Chlumeckou, oprav\u00ed \u00fasek ve sm\u011bru z centra"}]},{"@type":"WebSite","@id":"https:\/\/www.praha14.cz\/zivot-na-praze-14\/#website","url":"https:\/\/www.praha14.cz\/zivot-na-praze-14\/","name":"\u017divot na Praze 14","description":"","potentialAction":[{"@type":"SearchAction","target":{"@type":"EntryPoint","urlTemplate":"https:\/\/www.praha14.cz\/zivot-na-praze-14\/?s={search_term_string}"},"query-input":{"@type":"PropertyValueSpecification","valueRequired":true,"valueName":"search_term_string"}}],"inLanguage":"cs"},{"@type":"Person","@id":"https:\/\/www.praha14.cz\/zivot-na-praze-14\/#\/schema\/person\/127a1d778cbcf76b257f93fb8c42591c","name":"Odd\u011blen\u00ed komunikace","image":{"@type":"ImageObject","inLanguage":"cs","@id":"https:\/\/secure.gravatar.com\/avatar\/e958f3d1e915848093abf89585ec4bb6a7daede2e0322c416842d9f94c3fdaca?s=96&d=mm&r=g","url":"https:\/\/secure.gravatar.com\/avatar\/e958f3d1e915848093abf89585ec4bb6a7daede2e0322c416842d9f94c3fdaca?s=96&d=mm&r=g","contentUrl":"https:\/\/secure.gravatar.com\/avatar\/e958f3d1e915848093abf89585ec4bb6a7daede2e0322c416842d9f94c3fdaca?s=96&d=mm&r=g","caption":"Odd\u011blen\u00ed komunikace"},"url":"https:\/\/www.praha14.cz\/zivot-na-praze-14\/author\/luciehlavackova\/"}]}},"_links":{"self":[{"href":"https:\/\/www.praha14.cz\/zivot-na-praze-14\/wp-json\/wp\/v2\/posts\/71163","targetHints":{"allow":["GET"]}}],"collection":[{"href":"https:\/\/www.praha14.cz\/zivot-na-praze-14\/wp-json\/wp\/v2\/posts"}],"about":[{"href":"https:\/\/www.praha14.cz\/zivot-na-praze-14\/wp-json\/wp\/v2\/types\/post"}],"author":[{"embeddable":true,"href":"https:\/\/www.praha14.cz\/zivot-na-praze-14\/wp-json\/wp\/v2\/users\/1057"}],"replies":[{"embeddable":true,"href":"https:\/\/www.praha14.cz\/zivot-na-praze-14\/wp-json\/wp\/v2\/comments?post=71163"}],"version-history":[{"count":1,"href":"https:\/\/www.praha14.cz\/zivot-na-praze-14\/wp-json\/wp\/v2\/posts\/71163\/revisions"}],"predecessor-version":[{"id":71165,"href":"https:\/\/www.praha14.cz\/zivot-na-praze-14\/wp-json\/wp\/v2\/posts\/71163\/revisions\/71165"}],"wp:attachment":[{"href":"https:\/\/www.praha14.cz\/zivot-na-praze-14\/wp-json\/wp\/v2\/media?parent=71163"}],"wp:term":[{"taxonomy":"category","embeddable":true,"href":"https:\/\/www.praha14.cz\/zivot-na-praze-14\/wp-json\/wp\/v2\/categories?post=71163"},{"taxonomy":"post_tag","embeddable":true,"href":"https:\/\/www.praha14.cz\/zivot-na-praze-14\/wp-json\/wp\/v2\/tags?post=71163"}],"curies":[{"name":"wp","href":"https:\/\/api.w.org\/{rel}","templated":true}]}}