{"id":71478,"date":"2025-03-02T08:18:46","date_gmt":"2025-03-02T08:18:46","guid":{"rendered":"https:\/\/www.praha14.cz\/zivot-na-praze-14\/?p=71478"},"modified":"2025-03-06T13:20:36","modified_gmt":"2025-03-06T13:20:36","slug":"udrzba-protihlukovych-sten-na-kbelske","status":"publish","type":"post","link":"https:\/\/www.praha14.cz\/zivot-na-praze-14\/udrzba-protihlukovych-sten-na-kbelske\/","title":{"rendered":"\u00dadr\u017eba protihlukov\u00fdch st\u011bn na Kbelsk\u00e9"},"content":{"rendered":"<p>Technick\u00e1 spr\u00e1va komunikac\u00ed hl. m. Prahy bude v\u00a0term\u00ednu od 8. b\u0159ezna do 16. kv\u011btna 2025 prov\u00e1d\u011bt \u00fadr\u017ebu protihlukov\u00fdch st\u011bn v\u00a0ulici Kbelsk\u00e1 \u2013 konkr\u00e9tn\u011b v\u00a0\u00faseku mezi k\u0159i\u017eovatkami s\u00a0ulicemi Kolbenova a Pod\u011bbradsk\u00e1. V\u011bt\u0161inu \u010dasu pr\u00e1ce provoz na dot\u010den\u00e9 komunikaci v\u00fdznamn\u011b neovlivn\u00ed. K\u00a0dispozici budou dva j\u00edzdn\u00ed pruhy v\u00a0\u0161\u00ed\u0159i 3,5 metru.<\/p>\n<p>Pouze b\u011bhem v\u00edkend\u016f, tedy od soboty 8. 3. od 10 hodin do ned\u011ble 9. 3. 14 hodin a od soboty 15. 3. 10 hodin do ned\u011ble 16. 3. do 14 hodin bude provoz v uveden\u00e9m \u00faseku ve sm\u011bru k Pod\u011bbradsk\u00e9 veden jedn\u00edm j\u00edzdn\u00edm pruhem. V dob\u011b p\u0159eru\u0161en\u00ed prac\u00ed bude p\u0159enosn\u00e9 dopravn\u00ed zna\u010den\u00ed a za\u0159\u00edzen\u00ed sta\u017eeno ke kraji komunikace.<\/p>\n<p>D\u011bkujeme za trp\u011blivost.<\/p>\n<p style=\"text-align: right;\">Zve\u0159ejn\u011bno: 6. b\u0159ezna 2025<\/p>\n","protected":false},"excerpt":{"rendered":"<p>Technick\u00e1 spr\u00e1va komunikac\u00ed hl. m. Prahy bude v\u00a0term\u00ednu od 8. b\u0159ezna do 16. kv\u011btna 2025 prov\u00e1d\u011bt \u00fadr\u017ebu protihlukov\u00fdch st\u011bn v\u00a0ulici Kbelsk\u00e1 \u2013 konkr\u00e9tn\u011b v\u00a0\u00faseku mezi k\u0159i\u017eovatkami s\u00a0ulicemi Kolbenova a Pod\u011bbradsk\u00e1. V\u011bt\u0161inu \u010dasu pr\u00e1ce provoz na dot\u010den\u00e9 komunikaci v\u00fdznamn\u011b neovlivn\u00ed. K\u00a0dispozici budou dva j\u00edzdn\u00ed pruhy v\u00a0\u0161\u00ed\u0159i 3,5 metru. Pouze b\u011bhem v\u00edkend\u016f, tedy od soboty 8. 3&#8230;.<\/p>\n","protected":false},"author":1057,"featured_media":0,"comment_status":"closed","ping_status":"closed","sticky":false,"template":"","format":"standard","meta":{"_acf_changed":false,"footnotes":""},"categories":[1],"tags":[],"class_list":["post-71478","post","type-post","status-publish","format-standard","hentry","category-nezarazene"],"acf":[],"geo":null,"yoast_head":"<!-- This site is optimized with the Yoast SEO plugin v27.2 - https:\/\/yoast.com\/product\/yoast-seo-wordpress\/ -->\n<title>\u00dadr\u017eba protihlukov\u00fdch st\u011bn na Kbelsk\u00e9 - \u017divot na Praze 14<\/title>\n<meta name=\"robots\" content=\"index, follow, max-snippet:-1, max-image-preview:large, max-video-preview:-1\" \/>\n<link rel=\"canonical\" href=\"https:\/\/www.praha14.cz\/zivot-na-praze-14\/udrzba-protihlukovych-sten-na-kbelske\/\" \/>\n<meta property=\"og:locale\" content=\"cs_CZ\" \/>\n<meta property=\"og:type\" content=\"article\" \/>\n<meta property=\"og:title\" content=\"\u00dadr\u017eba protihlukov\u00fdch st\u011bn na Kbelsk\u00e9 - \u017divot na Praze 14\" \/>\n<meta property=\"og:description\" content=\"Technick\u00e1 spr\u00e1va komunikac\u00ed hl. m. Prahy bude v\u00a0term\u00ednu od 8. b\u0159ezna do 16. kv\u011btna 2025 prov\u00e1d\u011bt \u00fadr\u017ebu protihlukov\u00fdch st\u011bn v\u00a0ulici Kbelsk\u00e1 \u2013 konkr\u00e9tn\u011b v\u00a0\u00faseku mezi k\u0159i\u017eovatkami s\u00a0ulicemi Kolbenova a Pod\u011bbradsk\u00e1. V\u011bt\u0161inu \u010dasu pr\u00e1ce provoz na dot\u010den\u00e9 komunikaci v\u00fdznamn\u011b neovlivn\u00ed. K\u00a0dispozici budou dva j\u00edzdn\u00ed pruhy v\u00a0\u0161\u00ed\u0159i 3,5 metru. Pouze b\u011bhem v\u00edkend\u016f, tedy od soboty 8. 3....\" \/>\n<meta property=\"og:url\" content=\"https:\/\/www.praha14.cz\/zivot-na-praze-14\/udrzba-protihlukovych-sten-na-kbelske\/\" \/>\n<meta property=\"og:site_name\" content=\"\u017divot na Praze 14\" \/>\n<meta property=\"article:published_time\" content=\"2025-03-02T08:18:46+00:00\" \/>\n<meta property=\"article:modified_time\" content=\"2025-03-06T13:20:36+00:00\" \/>\n<meta name=\"author\" content=\"Odd\u011blen\u00ed komunikace\" \/>\n<meta name=\"twitter:card\" content=\"summary_large_image\" \/>\n<meta name=\"twitter:label1\" content=\"Written by\" \/>\n\t<meta name=\"twitter:data1\" content=\"Odd\u011blen\u00ed komunikace\" \/>\n\t<meta name=\"twitter:label2\" content=\"Est. reading time\" \/>\n\t<meta name=\"twitter:data2\" content=\"1 minuta\" \/>\n<script type=\"application\/ld+json\" class=\"yoast-schema-graph\">{\"@context\":\"https:\/\/schema.org\",\"@graph\":[{\"@type\":\"Article\",\"@id\":\"https:\/\/www.praha14.cz\/zivot-na-praze-14\/udrzba-protihlukovych-sten-na-kbelske\/#article\",\"isPartOf\":{\"@id\":\"https:\/\/www.praha14.cz\/zivot-na-praze-14\/udrzba-protihlukovych-sten-na-kbelske\/\"},\"author\":{\"name\":\"Odd\u011blen\u00ed komunikace\",\"@id\":\"https:\/\/www.praha14.cz\/zivot-na-praze-14\/#\/schema\/person\/127a1d778cbcf76b257f93fb8c42591c\"},\"headline\":\"\u00dadr\u017eba protihlukov\u00fdch st\u011bn na Kbelsk\u00e9\",\"datePublished\":\"2025-03-02T08:18:46+00:00\",\"dateModified\":\"2025-03-06T13:20:36+00:00\",\"mainEntityOfPage\":{\"@id\":\"https:\/\/www.praha14.cz\/zivot-na-praze-14\/udrzba-protihlukovych-sten-na-kbelske\/\"},\"wordCount\":147,\"inLanguage\":\"cs\"},{\"@type\":\"WebPage\",\"@id\":\"https:\/\/www.praha14.cz\/zivot-na-praze-14\/udrzba-protihlukovych-sten-na-kbelske\/\",\"url\":\"https:\/\/www.praha14.cz\/zivot-na-praze-14\/udrzba-protihlukovych-sten-na-kbelske\/\",\"name\":\"\u00dadr\u017eba protihlukov\u00fdch st\u011bn na Kbelsk\u00e9 - \u017divot na Praze 14\",\"isPartOf\":{\"@id\":\"https:\/\/www.praha14.cz\/zivot-na-praze-14\/#website\"},\"datePublished\":\"2025-03-02T08:18:46+00:00\",\"dateModified\":\"2025-03-06T13:20:36+00:00\",\"author\":{\"@id\":\"https:\/\/www.praha14.cz\/zivot-na-praze-14\/#\/schema\/person\/127a1d778cbcf76b257f93fb8c42591c\"},\"breadcrumb\":{\"@id\":\"https:\/\/www.praha14.cz\/zivot-na-praze-14\/udrzba-protihlukovych-sten-na-kbelske\/#breadcrumb\"},\"inLanguage\":\"cs\",\"potentialAction\":[{\"@type\":\"ReadAction\",\"target\":[\"https:\/\/www.praha14.cz\/zivot-na-praze-14\/udrzba-protihlukovych-sten-na-kbelske\/\"]}]},{\"@type\":\"BreadcrumbList\",\"@id\":\"https:\/\/www.praha14.cz\/zivot-na-praze-14\/udrzba-protihlukovych-sten-na-kbelske\/#breadcrumb\",\"itemListElement\":[{\"@type\":\"ListItem\",\"position\":1,\"name\":\"\u017divot na Praze 14\",\"item\":\"https:\/\/www.praha14.cz\/zivot-na-praze-14\/\"},{\"@type\":\"ListItem\",\"position\":2,\"name\":\"\u00dadr\u017eba protihlukov\u00fdch st\u011bn na Kbelsk\u00e9\"}]},{\"@type\":\"WebSite\",\"@id\":\"https:\/\/www.praha14.cz\/zivot-na-praze-14\/#website\",\"url\":\"https:\/\/www.praha14.cz\/zivot-na-praze-14\/\",\"name\":\"\u017divot na Praze 14\",\"description\":\"\",\"potentialAction\":[{\"@type\":\"SearchAction\",\"target\":{\"@type\":\"EntryPoint\",\"urlTemplate\":\"https:\/\/www.praha14.cz\/zivot-na-praze-14\/?s={search_term_string}\"},\"query-input\":{\"@type\":\"PropertyValueSpecification\",\"valueRequired\":true,\"valueName\":\"search_term_string\"}}],\"inLanguage\":\"cs\"},{\"@type\":\"Person\",\"@id\":\"https:\/\/www.praha14.cz\/zivot-na-praze-14\/#\/schema\/person\/127a1d778cbcf76b257f93fb8c42591c\",\"name\":\"Odd\u011blen\u00ed komunikace\",\"image\":{\"@type\":\"ImageObject\",\"inLanguage\":\"cs\",\"@id\":\"https:\/\/secure.gravatar.com\/avatar\/e958f3d1e915848093abf89585ec4bb6a7daede2e0322c416842d9f94c3fdaca?s=96&d=mm&r=g\",\"url\":\"https:\/\/secure.gravatar.com\/avatar\/e958f3d1e915848093abf89585ec4bb6a7daede2e0322c416842d9f94c3fdaca?s=96&d=mm&r=g\",\"contentUrl\":\"https:\/\/secure.gravatar.com\/avatar\/e958f3d1e915848093abf89585ec4bb6a7daede2e0322c416842d9f94c3fdaca?s=96&d=mm&r=g\",\"caption\":\"Odd\u011blen\u00ed komunikace\"},\"url\":\"https:\/\/www.praha14.cz\/zivot-na-praze-14\/author\/luciehlavackova\/\"}]}<\/script>\n<!-- \/ Yoast SEO plugin. -->","yoast_head_json":{"title":"\u00dadr\u017eba protihlukov\u00fdch st\u011bn na Kbelsk\u00e9 - \u017divot na Praze 14","robots":{"index":"index","follow":"follow","max-snippet":"max-snippet:-1","max-image-preview":"max-image-preview:large","max-video-preview":"max-video-preview:-1"},"canonical":"https:\/\/www.praha14.cz\/zivot-na-praze-14\/udrzba-protihlukovych-sten-na-kbelske\/","og_locale":"cs_CZ","og_type":"article","og_title":"\u00dadr\u017eba protihlukov\u00fdch st\u011bn na Kbelsk\u00e9 - \u017divot na Praze 14","og_description":"Technick\u00e1 spr\u00e1va komunikac\u00ed hl. m. Prahy bude v\u00a0term\u00ednu od 8. b\u0159ezna do 16. kv\u011btna 2025 prov\u00e1d\u011bt \u00fadr\u017ebu protihlukov\u00fdch st\u011bn v\u00a0ulici Kbelsk\u00e1 \u2013 konkr\u00e9tn\u011b v\u00a0\u00faseku mezi k\u0159i\u017eovatkami s\u00a0ulicemi Kolbenova a Pod\u011bbradsk\u00e1. V\u011bt\u0161inu \u010dasu pr\u00e1ce provoz na dot\u010den\u00e9 komunikaci v\u00fdznamn\u011b neovlivn\u00ed. K\u00a0dispozici budou dva j\u00edzdn\u00ed pruhy v\u00a0\u0161\u00ed\u0159i 3,5 metru. Pouze b\u011bhem v\u00edkend\u016f, tedy od soboty 8. 3....","og_url":"https:\/\/www.praha14.cz\/zivot-na-praze-14\/udrzba-protihlukovych-sten-na-kbelske\/","og_site_name":"\u017divot na Praze 14","article_published_time":"2025-03-02T08:18:46+00:00","article_modified_time":"2025-03-06T13:20:36+00:00","author":"Odd\u011blen\u00ed komunikace","twitter_card":"summary_large_image","twitter_misc":{"Written by":"Odd\u011blen\u00ed komunikace","Est. reading time":"1 minuta"},"schema":{"@context":"https:\/\/schema.org","@graph":[{"@type":"Article","@id":"https:\/\/www.praha14.cz\/zivot-na-praze-14\/udrzba-protihlukovych-sten-na-kbelske\/#article","isPartOf":{"@id":"https:\/\/www.praha14.cz\/zivot-na-praze-14\/udrzba-protihlukovych-sten-na-kbelske\/"},"author":{"name":"Odd\u011blen\u00ed komunikace","@id":"https:\/\/www.praha14.cz\/zivot-na-praze-14\/#\/schema\/person\/127a1d778cbcf76b257f93fb8c42591c"},"headline":"\u00dadr\u017eba protihlukov\u00fdch st\u011bn na Kbelsk\u00e9","datePublished":"2025-03-02T08:18:46+00:00","dateModified":"2025-03-06T13:20:36+00:00","mainEntityOfPage":{"@id":"https:\/\/www.praha14.cz\/zivot-na-praze-14\/udrzba-protihlukovych-sten-na-kbelske\/"},"wordCount":147,"inLanguage":"cs"},{"@type":"WebPage","@id":"https:\/\/www.praha14.cz\/zivot-na-praze-14\/udrzba-protihlukovych-sten-na-kbelske\/","url":"https:\/\/www.praha14.cz\/zivot-na-praze-14\/udrzba-protihlukovych-sten-na-kbelske\/","name":"\u00dadr\u017eba protihlukov\u00fdch st\u011bn na Kbelsk\u00e9 - \u017divot na Praze 14","isPartOf":{"@id":"https:\/\/www.praha14.cz\/zivot-na-praze-14\/#website"},"datePublished":"2025-03-02T08:18:46+00:00","dateModified":"2025-03-06T13:20:36+00:00","author":{"@id":"https:\/\/www.praha14.cz\/zivot-na-praze-14\/#\/schema\/person\/127a1d778cbcf76b257f93fb8c42591c"},"breadcrumb":{"@id":"https:\/\/www.praha14.cz\/zivot-na-praze-14\/udrzba-protihlukovych-sten-na-kbelske\/#breadcrumb"},"inLanguage":"cs","potentialAction":[{"@type":"ReadAction","target":["https:\/\/www.praha14.cz\/zivot-na-praze-14\/udrzba-protihlukovych-sten-na-kbelske\/"]}]},{"@type":"BreadcrumbList","@id":"https:\/\/www.praha14.cz\/zivot-na-praze-14\/udrzba-protihlukovych-sten-na-kbelske\/#breadcrumb","itemListElement":[{"@type":"ListItem","position":1,"name":"\u017divot na Praze 14","item":"https:\/\/www.praha14.cz\/zivot-na-praze-14\/"},{"@type":"ListItem","position":2,"name":"\u00dadr\u017eba protihlukov\u00fdch st\u011bn na Kbelsk\u00e9"}]},{"@type":"WebSite","@id":"https:\/\/www.praha14.cz\/zivot-na-praze-14\/#website","url":"https:\/\/www.praha14.cz\/zivot-na-praze-14\/","name":"\u017divot na Praze 14","description":"","potentialAction":[{"@type":"SearchAction","target":{"@type":"EntryPoint","urlTemplate":"https:\/\/www.praha14.cz\/zivot-na-praze-14\/?s={search_term_string}"},"query-input":{"@type":"PropertyValueSpecification","valueRequired":true,"valueName":"search_term_string"}}],"inLanguage":"cs"},{"@type":"Person","@id":"https:\/\/www.praha14.cz\/zivot-na-praze-14\/#\/schema\/person\/127a1d778cbcf76b257f93fb8c42591c","name":"Odd\u011blen\u00ed komunikace","image":{"@type":"ImageObject","inLanguage":"cs","@id":"https:\/\/secure.gravatar.com\/avatar\/e958f3d1e915848093abf89585ec4bb6a7daede2e0322c416842d9f94c3fdaca?s=96&d=mm&r=g","url":"https:\/\/secure.gravatar.com\/avatar\/e958f3d1e915848093abf89585ec4bb6a7daede2e0322c416842d9f94c3fdaca?s=96&d=mm&r=g","contentUrl":"https:\/\/secure.gravatar.com\/avatar\/e958f3d1e915848093abf89585ec4bb6a7daede2e0322c416842d9f94c3fdaca?s=96&d=mm&r=g","caption":"Odd\u011blen\u00ed komunikace"},"url":"https:\/\/www.praha14.cz\/zivot-na-praze-14\/author\/luciehlavackova\/"}]}},"_links":{"self":[{"href":"https:\/\/www.praha14.cz\/zivot-na-praze-14\/wp-json\/wp\/v2\/posts\/71478","targetHints":{"allow":["GET"]}}],"collection":[{"href":"https:\/\/www.praha14.cz\/zivot-na-praze-14\/wp-json\/wp\/v2\/posts"}],"about":[{"href":"https:\/\/www.praha14.cz\/zivot-na-praze-14\/wp-json\/wp\/v2\/types\/post"}],"author":[{"embeddable":true,"href":"https:\/\/www.praha14.cz\/zivot-na-praze-14\/wp-json\/wp\/v2\/users\/1057"}],"replies":[{"embeddable":true,"href":"https:\/\/www.praha14.cz\/zivot-na-praze-14\/wp-json\/wp\/v2\/comments?post=71478"}],"version-history":[{"count":5,"href":"https:\/\/www.praha14.cz\/zivot-na-praze-14\/wp-json\/wp\/v2\/posts\/71478\/revisions"}],"predecessor-version":[{"id":71665,"href":"https:\/\/www.praha14.cz\/zivot-na-praze-14\/wp-json\/wp\/v2\/posts\/71478\/revisions\/71665"}],"wp:attachment":[{"href":"https:\/\/www.praha14.cz\/zivot-na-praze-14\/wp-json\/wp\/v2\/media?parent=71478"}],"wp:term":[{"taxonomy":"category","embeddable":true,"href":"https:\/\/www.praha14.cz\/zivot-na-praze-14\/wp-json\/wp\/v2\/categories?post=71478"},{"taxonomy":"post_tag","embeddable":true,"href":"https:\/\/www.praha14.cz\/zivot-na-praze-14\/wp-json\/wp\/v2\/tags?post=71478"}],"curies":[{"name":"wp","href":"https:\/\/api.w.org\/{rel}","templated":true}]}}