{"id":71795,"date":"2025-03-24T12:48:29","date_gmt":"2025-03-24T12:48:29","guid":{"rendered":"https:\/\/www.praha14.cz\/zivot-na-praze-14\/?p=71795"},"modified":"2025-03-24T12:49:42","modified_gmt":"2025-03-24T12:49:42","slug":"deratizace-2025","status":"publish","type":"post","link":"https:\/\/www.praha14.cz\/zivot-na-praze-14\/deratizace-2025\/","title":{"rendered":"Deratizace 2025"},"content":{"rendered":"<p>Rok co rok zaji\u0161\u0165uj\u00ed hlavn\u00ed m\u011bsto Praha, spole\u010dnost Pra\u017esk\u00e9 vodovody a kanalizace i jednotliv\u00e9 m\u011bstsk\u00e9 \u010d\u00e1sti deratizaci vybran\u00fdch ve\u0159ejn\u00fdch ploch se zv\u00fd\u0161en\u00fdm v\u00fdskytem hlodavc\u016f, zejm\u00e9na potkan\u016f. Regulace jejich populace je nezbytn\u00e1 zejm\u00e9na kv\u016fli riziku p\u0159enosu \u0159ady nebezpe\u010dn\u00fdch chorob. N\u00e1vnady na hlodavce jsou umis\u0165ov\u00e1ny odborn\u011b, tedy tak, aby nep\u0159edstavovaly nebezpe\u010d\u00ed pro jin\u00e1 zv\u00ed\u0159ata.<\/p>\n<p><strong>Rozpis m\u00edst VE SPR\u00c1V\u011a M\u010c PRAHA 14, kde bude prob\u00edhat deratizace:<\/strong><\/p>\n<ol>\n<li><strong>Etapa (jarn\u00ed) od 1. 4. do 30. 6. 2025<\/strong><\/li>\n<li><strong>Etapa (podzimn\u00ed) od 1. 9. do 28. 11. 2025<\/strong><\/li>\n<\/ol>\n<p><strong>\u010cern\u00fd Most<br \/>\n<\/strong>Brat\u0159\u00ed Vencl\u00edk\u016f \/parc. \u010d. 93\/1, 73\/3\/,<br \/>\nVl\u010dkova \/parc. \u010d. 130\/,<br \/>\nBoj\u010denkova \/parc. \u010d. 149\/,<br \/>\nVolkova \/parc. \u010d. 5\/1\/,<br \/>\nVa\u0161\u00e1tkova \/parc. \u010d. 221\/94\/,<br \/>\nC\u00edglerova \/parc. \u010d. 117, 5\/31, 143, 159\/3\/,<br \/>\nPaculova \/parc. \u010d. 112\/1\/,<br \/>\nPosp\u00edchalova \/parc. \u010d. 5\/32\/,<br \/>\nBryksova \/parc. \u010d. 232\/190\/,<br \/>\nGener\u00e1la Janou\u0161ka \/parc. \u010d. 221\/297, 221\/282\/,<br \/>\nBobkova \/parc. \u010d. 232\/747\/,<br \/>\nBryksova \/parc. \u010d. 232\/719, 232\/802\/<\/p>\n<p><strong>Hloub\u011bt\u00edn<br \/>\n<\/strong>Pod\u011bbradsk\u00e1 \/parc. \u010d. 1072\/175\/,<br \/>\nKbelsk\u00e1 \/parc. \u010d. 807\/1\/,<br \/>\nMochovsk\u00e1 \/parc. \u010d. 1072\/172\/,<br \/>\nZelene\u010dsk\u00e1 \/parc. \u010d. 1072\/185\/,<br \/>\nKl\u00e1novick\u00e1 \/parc. \u010d. 782\/25, 782\/29\/,<br \/>\nKarda\u0161ovsk\u00e1 \/parc. \u010d. 566\/66\/,<br \/>\nRochovsk\u00e1 \/parc. \u010d. 566\/78\/,<br \/>\n\u0160estajovick\u00e1 \/parc. \u010d. 784\/3\/,<br \/>\nSadsk\u00e1 \/parc. \u010d. 965\/<\/p>\n<p><strong>Kyje<br \/>\n<\/strong>Zelen\u00e9 plochy mezi ul. Man\u017eel\u016f Dost\u00e1lov\u00fdch a Travn\u00e1 mezi \u010d\u00eds. popis. 1285-1900,<br \/>\nZacharsk\u00e1 \/parc. \u010d. 765\/35\/,<br \/>\nSklensk\u00e1 \/parc. \u010d. 2599\/36\/,<br \/>\n9. Kv\u011btna \/parc. \u010d. 2663\/2, 2665\/29, 2665\/369, 2665\/31, 2665\/38\/<\/p>\n<p><strong>Hostavice<br \/>\n<\/strong>Ba\u0161t\u00fd\u0159sk\u00e1 \/parc. \u010d. 963\/<\/p>\n<p><strong>\u00a0<\/strong><\/p>\n<p><strong>POZEMKY VE VLASTNICTV\u00cd HL. M PRAHA:\u00a0<\/strong><\/p>\n<p><strong>od 1. do 10. 4. 2025, od 18. do 31. 8. 2025 <\/strong><\/p>\n<p><strong>\u010cern\u00fd Most<br \/>\n<\/strong>Va\u0161\u00e1tkova, Dole\u017ealova, Hla\u010fova, \u0160e\u010fova, Mare\u0161ova, Ocelkova, Vl\u010dkova, Boj\u010denkova, Dygr\u00fdnova, C\u00edglerova, Kpt. Str\u00e1nsk\u00e9ho, Vyb\u00edralova, Gen. Janou\u0161ka, Ku\u010derova, Mansfeldova, Ma\u0148\u00e1kova, Bobkova, Bryksova, Anderleho, Ocelkova, Arno\u0161ta Valenty, Dobrovoln\u00e9ho \u2013 okol\u00ed kone\u010dn\u00e9 stanice metra \u201e\u010cern\u00fd Most\u201c a \u201eRajsk\u00e1 zahrada\u201c, N\u00e1m. Pplk. Vl\u010dka, Irvingova<\/p>\n<p><strong>od 16. do 29. 6. 2025, od 1. od 14. 9. 2025 <\/strong><\/p>\n<p><strong>Hostavice<br \/>\n<\/strong>Travn\u00e1<\/p>\n<p><strong>Kyje<br \/>\n<\/strong>Hod\u011bjovsk\u00e1, Koberkova, Ro\u017embersk\u00e1, Kyjsk\u00fd rybn\u00edk &#8211; okol\u00ed sm\u011brem k T\u00e1linsk\u00e9 ul., U rybn\u00edka, Vajgarsk\u00e1, Zacharsk\u00e1, Za Rokytkou.<\/p>\n<p><strong>od 1. do 15. 6. 2025, od 1. do 14. 9. 2025 <\/strong><\/p>\n<p><strong>Hloub\u011bt\u00edn<br \/>\n<\/strong>Kryloveck\u00e1, Karda\u0161ovsk\u00e1, Pod\u011bbradsk\u00e1, Rochovsk\u00e1, Sl\u00e9va\u010dsk\u00e1, Konzumn\u00ed, Kbelsk\u00e1, Hloub\u011bt\u00ednsk\u00e1, \u0160estajovick\u00e1, Za \u010cern\u00fdm Mostem.<\/p>\n<p><strong>Od 24. 6. do 17. 8. 2025 &#8211; kontrola lokalit se zv\u00fd\u0161en\u00fdm v\u00fdskytem a o\u0161et\u0159en\u00ed lokalit dle dodate\u010dn\u00fdch po\u017eadavk\u016f MHMP.<br \/>\n<\/strong><strong>Od 15. 9. do 31. 10. 2025 &#8211; kontrola lokalit se zv\u00fd\u0161en\u00fdm v\u00fdskytem a o\u0161et\u0159en\u00ed lokalit dle dodate\u010dn\u00fdch po\u017eadavk\u016f MHMP.<\/strong><\/p>\n<p style=\"text-align: right;\">Zve\u0159ejn\u011bno: 24. b\u0159ezna 2025<\/p>\n","protected":false},"excerpt":{"rendered":"<p>Rok co rok zaji\u0161\u0165uj\u00ed hlavn\u00ed m\u011bsto Praha, spole\u010dnost Pra\u017esk\u00e9 vodovody a kanalizace i jednotliv\u00e9 m\u011bstsk\u00e9 \u010d\u00e1sti deratizaci vybran\u00fdch ve\u0159ejn\u00fdch ploch se zv\u00fd\u0161en\u00fdm v\u00fdskytem hlodavc\u016f, zejm\u00e9na potkan\u016f. Regulace jejich populace je nezbytn\u00e1 zejm\u00e9na kv\u016fli riziku p\u0159enosu \u0159ady nebezpe\u010dn\u00fdch chorob. N\u00e1vnady na hlodavce jsou umis\u0165ov\u00e1ny odborn\u011b, tedy tak, aby nep\u0159edstavovaly nebezpe\u010d\u00ed pro jin\u00e1 zv\u00ed\u0159ata. Rozpis m\u00edst VE&#8230;<\/p>\n","protected":false},"author":1057,"featured_media":0,"comment_status":"closed","ping_status":"closed","sticky":false,"template":"","format":"standard","meta":{"_acf_changed":false,"footnotes":""},"categories":[1],"tags":[],"class_list":["post-71795","post","type-post","status-publish","format-standard","hentry","category-nezarazene"],"acf":[],"geo":null,"yoast_head":"<!-- This site is optimized with the Yoast SEO plugin v27.2 - https:\/\/yoast.com\/product\/yoast-seo-wordpress\/ -->\n<title>Deratizace 2025 - \u017divot na Praze 14<\/title>\n<meta name=\"robots\" content=\"index, follow, max-snippet:-1, max-image-preview:large, max-video-preview:-1\" \/>\n<link rel=\"canonical\" href=\"https:\/\/www.praha14.cz\/zivot-na-praze-14\/deratizace-2025\/\" \/>\n<meta property=\"og:locale\" content=\"cs_CZ\" \/>\n<meta property=\"og:type\" content=\"article\" \/>\n<meta property=\"og:title\" content=\"Deratizace 2025 - \u017divot na Praze 14\" \/>\n<meta property=\"og:description\" content=\"Rok co rok zaji\u0161\u0165uj\u00ed hlavn\u00ed m\u011bsto Praha, spole\u010dnost Pra\u017esk\u00e9 vodovody a kanalizace i jednotliv\u00e9 m\u011bstsk\u00e9 \u010d\u00e1sti deratizaci vybran\u00fdch ve\u0159ejn\u00fdch ploch se zv\u00fd\u0161en\u00fdm v\u00fdskytem hlodavc\u016f, zejm\u00e9na potkan\u016f. Regulace jejich populace je nezbytn\u00e1 zejm\u00e9na kv\u016fli riziku p\u0159enosu \u0159ady nebezpe\u010dn\u00fdch chorob. N\u00e1vnady na hlodavce jsou umis\u0165ov\u00e1ny odborn\u011b, tedy tak, aby nep\u0159edstavovaly nebezpe\u010d\u00ed pro jin\u00e1 zv\u00ed\u0159ata. Rozpis m\u00edst VE...\" \/>\n<meta property=\"og:url\" content=\"https:\/\/www.praha14.cz\/zivot-na-praze-14\/deratizace-2025\/\" \/>\n<meta property=\"og:site_name\" content=\"\u017divot na Praze 14\" \/>\n<meta property=\"article:published_time\" content=\"2025-03-24T12:48:29+00:00\" \/>\n<meta property=\"article:modified_time\" content=\"2025-03-24T12:49:42+00:00\" \/>\n<meta name=\"author\" content=\"Odd\u011blen\u00ed komunikace\" \/>\n<meta name=\"twitter:card\" content=\"summary_large_image\" \/>\n<meta name=\"twitter:label1\" content=\"Written by\" \/>\n\t<meta name=\"twitter:data1\" content=\"Odd\u011blen\u00ed komunikace\" \/>\n\t<meta name=\"twitter:label2\" content=\"Est. reading time\" \/>\n\t<meta name=\"twitter:data2\" content=\"3 minuty\" \/>\n<script type=\"application\/ld+json\" class=\"yoast-schema-graph\">{\"@context\":\"https:\/\/schema.org\",\"@graph\":[{\"@type\":\"Article\",\"@id\":\"https:\/\/www.praha14.cz\/zivot-na-praze-14\/deratizace-2025\/#article\",\"isPartOf\":{\"@id\":\"https:\/\/www.praha14.cz\/zivot-na-praze-14\/deratizace-2025\/\"},\"author\":{\"name\":\"Odd\u011blen\u00ed komunikace\",\"@id\":\"https:\/\/www.praha14.cz\/zivot-na-praze-14\/#\/schema\/person\/127a1d778cbcf76b257f93fb8c42591c\"},\"headline\":\"Deratizace 2025\",\"datePublished\":\"2025-03-24T12:48:29+00:00\",\"dateModified\":\"2025-03-24T12:49:42+00:00\",\"mainEntityOfPage\":{\"@id\":\"https:\/\/www.praha14.cz\/zivot-na-praze-14\/deratizace-2025\/\"},\"wordCount\":362,\"inLanguage\":\"cs\"},{\"@type\":\"WebPage\",\"@id\":\"https:\/\/www.praha14.cz\/zivot-na-praze-14\/deratizace-2025\/\",\"url\":\"https:\/\/www.praha14.cz\/zivot-na-praze-14\/deratizace-2025\/\",\"name\":\"Deratizace 2025 - \u017divot na Praze 14\",\"isPartOf\":{\"@id\":\"https:\/\/www.praha14.cz\/zivot-na-praze-14\/#website\"},\"datePublished\":\"2025-03-24T12:48:29+00:00\",\"dateModified\":\"2025-03-24T12:49:42+00:00\",\"author\":{\"@id\":\"https:\/\/www.praha14.cz\/zivot-na-praze-14\/#\/schema\/person\/127a1d778cbcf76b257f93fb8c42591c\"},\"breadcrumb\":{\"@id\":\"https:\/\/www.praha14.cz\/zivot-na-praze-14\/deratizace-2025\/#breadcrumb\"},\"inLanguage\":\"cs\",\"potentialAction\":[{\"@type\":\"ReadAction\",\"target\":[\"https:\/\/www.praha14.cz\/zivot-na-praze-14\/deratizace-2025\/\"]}]},{\"@type\":\"BreadcrumbList\",\"@id\":\"https:\/\/www.praha14.cz\/zivot-na-praze-14\/deratizace-2025\/#breadcrumb\",\"itemListElement\":[{\"@type\":\"ListItem\",\"position\":1,\"name\":\"\u017divot na Praze 14\",\"item\":\"https:\/\/www.praha14.cz\/zivot-na-praze-14\/\"},{\"@type\":\"ListItem\",\"position\":2,\"name\":\"Deratizace 2025\"}]},{\"@type\":\"WebSite\",\"@id\":\"https:\/\/www.praha14.cz\/zivot-na-praze-14\/#website\",\"url\":\"https:\/\/www.praha14.cz\/zivot-na-praze-14\/\",\"name\":\"\u017divot na Praze 14\",\"description\":\"\",\"potentialAction\":[{\"@type\":\"SearchAction\",\"target\":{\"@type\":\"EntryPoint\",\"urlTemplate\":\"https:\/\/www.praha14.cz\/zivot-na-praze-14\/?s={search_term_string}\"},\"query-input\":{\"@type\":\"PropertyValueSpecification\",\"valueRequired\":true,\"valueName\":\"search_term_string\"}}],\"inLanguage\":\"cs\"},{\"@type\":\"Person\",\"@id\":\"https:\/\/www.praha14.cz\/zivot-na-praze-14\/#\/schema\/person\/127a1d778cbcf76b257f93fb8c42591c\",\"name\":\"Odd\u011blen\u00ed komunikace\",\"image\":{\"@type\":\"ImageObject\",\"inLanguage\":\"cs\",\"@id\":\"https:\/\/secure.gravatar.com\/avatar\/e958f3d1e915848093abf89585ec4bb6a7daede2e0322c416842d9f94c3fdaca?s=96&d=mm&r=g\",\"url\":\"https:\/\/secure.gravatar.com\/avatar\/e958f3d1e915848093abf89585ec4bb6a7daede2e0322c416842d9f94c3fdaca?s=96&d=mm&r=g\",\"contentUrl\":\"https:\/\/secure.gravatar.com\/avatar\/e958f3d1e915848093abf89585ec4bb6a7daede2e0322c416842d9f94c3fdaca?s=96&d=mm&r=g\",\"caption\":\"Odd\u011blen\u00ed komunikace\"},\"url\":\"https:\/\/www.praha14.cz\/zivot-na-praze-14\/author\/luciehlavackova\/\"}]}<\/script>\n<!-- \/ Yoast SEO plugin. -->","yoast_head_json":{"title":"Deratizace 2025 - \u017divot na Praze 14","robots":{"index":"index","follow":"follow","max-snippet":"max-snippet:-1","max-image-preview":"max-image-preview:large","max-video-preview":"max-video-preview:-1"},"canonical":"https:\/\/www.praha14.cz\/zivot-na-praze-14\/deratizace-2025\/","og_locale":"cs_CZ","og_type":"article","og_title":"Deratizace 2025 - \u017divot na Praze 14","og_description":"Rok co rok zaji\u0161\u0165uj\u00ed hlavn\u00ed m\u011bsto Praha, spole\u010dnost Pra\u017esk\u00e9 vodovody a kanalizace i jednotliv\u00e9 m\u011bstsk\u00e9 \u010d\u00e1sti deratizaci vybran\u00fdch ve\u0159ejn\u00fdch ploch se zv\u00fd\u0161en\u00fdm v\u00fdskytem hlodavc\u016f, zejm\u00e9na potkan\u016f. Regulace jejich populace je nezbytn\u00e1 zejm\u00e9na kv\u016fli riziku p\u0159enosu \u0159ady nebezpe\u010dn\u00fdch chorob. N\u00e1vnady na hlodavce jsou umis\u0165ov\u00e1ny odborn\u011b, tedy tak, aby nep\u0159edstavovaly nebezpe\u010d\u00ed pro jin\u00e1 zv\u00ed\u0159ata. Rozpis m\u00edst VE...","og_url":"https:\/\/www.praha14.cz\/zivot-na-praze-14\/deratizace-2025\/","og_site_name":"\u017divot na Praze 14","article_published_time":"2025-03-24T12:48:29+00:00","article_modified_time":"2025-03-24T12:49:42+00:00","author":"Odd\u011blen\u00ed komunikace","twitter_card":"summary_large_image","twitter_misc":{"Written by":"Odd\u011blen\u00ed komunikace","Est. reading time":"3 minuty"},"schema":{"@context":"https:\/\/schema.org","@graph":[{"@type":"Article","@id":"https:\/\/www.praha14.cz\/zivot-na-praze-14\/deratizace-2025\/#article","isPartOf":{"@id":"https:\/\/www.praha14.cz\/zivot-na-praze-14\/deratizace-2025\/"},"author":{"name":"Odd\u011blen\u00ed komunikace","@id":"https:\/\/www.praha14.cz\/zivot-na-praze-14\/#\/schema\/person\/127a1d778cbcf76b257f93fb8c42591c"},"headline":"Deratizace 2025","datePublished":"2025-03-24T12:48:29+00:00","dateModified":"2025-03-24T12:49:42+00:00","mainEntityOfPage":{"@id":"https:\/\/www.praha14.cz\/zivot-na-praze-14\/deratizace-2025\/"},"wordCount":362,"inLanguage":"cs"},{"@type":"WebPage","@id":"https:\/\/www.praha14.cz\/zivot-na-praze-14\/deratizace-2025\/","url":"https:\/\/www.praha14.cz\/zivot-na-praze-14\/deratizace-2025\/","name":"Deratizace 2025 - \u017divot na Praze 14","isPartOf":{"@id":"https:\/\/www.praha14.cz\/zivot-na-praze-14\/#website"},"datePublished":"2025-03-24T12:48:29+00:00","dateModified":"2025-03-24T12:49:42+00:00","author":{"@id":"https:\/\/www.praha14.cz\/zivot-na-praze-14\/#\/schema\/person\/127a1d778cbcf76b257f93fb8c42591c"},"breadcrumb":{"@id":"https:\/\/www.praha14.cz\/zivot-na-praze-14\/deratizace-2025\/#breadcrumb"},"inLanguage":"cs","potentialAction":[{"@type":"ReadAction","target":["https:\/\/www.praha14.cz\/zivot-na-praze-14\/deratizace-2025\/"]}]},{"@type":"BreadcrumbList","@id":"https:\/\/www.praha14.cz\/zivot-na-praze-14\/deratizace-2025\/#breadcrumb","itemListElement":[{"@type":"ListItem","position":1,"name":"\u017divot na Praze 14","item":"https:\/\/www.praha14.cz\/zivot-na-praze-14\/"},{"@type":"ListItem","position":2,"name":"Deratizace 2025"}]},{"@type":"WebSite","@id":"https:\/\/www.praha14.cz\/zivot-na-praze-14\/#website","url":"https:\/\/www.praha14.cz\/zivot-na-praze-14\/","name":"\u017divot na Praze 14","description":"","potentialAction":[{"@type":"SearchAction","target":{"@type":"EntryPoint","urlTemplate":"https:\/\/www.praha14.cz\/zivot-na-praze-14\/?s={search_term_string}"},"query-input":{"@type":"PropertyValueSpecification","valueRequired":true,"valueName":"search_term_string"}}],"inLanguage":"cs"},{"@type":"Person","@id":"https:\/\/www.praha14.cz\/zivot-na-praze-14\/#\/schema\/person\/127a1d778cbcf76b257f93fb8c42591c","name":"Odd\u011blen\u00ed komunikace","image":{"@type":"ImageObject","inLanguage":"cs","@id":"https:\/\/secure.gravatar.com\/avatar\/e958f3d1e915848093abf89585ec4bb6a7daede2e0322c416842d9f94c3fdaca?s=96&d=mm&r=g","url":"https:\/\/secure.gravatar.com\/avatar\/e958f3d1e915848093abf89585ec4bb6a7daede2e0322c416842d9f94c3fdaca?s=96&d=mm&r=g","contentUrl":"https:\/\/secure.gravatar.com\/avatar\/e958f3d1e915848093abf89585ec4bb6a7daede2e0322c416842d9f94c3fdaca?s=96&d=mm&r=g","caption":"Odd\u011blen\u00ed komunikace"},"url":"https:\/\/www.praha14.cz\/zivot-na-praze-14\/author\/luciehlavackova\/"}]}},"_links":{"self":[{"href":"https:\/\/www.praha14.cz\/zivot-na-praze-14\/wp-json\/wp\/v2\/posts\/71795","targetHints":{"allow":["GET"]}}],"collection":[{"href":"https:\/\/www.praha14.cz\/zivot-na-praze-14\/wp-json\/wp\/v2\/posts"}],"about":[{"href":"https:\/\/www.praha14.cz\/zivot-na-praze-14\/wp-json\/wp\/v2\/types\/post"}],"author":[{"embeddable":true,"href":"https:\/\/www.praha14.cz\/zivot-na-praze-14\/wp-json\/wp\/v2\/users\/1057"}],"replies":[{"embeddable":true,"href":"https:\/\/www.praha14.cz\/zivot-na-praze-14\/wp-json\/wp\/v2\/comments?post=71795"}],"version-history":[{"count":3,"href":"https:\/\/www.praha14.cz\/zivot-na-praze-14\/wp-json\/wp\/v2\/posts\/71795\/revisions"}],"predecessor-version":[{"id":71800,"href":"https:\/\/www.praha14.cz\/zivot-na-praze-14\/wp-json\/wp\/v2\/posts\/71795\/revisions\/71800"}],"wp:attachment":[{"href":"https:\/\/www.praha14.cz\/zivot-na-praze-14\/wp-json\/wp\/v2\/media?parent=71795"}],"wp:term":[{"taxonomy":"category","embeddable":true,"href":"https:\/\/www.praha14.cz\/zivot-na-praze-14\/wp-json\/wp\/v2\/categories?post=71795"},{"taxonomy":"post_tag","embeddable":true,"href":"https:\/\/www.praha14.cz\/zivot-na-praze-14\/wp-json\/wp\/v2\/tags?post=71795"}],"curies":[{"name":"wp","href":"https:\/\/api.w.org\/{rel}","templated":true}]}}