{"id":73069,"date":"2025-09-30T07:40:27","date_gmt":"2025-09-30T07:40:27","guid":{"rendered":"https:\/\/www.praha14.cz\/zivot-na-praze-14\/?p=73069"},"modified":"2025-09-30T07:42:41","modified_gmt":"2025-09-30T07:42:41","slug":"evropsky-tyden-mobility-2025-v-praze-14","status":"publish","type":"post","link":"https:\/\/www.praha14.cz\/zivot-na-praze-14\/evropsky-tyden-mobility-2025-v-praze-14\/","title":{"rendered":"Evropsk\u00fd t\u00fdden mobility 2025 v Praze 14"},"content":{"rendered":"<p>Ka\u017ed\u00fd rok v z\u00e1\u0159\u00ed o\u017e\u00edvaj\u00ed evropsk\u00e1 m\u011bsta aktivitami, kter\u00e9 ukazuj\u00ed, \u017ee doprava nemus\u00ed b\u00fdt jen o autech. <strong><a href=\"https:\/\/www.evropskytydenmobility.cz\/\">Evropsk\u00fd t\u00fdden mobility<\/a><\/strong> motivuje lidi k tomu, aby se po m\u011bst\u011b pohybovali zdrav\u011bji, chyt\u0159eji a \u0161etrn\u011bji k \u017eivotn\u00edmu prost\u0159ed\u00ed \u2013 p\u011b\u0161ky, na kole nebo t\u0159eba vlakem.<\/p>\n<p>Do kampan\u011b se zapojuje i Praha 14, a to u\u017e od roku 2014. Letos jsme se nesli na vln\u011b motta <em>\u201eMobilita pro v\u0161echny\u201c<\/em> a p\u0159ipravili program, kter\u00fd bavil d\u011bti, rodi\u010de i \u0161irokou ve\u0159ejnost. A jak to vypadalo v praxi?<\/p>\n<p><strong>NA\u0160E AKCE V KOSTCE:<\/strong><\/p>\n<p><strong>Bezpe\u010dn\u011b s \u00fasm\u011bvem (15. 9.)<\/strong><br \/>\nDopravn\u00ed v\u00fdchova nemus\u00ed b\u00fdt nuda. D\u011bti z m\u00edstn\u00edch z\u00e1kladn\u00edch \u0161kol si s policisty vyzkou\u0161ely m\u011b\u0159en\u00ed rychlosti, kontrolu doklad\u016f i dopravn\u00ed pravidla. V\u0161e formou hry \u2013 a s \u00fasm\u011bvem.<\/p>\n<p><a href=\"https:\/\/www.praha14.cz\/app\/uploads\/sites\/4\/2025\/09\/20250915_094100.jpg\" target=\"_blank\" rel=\"noopener\" data-rel=\"lightbox-image-0\" data-rl_title=\"\" data-rl_caption=\"\" title=\"\"><img loading=\"lazy\" decoding=\"async\" class=\"alignnone wp-image-73070\" src=\"https:\/\/www.praha14.cz\/app\/uploads\/sites\/4\/2025\/09\/20250915_094100-370x278.jpg\" alt=\"20250915_094100\" width=\"240\" height=\"180\" srcset=\"https:\/\/www.praha14.cz\/app\/uploads\/sites\/4\/2025\/09\/20250915_094100-370x278.jpg 370w, https:\/\/www.praha14.cz\/app\/uploads\/sites\/4\/2025\/09\/20250915_094100-768x576.jpg 768w, https:\/\/www.praha14.cz\/app\/uploads\/sites\/4\/2025\/09\/20250915_094100.jpg 1000w\" sizes=\"(max-width: 240px) 100vw, 240px\" \/><\/a> <a href=\"https:\/\/www.praha14.cz\/app\/uploads\/sites\/4\/2025\/09\/Bezpecne_s_usmevem_1.jpg\" target=\"_blank\" rel=\"noopener\" data-rel=\"lightbox-image-1\" data-rl_title=\"\" data-rl_caption=\"\" title=\"\"><img loading=\"lazy\" decoding=\"async\" class=\"alignnone wp-image-73071\" src=\"https:\/\/www.praha14.cz\/app\/uploads\/sites\/4\/2025\/09\/Bezpecne_s_usmevem_1-370x278.jpg\" alt=\"Bezpe\u010dn\u011b_s_\u00fasm\u011bvem_1\" width=\"240\" height=\"180\" srcset=\"https:\/\/www.praha14.cz\/app\/uploads\/sites\/4\/2025\/09\/Bezpecne_s_usmevem_1-370x278.jpg 370w, https:\/\/www.praha14.cz\/app\/uploads\/sites\/4\/2025\/09\/Bezpecne_s_usmevem_1-1024x768.jpg 1024w, https:\/\/www.praha14.cz\/app\/uploads\/sites\/4\/2025\/09\/Bezpecne_s_usmevem_1-768x576.jpg 768w, https:\/\/www.praha14.cz\/app\/uploads\/sites\/4\/2025\/09\/Bezpecne_s_usmevem_1.jpg 1500w\" sizes=\"(max-width: 240px) 100vw, 240px\" \/><\/a> <a href=\"https:\/\/www.praha14.cz\/app\/uploads\/sites\/4\/2025\/09\/Bezpecne_s-usmevem_2.jpg\" target=\"_blank\" rel=\"noopener\" data-rel=\"lightbox-image-2\" data-rl_title=\"\" data-rl_caption=\"\" title=\"\"><img loading=\"lazy\" decoding=\"async\" class=\"alignnone wp-image-73072\" src=\"https:\/\/www.praha14.cz\/app\/uploads\/sites\/4\/2025\/09\/Bezpecne_s-usmevem_2-370x278.jpg\" alt=\"Bezpe\u010dn\u011b_s-\u00fasm\u011bvem_2\" width=\"240\" height=\"180\" srcset=\"https:\/\/www.praha14.cz\/app\/uploads\/sites\/4\/2025\/09\/Bezpecne_s-usmevem_2-370x278.jpg 370w, https:\/\/www.praha14.cz\/app\/uploads\/sites\/4\/2025\/09\/Bezpecne_s-usmevem_2-1024x768.jpg 1024w, https:\/\/www.praha14.cz\/app\/uploads\/sites\/4\/2025\/09\/Bezpecne_s-usmevem_2-768x576.jpg 768w, https:\/\/www.praha14.cz\/app\/uploads\/sites\/4\/2025\/09\/Bezpecne_s-usmevem_2.jpg 1500w\" sizes=\"(max-width: 240px) 100vw, 240px\" \/><\/a><\/p>\n<p><strong>Sn\u00eddan\u011b na per\u00f3n\u011b (16. 9.)<\/strong><br \/>\nRann\u00ed cestu do pr\u00e1ce \u010di \u0161koly zp\u0159\u00edjemnila mal\u00e1 sn\u00eddan\u011b. A k tomu informace o tom, jak v\u00fdhodn\u011b kombinovat vlak a MHD. Na l\u00e1vce u Rajsk\u00e9 zahrady se zastavilo v\u00edc ne\u017e tis\u00edc lid\u00ed!<\/p>\n<p><a href=\"https:\/\/www.praha14.cz\/app\/uploads\/sites\/4\/2025\/09\/20250916_080224-scaled.jpg\" target=\"_blank\" rel=\"noopener\" data-rel=\"lightbox-image-3\" data-rl_title=\"\" data-rl_caption=\"\" title=\"\"><img loading=\"lazy\" decoding=\"async\" class=\"alignnone wp-image-73077\" src=\"https:\/\/www.praha14.cz\/app\/uploads\/sites\/4\/2025\/09\/20250916_080224-370x208.jpg\" alt=\"20250916_080224\" width=\"240\" height=\"135\" srcset=\"https:\/\/www.praha14.cz\/app\/uploads\/sites\/4\/2025\/09\/20250916_080224-370x208.jpg 370w, https:\/\/www.praha14.cz\/app\/uploads\/sites\/4\/2025\/09\/20250916_080224-1024x576.jpg 1024w, https:\/\/www.praha14.cz\/app\/uploads\/sites\/4\/2025\/09\/20250916_080224-768x432.jpg 768w, https:\/\/www.praha14.cz\/app\/uploads\/sites\/4\/2025\/09\/20250916_080224-1536x864.jpg 1536w, https:\/\/www.praha14.cz\/app\/uploads\/sites\/4\/2025\/09\/20250916_080224-2048x1153.jpg 2048w\" sizes=\"(max-width: 240px) 100vw, 240px\" \/><\/a> <a href=\"https:\/\/www.praha14.cz\/app\/uploads\/sites\/4\/2025\/09\/20250916_080504-scaled-e1759217252910.jpg\" target=\"_blank\" rel=\"noopener\" data-rel=\"lightbox-image-4\" data-rl_title=\"\" data-rl_caption=\"\" title=\"\"><img loading=\"lazy\" decoding=\"async\" class=\"alignnone wp-image-73078\" src=\"https:\/\/www.praha14.cz\/app\/uploads\/sites\/4\/2025\/09\/20250916_080504-scaled-e1759217252910-370x208.jpg\" alt=\"20250916_080504\" width=\"240\" height=\"135\" srcset=\"https:\/\/www.praha14.cz\/app\/uploads\/sites\/4\/2025\/09\/20250916_080504-scaled-e1759217252910-370x208.jpg 370w, https:\/\/www.praha14.cz\/app\/uploads\/sites\/4\/2025\/09\/20250916_080504-scaled-e1759217252910-1024x576.jpg 1024w, https:\/\/www.praha14.cz\/app\/uploads\/sites\/4\/2025\/09\/20250916_080504-scaled-e1759217252910-768x432.jpg 768w, https:\/\/www.praha14.cz\/app\/uploads\/sites\/4\/2025\/09\/20250916_080504-scaled-e1759217252910-1536x865.jpg 1536w, https:\/\/www.praha14.cz\/app\/uploads\/sites\/4\/2025\/09\/20250916_080504-scaled-e1759217252910-2048x1153.jpg 2048w\" sizes=\"(max-width: 240px) 100vw, 240px\" \/><\/a> <a href=\"https:\/\/www.praha14.cz\/app\/uploads\/sites\/4\/2025\/09\/20250916_081456-scaled.jpg\" target=\"_blank\" rel=\"noopener\" data-rel=\"lightbox-image-5\" data-rl_title=\"\" data-rl_caption=\"\" title=\"\"><img loading=\"lazy\" decoding=\"async\" class=\"alignnone wp-image-73079\" src=\"https:\/\/www.praha14.cz\/app\/uploads\/sites\/4\/2025\/09\/20250916_081456-370x208.jpg\" alt=\"20250916_081456\" width=\"240\" height=\"135\" srcset=\"https:\/\/www.praha14.cz\/app\/uploads\/sites\/4\/2025\/09\/20250916_081456-370x208.jpg 370w, https:\/\/www.praha14.cz\/app\/uploads\/sites\/4\/2025\/09\/20250916_081456-1024x576.jpg 1024w, https:\/\/www.praha14.cz\/app\/uploads\/sites\/4\/2025\/09\/20250916_081456-768x432.jpg 768w, https:\/\/www.praha14.cz\/app\/uploads\/sites\/4\/2025\/09\/20250916_081456-1536x864.jpg 1536w, https:\/\/www.praha14.cz\/app\/uploads\/sites\/4\/2025\/09\/20250916_081456-2048x1153.jpg 2048w\" sizes=\"(max-width: 240px) 100vw, 240px\" \/><\/a><br \/>\n<a href=\"https:\/\/www.praha14.cz\/app\/uploads\/sites\/4\/2025\/09\/20250916_082905-scaled.jpg\" target=\"_blank\" rel=\"noopener\" data-rel=\"lightbox-image-6\" data-rl_title=\"\" data-rl_caption=\"\" title=\"\"><img loading=\"lazy\" decoding=\"async\" class=\"alignnone wp-image-73080\" src=\"https:\/\/www.praha14.cz\/app\/uploads\/sites\/4\/2025\/09\/20250916_082905-370x208.jpg\" alt=\"20250916_082905\" width=\"240\" height=\"135\" srcset=\"https:\/\/www.praha14.cz\/app\/uploads\/sites\/4\/2025\/09\/20250916_082905-370x208.jpg 370w, https:\/\/www.praha14.cz\/app\/uploads\/sites\/4\/2025\/09\/20250916_082905-1024x576.jpg 1024w, https:\/\/www.praha14.cz\/app\/uploads\/sites\/4\/2025\/09\/20250916_082905-768x432.jpg 768w, https:\/\/www.praha14.cz\/app\/uploads\/sites\/4\/2025\/09\/20250916_082905-1536x864.jpg 1536w, https:\/\/www.praha14.cz\/app\/uploads\/sites\/4\/2025\/09\/20250916_082905-2048x1153.jpg 2048w\" sizes=\"(max-width: 240px) 100vw, 240px\" \/><\/a> <a href=\"https:\/\/www.praha14.cz\/app\/uploads\/sites\/4\/2025\/09\/20250916_0835350-scaled.jpg\" target=\"_blank\" rel=\"noopener\" data-rel=\"lightbox-image-7\" data-rl_title=\"\" data-rl_caption=\"\" title=\"\"><img loading=\"lazy\" decoding=\"async\" class=\"alignnone wp-image-73081\" src=\"https:\/\/www.praha14.cz\/app\/uploads\/sites\/4\/2025\/09\/20250916_0835350-370x208.jpg\" alt=\"20250916_083535(0)\" width=\"240\" height=\"135\" srcset=\"https:\/\/www.praha14.cz\/app\/uploads\/sites\/4\/2025\/09\/20250916_0835350-370x208.jpg 370w, https:\/\/www.praha14.cz\/app\/uploads\/sites\/4\/2025\/09\/20250916_0835350-1024x576.jpg 1024w, https:\/\/www.praha14.cz\/app\/uploads\/sites\/4\/2025\/09\/20250916_0835350-768x432.jpg 768w, https:\/\/www.praha14.cz\/app\/uploads\/sites\/4\/2025\/09\/20250916_0835350-1536x864.jpg 1536w, https:\/\/www.praha14.cz\/app\/uploads\/sites\/4\/2025\/09\/20250916_0835350-2048x1153.jpg 2048w\" sizes=\"(max-width: 240px) 100vw, 240px\" \/><\/a> <a href=\"https:\/\/www.praha14.cz\/app\/uploads\/sites\/4\/2025\/09\/20250916_083741-scaled.jpg\" target=\"_blank\" rel=\"noopener\" data-rel=\"lightbox-image-8\" data-rl_title=\"\" data-rl_caption=\"\" title=\"\"><img loading=\"lazy\" decoding=\"async\" class=\"alignnone wp-image-73082\" src=\"https:\/\/www.praha14.cz\/app\/uploads\/sites\/4\/2025\/09\/20250916_083741-370x208.jpg\" alt=\"20250916_083741\" width=\"240\" height=\"135\" srcset=\"https:\/\/www.praha14.cz\/app\/uploads\/sites\/4\/2025\/09\/20250916_083741-370x208.jpg 370w, https:\/\/www.praha14.cz\/app\/uploads\/sites\/4\/2025\/09\/20250916_083741-1024x576.jpg 1024w, https:\/\/www.praha14.cz\/app\/uploads\/sites\/4\/2025\/09\/20250916_083741-768x432.jpg 768w, https:\/\/www.praha14.cz\/app\/uploads\/sites\/4\/2025\/09\/20250916_083741-1536x864.jpg 1536w, https:\/\/www.praha14.cz\/app\/uploads\/sites\/4\/2025\/09\/20250916_083741-2048x1153.jpg 2048w\" sizes=\"(max-width: 240px) 100vw, 240px\" \/><\/a><\/p>\n<p><strong>V\u00edt\u00e1n\u00ed cykloob\u010d\u00e1nk\u016f (17. 9.)<\/strong><br \/>\nBikepark Jahodnice se na jeden den prom\u011bnil v d\u011btsk\u00fd r\u00e1j. J\u00edzda zru\u010dnosti, sout\u011b\u017ee, dopravn\u00ed testy, sk\u00e1kac\u00ed hrad, a hlavn\u011b spousta rad, jak jezdit na kole bezpe\u010dn\u011b. Z\u00fa\u010dastnilo se t\u00e9m\u011b\u0159 400 d\u011bt\u00ed z mate\u0159sk\u00fdch a z\u00e1kladn\u00edch \u0161kol a dal\u0161\u00ed des\u00edtky rodin z okol\u00ed.<\/p>\n<p><a href=\"https:\/\/www.praha14.cz\/app\/uploads\/sites\/4\/2025\/09\/Cykloobcanci_IMG_2808_\u00a9TomasTurek-scaled.jpg\" target=\"_blank\" rel=\"noopener\" data-rel=\"lightbox-image-9\" data-rl_title=\"\" data-rl_caption=\"\" title=\"\"><img loading=\"lazy\" decoding=\"async\" class=\"alignnone wp-image-73091\" src=\"https:\/\/www.praha14.cz\/app\/uploads\/sites\/4\/2025\/09\/Cykloobcanci_IMG_2808_\u00a9TomasTurek-370x247.jpg\" alt=\"Cykloobcanci_IMG_2808_\u00a9TomasTurek\" width=\"202\" height=\"135\" srcset=\"https:\/\/www.praha14.cz\/app\/uploads\/sites\/4\/2025\/09\/Cykloobcanci_IMG_2808_\u00a9TomasTurek-370x247.jpg 370w, https:\/\/www.praha14.cz\/app\/uploads\/sites\/4\/2025\/09\/Cykloobcanci_IMG_2808_\u00a9TomasTurek-1024x683.jpg 1024w, https:\/\/www.praha14.cz\/app\/uploads\/sites\/4\/2025\/09\/Cykloobcanci_IMG_2808_\u00a9TomasTurek-768x512.jpg 768w, https:\/\/www.praha14.cz\/app\/uploads\/sites\/4\/2025\/09\/Cykloobcanci_IMG_2808_\u00a9TomasTurek-1536x1024.jpg 1536w, https:\/\/www.praha14.cz\/app\/uploads\/sites\/4\/2025\/09\/Cykloobcanci_IMG_2808_\u00a9TomasTurek-2048x1365.jpg 2048w\" sizes=\"(max-width: 202px) 100vw, 202px\" \/><\/a> <a href=\"https:\/\/www.praha14.cz\/app\/uploads\/sites\/4\/2025\/09\/Cykloobcanci_IMG_2866_\u00a9TomasTurek-scaled.jpg\" target=\"_blank\" rel=\"noopener\" data-rel=\"lightbox-image-10\" data-rl_title=\"\" data-rl_caption=\"\" title=\"\"><img loading=\"lazy\" decoding=\"async\" class=\"alignnone wp-image-73092\" src=\"https:\/\/www.praha14.cz\/app\/uploads\/sites\/4\/2025\/09\/Cykloobcanci_IMG_2866_\u00a9TomasTurek-370x247.jpg\" alt=\"Cykloobcanci_IMG_2866_\u00a9TomasTurek\" width=\"202\" height=\"135\" srcset=\"https:\/\/www.praha14.cz\/app\/uploads\/sites\/4\/2025\/09\/Cykloobcanci_IMG_2866_\u00a9TomasTurek-370x247.jpg 370w, https:\/\/www.praha14.cz\/app\/uploads\/sites\/4\/2025\/09\/Cykloobcanci_IMG_2866_\u00a9TomasTurek-1024x683.jpg 1024w, https:\/\/www.praha14.cz\/app\/uploads\/sites\/4\/2025\/09\/Cykloobcanci_IMG_2866_\u00a9TomasTurek-768x512.jpg 768w, https:\/\/www.praha14.cz\/app\/uploads\/sites\/4\/2025\/09\/Cykloobcanci_IMG_2866_\u00a9TomasTurek-1536x1024.jpg 1536w, https:\/\/www.praha14.cz\/app\/uploads\/sites\/4\/2025\/09\/Cykloobcanci_IMG_2866_\u00a9TomasTurek-2048x1365.jpg 2048w\" sizes=\"(max-width: 202px) 100vw, 202px\" \/><\/a> <a href=\"https:\/\/www.praha14.cz\/app\/uploads\/sites\/4\/2025\/09\/Cykloobcanci_IMG_2898_\u00a9TomasTurek-scaled.jpg\" target=\"_blank\" rel=\"noopener\" data-rel=\"lightbox-image-11\" data-rl_title=\"\" data-rl_caption=\"\" title=\"\"><img loading=\"lazy\" decoding=\"async\" class=\"alignnone wp-image-73093\" src=\"https:\/\/www.praha14.cz\/app\/uploads\/sites\/4\/2025\/09\/Cykloobcanci_IMG_2898_\u00a9TomasTurek-370x247.jpg\" alt=\"Cykloobcanci_IMG_2898_\u00a9TomasTurek\" width=\"202\" height=\"135\" srcset=\"https:\/\/www.praha14.cz\/app\/uploads\/sites\/4\/2025\/09\/Cykloobcanci_IMG_2898_\u00a9TomasTurek-370x247.jpg 370w, https:\/\/www.praha14.cz\/app\/uploads\/sites\/4\/2025\/09\/Cykloobcanci_IMG_2898_\u00a9TomasTurek-1024x683.jpg 1024w, https:\/\/www.praha14.cz\/app\/uploads\/sites\/4\/2025\/09\/Cykloobcanci_IMG_2898_\u00a9TomasTurek-768x512.jpg 768w, https:\/\/www.praha14.cz\/app\/uploads\/sites\/4\/2025\/09\/Cykloobcanci_IMG_2898_\u00a9TomasTurek-1536x1024.jpg 1536w, https:\/\/www.praha14.cz\/app\/uploads\/sites\/4\/2025\/09\/Cykloobcanci_IMG_2898_\u00a9TomasTurek-2048x1365.jpg 2048w\" sizes=\"(max-width: 202px) 100vw, 202px\" \/><\/a><br \/>\n<a href=\"https:\/\/www.praha14.cz\/app\/uploads\/sites\/4\/2025\/09\/Cykloobcanci_IMG_2919_\u00a9TomasTurek-scaled.jpg\" target=\"_blank\" rel=\"noopener\" data-rel=\"lightbox-image-12\" data-rl_title=\"\" data-rl_caption=\"\" title=\"\"><img loading=\"lazy\" decoding=\"async\" class=\"alignnone wp-image-73094\" src=\"https:\/\/www.praha14.cz\/app\/uploads\/sites\/4\/2025\/09\/Cykloobcanci_IMG_2919_\u00a9TomasTurek-370x247.jpg\" alt=\"Cykloobcanci_IMG_2919_\u00a9TomasTurek\" width=\"202\" height=\"135\" srcset=\"https:\/\/www.praha14.cz\/app\/uploads\/sites\/4\/2025\/09\/Cykloobcanci_IMG_2919_\u00a9TomasTurek-370x247.jpg 370w, https:\/\/www.praha14.cz\/app\/uploads\/sites\/4\/2025\/09\/Cykloobcanci_IMG_2919_\u00a9TomasTurek-1024x683.jpg 1024w, https:\/\/www.praha14.cz\/app\/uploads\/sites\/4\/2025\/09\/Cykloobcanci_IMG_2919_\u00a9TomasTurek-768x512.jpg 768w, https:\/\/www.praha14.cz\/app\/uploads\/sites\/4\/2025\/09\/Cykloobcanci_IMG_2919_\u00a9TomasTurek-1536x1024.jpg 1536w, https:\/\/www.praha14.cz\/app\/uploads\/sites\/4\/2025\/09\/Cykloobcanci_IMG_2919_\u00a9TomasTurek-2048x1365.jpg 2048w\" sizes=\"(max-width: 202px) 100vw, 202px\" \/><\/a> <a href=\"https:\/\/www.praha14.cz\/app\/uploads\/sites\/4\/2025\/09\/Cykloobcanci_IMG_2963_\u00a9TomasTurek-scaled.jpg\" target=\"_blank\" rel=\"noopener\" data-rel=\"lightbox-image-13\" data-rl_title=\"\" data-rl_caption=\"\" title=\"\"><img loading=\"lazy\" decoding=\"async\" class=\"alignnone wp-image-73095\" src=\"https:\/\/www.praha14.cz\/app\/uploads\/sites\/4\/2025\/09\/Cykloobcanci_IMG_2963_\u00a9TomasTurek-370x247.jpg\" alt=\"Cykloobcanci_IMG_2963_\u00a9TomasTurek\" width=\"202\" height=\"135\" srcset=\"https:\/\/www.praha14.cz\/app\/uploads\/sites\/4\/2025\/09\/Cykloobcanci_IMG_2963_\u00a9TomasTurek-370x247.jpg 370w, https:\/\/www.praha14.cz\/app\/uploads\/sites\/4\/2025\/09\/Cykloobcanci_IMG_2963_\u00a9TomasTurek-1024x683.jpg 1024w, https:\/\/www.praha14.cz\/app\/uploads\/sites\/4\/2025\/09\/Cykloobcanci_IMG_2963_\u00a9TomasTurek-768x512.jpg 768w, https:\/\/www.praha14.cz\/app\/uploads\/sites\/4\/2025\/09\/Cykloobcanci_IMG_2963_\u00a9TomasTurek-1536x1024.jpg 1536w, https:\/\/www.praha14.cz\/app\/uploads\/sites\/4\/2025\/09\/Cykloobcanci_IMG_2963_\u00a9TomasTurek-2048x1365.jpg 2048w\" sizes=\"(max-width: 202px) 100vw, 202px\" \/><\/a> <a href=\"https:\/\/www.praha14.cz\/app\/uploads\/sites\/4\/2025\/09\/Cykloobcanci_IMG_2966_\u00a9TomasTurek-scaled.jpg\" target=\"_blank\" rel=\"noopener\" data-rel=\"lightbox-image-14\" data-rl_title=\"\" data-rl_caption=\"\" title=\"\"><img loading=\"lazy\" decoding=\"async\" class=\"alignnone wp-image-73096\" src=\"https:\/\/www.praha14.cz\/app\/uploads\/sites\/4\/2025\/09\/Cykloobcanci_IMG_2966_\u00a9TomasTurek-370x247.jpg\" alt=\"Cykloobcanci_IMG_2966_\u00a9TomasTurek\" width=\"202\" height=\"135\" srcset=\"https:\/\/www.praha14.cz\/app\/uploads\/sites\/4\/2025\/09\/Cykloobcanci_IMG_2966_\u00a9TomasTurek-370x247.jpg 370w, https:\/\/www.praha14.cz\/app\/uploads\/sites\/4\/2025\/09\/Cykloobcanci_IMG_2966_\u00a9TomasTurek-1024x683.jpg 1024w, https:\/\/www.praha14.cz\/app\/uploads\/sites\/4\/2025\/09\/Cykloobcanci_IMG_2966_\u00a9TomasTurek-768x512.jpg 768w, https:\/\/www.praha14.cz\/app\/uploads\/sites\/4\/2025\/09\/Cykloobcanci_IMG_2966_\u00a9TomasTurek-1536x1024.jpg 1536w, https:\/\/www.praha14.cz\/app\/uploads\/sites\/4\/2025\/09\/Cykloobcanci_IMG_2966_\u00a9TomasTurek-2048x1365.jpg 2048w\" sizes=\"(max-width: 202px) 100vw, 202px\" \/><\/a><br \/>\n<a href=\"https:\/\/www.praha14.cz\/app\/uploads\/sites\/4\/2025\/09\/Cykloobcanci_IMG_3130_\u00a9TomasTurek-scaled.jpg\" target=\"_blank\" rel=\"noopener\" data-rel=\"lightbox-image-15\" data-rl_title=\"\" data-rl_caption=\"\" title=\"\"><img loading=\"lazy\" decoding=\"async\" class=\"alignnone wp-image-73097\" src=\"https:\/\/www.praha14.cz\/app\/uploads\/sites\/4\/2025\/09\/Cykloobcanci_IMG_3130_\u00a9TomasTurek-370x247.jpg\" alt=\"Cykloobcanci_IMG_3130_\u00a9TomasTurek\" width=\"202\" height=\"135\" srcset=\"https:\/\/www.praha14.cz\/app\/uploads\/sites\/4\/2025\/09\/Cykloobcanci_IMG_3130_\u00a9TomasTurek-370x247.jpg 370w, https:\/\/www.praha14.cz\/app\/uploads\/sites\/4\/2025\/09\/Cykloobcanci_IMG_3130_\u00a9TomasTurek-1024x683.jpg 1024w, https:\/\/www.praha14.cz\/app\/uploads\/sites\/4\/2025\/09\/Cykloobcanci_IMG_3130_\u00a9TomasTurek-768x512.jpg 768w, https:\/\/www.praha14.cz\/app\/uploads\/sites\/4\/2025\/09\/Cykloobcanci_IMG_3130_\u00a9TomasTurek-1536x1024.jpg 1536w, https:\/\/www.praha14.cz\/app\/uploads\/sites\/4\/2025\/09\/Cykloobcanci_IMG_3130_\u00a9TomasTurek-2048x1365.jpg 2048w\" sizes=\"(max-width: 202px) 100vw, 202px\" \/><\/a> <a href=\"https:\/\/www.praha14.cz\/app\/uploads\/sites\/4\/2025\/09\/Cykloobcanci_IMG_3150_\u00a9TomasTurek-scaled.jpg\" target=\"_blank\" rel=\"noopener\" data-rel=\"lightbox-image-16\" data-rl_title=\"\" data-rl_caption=\"\" title=\"\"><img loading=\"lazy\" decoding=\"async\" class=\"alignnone wp-image-73098\" src=\"https:\/\/www.praha14.cz\/app\/uploads\/sites\/4\/2025\/09\/Cykloobcanci_IMG_3150_\u00a9TomasTurek-370x247.jpg\" alt=\"Cykloobcanci_IMG_3150_\u00a9TomasTurek\" width=\"202\" height=\"135\" srcset=\"https:\/\/www.praha14.cz\/app\/uploads\/sites\/4\/2025\/09\/Cykloobcanci_IMG_3150_\u00a9TomasTurek-370x247.jpg 370w, https:\/\/www.praha14.cz\/app\/uploads\/sites\/4\/2025\/09\/Cykloobcanci_IMG_3150_\u00a9TomasTurek-1024x683.jpg 1024w, https:\/\/www.praha14.cz\/app\/uploads\/sites\/4\/2025\/09\/Cykloobcanci_IMG_3150_\u00a9TomasTurek-768x512.jpg 768w, https:\/\/www.praha14.cz\/app\/uploads\/sites\/4\/2025\/09\/Cykloobcanci_IMG_3150_\u00a9TomasTurek-1536x1024.jpg 1536w, https:\/\/www.praha14.cz\/app\/uploads\/sites\/4\/2025\/09\/Cykloobcanci_IMG_3150_\u00a9TomasTurek-2048x1365.jpg 2048w\" sizes=\"(max-width: 202px) 100vw, 202px\" \/><\/a> <a href=\"https:\/\/www.praha14.cz\/app\/uploads\/sites\/4\/2025\/09\/Cykloobcanci_IMG_3184_\u00a9TomasTurek-scaled.jpg\" target=\"_blank\" rel=\"noopener\" data-rel=\"lightbox-image-17\" data-rl_title=\"\" data-rl_caption=\"\" title=\"\"><img loading=\"lazy\" decoding=\"async\" class=\"alignnone wp-image-73099\" src=\"https:\/\/www.praha14.cz\/app\/uploads\/sites\/4\/2025\/09\/Cykloobcanci_IMG_3184_\u00a9TomasTurek-370x247.jpg\" alt=\"Cykloobcanci_IMG_3184_\u00a9TomasTurek\" width=\"202\" height=\"135\" srcset=\"https:\/\/www.praha14.cz\/app\/uploads\/sites\/4\/2025\/09\/Cykloobcanci_IMG_3184_\u00a9TomasTurek-370x247.jpg 370w, https:\/\/www.praha14.cz\/app\/uploads\/sites\/4\/2025\/09\/Cykloobcanci_IMG_3184_\u00a9TomasTurek-1024x683.jpg 1024w, https:\/\/www.praha14.cz\/app\/uploads\/sites\/4\/2025\/09\/Cykloobcanci_IMG_3184_\u00a9TomasTurek-768x512.jpg 768w, https:\/\/www.praha14.cz\/app\/uploads\/sites\/4\/2025\/09\/Cykloobcanci_IMG_3184_\u00a9TomasTurek-1536x1024.jpg 1536w, https:\/\/www.praha14.cz\/app\/uploads\/sites\/4\/2025\/09\/Cykloobcanci_IMG_3184_\u00a9TomasTurek-2048x1365.jpg 2048w\" sizes=\"(max-width: 202px) 100vw, 202px\" \/><\/a><\/p>\n<p>Foto: Tom\u00e1\u0161 Turek<\/p>\n<p><strong>Z\u00e1vody na inline brusl\u00edch (18. 9.)<\/strong><br \/>\nSportovn\u00ed \u010dtvrte\u010dn\u00ed odpoledne v parku U \u010ce\u0148ku p\u0159il\u00e1kalo mal\u00e9 i velk\u00e9 brusla\u0159e. Sout\u011b\u017eilo se na kole\u010dk\u00e1ch i odr\u00e1\u017eedlech, nechyb\u011bla tvo\u0159iv\u00e1 d\u00edlni\u010dka a tipy, jak se bezpe\u010dn\u011b pohybovat na cyklostezk\u00e1ch.<\/p>\n<p><a href=\"https:\/\/www.praha14.cz\/app\/uploads\/sites\/4\/2025\/09\/20250918_172514.jpg\" target=\"_blank\" rel=\"noopener\" data-rel=\"lightbox-image-18\" data-rl_title=\"\" data-rl_caption=\"\" title=\"\"><img loading=\"lazy\" decoding=\"async\" class=\"alignnone wp-image-73100\" src=\"https:\/\/www.praha14.cz\/app\/uploads\/sites\/4\/2025\/09\/20250918_172514-370x278.jpg\" alt=\"20250918_172514\" width=\"240\" height=\"180\" srcset=\"https:\/\/www.praha14.cz\/app\/uploads\/sites\/4\/2025\/09\/20250918_172514-370x278.jpg 370w, https:\/\/www.praha14.cz\/app\/uploads\/sites\/4\/2025\/09\/20250918_172514-768x576.jpg 768w, https:\/\/www.praha14.cz\/app\/uploads\/sites\/4\/2025\/09\/20250918_172514.jpg 1000w\" sizes=\"(max-width: 240px) 100vw, 240px\" \/><\/a> <a href=\"https:\/\/www.praha14.cz\/app\/uploads\/sites\/4\/2025\/09\/20250918_174537.jpg\" target=\"_blank\" rel=\"noopener\" data-rel=\"lightbox-image-19\" data-rl_title=\"\" data-rl_caption=\"\" title=\"\"><img loading=\"lazy\" decoding=\"async\" class=\"alignnone wp-image-73101\" src=\"https:\/\/www.praha14.cz\/app\/uploads\/sites\/4\/2025\/09\/20250918_174537-370x278.jpg\" alt=\"20250918_174537\" width=\"240\" height=\"180\" srcset=\"https:\/\/www.praha14.cz\/app\/uploads\/sites\/4\/2025\/09\/20250918_174537-370x278.jpg 370w, https:\/\/www.praha14.cz\/app\/uploads\/sites\/4\/2025\/09\/20250918_174537-768x576.jpg 768w, https:\/\/www.praha14.cz\/app\/uploads\/sites\/4\/2025\/09\/20250918_174537.jpg 1000w\" sizes=\"(max-width: 240px) 100vw, 240px\" \/><\/a> <a href=\"https:\/\/www.praha14.cz\/app\/uploads\/sites\/4\/2025\/09\/20250918_175057.jpg\" target=\"_blank\" rel=\"noopener\" data-rel=\"lightbox-image-20\" data-rl_title=\"\" data-rl_caption=\"\" title=\"\"><img loading=\"lazy\" decoding=\"async\" class=\"alignnone wp-image-73102\" src=\"https:\/\/www.praha14.cz\/app\/uploads\/sites\/4\/2025\/09\/20250918_175057-370x278.jpg\" alt=\"20250918_175057\" width=\"240\" height=\"180\" srcset=\"https:\/\/www.praha14.cz\/app\/uploads\/sites\/4\/2025\/09\/20250918_175057-370x278.jpg 370w, https:\/\/www.praha14.cz\/app\/uploads\/sites\/4\/2025\/09\/20250918_175057-768x576.jpg 768w, https:\/\/www.praha14.cz\/app\/uploads\/sites\/4\/2025\/09\/20250918_175057.jpg 1000w\" sizes=\"(max-width: 240px) 100vw, 240px\" \/><\/a><\/p>\n<p>D\u011bkujeme v\u0161em, kte\u0159\u00ed se zapojili \u2013 a\u0165 u\u017e sout\u011b\u017eili, fandili, nebo se jen p\u0159i\u0161li pod\u00edvat. T\u011b\u0161\u00edme se, \u017ee se spole\u010dn\u011b potk\u00e1me zase p\u0159\u00ed\u0161t\u00ed rok!<\/p>\n<p style=\"text-align: right;\">Zve\u0159ejn\u011bno: 30. z\u00e1\u0159\u00ed 2025<\/p>\n","protected":false},"excerpt":{"rendered":"<p>Ka\u017ed\u00fd rok v z\u00e1\u0159\u00ed o\u017e\u00edvaj\u00ed evropsk\u00e1 m\u011bsta aktivitami, kter\u00e9 ukazuj\u00ed, \u017ee doprava nemus\u00ed b\u00fdt jen o autech. Evropsk\u00fd t\u00fdden mobility motivuje lidi k tomu, aby se po m\u011bst\u011b pohybovali zdrav\u011bji, chyt\u0159eji a \u0161etrn\u011bji k \u017eivotn\u00edmu prost\u0159ed\u00ed \u2013 p\u011b\u0161ky, na kole nebo t\u0159eba vlakem. Do kampan\u011b se zapojuje i Praha 14, a to u\u017e od roku&#8230;<\/p>\n","protected":false},"author":1057,"featured_media":0,"comment_status":"closed","ping_status":"closed","sticky":false,"template":"","format":"standard","meta":{"_acf_changed":false,"footnotes":""},"categories":[1],"tags":[116],"class_list":["post-73069","post","type-post","status-publish","format-standard","hentry","category-nezarazene","tag-fotogalerie-akci"],"acf":[],"geo":null,"yoast_head":"<!-- This site is optimized with the Yoast SEO plugin v27.2 - https:\/\/yoast.com\/product\/yoast-seo-wordpress\/ -->\n<title>Evropsk\u00fd t\u00fdden mobility 2025 v Praze 14 - \u017divot na Praze 14<\/title>\n<meta name=\"robots\" content=\"index, follow, max-snippet:-1, max-image-preview:large, max-video-preview:-1\" \/>\n<link rel=\"canonical\" href=\"https:\/\/www.praha14.cz\/zivot-na-praze-14\/evropsky-tyden-mobility-2025-v-praze-14\/\" \/>\n<meta property=\"og:locale\" content=\"cs_CZ\" \/>\n<meta property=\"og:type\" content=\"article\" \/>\n<meta property=\"og:title\" content=\"Evropsk\u00fd t\u00fdden mobility 2025 v Praze 14 - \u017divot na Praze 14\" \/>\n<meta property=\"og:description\" content=\"Ka\u017ed\u00fd rok v z\u00e1\u0159\u00ed o\u017e\u00edvaj\u00ed evropsk\u00e1 m\u011bsta aktivitami, kter\u00e9 ukazuj\u00ed, \u017ee doprava nemus\u00ed b\u00fdt jen o autech. Evropsk\u00fd t\u00fdden mobility motivuje lidi k tomu, aby se po m\u011bst\u011b pohybovali zdrav\u011bji, chyt\u0159eji a \u0161etrn\u011bji k \u017eivotn\u00edmu prost\u0159ed\u00ed \u2013 p\u011b\u0161ky, na kole nebo t\u0159eba vlakem. Do kampan\u011b se zapojuje i Praha 14, a to u\u017e od roku...\" \/>\n<meta property=\"og:url\" content=\"https:\/\/www.praha14.cz\/zivot-na-praze-14\/evropsky-tyden-mobility-2025-v-praze-14\/\" \/>\n<meta property=\"og:site_name\" content=\"\u017divot na Praze 14\" \/>\n<meta property=\"article:published_time\" content=\"2025-09-30T07:40:27+00:00\" \/>\n<meta property=\"article:modified_time\" content=\"2025-09-30T07:42:41+00:00\" \/>\n<meta property=\"og:image\" content=\"https:\/\/www.praha14.cz\/app\/uploads\/sites\/4\/2025\/09\/20250915_094100.jpg\" \/>\n\t<meta property=\"og:image:width\" content=\"1000\" \/>\n\t<meta property=\"og:image:height\" content=\"750\" \/>\n\t<meta property=\"og:image:type\" content=\"image\/jpeg\" \/>\n<meta name=\"author\" content=\"Odd\u011blen\u00ed komunikace\" \/>\n<meta name=\"twitter:card\" content=\"summary_large_image\" \/>\n<meta name=\"twitter:label1\" content=\"Written by\" \/>\n\t<meta name=\"twitter:data1\" content=\"Odd\u011blen\u00ed komunikace\" \/>\n\t<meta name=\"twitter:label2\" content=\"Est. reading time\" \/>\n\t<meta name=\"twitter:data2\" content=\"6 minut\" \/>\n<script type=\"application\/ld+json\" class=\"yoast-schema-graph\">{\"@context\":\"https:\/\/schema.org\",\"@graph\":[{\"@type\":\"Article\",\"@id\":\"https:\/\/www.praha14.cz\/zivot-na-praze-14\/evropsky-tyden-mobility-2025-v-praze-14\/#article\",\"isPartOf\":{\"@id\":\"https:\/\/www.praha14.cz\/zivot-na-praze-14\/evropsky-tyden-mobility-2025-v-praze-14\/\"},\"author\":{\"name\":\"Odd\u011blen\u00ed komunikace\",\"@id\":\"https:\/\/www.praha14.cz\/zivot-na-praze-14\/#\/schema\/person\/127a1d778cbcf76b257f93fb8c42591c\"},\"headline\":\"Evropsk\u00fd t\u00fdden mobility 2025 v Praze 14\",\"datePublished\":\"2025-09-30T07:40:27+00:00\",\"dateModified\":\"2025-09-30T07:42:41+00:00\",\"mainEntityOfPage\":{\"@id\":\"https:\/\/www.praha14.cz\/zivot-na-praze-14\/evropsky-tyden-mobility-2025-v-praze-14\/\"},\"wordCount\":347,\"image\":{\"@id\":\"https:\/\/www.praha14.cz\/zivot-na-praze-14\/evropsky-tyden-mobility-2025-v-praze-14\/#primaryimage\"},\"thumbnailUrl\":\"https:\/\/www.praha14.cz\/app\/uploads\/sites\/4\/2025\/09\/20250915_094100-370x278.jpg\",\"keywords\":[\"Fotogalerie akc\u00ed\"],\"inLanguage\":\"cs\"},{\"@type\":\"WebPage\",\"@id\":\"https:\/\/www.praha14.cz\/zivot-na-praze-14\/evropsky-tyden-mobility-2025-v-praze-14\/\",\"url\":\"https:\/\/www.praha14.cz\/zivot-na-praze-14\/evropsky-tyden-mobility-2025-v-praze-14\/\",\"name\":\"Evropsk\u00fd t\u00fdden mobility 2025 v Praze 14 - \u017divot na Praze 14\",\"isPartOf\":{\"@id\":\"https:\/\/www.praha14.cz\/zivot-na-praze-14\/#website\"},\"primaryImageOfPage\":{\"@id\":\"https:\/\/www.praha14.cz\/zivot-na-praze-14\/evropsky-tyden-mobility-2025-v-praze-14\/#primaryimage\"},\"image\":{\"@id\":\"https:\/\/www.praha14.cz\/zivot-na-praze-14\/evropsky-tyden-mobility-2025-v-praze-14\/#primaryimage\"},\"thumbnailUrl\":\"https:\/\/www.praha14.cz\/app\/uploads\/sites\/4\/2025\/09\/20250915_094100-370x278.jpg\",\"datePublished\":\"2025-09-30T07:40:27+00:00\",\"dateModified\":\"2025-09-30T07:42:41+00:00\",\"author\":{\"@id\":\"https:\/\/www.praha14.cz\/zivot-na-praze-14\/#\/schema\/person\/127a1d778cbcf76b257f93fb8c42591c\"},\"breadcrumb\":{\"@id\":\"https:\/\/www.praha14.cz\/zivot-na-praze-14\/evropsky-tyden-mobility-2025-v-praze-14\/#breadcrumb\"},\"inLanguage\":\"cs\",\"potentialAction\":[{\"@type\":\"ReadAction\",\"target\":[\"https:\/\/www.praha14.cz\/zivot-na-praze-14\/evropsky-tyden-mobility-2025-v-praze-14\/\"]}]},{\"@type\":\"ImageObject\",\"inLanguage\":\"cs\",\"@id\":\"https:\/\/www.praha14.cz\/zivot-na-praze-14\/evropsky-tyden-mobility-2025-v-praze-14\/#primaryimage\",\"url\":\"https:\/\/www.praha14.cz\/app\/uploads\/sites\/4\/2025\/09\/20250915_094100-370x278.jpg\",\"contentUrl\":\"https:\/\/www.praha14.cz\/app\/uploads\/sites\/4\/2025\/09\/20250915_094100-370x278.jpg\"},{\"@type\":\"BreadcrumbList\",\"@id\":\"https:\/\/www.praha14.cz\/zivot-na-praze-14\/evropsky-tyden-mobility-2025-v-praze-14\/#breadcrumb\",\"itemListElement\":[{\"@type\":\"ListItem\",\"position\":1,\"name\":\"\u017divot na Praze 14\",\"item\":\"https:\/\/www.praha14.cz\/zivot-na-praze-14\/\"},{\"@type\":\"ListItem\",\"position\":2,\"name\":\"Evropsk\u00fd t\u00fdden mobility 2025 v Praze 14\"}]},{\"@type\":\"WebSite\",\"@id\":\"https:\/\/www.praha14.cz\/zivot-na-praze-14\/#website\",\"url\":\"https:\/\/www.praha14.cz\/zivot-na-praze-14\/\",\"name\":\"\u017divot na Praze 14\",\"description\":\"\",\"potentialAction\":[{\"@type\":\"SearchAction\",\"target\":{\"@type\":\"EntryPoint\",\"urlTemplate\":\"https:\/\/www.praha14.cz\/zivot-na-praze-14\/?s={search_term_string}\"},\"query-input\":{\"@type\":\"PropertyValueSpecification\",\"valueRequired\":true,\"valueName\":\"search_term_string\"}}],\"inLanguage\":\"cs\"},{\"@type\":\"Person\",\"@id\":\"https:\/\/www.praha14.cz\/zivot-na-praze-14\/#\/schema\/person\/127a1d778cbcf76b257f93fb8c42591c\",\"name\":\"Odd\u011blen\u00ed komunikace\",\"image\":{\"@type\":\"ImageObject\",\"inLanguage\":\"cs\",\"@id\":\"https:\/\/secure.gravatar.com\/avatar\/e958f3d1e915848093abf89585ec4bb6a7daede2e0322c416842d9f94c3fdaca?s=96&d=mm&r=g\",\"url\":\"https:\/\/secure.gravatar.com\/avatar\/e958f3d1e915848093abf89585ec4bb6a7daede2e0322c416842d9f94c3fdaca?s=96&d=mm&r=g\",\"contentUrl\":\"https:\/\/secure.gravatar.com\/avatar\/e958f3d1e915848093abf89585ec4bb6a7daede2e0322c416842d9f94c3fdaca?s=96&d=mm&r=g\",\"caption\":\"Odd\u011blen\u00ed komunikace\"},\"url\":\"https:\/\/www.praha14.cz\/zivot-na-praze-14\/author\/luciehlavackova\/\"}]}<\/script>\n<!-- \/ Yoast SEO plugin. -->","yoast_head_json":{"title":"Evropsk\u00fd t\u00fdden mobility 2025 v Praze 14 - \u017divot na Praze 14","robots":{"index":"index","follow":"follow","max-snippet":"max-snippet:-1","max-image-preview":"max-image-preview:large","max-video-preview":"max-video-preview:-1"},"canonical":"https:\/\/www.praha14.cz\/zivot-na-praze-14\/evropsky-tyden-mobility-2025-v-praze-14\/","og_locale":"cs_CZ","og_type":"article","og_title":"Evropsk\u00fd t\u00fdden mobility 2025 v Praze 14 - \u017divot na Praze 14","og_description":"Ka\u017ed\u00fd rok v z\u00e1\u0159\u00ed o\u017e\u00edvaj\u00ed evropsk\u00e1 m\u011bsta aktivitami, kter\u00e9 ukazuj\u00ed, \u017ee doprava nemus\u00ed b\u00fdt jen o autech. Evropsk\u00fd t\u00fdden mobility motivuje lidi k tomu, aby se po m\u011bst\u011b pohybovali zdrav\u011bji, chyt\u0159eji a \u0161etrn\u011bji k \u017eivotn\u00edmu prost\u0159ed\u00ed \u2013 p\u011b\u0161ky, na kole nebo t\u0159eba vlakem. Do kampan\u011b se zapojuje i Praha 14, a to u\u017e od roku...","og_url":"https:\/\/www.praha14.cz\/zivot-na-praze-14\/evropsky-tyden-mobility-2025-v-praze-14\/","og_site_name":"\u017divot na Praze 14","article_published_time":"2025-09-30T07:40:27+00:00","article_modified_time":"2025-09-30T07:42:41+00:00","og_image":[{"width":1000,"height":750,"url":"https:\/\/www.praha14.cz\/app\/uploads\/sites\/4\/2025\/09\/20250915_094100.jpg","type":"image\/jpeg"}],"author":"Odd\u011blen\u00ed komunikace","twitter_card":"summary_large_image","twitter_misc":{"Written by":"Odd\u011blen\u00ed komunikace","Est. reading time":"6 minut"},"schema":{"@context":"https:\/\/schema.org","@graph":[{"@type":"Article","@id":"https:\/\/www.praha14.cz\/zivot-na-praze-14\/evropsky-tyden-mobility-2025-v-praze-14\/#article","isPartOf":{"@id":"https:\/\/www.praha14.cz\/zivot-na-praze-14\/evropsky-tyden-mobility-2025-v-praze-14\/"},"author":{"name":"Odd\u011blen\u00ed komunikace","@id":"https:\/\/www.praha14.cz\/zivot-na-praze-14\/#\/schema\/person\/127a1d778cbcf76b257f93fb8c42591c"},"headline":"Evropsk\u00fd t\u00fdden mobility 2025 v Praze 14","datePublished":"2025-09-30T07:40:27+00:00","dateModified":"2025-09-30T07:42:41+00:00","mainEntityOfPage":{"@id":"https:\/\/www.praha14.cz\/zivot-na-praze-14\/evropsky-tyden-mobility-2025-v-praze-14\/"},"wordCount":347,"image":{"@id":"https:\/\/www.praha14.cz\/zivot-na-praze-14\/evropsky-tyden-mobility-2025-v-praze-14\/#primaryimage"},"thumbnailUrl":"https:\/\/www.praha14.cz\/app\/uploads\/sites\/4\/2025\/09\/20250915_094100-370x278.jpg","keywords":["Fotogalerie akc\u00ed"],"inLanguage":"cs"},{"@type":"WebPage","@id":"https:\/\/www.praha14.cz\/zivot-na-praze-14\/evropsky-tyden-mobility-2025-v-praze-14\/","url":"https:\/\/www.praha14.cz\/zivot-na-praze-14\/evropsky-tyden-mobility-2025-v-praze-14\/","name":"Evropsk\u00fd t\u00fdden mobility 2025 v Praze 14 - \u017divot na Praze 14","isPartOf":{"@id":"https:\/\/www.praha14.cz\/zivot-na-praze-14\/#website"},"primaryImageOfPage":{"@id":"https:\/\/www.praha14.cz\/zivot-na-praze-14\/evropsky-tyden-mobility-2025-v-praze-14\/#primaryimage"},"image":{"@id":"https:\/\/www.praha14.cz\/zivot-na-praze-14\/evropsky-tyden-mobility-2025-v-praze-14\/#primaryimage"},"thumbnailUrl":"https:\/\/www.praha14.cz\/app\/uploads\/sites\/4\/2025\/09\/20250915_094100-370x278.jpg","datePublished":"2025-09-30T07:40:27+00:00","dateModified":"2025-09-30T07:42:41+00:00","author":{"@id":"https:\/\/www.praha14.cz\/zivot-na-praze-14\/#\/schema\/person\/127a1d778cbcf76b257f93fb8c42591c"},"breadcrumb":{"@id":"https:\/\/www.praha14.cz\/zivot-na-praze-14\/evropsky-tyden-mobility-2025-v-praze-14\/#breadcrumb"},"inLanguage":"cs","potentialAction":[{"@type":"ReadAction","target":["https:\/\/www.praha14.cz\/zivot-na-praze-14\/evropsky-tyden-mobility-2025-v-praze-14\/"]}]},{"@type":"ImageObject","inLanguage":"cs","@id":"https:\/\/www.praha14.cz\/zivot-na-praze-14\/evropsky-tyden-mobility-2025-v-praze-14\/#primaryimage","url":"https:\/\/www.praha14.cz\/app\/uploads\/sites\/4\/2025\/09\/20250915_094100-370x278.jpg","contentUrl":"https:\/\/www.praha14.cz\/app\/uploads\/sites\/4\/2025\/09\/20250915_094100-370x278.jpg"},{"@type":"BreadcrumbList","@id":"https:\/\/www.praha14.cz\/zivot-na-praze-14\/evropsky-tyden-mobility-2025-v-praze-14\/#breadcrumb","itemListElement":[{"@type":"ListItem","position":1,"name":"\u017divot na Praze 14","item":"https:\/\/www.praha14.cz\/zivot-na-praze-14\/"},{"@type":"ListItem","position":2,"name":"Evropsk\u00fd t\u00fdden mobility 2025 v Praze 14"}]},{"@type":"WebSite","@id":"https:\/\/www.praha14.cz\/zivot-na-praze-14\/#website","url":"https:\/\/www.praha14.cz\/zivot-na-praze-14\/","name":"\u017divot na Praze 14","description":"","potentialAction":[{"@type":"SearchAction","target":{"@type":"EntryPoint","urlTemplate":"https:\/\/www.praha14.cz\/zivot-na-praze-14\/?s={search_term_string}"},"query-input":{"@type":"PropertyValueSpecification","valueRequired":true,"valueName":"search_term_string"}}],"inLanguage":"cs"},{"@type":"Person","@id":"https:\/\/www.praha14.cz\/zivot-na-praze-14\/#\/schema\/person\/127a1d778cbcf76b257f93fb8c42591c","name":"Odd\u011blen\u00ed komunikace","image":{"@type":"ImageObject","inLanguage":"cs","@id":"https:\/\/secure.gravatar.com\/avatar\/e958f3d1e915848093abf89585ec4bb6a7daede2e0322c416842d9f94c3fdaca?s=96&d=mm&r=g","url":"https:\/\/secure.gravatar.com\/avatar\/e958f3d1e915848093abf89585ec4bb6a7daede2e0322c416842d9f94c3fdaca?s=96&d=mm&r=g","contentUrl":"https:\/\/secure.gravatar.com\/avatar\/e958f3d1e915848093abf89585ec4bb6a7daede2e0322c416842d9f94c3fdaca?s=96&d=mm&r=g","caption":"Odd\u011blen\u00ed komunikace"},"url":"https:\/\/www.praha14.cz\/zivot-na-praze-14\/author\/luciehlavackova\/"}]}},"_links":{"self":[{"href":"https:\/\/www.praha14.cz\/zivot-na-praze-14\/wp-json\/wp\/v2\/posts\/73069","targetHints":{"allow":["GET"]}}],"collection":[{"href":"https:\/\/www.praha14.cz\/zivot-na-praze-14\/wp-json\/wp\/v2\/posts"}],"about":[{"href":"https:\/\/www.praha14.cz\/zivot-na-praze-14\/wp-json\/wp\/v2\/types\/post"}],"author":[{"embeddable":true,"href":"https:\/\/www.praha14.cz\/zivot-na-praze-14\/wp-json\/wp\/v2\/users\/1057"}],"replies":[{"embeddable":true,"href":"https:\/\/www.praha14.cz\/zivot-na-praze-14\/wp-json\/wp\/v2\/comments?post=73069"}],"version-history":[{"count":14,"href":"https:\/\/www.praha14.cz\/zivot-na-praze-14\/wp-json\/wp\/v2\/posts\/73069\/revisions"}],"predecessor-version":[{"id":73105,"href":"https:\/\/www.praha14.cz\/zivot-na-praze-14\/wp-json\/wp\/v2\/posts\/73069\/revisions\/73105"}],"wp:attachment":[{"href":"https:\/\/www.praha14.cz\/zivot-na-praze-14\/wp-json\/wp\/v2\/media?parent=73069"}],"wp:term":[{"taxonomy":"category","embeddable":true,"href":"https:\/\/www.praha14.cz\/zivot-na-praze-14\/wp-json\/wp\/v2\/categories?post=73069"},{"taxonomy":"post_tag","embeddable":true,"href":"https:\/\/www.praha14.cz\/zivot-na-praze-14\/wp-json\/wp\/v2\/tags?post=73069"}],"curies":[{"name":"wp","href":"https:\/\/api.w.org\/{rel}","templated":true}]}}