{"id":73222,"date":"2025-10-01T13:08:16","date_gmt":"2025-10-01T13:08:16","guid":{"rendered":"https:\/\/www.praha14.cz\/zivot-na-praze-14\/?p=73222"},"modified":"2025-10-22T08:38:06","modified_gmt":"2025-10-22T08:38:06","slug":"vitani-novych-obcanku-v-galerii-14","status":"publish","type":"post","link":"https:\/\/www.praha14.cz\/zivot-na-praze-14\/vitani-novych-obcanku-v-galerii-14\/","title":{"rendered":"V\u00edt\u00e1n\u00ed nov\u00fdch ob\u010d\u00e1nk\u016f v Galerii 14"},"content":{"rendered":"<p>V pond\u011bl\u00ed <strong>13. \u0159\u00edjna 2025<\/strong> se v prostor\u00e1ch <strong>Galerie 14<\/strong> uskute\u010dnilo slavnostn\u00ed <strong>v\u00edt\u00e1n\u00ed nov\u00fdch ob\u010d\u00e1nk\u016f m\u011bstsk\u00e9 \u010d\u00e1sti Praha 14<\/strong>. Tato mil\u00e1 ud\u00e1lost, pln\u00e1 radosti a emoc\u00ed, byla tradi\u010dn\u011b v\u011bnov\u00e1na nejmen\u0161\u00edm obyvatel\u016fm a jejich rodin\u00e1m.<\/p>\n<p>Slavnostn\u00ed atmosf\u00e9ru podtrhla p\u0159\u00edtomnost <strong>radn\u00ed pro kulturu a sport MUDr. Kate\u0159iny Pavl\u00ed\u010dkov\u00e9<\/strong>, kter\u00e1 se ujala role hostitelky a osobn\u011b p\u0159iv\u00edtala ka\u017ed\u00e9 miminko i jeho rodi\u010de. Ve sv\u00e9m projevu vyj\u00e1d\u0159ila podporu rodin\u00e1m a pop\u0159\u00e1la d\u011btem \u0161\u0165astn\u00fd a bezpe\u010dn\u00fd start do \u017eivota.<\/p>\n<p>D\u011bkujeme v\u0161em z\u00fa\u010dastn\u011bn\u00fdm za kr\u00e1sn\u00e9 dopoledne pln\u00e9 \u00fasm\u011bv\u016f a p\u0159ejeme rodin\u00e1m mnoho radosti a l\u00e1sky.<\/p>\n<p>&nbsp;<\/p>\n\n\t\t<style type=\"text\/css\">\n\t\t\t#gallery-1 {\n\t\t\t\tmargin: auto;\n\t\t\t}\n\t\t\t#gallery-1 .gallery-item {\n\t\t\t\tfloat: left;\n\t\t\t\tmargin-top: 10px;\n\t\t\t\ttext-align: center;\n\t\t\t\twidth: 20%;\n\t\t\t}\n\t\t\t#gallery-1 img {\n\t\t\t\tborder: 2px solid #cfcfcf;\n\t\t\t}\n\t\t\t#gallery-1 .gallery-caption {\n\t\t\t\tmargin-left: 0;\n\t\t\t}\n\t\t\t\/* see gallery_shortcode() in wp-includes\/media.php *\/\n\t\t<\/style>\n\t\t<div id='gallery-1' class='gallery galleryid-73222 gallery-columns-5 gallery-size-thumbnail'><dl class='gallery-item'>\n\t\t\t<dt class='gallery-icon landscape'>\n\t\t\t\t<a rel=\"galleryInfomapa\" class=\"thickbox no_icon rl-gallery-link\"  href='https:\/\/www.praha14.cz\/app\/uploads\/sites\/4\/2025\/10\/1-1-scaled.jpeg' title=\"\" data-rl_title=\"\" data-rl_caption=\"\" data-rel=\"lightbox-gallery-1\"><img loading=\"lazy\" decoding=\"async\" width=\"150\" height=\"150\" src=\"https:\/\/www.praha14.cz\/app\/uploads\/sites\/4\/2025\/10\/1-1-150x150.jpeg\" class=\"attachment-thumbnail size-thumbnail\" alt=\"1\" \/><\/a>\n\t\t\t<\/dt><\/dl><dl class='gallery-item'>\n\t\t\t<dt class='gallery-icon landscape'>\n\t\t\t\t<a rel=\"galleryInfomapa\" class=\"thickbox no_icon rl-gallery-link\"  href='https:\/\/www.praha14.cz\/app\/uploads\/sites\/4\/2025\/10\/2-scaled.jpeg' title=\"\" data-rl_title=\"\" data-rl_caption=\"\" data-rel=\"lightbox-gallery-1\"><img loading=\"lazy\" decoding=\"async\" width=\"150\" height=\"150\" src=\"https:\/\/www.praha14.cz\/app\/uploads\/sites\/4\/2025\/10\/2-150x150.jpeg\" class=\"attachment-thumbnail size-thumbnail\" alt=\"2\" \/><\/a>\n\t\t\t<\/dt><\/dl><dl class='gallery-item'>\n\t\t\t<dt class='gallery-icon landscape'>\n\t\t\t\t<a rel=\"galleryInfomapa\" class=\"thickbox no_icon rl-gallery-link\"  href='https:\/\/www.praha14.cz\/app\/uploads\/sites\/4\/2025\/10\/3-scaled.jpeg' title=\"\" data-rl_title=\"\" data-rl_caption=\"\" data-rel=\"lightbox-gallery-1\"><img loading=\"lazy\" decoding=\"async\" width=\"150\" height=\"150\" src=\"https:\/\/www.praha14.cz\/app\/uploads\/sites\/4\/2025\/10\/3-150x150.jpeg\" class=\"attachment-thumbnail size-thumbnail\" alt=\"3\" \/><\/a>\n\t\t\t<\/dt><\/dl><dl class='gallery-item'>\n\t\t\t<dt class='gallery-icon landscape'>\n\t\t\t\t<a rel=\"galleryInfomapa\" class=\"thickbox no_icon rl-gallery-link\"  href='https:\/\/www.praha14.cz\/app\/uploads\/sites\/4\/2025\/10\/4-scaled.jpeg' title=\"\" data-rl_title=\"\" data-rl_caption=\"\" data-rel=\"lightbox-gallery-1\"><img loading=\"lazy\" decoding=\"async\" width=\"150\" height=\"150\" src=\"https:\/\/www.praha14.cz\/app\/uploads\/sites\/4\/2025\/10\/4-150x150.jpeg\" class=\"attachment-thumbnail size-thumbnail\" alt=\"4\" \/><\/a>\n\t\t\t<\/dt><\/dl><dl class='gallery-item'>\n\t\t\t<dt class='gallery-icon landscape'>\n\t\t\t\t<a rel=\"galleryInfomapa\" class=\"thickbox no_icon rl-gallery-link\"  href='https:\/\/www.praha14.cz\/app\/uploads\/sites\/4\/2025\/10\/5-scaled.jpeg' title=\"\" data-rl_title=\"\" data-rl_caption=\"\" data-rel=\"lightbox-gallery-1\"><img loading=\"lazy\" decoding=\"async\" width=\"150\" height=\"150\" src=\"https:\/\/www.praha14.cz\/app\/uploads\/sites\/4\/2025\/10\/5-150x150.jpeg\" class=\"attachment-thumbnail size-thumbnail\" alt=\"5\" \/><\/a>\n\t\t\t<\/dt><\/dl><br style=\"clear: both\" \/><dl class='gallery-item'>\n\t\t\t<dt class='gallery-icon landscape'>\n\t\t\t\t<a rel=\"galleryInfomapa\" class=\"thickbox no_icon rl-gallery-link\"  href='https:\/\/www.praha14.cz\/app\/uploads\/sites\/4\/2025\/10\/6-scaled.jpeg' title=\"\" data-rl_title=\"\" data-rl_caption=\"\" data-rel=\"lightbox-gallery-1\"><img loading=\"lazy\" decoding=\"async\" width=\"150\" height=\"150\" src=\"https:\/\/www.praha14.cz\/app\/uploads\/sites\/4\/2025\/10\/6-150x150.jpeg\" class=\"attachment-thumbnail size-thumbnail\" alt=\"6\" \/><\/a>\n\t\t\t<\/dt><\/dl><dl class='gallery-item'>\n\t\t\t<dt class='gallery-icon landscape'>\n\t\t\t\t<a rel=\"galleryInfomapa\" class=\"thickbox no_icon rl-gallery-link\"  href='https:\/\/www.praha14.cz\/app\/uploads\/sites\/4\/2025\/10\/7-scaled.jpeg' title=\"\" data-rl_title=\"\" data-rl_caption=\"\" data-rel=\"lightbox-gallery-1\"><img loading=\"lazy\" decoding=\"async\" width=\"150\" height=\"150\" src=\"https:\/\/www.praha14.cz\/app\/uploads\/sites\/4\/2025\/10\/7-150x150.jpeg\" class=\"attachment-thumbnail size-thumbnail\" alt=\"7\" \/><\/a>\n\t\t\t<\/dt><\/dl><dl class='gallery-item'>\n\t\t\t<dt class='gallery-icon landscape'>\n\t\t\t\t<a rel=\"galleryInfomapa\" class=\"thickbox no_icon rl-gallery-link\"  href='https:\/\/www.praha14.cz\/app\/uploads\/sites\/4\/2025\/10\/8-scaled.jpeg' title=\"\" data-rl_title=\"\" data-rl_caption=\"\" data-rel=\"lightbox-gallery-1\"><img loading=\"lazy\" decoding=\"async\" width=\"150\" height=\"150\" src=\"https:\/\/www.praha14.cz\/app\/uploads\/sites\/4\/2025\/10\/8-150x150.jpeg\" class=\"attachment-thumbnail size-thumbnail\" alt=\"8\" \/><\/a>\n\t\t\t<\/dt><\/dl><dl class='gallery-item'>\n\t\t\t<dt class='gallery-icon landscape'>\n\t\t\t\t<a rel=\"galleryInfomapa\" class=\"thickbox no_icon rl-gallery-link\"  href='https:\/\/www.praha14.cz\/app\/uploads\/sites\/4\/2025\/10\/9-scaled.jpeg' title=\"\" data-rl_title=\"\" data-rl_caption=\"\" data-rel=\"lightbox-gallery-1\"><img loading=\"lazy\" decoding=\"async\" width=\"150\" height=\"150\" src=\"https:\/\/www.praha14.cz\/app\/uploads\/sites\/4\/2025\/10\/9-150x150.jpeg\" class=\"attachment-thumbnail size-thumbnail\" alt=\"9\" \/><\/a>\n\t\t\t<\/dt><\/dl><dl class='gallery-item'>\n\t\t\t<dt class='gallery-icon landscape'>\n\t\t\t\t<a rel=\"galleryInfomapa\" class=\"thickbox no_icon rl-gallery-link\"  href='https:\/\/www.praha14.cz\/app\/uploads\/sites\/4\/2025\/10\/10-scaled.jpeg' title=\"\" data-rl_title=\"\" data-rl_caption=\"\" data-rel=\"lightbox-gallery-1\"><img loading=\"lazy\" decoding=\"async\" width=\"150\" height=\"150\" src=\"https:\/\/www.praha14.cz\/app\/uploads\/sites\/4\/2025\/10\/10-150x150.jpeg\" class=\"attachment-thumbnail size-thumbnail\" alt=\"10\" \/><\/a>\n\t\t\t<\/dt><\/dl><br style=\"clear: both\" \/><dl class='gallery-item'>\n\t\t\t<dt class='gallery-icon landscape'>\n\t\t\t\t<a rel=\"galleryInfomapa\" class=\"thickbox no_icon rl-gallery-link\"  href='https:\/\/www.praha14.cz\/app\/uploads\/sites\/4\/2025\/10\/11-scaled.jpeg' title=\"\" data-rl_title=\"\" data-rl_caption=\"\" data-rel=\"lightbox-gallery-1\"><img loading=\"lazy\" decoding=\"async\" width=\"150\" height=\"150\" src=\"https:\/\/www.praha14.cz\/app\/uploads\/sites\/4\/2025\/10\/11-150x150.jpeg\" class=\"attachment-thumbnail size-thumbnail\" alt=\"11\" \/><\/a>\n\t\t\t<\/dt><\/dl><dl class='gallery-item'>\n\t\t\t<dt class='gallery-icon landscape'>\n\t\t\t\t<a rel=\"galleryInfomapa\" class=\"thickbox no_icon rl-gallery-link\"  href='https:\/\/www.praha14.cz\/app\/uploads\/sites\/4\/2025\/10\/12-scaled.jpeg' title=\"\" data-rl_title=\"\" data-rl_caption=\"\" data-rel=\"lightbox-gallery-1\"><img loading=\"lazy\" decoding=\"async\" width=\"150\" height=\"150\" src=\"https:\/\/www.praha14.cz\/app\/uploads\/sites\/4\/2025\/10\/12-150x150.jpeg\" class=\"attachment-thumbnail size-thumbnail\" alt=\"12\" \/><\/a>\n\t\t\t<\/dt><\/dl><dl class='gallery-item'>\n\t\t\t<dt class='gallery-icon landscape'>\n\t\t\t\t<a rel=\"galleryInfomapa\" class=\"thickbox no_icon rl-gallery-link\"  href='https:\/\/www.praha14.cz\/app\/uploads\/sites\/4\/2025\/10\/13-scaled.jpeg' title=\"\" data-rl_title=\"\" data-rl_caption=\"\" data-rel=\"lightbox-gallery-1\"><img loading=\"lazy\" decoding=\"async\" width=\"150\" height=\"150\" src=\"https:\/\/www.praha14.cz\/app\/uploads\/sites\/4\/2025\/10\/13-150x150.jpeg\" class=\"attachment-thumbnail size-thumbnail\" alt=\"13\" \/><\/a>\n\t\t\t<\/dt><\/dl><dl class='gallery-item'>\n\t\t\t<dt class='gallery-icon portrait'>\n\t\t\t\t<a rel=\"galleryInfomapa\" class=\"thickbox no_icon rl-gallery-link\"  href='https:\/\/www.praha14.cz\/app\/uploads\/sites\/4\/2025\/10\/14-scaled.jpeg' title=\"\" data-rl_title=\"\" data-rl_caption=\"\" data-rel=\"lightbox-gallery-1\"><img loading=\"lazy\" decoding=\"async\" width=\"150\" height=\"150\" src=\"https:\/\/www.praha14.cz\/app\/uploads\/sites\/4\/2025\/10\/14-150x150.jpeg\" class=\"attachment-thumbnail size-thumbnail\" alt=\"14\" \/><\/a>\n\t\t\t<\/dt><\/dl><dl class='gallery-item'>\n\t\t\t<dt class='gallery-icon portrait'>\n\t\t\t\t<a rel=\"galleryInfomapa\" class=\"thickbox no_icon rl-gallery-link\"  href='https:\/\/www.praha14.cz\/app\/uploads\/sites\/4\/2025\/10\/15-scaled.jpeg' title=\"\" data-rl_title=\"\" data-rl_caption=\"\" data-rel=\"lightbox-gallery-1\"><img loading=\"lazy\" decoding=\"async\" width=\"150\" height=\"150\" src=\"https:\/\/www.praha14.cz\/app\/uploads\/sites\/4\/2025\/10\/15-150x150.jpeg\" class=\"attachment-thumbnail size-thumbnail\" alt=\"15\" \/><\/a>\n\t\t\t<\/dt><\/dl><br style=\"clear: both\" \/><dl class='gallery-item'>\n\t\t\t<dt class='gallery-icon landscape'>\n\t\t\t\t<a rel=\"galleryInfomapa\" class=\"thickbox no_icon rl-gallery-link\"  href='https:\/\/www.praha14.cz\/app\/uploads\/sites\/4\/2025\/10\/16-scaled.jpeg' title=\"\" data-rl_title=\"\" data-rl_caption=\"\" data-rel=\"lightbox-gallery-1\"><img loading=\"lazy\" decoding=\"async\" width=\"150\" height=\"150\" src=\"https:\/\/www.praha14.cz\/app\/uploads\/sites\/4\/2025\/10\/16-150x150.jpeg\" class=\"attachment-thumbnail size-thumbnail\" alt=\"16\" \/><\/a>\n\t\t\t<\/dt><\/dl><dl class='gallery-item'>\n\t\t\t<dt class='gallery-icon landscape'>\n\t\t\t\t<a rel=\"galleryInfomapa\" class=\"thickbox no_icon rl-gallery-link\"  href='https:\/\/www.praha14.cz\/app\/uploads\/sites\/4\/2025\/10\/17-scaled.jpeg' title=\"\" data-rl_title=\"\" data-rl_caption=\"\" data-rel=\"lightbox-gallery-1\"><img loading=\"lazy\" decoding=\"async\" width=\"150\" height=\"150\" src=\"https:\/\/www.praha14.cz\/app\/uploads\/sites\/4\/2025\/10\/17-150x150.jpeg\" class=\"attachment-thumbnail size-thumbnail\" alt=\"17\" \/><\/a>\n\t\t\t<\/dt><\/dl><dl class='gallery-item'>\n\t\t\t<dt class='gallery-icon landscape'>\n\t\t\t\t<a rel=\"galleryInfomapa\" class=\"thickbox no_icon rl-gallery-link\"  href='https:\/\/www.praha14.cz\/app\/uploads\/sites\/4\/2025\/10\/18-scaled.jpeg' title=\"\" data-rl_title=\"\" data-rl_caption=\"\" data-rel=\"lightbox-gallery-1\"><img loading=\"lazy\" decoding=\"async\" width=\"150\" height=\"150\" src=\"https:\/\/www.praha14.cz\/app\/uploads\/sites\/4\/2025\/10\/18-150x150.jpeg\" class=\"attachment-thumbnail size-thumbnail\" alt=\"18\" \/><\/a>\n\t\t\t<\/dt><\/dl><dl class='gallery-item'>\n\t\t\t<dt class='gallery-icon landscape'>\n\t\t\t\t<a rel=\"galleryInfomapa\" class=\"thickbox no_icon rl-gallery-link\"  href='https:\/\/www.praha14.cz\/app\/uploads\/sites\/4\/2025\/10\/19-scaled.jpeg' title=\"\" data-rl_title=\"\" data-rl_caption=\"\" data-rel=\"lightbox-gallery-1\"><img loading=\"lazy\" decoding=\"async\" width=\"150\" height=\"150\" src=\"https:\/\/www.praha14.cz\/app\/uploads\/sites\/4\/2025\/10\/19-150x150.jpeg\" class=\"attachment-thumbnail size-thumbnail\" alt=\"19\" \/><\/a>\n\t\t\t<\/dt><\/dl><dl class='gallery-item'>\n\t\t\t<dt class='gallery-icon landscape'>\n\t\t\t\t<a rel=\"galleryInfomapa\" class=\"thickbox no_icon rl-gallery-link\"  href='https:\/\/www.praha14.cz\/app\/uploads\/sites\/4\/2025\/10\/20-scaled.jpeg' title=\"\" data-rl_title=\"\" data-rl_caption=\"\" data-rel=\"lightbox-gallery-1\"><img loading=\"lazy\" decoding=\"async\" width=\"150\" height=\"150\" src=\"https:\/\/www.praha14.cz\/app\/uploads\/sites\/4\/2025\/10\/20-150x150.jpeg\" class=\"attachment-thumbnail size-thumbnail\" alt=\"20\" \/><\/a>\n\t\t\t<\/dt><\/dl><br style=\"clear: both\" \/><dl class='gallery-item'>\n\t\t\t<dt class='gallery-icon portrait'>\n\t\t\t\t<a rel=\"galleryInfomapa\" class=\"thickbox no_icon rl-gallery-link\"  href='https:\/\/www.praha14.cz\/app\/uploads\/sites\/4\/2025\/10\/21-scaled.jpeg' title=\"\" data-rl_title=\"\" data-rl_caption=\"\" data-rel=\"lightbox-gallery-1\"><img loading=\"lazy\" decoding=\"async\" width=\"150\" height=\"150\" src=\"https:\/\/www.praha14.cz\/app\/uploads\/sites\/4\/2025\/10\/21-150x150.jpeg\" class=\"attachment-thumbnail size-thumbnail\" alt=\"21\" \/><\/a>\n\t\t\t<\/dt><\/dl><dl class='gallery-item'>\n\t\t\t<dt class='gallery-icon landscape'>\n\t\t\t\t<a rel=\"galleryInfomapa\" class=\"thickbox no_icon rl-gallery-link\"  href='https:\/\/www.praha14.cz\/app\/uploads\/sites\/4\/2025\/10\/22-scaled.jpeg' title=\"\" data-rl_title=\"\" data-rl_caption=\"\" data-rel=\"lightbox-gallery-1\"><img loading=\"lazy\" decoding=\"async\" width=\"150\" height=\"150\" src=\"https:\/\/www.praha14.cz\/app\/uploads\/sites\/4\/2025\/10\/22-150x150.jpeg\" class=\"attachment-thumbnail size-thumbnail\" alt=\"22\" \/><\/a>\n\t\t\t<\/dt><\/dl><dl class='gallery-item'>\n\t\t\t<dt class='gallery-icon landscape'>\n\t\t\t\t<a rel=\"galleryInfomapa\" class=\"thickbox no_icon rl-gallery-link\"  href='https:\/\/www.praha14.cz\/app\/uploads\/sites\/4\/2025\/10\/23-scaled.jpeg' title=\"\" data-rl_title=\"\" data-rl_caption=\"\" data-rel=\"lightbox-gallery-1\"><img loading=\"lazy\" decoding=\"async\" width=\"150\" height=\"150\" src=\"https:\/\/www.praha14.cz\/app\/uploads\/sites\/4\/2025\/10\/23-150x150.jpeg\" class=\"attachment-thumbnail size-thumbnail\" alt=\"23\" \/><\/a>\n\t\t\t<\/dt><\/dl><dl class='gallery-item'>\n\t\t\t<dt class='gallery-icon landscape'>\n\t\t\t\t<a rel=\"galleryInfomapa\" class=\"thickbox no_icon rl-gallery-link\"  href='https:\/\/www.praha14.cz\/app\/uploads\/sites\/4\/2025\/10\/24-scaled.jpeg' title=\"\" data-rl_title=\"\" data-rl_caption=\"\" data-rel=\"lightbox-gallery-1\"><img loading=\"lazy\" decoding=\"async\" width=\"150\" height=\"150\" src=\"https:\/\/www.praha14.cz\/app\/uploads\/sites\/4\/2025\/10\/24-150x150.jpeg\" class=\"attachment-thumbnail size-thumbnail\" alt=\"24\" \/><\/a>\n\t\t\t<\/dt><\/dl><dl class='gallery-item'>\n\t\t\t<dt class='gallery-icon landscape'>\n\t\t\t\t<a rel=\"galleryInfomapa\" class=\"thickbox no_icon rl-gallery-link\"  href='https:\/\/www.praha14.cz\/app\/uploads\/sites\/4\/2025\/10\/25-scaled.jpeg' title=\"\" data-rl_title=\"\" data-rl_caption=\"\" data-rel=\"lightbox-gallery-1\"><img loading=\"lazy\" decoding=\"async\" width=\"150\" height=\"150\" src=\"https:\/\/www.praha14.cz\/app\/uploads\/sites\/4\/2025\/10\/25-150x150.jpeg\" class=\"attachment-thumbnail size-thumbnail\" alt=\"25\" \/><\/a>\n\t\t\t<\/dt><\/dl><br style=\"clear: both\" \/><dl class='gallery-item'>\n\t\t\t<dt class='gallery-icon landscape'>\n\t\t\t\t<a rel=\"galleryInfomapa\" class=\"thickbox no_icon rl-gallery-link\"  href='https:\/\/www.praha14.cz\/app\/uploads\/sites\/4\/2025\/10\/26-scaled.jpeg' title=\"\" data-rl_title=\"\" data-rl_caption=\"\" data-rel=\"lightbox-gallery-1\"><img loading=\"lazy\" decoding=\"async\" width=\"150\" height=\"150\" src=\"https:\/\/www.praha14.cz\/app\/uploads\/sites\/4\/2025\/10\/26-150x150.jpeg\" class=\"attachment-thumbnail size-thumbnail\" alt=\"26\" \/><\/a>\n\t\t\t<\/dt><\/dl><dl class='gallery-item'>\n\t\t\t<dt class='gallery-icon landscape'>\n\t\t\t\t<a rel=\"galleryInfomapa\" class=\"thickbox no_icon rl-gallery-link\"  href='https:\/\/www.praha14.cz\/app\/uploads\/sites\/4\/2025\/10\/27-scaled.jpeg' title=\"\" data-rl_title=\"\" data-rl_caption=\"\" data-rel=\"lightbox-gallery-1\"><img loading=\"lazy\" decoding=\"async\" width=\"150\" height=\"150\" src=\"https:\/\/www.praha14.cz\/app\/uploads\/sites\/4\/2025\/10\/27-150x150.jpeg\" class=\"attachment-thumbnail size-thumbnail\" alt=\"27\" \/><\/a>\n\t\t\t<\/dt><\/dl><dl class='gallery-item'>\n\t\t\t<dt class='gallery-icon landscape'>\n\t\t\t\t<a rel=\"galleryInfomapa\" class=\"thickbox no_icon rl-gallery-link\"  href='https:\/\/www.praha14.cz\/app\/uploads\/sites\/4\/2025\/10\/28-scaled.jpeg' title=\"\" data-rl_title=\"\" data-rl_caption=\"\" data-rel=\"lightbox-gallery-1\"><img loading=\"lazy\" decoding=\"async\" width=\"150\" height=\"150\" src=\"https:\/\/www.praha14.cz\/app\/uploads\/sites\/4\/2025\/10\/28-150x150.jpeg\" class=\"attachment-thumbnail size-thumbnail\" alt=\"28\" \/><\/a>\n\t\t\t<\/dt><\/dl>\n\t\t\t<br style='clear: both' \/>\n\t\t<\/div>\n\n<p style=\"text-align: right;\">Zve\u0159ejn\u011bno: 13. \u0159\u00edjna 2025<\/p>\n","protected":false},"excerpt":{"rendered":"<p>V pond\u011bl\u00ed 13. \u0159\u00edjna 2025 se v prostor\u00e1ch Galerie 14 uskute\u010dnilo slavnostn\u00ed v\u00edt\u00e1n\u00ed nov\u00fdch ob\u010d\u00e1nk\u016f m\u011bstsk\u00e9 \u010d\u00e1sti Praha 14. Tato mil\u00e1 ud\u00e1lost, pln\u00e1 radosti a emoc\u00ed, byla tradi\u010dn\u011b v\u011bnov\u00e1na nejmen\u0161\u00edm obyvatel\u016fm a jejich rodin\u00e1m. Slavnostn\u00ed atmosf\u00e9ru podtrhla p\u0159\u00edtomnost radn\u00ed pro kulturu a sport MUDr. Kate\u0159iny Pavl\u00ed\u010dkov\u00e9, kter\u00e1 se ujala role hostitelky a osobn\u011b p\u0159iv\u00edtala ka\u017ed\u00e9&#8230;<\/p>\n","protected":false},"author":1057,"featured_media":0,"comment_status":"closed","ping_status":"closed","sticky":false,"template":"","format":"standard","meta":{"_acf_changed":false,"footnotes":""},"categories":[1],"tags":[116],"class_list":["post-73222","post","type-post","status-publish","format-standard","hentry","category-nezarazene","tag-fotogalerie-akci"],"acf":[],"geo":null,"yoast_head":"<!-- This site is optimized with the Yoast SEO plugin v27.2 - https:\/\/yoast.com\/product\/yoast-seo-wordpress\/ -->\n<title>V\u00edt\u00e1n\u00ed nov\u00fdch ob\u010d\u00e1nk\u016f v Galerii 14 - \u017divot na Praze 14<\/title>\n<meta name=\"robots\" content=\"index, follow, max-snippet:-1, max-image-preview:large, max-video-preview:-1\" \/>\n<link rel=\"canonical\" href=\"https:\/\/www.praha14.cz\/zivot-na-praze-14\/vitani-novych-obcanku-v-galerii-14\/\" \/>\n<meta property=\"og:locale\" content=\"cs_CZ\" \/>\n<meta property=\"og:type\" content=\"article\" \/>\n<meta property=\"og:title\" content=\"V\u00edt\u00e1n\u00ed nov\u00fdch ob\u010d\u00e1nk\u016f v Galerii 14 - \u017divot na Praze 14\" \/>\n<meta property=\"og:description\" content=\"V pond\u011bl\u00ed 13. \u0159\u00edjna 2025 se v prostor\u00e1ch Galerie 14 uskute\u010dnilo slavnostn\u00ed v\u00edt\u00e1n\u00ed nov\u00fdch ob\u010d\u00e1nk\u016f m\u011bstsk\u00e9 \u010d\u00e1sti Praha 14. Tato mil\u00e1 ud\u00e1lost, pln\u00e1 radosti a emoc\u00ed, byla tradi\u010dn\u011b v\u011bnov\u00e1na nejmen\u0161\u00edm obyvatel\u016fm a jejich rodin\u00e1m. Slavnostn\u00ed atmosf\u00e9ru podtrhla p\u0159\u00edtomnost radn\u00ed pro kulturu a sport MUDr. Kate\u0159iny Pavl\u00ed\u010dkov\u00e9, kter\u00e1 se ujala role hostitelky a osobn\u011b p\u0159iv\u00edtala ka\u017ed\u00e9...\" \/>\n<meta property=\"og:url\" content=\"https:\/\/www.praha14.cz\/zivot-na-praze-14\/vitani-novych-obcanku-v-galerii-14\/\" \/>\n<meta property=\"og:site_name\" content=\"\u017divot na Praze 14\" \/>\n<meta property=\"article:published_time\" content=\"2025-10-01T13:08:16+00:00\" \/>\n<meta property=\"article:modified_time\" content=\"2025-10-22T08:38:06+00:00\" \/>\n<meta property=\"og:image\" content=\"https:\/\/www.praha14.cz\/app\/uploads\/sites\/4\/2025\/10\/1-1-150x150.jpeg\" \/>\n<meta name=\"author\" content=\"Odd\u011blen\u00ed komunikace\" \/>\n<meta name=\"twitter:card\" content=\"summary_large_image\" \/>\n<meta name=\"twitter:label1\" content=\"Written by\" \/>\n\t<meta name=\"twitter:data1\" content=\"Odd\u011blen\u00ed komunikace\" \/>\n\t<meta name=\"twitter:label2\" content=\"Est. reading time\" \/>\n\t<meta name=\"twitter:data2\" content=\"1 minuta\" \/>\n<script type=\"application\/ld+json\" class=\"yoast-schema-graph\">{\"@context\":\"https:\/\/schema.org\",\"@graph\":[{\"@type\":\"Article\",\"@id\":\"https:\/\/www.praha14.cz\/zivot-na-praze-14\/vitani-novych-obcanku-v-galerii-14\/#article\",\"isPartOf\":{\"@id\":\"https:\/\/www.praha14.cz\/zivot-na-praze-14\/vitani-novych-obcanku-v-galerii-14\/\"},\"author\":{\"name\":\"Odd\u011blen\u00ed komunikace\",\"@id\":\"https:\/\/www.praha14.cz\/zivot-na-praze-14\/#\/schema\/person\/127a1d778cbcf76b257f93fb8c42591c\"},\"headline\":\"V\u00edt\u00e1n\u00ed nov\u00fdch ob\u010d\u00e1nk\u016f v Galerii 14\",\"datePublished\":\"2025-10-01T13:08:16+00:00\",\"dateModified\":\"2025-10-22T08:38:06+00:00\",\"mainEntityOfPage\":{\"@id\":\"https:\/\/www.praha14.cz\/zivot-na-praze-14\/vitani-novych-obcanku-v-galerii-14\/\"},\"wordCount\":144,\"keywords\":[\"Fotogalerie akc\u00ed\"],\"inLanguage\":\"cs\"},{\"@type\":\"WebPage\",\"@id\":\"https:\/\/www.praha14.cz\/zivot-na-praze-14\/vitani-novych-obcanku-v-galerii-14\/\",\"url\":\"https:\/\/www.praha14.cz\/zivot-na-praze-14\/vitani-novych-obcanku-v-galerii-14\/\",\"name\":\"V\u00edt\u00e1n\u00ed nov\u00fdch ob\u010d\u00e1nk\u016f v Galerii 14 - \u017divot na Praze 14\",\"isPartOf\":{\"@id\":\"https:\/\/www.praha14.cz\/zivot-na-praze-14\/#website\"},\"datePublished\":\"2025-10-01T13:08:16+00:00\",\"dateModified\":\"2025-10-22T08:38:06+00:00\",\"author\":{\"@id\":\"https:\/\/www.praha14.cz\/zivot-na-praze-14\/#\/schema\/person\/127a1d778cbcf76b257f93fb8c42591c\"},\"breadcrumb\":{\"@id\":\"https:\/\/www.praha14.cz\/zivot-na-praze-14\/vitani-novych-obcanku-v-galerii-14\/#breadcrumb\"},\"inLanguage\":\"cs\",\"potentialAction\":[{\"@type\":\"ReadAction\",\"target\":[\"https:\/\/www.praha14.cz\/zivot-na-praze-14\/vitani-novych-obcanku-v-galerii-14\/\"]}]},{\"@type\":\"BreadcrumbList\",\"@id\":\"https:\/\/www.praha14.cz\/zivot-na-praze-14\/vitani-novych-obcanku-v-galerii-14\/#breadcrumb\",\"itemListElement\":[{\"@type\":\"ListItem\",\"position\":1,\"name\":\"\u017divot na Praze 14\",\"item\":\"https:\/\/www.praha14.cz\/zivot-na-praze-14\/\"},{\"@type\":\"ListItem\",\"position\":2,\"name\":\"V\u00edt\u00e1n\u00ed nov\u00fdch ob\u010d\u00e1nk\u016f v Galerii 14\"}]},{\"@type\":\"WebSite\",\"@id\":\"https:\/\/www.praha14.cz\/zivot-na-praze-14\/#website\",\"url\":\"https:\/\/www.praha14.cz\/zivot-na-praze-14\/\",\"name\":\"\u017divot na Praze 14\",\"description\":\"\",\"potentialAction\":[{\"@type\":\"SearchAction\",\"target\":{\"@type\":\"EntryPoint\",\"urlTemplate\":\"https:\/\/www.praha14.cz\/zivot-na-praze-14\/?s={search_term_string}\"},\"query-input\":{\"@type\":\"PropertyValueSpecification\",\"valueRequired\":true,\"valueName\":\"search_term_string\"}}],\"inLanguage\":\"cs\"},{\"@type\":\"Person\",\"@id\":\"https:\/\/www.praha14.cz\/zivot-na-praze-14\/#\/schema\/person\/127a1d778cbcf76b257f93fb8c42591c\",\"name\":\"Odd\u011blen\u00ed komunikace\",\"image\":{\"@type\":\"ImageObject\",\"inLanguage\":\"cs\",\"@id\":\"https:\/\/secure.gravatar.com\/avatar\/e958f3d1e915848093abf89585ec4bb6a7daede2e0322c416842d9f94c3fdaca?s=96&d=mm&r=g\",\"url\":\"https:\/\/secure.gravatar.com\/avatar\/e958f3d1e915848093abf89585ec4bb6a7daede2e0322c416842d9f94c3fdaca?s=96&d=mm&r=g\",\"contentUrl\":\"https:\/\/secure.gravatar.com\/avatar\/e958f3d1e915848093abf89585ec4bb6a7daede2e0322c416842d9f94c3fdaca?s=96&d=mm&r=g\",\"caption\":\"Odd\u011blen\u00ed komunikace\"},\"url\":\"https:\/\/www.praha14.cz\/zivot-na-praze-14\/author\/luciehlavackova\/\"}]}<\/script>\n<!-- \/ Yoast SEO plugin. -->","yoast_head_json":{"title":"V\u00edt\u00e1n\u00ed nov\u00fdch ob\u010d\u00e1nk\u016f v Galerii 14 - \u017divot na Praze 14","robots":{"index":"index","follow":"follow","max-snippet":"max-snippet:-1","max-image-preview":"max-image-preview:large","max-video-preview":"max-video-preview:-1"},"canonical":"https:\/\/www.praha14.cz\/zivot-na-praze-14\/vitani-novych-obcanku-v-galerii-14\/","og_locale":"cs_CZ","og_type":"article","og_title":"V\u00edt\u00e1n\u00ed nov\u00fdch ob\u010d\u00e1nk\u016f v Galerii 14 - \u017divot na Praze 14","og_description":"V pond\u011bl\u00ed 13. \u0159\u00edjna 2025 se v prostor\u00e1ch Galerie 14 uskute\u010dnilo slavnostn\u00ed v\u00edt\u00e1n\u00ed nov\u00fdch ob\u010d\u00e1nk\u016f m\u011bstsk\u00e9 \u010d\u00e1sti Praha 14. Tato mil\u00e1 ud\u00e1lost, pln\u00e1 radosti a emoc\u00ed, byla tradi\u010dn\u011b v\u011bnov\u00e1na nejmen\u0161\u00edm obyvatel\u016fm a jejich rodin\u00e1m. Slavnostn\u00ed atmosf\u00e9ru podtrhla p\u0159\u00edtomnost radn\u00ed pro kulturu a sport MUDr. Kate\u0159iny Pavl\u00ed\u010dkov\u00e9, kter\u00e1 se ujala role hostitelky a osobn\u011b p\u0159iv\u00edtala ka\u017ed\u00e9...","og_url":"https:\/\/www.praha14.cz\/zivot-na-praze-14\/vitani-novych-obcanku-v-galerii-14\/","og_site_name":"\u017divot na Praze 14","article_published_time":"2025-10-01T13:08:16+00:00","article_modified_time":"2025-10-22T08:38:06+00:00","og_image":[{"url":"https:\/\/www.praha14.cz\/app\/uploads\/sites\/4\/2025\/10\/1-1-150x150.jpeg","type":"","width":"","height":""}],"author":"Odd\u011blen\u00ed komunikace","twitter_card":"summary_large_image","twitter_misc":{"Written by":"Odd\u011blen\u00ed komunikace","Est. reading time":"1 minuta"},"schema":{"@context":"https:\/\/schema.org","@graph":[{"@type":"Article","@id":"https:\/\/www.praha14.cz\/zivot-na-praze-14\/vitani-novych-obcanku-v-galerii-14\/#article","isPartOf":{"@id":"https:\/\/www.praha14.cz\/zivot-na-praze-14\/vitani-novych-obcanku-v-galerii-14\/"},"author":{"name":"Odd\u011blen\u00ed komunikace","@id":"https:\/\/www.praha14.cz\/zivot-na-praze-14\/#\/schema\/person\/127a1d778cbcf76b257f93fb8c42591c"},"headline":"V\u00edt\u00e1n\u00ed nov\u00fdch ob\u010d\u00e1nk\u016f v Galerii 14","datePublished":"2025-10-01T13:08:16+00:00","dateModified":"2025-10-22T08:38:06+00:00","mainEntityOfPage":{"@id":"https:\/\/www.praha14.cz\/zivot-na-praze-14\/vitani-novych-obcanku-v-galerii-14\/"},"wordCount":144,"keywords":["Fotogalerie akc\u00ed"],"inLanguage":"cs"},{"@type":"WebPage","@id":"https:\/\/www.praha14.cz\/zivot-na-praze-14\/vitani-novych-obcanku-v-galerii-14\/","url":"https:\/\/www.praha14.cz\/zivot-na-praze-14\/vitani-novych-obcanku-v-galerii-14\/","name":"V\u00edt\u00e1n\u00ed nov\u00fdch ob\u010d\u00e1nk\u016f v Galerii 14 - \u017divot na Praze 14","isPartOf":{"@id":"https:\/\/www.praha14.cz\/zivot-na-praze-14\/#website"},"datePublished":"2025-10-01T13:08:16+00:00","dateModified":"2025-10-22T08:38:06+00:00","author":{"@id":"https:\/\/www.praha14.cz\/zivot-na-praze-14\/#\/schema\/person\/127a1d778cbcf76b257f93fb8c42591c"},"breadcrumb":{"@id":"https:\/\/www.praha14.cz\/zivot-na-praze-14\/vitani-novych-obcanku-v-galerii-14\/#breadcrumb"},"inLanguage":"cs","potentialAction":[{"@type":"ReadAction","target":["https:\/\/www.praha14.cz\/zivot-na-praze-14\/vitani-novych-obcanku-v-galerii-14\/"]}]},{"@type":"BreadcrumbList","@id":"https:\/\/www.praha14.cz\/zivot-na-praze-14\/vitani-novych-obcanku-v-galerii-14\/#breadcrumb","itemListElement":[{"@type":"ListItem","position":1,"name":"\u017divot na Praze 14","item":"https:\/\/www.praha14.cz\/zivot-na-praze-14\/"},{"@type":"ListItem","position":2,"name":"V\u00edt\u00e1n\u00ed nov\u00fdch ob\u010d\u00e1nk\u016f v Galerii 14"}]},{"@type":"WebSite","@id":"https:\/\/www.praha14.cz\/zivot-na-praze-14\/#website","url":"https:\/\/www.praha14.cz\/zivot-na-praze-14\/","name":"\u017divot na Praze 14","description":"","potentialAction":[{"@type":"SearchAction","target":{"@type":"EntryPoint","urlTemplate":"https:\/\/www.praha14.cz\/zivot-na-praze-14\/?s={search_term_string}"},"query-input":{"@type":"PropertyValueSpecification","valueRequired":true,"valueName":"search_term_string"}}],"inLanguage":"cs"},{"@type":"Person","@id":"https:\/\/www.praha14.cz\/zivot-na-praze-14\/#\/schema\/person\/127a1d778cbcf76b257f93fb8c42591c","name":"Odd\u011blen\u00ed komunikace","image":{"@type":"ImageObject","inLanguage":"cs","@id":"https:\/\/secure.gravatar.com\/avatar\/e958f3d1e915848093abf89585ec4bb6a7daede2e0322c416842d9f94c3fdaca?s=96&d=mm&r=g","url":"https:\/\/secure.gravatar.com\/avatar\/e958f3d1e915848093abf89585ec4bb6a7daede2e0322c416842d9f94c3fdaca?s=96&d=mm&r=g","contentUrl":"https:\/\/secure.gravatar.com\/avatar\/e958f3d1e915848093abf89585ec4bb6a7daede2e0322c416842d9f94c3fdaca?s=96&d=mm&r=g","caption":"Odd\u011blen\u00ed komunikace"},"url":"https:\/\/www.praha14.cz\/zivot-na-praze-14\/author\/luciehlavackova\/"}]}},"_links":{"self":[{"href":"https:\/\/www.praha14.cz\/zivot-na-praze-14\/wp-json\/wp\/v2\/posts\/73222","targetHints":{"allow":["GET"]}}],"collection":[{"href":"https:\/\/www.praha14.cz\/zivot-na-praze-14\/wp-json\/wp\/v2\/posts"}],"about":[{"href":"https:\/\/www.praha14.cz\/zivot-na-praze-14\/wp-json\/wp\/v2\/types\/post"}],"author":[{"embeddable":true,"href":"https:\/\/www.praha14.cz\/zivot-na-praze-14\/wp-json\/wp\/v2\/users\/1057"}],"replies":[{"embeddable":true,"href":"https:\/\/www.praha14.cz\/zivot-na-praze-14\/wp-json\/wp\/v2\/comments?post=73222"}],"version-history":[{"count":1,"href":"https:\/\/www.praha14.cz\/zivot-na-praze-14\/wp-json\/wp\/v2\/posts\/73222\/revisions"}],"predecessor-version":[{"id":73252,"href":"https:\/\/www.praha14.cz\/zivot-na-praze-14\/wp-json\/wp\/v2\/posts\/73222\/revisions\/73252"}],"wp:attachment":[{"href":"https:\/\/www.praha14.cz\/zivot-na-praze-14\/wp-json\/wp\/v2\/media?parent=73222"}],"wp:term":[{"taxonomy":"category","embeddable":true,"href":"https:\/\/www.praha14.cz\/zivot-na-praze-14\/wp-json\/wp\/v2\/categories?post=73222"},{"taxonomy":"post_tag","embeddable":true,"href":"https:\/\/www.praha14.cz\/zivot-na-praze-14\/wp-json\/wp\/v2\/tags?post=73222"}],"curies":[{"name":"wp","href":"https:\/\/api.w.org\/{rel}","templated":true}]}}