{"id":73521,"date":"2025-12-02T09:52:31","date_gmt":"2025-12-02T09:52:31","guid":{"rendered":"https:\/\/www.praha14.cz\/zivot-na-praze-14\/?p=73521"},"modified":"2025-12-02T09:52:31","modified_gmt":"2025-12-02T09:52:31","slug":"poskytovatele-krouzku-pozor-registrace-do-corrency-startuje-uz-dnes","status":"publish","type":"post","link":"https:\/\/www.praha14.cz\/zivot-na-praze-14\/poskytovatele-krouzku-pozor-registrace-do-corrency-startuje-uz-dnes\/","title":{"rendered":"Poskytovatel\u00e9 krou\u017ek\u016f, pozor! Registrace do Corrency startuje u\u017e dnes!"},"content":{"rendered":"<p>Praha 14 pokra\u010duje v \u00fasp\u011b\u0161n\u00e9m projektu <strong>Corrency<\/strong>, kter\u00fd pom\u00e1h\u00e1 rodin\u00e1m financovat volno\u010dasov\u00e9 aktivity d\u011bt\u00ed. Dal\u0161\u00ed vlna podpory startuje u\u017e nyn\u00ed \u2013 <strong>poskytovatel\u00e9 krou\u017ek\u016f a kurz\u016f se mohou registrovat od 2. prosince na <a href=\"https:\/\/praha14.corrency.cz\/deti\/\" target=\"_blank\" rel=\"noopener\">praha14.corrency.cz<\/a><\/strong>.<br \/>\n<strong>Ob\u010dan\u00e9 se budou moci p\u0159ihl\u00e1sit od 1. ledna 2026.<\/strong><\/p>\n<p>M\u011bstsk\u00e1 \u010d\u00e1st rozd\u011bl\u00ed 1 000 000 K\u010d mezi prvn\u00edch 666 d\u011bt\u00ed, kter\u00e9 spln\u00ed podm\u00ednky projektu. Ka\u017ed\u00fd z\u00edsk\u00e1 <strong>1500 K\u010d <\/strong>v correntech, kter\u00e9 pokryj\u00ed 50 % ceny krou\u017eku, kurzu, dou\u010dov\u00e1n\u00ed nebo soust\u0159ed\u011bn\u00ed. Kredity lze vyu\u017e\u00edt od <strong>1. ledna do 7. b\u0159ezna 2026<\/strong>.<\/p>\n<p>Projekt si z\u00edsk\u00e1v\u00e1 st\u00e1le v\u011bt\u0161\u00ed oblibu \u2013 v posledn\u00ed vln\u011b byla kapacita napln\u011bna a ob\u010dan\u00e9 vy\u010derpali t\u00e9m\u011b\u0159 80 % z alokovan\u00e9 \u010d\u00e1stky. Zapojte se i vy a pomozte d\u011btem rozv\u00edjet jejich talent!<\/p>\n<p><a href=\"https:\/\/www.praha14.cz\/app\/uploads\/sites\/4\/2025\/12\/Podnikatele-FB-IG-2-scaled.png\" target=\"_blank\" rel=\"noopener\" data-rel=\"lightbox-image-0\" data-rl_title=\"\" data-rl_caption=\"\" title=\"\"><img loading=\"lazy\" decoding=\"async\" class=\"alignnone wp-image-73523 size-medium\" src=\"https:\/\/www.praha14.cz\/app\/uploads\/sites\/4\/2025\/12\/Podnikatele-FB-IG-2-296x370.png\" alt=\"Podnikatel\u00e9 FB, IG 2\" width=\"296\" height=\"370\" srcset=\"https:\/\/www.praha14.cz\/app\/uploads\/sites\/4\/2025\/12\/Podnikatele-FB-IG-2-296x370.png 296w, https:\/\/www.praha14.cz\/app\/uploads\/sites\/4\/2025\/12\/Podnikatele-FB-IG-2-819x1024.png 819w, https:\/\/www.praha14.cz\/app\/uploads\/sites\/4\/2025\/12\/Podnikatele-FB-IG-2-768x960.png 768w, https:\/\/www.praha14.cz\/app\/uploads\/sites\/4\/2025\/12\/Podnikatele-FB-IG-2-1229x1536.png 1229w, https:\/\/www.praha14.cz\/app\/uploads\/sites\/4\/2025\/12\/Podnikatele-FB-IG-2-1639x2048.png 1639w, https:\/\/www.praha14.cz\/app\/uploads\/sites\/4\/2025\/12\/Podnikatele-FB-IG-2-scaled.png 2048w\" sizes=\"(max-width: 296px) 100vw, 296px\" \/><\/a><\/p>\n<p style=\"text-align: right;\">Zve\u0159ejn\u011bno: 2. prosince 2025<\/p>\n<p>&nbsp;<\/p>\n","protected":false},"excerpt":{"rendered":"<p>Praha 14 pokra\u010duje v \u00fasp\u011b\u0161n\u00e9m projektu Corrency, kter\u00fd pom\u00e1h\u00e1 rodin\u00e1m financovat volno\u010dasov\u00e9 aktivity d\u011bt\u00ed. Dal\u0161\u00ed vlna podpory startuje u\u017e nyn\u00ed \u2013 poskytovatel\u00e9 krou\u017ek\u016f a kurz\u016f se mohou registrovat od 2. prosince na praha14.corrency.cz. Ob\u010dan\u00e9 se budou moci p\u0159ihl\u00e1sit od 1. ledna 2026. M\u011bstsk\u00e1 \u010d\u00e1st rozd\u011bl\u00ed 1 000 000 K\u010d mezi prvn\u00edch 666 d\u011bt\u00ed, kter\u00e9 spln\u00ed&#8230;<\/p>\n","protected":false},"author":1057,"featured_media":0,"comment_status":"closed","ping_status":"closed","sticky":false,"template":"","format":"standard","meta":{"_acf_changed":false,"footnotes":""},"categories":[1],"tags":[],"class_list":["post-73521","post","type-post","status-publish","format-standard","hentry","category-nezarazene"],"acf":[],"geo":null,"yoast_head":"<!-- This site is optimized with the Yoast SEO plugin v27.2 - https:\/\/yoast.com\/product\/yoast-seo-wordpress\/ -->\n<title>Poskytovatel\u00e9 krou\u017ek\u016f, pozor! Registrace do Corrency startuje u\u017e dnes! - \u017divot na Praze 14<\/title>\n<meta name=\"robots\" content=\"index, follow, max-snippet:-1, max-image-preview:large, max-video-preview:-1\" \/>\n<link rel=\"canonical\" href=\"https:\/\/www.praha14.cz\/zivot-na-praze-14\/poskytovatele-krouzku-pozor-registrace-do-corrency-startuje-uz-dnes\/\" \/>\n<meta property=\"og:locale\" content=\"cs_CZ\" \/>\n<meta property=\"og:type\" content=\"article\" \/>\n<meta property=\"og:title\" content=\"Poskytovatel\u00e9 krou\u017ek\u016f, pozor! Registrace do Corrency startuje u\u017e dnes! - \u017divot na Praze 14\" \/>\n<meta property=\"og:description\" content=\"Praha 14 pokra\u010duje v \u00fasp\u011b\u0161n\u00e9m projektu Corrency, kter\u00fd pom\u00e1h\u00e1 rodin\u00e1m financovat volno\u010dasov\u00e9 aktivity d\u011bt\u00ed. Dal\u0161\u00ed vlna podpory startuje u\u017e nyn\u00ed \u2013 poskytovatel\u00e9 krou\u017ek\u016f a kurz\u016f se mohou registrovat od 2. prosince na praha14.corrency.cz. Ob\u010dan\u00e9 se budou moci p\u0159ihl\u00e1sit od 1. ledna 2026. M\u011bstsk\u00e1 \u010d\u00e1st rozd\u011bl\u00ed 1 000 000 K\u010d mezi prvn\u00edch 666 d\u011bt\u00ed, kter\u00e9 spln\u00ed...\" \/>\n<meta property=\"og:url\" content=\"https:\/\/www.praha14.cz\/zivot-na-praze-14\/poskytovatele-krouzku-pozor-registrace-do-corrency-startuje-uz-dnes\/\" \/>\n<meta property=\"og:site_name\" content=\"\u017divot na Praze 14\" \/>\n<meta property=\"article:published_time\" content=\"2025-12-02T09:52:31+00:00\" \/>\n<meta property=\"og:image\" content=\"https:\/\/www.praha14.cz\/app\/uploads\/sites\/4\/2025\/12\/Podnikatele-FB-IG-2-scaled.png\" \/>\n\t<meta property=\"og:image:width\" content=\"2048\" \/>\n\t<meta property=\"og:image:height\" content=\"2560\" \/>\n\t<meta property=\"og:image:type\" content=\"image\/png\" \/>\n<meta name=\"author\" content=\"Odd\u011blen\u00ed komunikace\" \/>\n<meta name=\"twitter:card\" content=\"summary_large_image\" \/>\n<meta name=\"twitter:label1\" content=\"Written by\" \/>\n\t<meta name=\"twitter:data1\" content=\"Odd\u011blen\u00ed komunikace\" \/>\n\t<meta name=\"twitter:label2\" content=\"Est. reading time\" \/>\n\t<meta name=\"twitter:data2\" content=\"1 minuta\" \/>\n<script type=\"application\/ld+json\" class=\"yoast-schema-graph\">{\"@context\":\"https:\/\/schema.org\",\"@graph\":[{\"@type\":\"Article\",\"@id\":\"https:\/\/www.praha14.cz\/zivot-na-praze-14\/poskytovatele-krouzku-pozor-registrace-do-corrency-startuje-uz-dnes\/#article\",\"isPartOf\":{\"@id\":\"https:\/\/www.praha14.cz\/zivot-na-praze-14\/poskytovatele-krouzku-pozor-registrace-do-corrency-startuje-uz-dnes\/\"},\"author\":{\"name\":\"Odd\u011blen\u00ed komunikace\",\"@id\":\"https:\/\/www.praha14.cz\/zivot-na-praze-14\/#\/schema\/person\/127a1d778cbcf76b257f93fb8c42591c\"},\"headline\":\"Poskytovatel\u00e9 krou\u017ek\u016f, pozor! Registrace do Corrency startuje u\u017e dnes!\",\"datePublished\":\"2025-12-02T09:52:31+00:00\",\"mainEntityOfPage\":{\"@id\":\"https:\/\/www.praha14.cz\/zivot-na-praze-14\/poskytovatele-krouzku-pozor-registrace-do-corrency-startuje-uz-dnes\/\"},\"wordCount\":149,\"image\":{\"@id\":\"https:\/\/www.praha14.cz\/zivot-na-praze-14\/poskytovatele-krouzku-pozor-registrace-do-corrency-startuje-uz-dnes\/#primaryimage\"},\"thumbnailUrl\":\"https:\/\/www.praha14.cz\/app\/uploads\/sites\/4\/2025\/12\/Podnikatele-FB-IG-2-296x370.png\",\"inLanguage\":\"cs\"},{\"@type\":\"WebPage\",\"@id\":\"https:\/\/www.praha14.cz\/zivot-na-praze-14\/poskytovatele-krouzku-pozor-registrace-do-corrency-startuje-uz-dnes\/\",\"url\":\"https:\/\/www.praha14.cz\/zivot-na-praze-14\/poskytovatele-krouzku-pozor-registrace-do-corrency-startuje-uz-dnes\/\",\"name\":\"Poskytovatel\u00e9 krou\u017ek\u016f, pozor! Registrace do Corrency startuje u\u017e dnes! - \u017divot na Praze 14\",\"isPartOf\":{\"@id\":\"https:\/\/www.praha14.cz\/zivot-na-praze-14\/#website\"},\"primaryImageOfPage\":{\"@id\":\"https:\/\/www.praha14.cz\/zivot-na-praze-14\/poskytovatele-krouzku-pozor-registrace-do-corrency-startuje-uz-dnes\/#primaryimage\"},\"image\":{\"@id\":\"https:\/\/www.praha14.cz\/zivot-na-praze-14\/poskytovatele-krouzku-pozor-registrace-do-corrency-startuje-uz-dnes\/#primaryimage\"},\"thumbnailUrl\":\"https:\/\/www.praha14.cz\/app\/uploads\/sites\/4\/2025\/12\/Podnikatele-FB-IG-2-296x370.png\",\"datePublished\":\"2025-12-02T09:52:31+00:00\",\"author\":{\"@id\":\"https:\/\/www.praha14.cz\/zivot-na-praze-14\/#\/schema\/person\/127a1d778cbcf76b257f93fb8c42591c\"},\"breadcrumb\":{\"@id\":\"https:\/\/www.praha14.cz\/zivot-na-praze-14\/poskytovatele-krouzku-pozor-registrace-do-corrency-startuje-uz-dnes\/#breadcrumb\"},\"inLanguage\":\"cs\",\"potentialAction\":[{\"@type\":\"ReadAction\",\"target\":[\"https:\/\/www.praha14.cz\/zivot-na-praze-14\/poskytovatele-krouzku-pozor-registrace-do-corrency-startuje-uz-dnes\/\"]}]},{\"@type\":\"ImageObject\",\"inLanguage\":\"cs\",\"@id\":\"https:\/\/www.praha14.cz\/zivot-na-praze-14\/poskytovatele-krouzku-pozor-registrace-do-corrency-startuje-uz-dnes\/#primaryimage\",\"url\":\"https:\/\/www.praha14.cz\/app\/uploads\/sites\/4\/2025\/12\/Podnikatele-FB-IG-2-296x370.png\",\"contentUrl\":\"https:\/\/www.praha14.cz\/app\/uploads\/sites\/4\/2025\/12\/Podnikatele-FB-IG-2-296x370.png\"},{\"@type\":\"BreadcrumbList\",\"@id\":\"https:\/\/www.praha14.cz\/zivot-na-praze-14\/poskytovatele-krouzku-pozor-registrace-do-corrency-startuje-uz-dnes\/#breadcrumb\",\"itemListElement\":[{\"@type\":\"ListItem\",\"position\":1,\"name\":\"\u017divot na Praze 14\",\"item\":\"https:\/\/www.praha14.cz\/zivot-na-praze-14\/\"},{\"@type\":\"ListItem\",\"position\":2,\"name\":\"Poskytovatel\u00e9 krou\u017ek\u016f, pozor! Registrace do Corrency startuje u\u017e dnes!\"}]},{\"@type\":\"WebSite\",\"@id\":\"https:\/\/www.praha14.cz\/zivot-na-praze-14\/#website\",\"url\":\"https:\/\/www.praha14.cz\/zivot-na-praze-14\/\",\"name\":\"\u017divot na Praze 14\",\"description\":\"\",\"potentialAction\":[{\"@type\":\"SearchAction\",\"target\":{\"@type\":\"EntryPoint\",\"urlTemplate\":\"https:\/\/www.praha14.cz\/zivot-na-praze-14\/?s={search_term_string}\"},\"query-input\":{\"@type\":\"PropertyValueSpecification\",\"valueRequired\":true,\"valueName\":\"search_term_string\"}}],\"inLanguage\":\"cs\"},{\"@type\":\"Person\",\"@id\":\"https:\/\/www.praha14.cz\/zivot-na-praze-14\/#\/schema\/person\/127a1d778cbcf76b257f93fb8c42591c\",\"name\":\"Odd\u011blen\u00ed komunikace\",\"image\":{\"@type\":\"ImageObject\",\"inLanguage\":\"cs\",\"@id\":\"https:\/\/secure.gravatar.com\/avatar\/e958f3d1e915848093abf89585ec4bb6a7daede2e0322c416842d9f94c3fdaca?s=96&d=mm&r=g\",\"url\":\"https:\/\/secure.gravatar.com\/avatar\/e958f3d1e915848093abf89585ec4bb6a7daede2e0322c416842d9f94c3fdaca?s=96&d=mm&r=g\",\"contentUrl\":\"https:\/\/secure.gravatar.com\/avatar\/e958f3d1e915848093abf89585ec4bb6a7daede2e0322c416842d9f94c3fdaca?s=96&d=mm&r=g\",\"caption\":\"Odd\u011blen\u00ed komunikace\"},\"url\":\"https:\/\/www.praha14.cz\/zivot-na-praze-14\/author\/luciehlavackova\/\"}]}<\/script>\n<!-- \/ Yoast SEO plugin. -->","yoast_head_json":{"title":"Poskytovatel\u00e9 krou\u017ek\u016f, pozor! Registrace do Corrency startuje u\u017e dnes! - \u017divot na Praze 14","robots":{"index":"index","follow":"follow","max-snippet":"max-snippet:-1","max-image-preview":"max-image-preview:large","max-video-preview":"max-video-preview:-1"},"canonical":"https:\/\/www.praha14.cz\/zivot-na-praze-14\/poskytovatele-krouzku-pozor-registrace-do-corrency-startuje-uz-dnes\/","og_locale":"cs_CZ","og_type":"article","og_title":"Poskytovatel\u00e9 krou\u017ek\u016f, pozor! Registrace do Corrency startuje u\u017e dnes! - \u017divot na Praze 14","og_description":"Praha 14 pokra\u010duje v \u00fasp\u011b\u0161n\u00e9m projektu Corrency, kter\u00fd pom\u00e1h\u00e1 rodin\u00e1m financovat volno\u010dasov\u00e9 aktivity d\u011bt\u00ed. Dal\u0161\u00ed vlna podpory startuje u\u017e nyn\u00ed \u2013 poskytovatel\u00e9 krou\u017ek\u016f a kurz\u016f se mohou registrovat od 2. prosince na praha14.corrency.cz. Ob\u010dan\u00e9 se budou moci p\u0159ihl\u00e1sit od 1. ledna 2026. M\u011bstsk\u00e1 \u010d\u00e1st rozd\u011bl\u00ed 1 000 000 K\u010d mezi prvn\u00edch 666 d\u011bt\u00ed, kter\u00e9 spln\u00ed...","og_url":"https:\/\/www.praha14.cz\/zivot-na-praze-14\/poskytovatele-krouzku-pozor-registrace-do-corrency-startuje-uz-dnes\/","og_site_name":"\u017divot na Praze 14","article_published_time":"2025-12-02T09:52:31+00:00","og_image":[{"width":2048,"height":2560,"url":"https:\/\/www.praha14.cz\/app\/uploads\/sites\/4\/2025\/12\/Podnikatele-FB-IG-2-scaled.png","type":"image\/png"}],"author":"Odd\u011blen\u00ed komunikace","twitter_card":"summary_large_image","twitter_misc":{"Written by":"Odd\u011blen\u00ed komunikace","Est. reading time":"1 minuta"},"schema":{"@context":"https:\/\/schema.org","@graph":[{"@type":"Article","@id":"https:\/\/www.praha14.cz\/zivot-na-praze-14\/poskytovatele-krouzku-pozor-registrace-do-corrency-startuje-uz-dnes\/#article","isPartOf":{"@id":"https:\/\/www.praha14.cz\/zivot-na-praze-14\/poskytovatele-krouzku-pozor-registrace-do-corrency-startuje-uz-dnes\/"},"author":{"name":"Odd\u011blen\u00ed komunikace","@id":"https:\/\/www.praha14.cz\/zivot-na-praze-14\/#\/schema\/person\/127a1d778cbcf76b257f93fb8c42591c"},"headline":"Poskytovatel\u00e9 krou\u017ek\u016f, pozor! Registrace do Corrency startuje u\u017e dnes!","datePublished":"2025-12-02T09:52:31+00:00","mainEntityOfPage":{"@id":"https:\/\/www.praha14.cz\/zivot-na-praze-14\/poskytovatele-krouzku-pozor-registrace-do-corrency-startuje-uz-dnes\/"},"wordCount":149,"image":{"@id":"https:\/\/www.praha14.cz\/zivot-na-praze-14\/poskytovatele-krouzku-pozor-registrace-do-corrency-startuje-uz-dnes\/#primaryimage"},"thumbnailUrl":"https:\/\/www.praha14.cz\/app\/uploads\/sites\/4\/2025\/12\/Podnikatele-FB-IG-2-296x370.png","inLanguage":"cs"},{"@type":"WebPage","@id":"https:\/\/www.praha14.cz\/zivot-na-praze-14\/poskytovatele-krouzku-pozor-registrace-do-corrency-startuje-uz-dnes\/","url":"https:\/\/www.praha14.cz\/zivot-na-praze-14\/poskytovatele-krouzku-pozor-registrace-do-corrency-startuje-uz-dnes\/","name":"Poskytovatel\u00e9 krou\u017ek\u016f, pozor! Registrace do Corrency startuje u\u017e dnes! - \u017divot na Praze 14","isPartOf":{"@id":"https:\/\/www.praha14.cz\/zivot-na-praze-14\/#website"},"primaryImageOfPage":{"@id":"https:\/\/www.praha14.cz\/zivot-na-praze-14\/poskytovatele-krouzku-pozor-registrace-do-corrency-startuje-uz-dnes\/#primaryimage"},"image":{"@id":"https:\/\/www.praha14.cz\/zivot-na-praze-14\/poskytovatele-krouzku-pozor-registrace-do-corrency-startuje-uz-dnes\/#primaryimage"},"thumbnailUrl":"https:\/\/www.praha14.cz\/app\/uploads\/sites\/4\/2025\/12\/Podnikatele-FB-IG-2-296x370.png","datePublished":"2025-12-02T09:52:31+00:00","author":{"@id":"https:\/\/www.praha14.cz\/zivot-na-praze-14\/#\/schema\/person\/127a1d778cbcf76b257f93fb8c42591c"},"breadcrumb":{"@id":"https:\/\/www.praha14.cz\/zivot-na-praze-14\/poskytovatele-krouzku-pozor-registrace-do-corrency-startuje-uz-dnes\/#breadcrumb"},"inLanguage":"cs","potentialAction":[{"@type":"ReadAction","target":["https:\/\/www.praha14.cz\/zivot-na-praze-14\/poskytovatele-krouzku-pozor-registrace-do-corrency-startuje-uz-dnes\/"]}]},{"@type":"ImageObject","inLanguage":"cs","@id":"https:\/\/www.praha14.cz\/zivot-na-praze-14\/poskytovatele-krouzku-pozor-registrace-do-corrency-startuje-uz-dnes\/#primaryimage","url":"https:\/\/www.praha14.cz\/app\/uploads\/sites\/4\/2025\/12\/Podnikatele-FB-IG-2-296x370.png","contentUrl":"https:\/\/www.praha14.cz\/app\/uploads\/sites\/4\/2025\/12\/Podnikatele-FB-IG-2-296x370.png"},{"@type":"BreadcrumbList","@id":"https:\/\/www.praha14.cz\/zivot-na-praze-14\/poskytovatele-krouzku-pozor-registrace-do-corrency-startuje-uz-dnes\/#breadcrumb","itemListElement":[{"@type":"ListItem","position":1,"name":"\u017divot na Praze 14","item":"https:\/\/www.praha14.cz\/zivot-na-praze-14\/"},{"@type":"ListItem","position":2,"name":"Poskytovatel\u00e9 krou\u017ek\u016f, pozor! Registrace do Corrency startuje u\u017e dnes!"}]},{"@type":"WebSite","@id":"https:\/\/www.praha14.cz\/zivot-na-praze-14\/#website","url":"https:\/\/www.praha14.cz\/zivot-na-praze-14\/","name":"\u017divot na Praze 14","description":"","potentialAction":[{"@type":"SearchAction","target":{"@type":"EntryPoint","urlTemplate":"https:\/\/www.praha14.cz\/zivot-na-praze-14\/?s={search_term_string}"},"query-input":{"@type":"PropertyValueSpecification","valueRequired":true,"valueName":"search_term_string"}}],"inLanguage":"cs"},{"@type":"Person","@id":"https:\/\/www.praha14.cz\/zivot-na-praze-14\/#\/schema\/person\/127a1d778cbcf76b257f93fb8c42591c","name":"Odd\u011blen\u00ed komunikace","image":{"@type":"ImageObject","inLanguage":"cs","@id":"https:\/\/secure.gravatar.com\/avatar\/e958f3d1e915848093abf89585ec4bb6a7daede2e0322c416842d9f94c3fdaca?s=96&d=mm&r=g","url":"https:\/\/secure.gravatar.com\/avatar\/e958f3d1e915848093abf89585ec4bb6a7daede2e0322c416842d9f94c3fdaca?s=96&d=mm&r=g","contentUrl":"https:\/\/secure.gravatar.com\/avatar\/e958f3d1e915848093abf89585ec4bb6a7daede2e0322c416842d9f94c3fdaca?s=96&d=mm&r=g","caption":"Odd\u011blen\u00ed komunikace"},"url":"https:\/\/www.praha14.cz\/zivot-na-praze-14\/author\/luciehlavackova\/"}]}},"_links":{"self":[{"href":"https:\/\/www.praha14.cz\/zivot-na-praze-14\/wp-json\/wp\/v2\/posts\/73521","targetHints":{"allow":["GET"]}}],"collection":[{"href":"https:\/\/www.praha14.cz\/zivot-na-praze-14\/wp-json\/wp\/v2\/posts"}],"about":[{"href":"https:\/\/www.praha14.cz\/zivot-na-praze-14\/wp-json\/wp\/v2\/types\/post"}],"author":[{"embeddable":true,"href":"https:\/\/www.praha14.cz\/zivot-na-praze-14\/wp-json\/wp\/v2\/users\/1057"}],"replies":[{"embeddable":true,"href":"https:\/\/www.praha14.cz\/zivot-na-praze-14\/wp-json\/wp\/v2\/comments?post=73521"}],"version-history":[{"count":1,"href":"https:\/\/www.praha14.cz\/zivot-na-praze-14\/wp-json\/wp\/v2\/posts\/73521\/revisions"}],"predecessor-version":[{"id":73524,"href":"https:\/\/www.praha14.cz\/zivot-na-praze-14\/wp-json\/wp\/v2\/posts\/73521\/revisions\/73524"}],"wp:attachment":[{"href":"https:\/\/www.praha14.cz\/zivot-na-praze-14\/wp-json\/wp\/v2\/media?parent=73521"}],"wp:term":[{"taxonomy":"category","embeddable":true,"href":"https:\/\/www.praha14.cz\/zivot-na-praze-14\/wp-json\/wp\/v2\/categories?post=73521"},{"taxonomy":"post_tag","embeddable":true,"href":"https:\/\/www.praha14.cz\/zivot-na-praze-14\/wp-json\/wp\/v2\/tags?post=73521"}],"curies":[{"name":"wp","href":"https:\/\/api.w.org\/{rel}","templated":true}]}}