{"id":73846,"date":"2026-03-03T11:05:43","date_gmt":"2026-03-03T11:05:43","guid":{"rendered":"https:\/\/www.praha14.cz\/zivot-na-praze-14\/?p=73846"},"modified":"2026-03-04T16:14:04","modified_gmt":"2026-03-04T16:14:04","slug":"farmarske-trhy-se-vraceji-na-sva-tradicni-mista","status":"publish","type":"post","link":"https:\/\/www.praha14.cz\/zivot-na-praze-14\/farmarske-trhy-se-vraceji-na-sva-tradicni-mista\/","title":{"rendered":"Farm\u00e1\u0159sk\u00e9 trhy se vracej\u00ed na sv\u00e1 tradi\u010dn\u00ed m\u00edsta"},"content":{"rendered":"<p data-start=\"88\" data-end=\"469\">Od \u00fater\u00fd <strong data-start=\"97\" data-end=\"116\">10. b\u0159ezna 2026<\/strong> se na tradi\u010dn\u00ed m\u00edsta vracej\u00ed <strong data-start=\"146\" data-end=\"164\">farm\u00e1\u0159sk\u00e9 trhy<\/strong>. \u010cerstvou zeleninu, uzeniny a dal\u0161\u00ed dobroty p\u0159\u00edmo od \u010desk\u00fdch farm\u00e1\u0159\u016f si m\u016f\u017eete zakoupit ka\u017ed\u00e9 \u00fater\u00fd na hloub\u011bt\u00ednsk\u00e9m n\u00e1m\u011bst\u00ed, ve st\u0159edu na dl\u00e1\u017ed\u011bn\u00e9 plo\u0161e u stanice metra Rajsk\u00e1 zahrada a ka\u017ed\u00fd p\u00e1tek na prostranstv\u00ed u stanice metra \u010cern\u00fd Most, v\u017edy v \u010dase od 9.00 do 19.00 hodin.<br \/>\nFarm\u00e1\u0159sk\u00e9 trhy budou v provozu <strong data-start=\"502\" data-end=\"526\">do 18. prosince 2026<\/strong>.<\/p>\n<p style=\"text-align: right;\" data-start=\"88\" data-end=\"469\">Zve\u0159ejn\u011bno: 28. ledna 2026<\/p>\n","protected":false},"excerpt":{"rendered":"<p>Od \u00fater\u00fd 10. b\u0159ezna 2026 se na tradi\u010dn\u00ed m\u00edsta vracej\u00ed farm\u00e1\u0159sk\u00e9 trhy. \u010cerstvou zeleninu, uzeniny a dal\u0161\u00ed dobroty p\u0159\u00edmo od \u010desk\u00fdch farm\u00e1\u0159\u016f si m\u016f\u017eete zakoupit ka\u017ed\u00e9 \u00fater\u00fd na hloub\u011bt\u00ednsk\u00e9m n\u00e1m\u011bst\u00ed, ve st\u0159edu na dl\u00e1\u017ed\u011bn\u00e9 plo\u0161e u stanice metra Rajsk\u00e1 zahrada a ka\u017ed\u00fd p\u00e1tek na prostranstv\u00ed u stanice metra \u010cern\u00fd Most, v\u017edy v \u010dase od 9.00&#8230;<\/p>\n","protected":false},"author":1057,"featured_media":0,"comment_status":"closed","ping_status":"closed","sticky":false,"template":"","format":"standard","meta":{"_acf_changed":false,"footnotes":""},"categories":[1],"tags":[],"class_list":["post-73846","post","type-post","status-publish","format-standard","hentry","category-nezarazene"],"acf":[],"geo":null,"yoast_head":"<!-- This site is optimized with the Yoast SEO plugin v27.2 - https:\/\/yoast.com\/product\/yoast-seo-wordpress\/ -->\n<title>Farm\u00e1\u0159sk\u00e9 trhy se vracej\u00ed na sv\u00e1 tradi\u010dn\u00ed m\u00edsta - \u017divot na Praze 14<\/title>\n<meta name=\"robots\" content=\"index, follow, max-snippet:-1, max-image-preview:large, max-video-preview:-1\" \/>\n<link rel=\"canonical\" href=\"https:\/\/www.praha14.cz\/zivot-na-praze-14\/farmarske-trhy-se-vraceji-na-sva-tradicni-mista\/\" \/>\n<meta property=\"og:locale\" content=\"cs_CZ\" \/>\n<meta property=\"og:type\" content=\"article\" \/>\n<meta property=\"og:title\" content=\"Farm\u00e1\u0159sk\u00e9 trhy se vracej\u00ed na sv\u00e1 tradi\u010dn\u00ed m\u00edsta - \u017divot na Praze 14\" \/>\n<meta property=\"og:description\" content=\"Od \u00fater\u00fd 10. b\u0159ezna 2026 se na tradi\u010dn\u00ed m\u00edsta vracej\u00ed farm\u00e1\u0159sk\u00e9 trhy. \u010cerstvou zeleninu, uzeniny a dal\u0161\u00ed dobroty p\u0159\u00edmo od \u010desk\u00fdch farm\u00e1\u0159\u016f si m\u016f\u017eete zakoupit ka\u017ed\u00e9 \u00fater\u00fd na hloub\u011bt\u00ednsk\u00e9m n\u00e1m\u011bst\u00ed, ve st\u0159edu na dl\u00e1\u017ed\u011bn\u00e9 plo\u0161e u stanice metra Rajsk\u00e1 zahrada a ka\u017ed\u00fd p\u00e1tek na prostranstv\u00ed u stanice metra \u010cern\u00fd Most, v\u017edy v \u010dase od 9.00...\" \/>\n<meta property=\"og:url\" content=\"https:\/\/www.praha14.cz\/zivot-na-praze-14\/farmarske-trhy-se-vraceji-na-sva-tradicni-mista\/\" \/>\n<meta property=\"og:site_name\" content=\"\u017divot na Praze 14\" \/>\n<meta property=\"article:published_time\" content=\"2026-03-03T11:05:43+00:00\" \/>\n<meta property=\"article:modified_time\" content=\"2026-03-04T16:14:04+00:00\" \/>\n<meta name=\"author\" content=\"Odd\u011blen\u00ed komunikace\" \/>\n<meta name=\"twitter:card\" content=\"summary_large_image\" \/>\n<meta name=\"twitter:label1\" content=\"Written by\" \/>\n\t<meta name=\"twitter:data1\" content=\"Odd\u011blen\u00ed komunikace\" \/>\n\t<meta name=\"twitter:label2\" content=\"Est. reading time\" \/>\n\t<meta name=\"twitter:data2\" content=\"1 minuta\" \/>\n<script type=\"application\/ld+json\" class=\"yoast-schema-graph\">{\"@context\":\"https:\/\/schema.org\",\"@graph\":[{\"@type\":\"Article\",\"@id\":\"https:\/\/www.praha14.cz\/zivot-na-praze-14\/farmarske-trhy-se-vraceji-na-sva-tradicni-mista\/#article\",\"isPartOf\":{\"@id\":\"https:\/\/www.praha14.cz\/zivot-na-praze-14\/farmarske-trhy-se-vraceji-na-sva-tradicni-mista\/\"},\"author\":{\"name\":\"Odd\u011blen\u00ed komunikace\",\"@id\":\"https:\/\/www.praha14.cz\/zivot-na-praze-14\/#\/schema\/person\/127a1d778cbcf76b257f93fb8c42591c\"},\"headline\":\"Farm\u00e1\u0159sk\u00e9 trhy se vracej\u00ed na sv\u00e1 tradi\u010dn\u00ed m\u00edsta\",\"datePublished\":\"2026-03-03T11:05:43+00:00\",\"dateModified\":\"2026-03-04T16:14:04+00:00\",\"mainEntityOfPage\":{\"@id\":\"https:\/\/www.praha14.cz\/zivot-na-praze-14\/farmarske-trhy-se-vraceji-na-sva-tradicni-mista\/\"},\"wordCount\":97,\"inLanguage\":\"cs\"},{\"@type\":\"WebPage\",\"@id\":\"https:\/\/www.praha14.cz\/zivot-na-praze-14\/farmarske-trhy-se-vraceji-na-sva-tradicni-mista\/\",\"url\":\"https:\/\/www.praha14.cz\/zivot-na-praze-14\/farmarske-trhy-se-vraceji-na-sva-tradicni-mista\/\",\"name\":\"Farm\u00e1\u0159sk\u00e9 trhy se vracej\u00ed na sv\u00e1 tradi\u010dn\u00ed m\u00edsta - \u017divot na Praze 14\",\"isPartOf\":{\"@id\":\"https:\/\/www.praha14.cz\/zivot-na-praze-14\/#website\"},\"datePublished\":\"2026-03-03T11:05:43+00:00\",\"dateModified\":\"2026-03-04T16:14:04+00:00\",\"author\":{\"@id\":\"https:\/\/www.praha14.cz\/zivot-na-praze-14\/#\/schema\/person\/127a1d778cbcf76b257f93fb8c42591c\"},\"breadcrumb\":{\"@id\":\"https:\/\/www.praha14.cz\/zivot-na-praze-14\/farmarske-trhy-se-vraceji-na-sva-tradicni-mista\/#breadcrumb\"},\"inLanguage\":\"cs\",\"potentialAction\":[{\"@type\":\"ReadAction\",\"target\":[\"https:\/\/www.praha14.cz\/zivot-na-praze-14\/farmarske-trhy-se-vraceji-na-sva-tradicni-mista\/\"]}]},{\"@type\":\"BreadcrumbList\",\"@id\":\"https:\/\/www.praha14.cz\/zivot-na-praze-14\/farmarske-trhy-se-vraceji-na-sva-tradicni-mista\/#breadcrumb\",\"itemListElement\":[{\"@type\":\"ListItem\",\"position\":1,\"name\":\"\u017divot na Praze 14\",\"item\":\"https:\/\/www.praha14.cz\/zivot-na-praze-14\/\"},{\"@type\":\"ListItem\",\"position\":2,\"name\":\"Farm\u00e1\u0159sk\u00e9 trhy se vracej\u00ed na sv\u00e1 tradi\u010dn\u00ed m\u00edsta\"}]},{\"@type\":\"WebSite\",\"@id\":\"https:\/\/www.praha14.cz\/zivot-na-praze-14\/#website\",\"url\":\"https:\/\/www.praha14.cz\/zivot-na-praze-14\/\",\"name\":\"\u017divot na Praze 14\",\"description\":\"\",\"potentialAction\":[{\"@type\":\"SearchAction\",\"target\":{\"@type\":\"EntryPoint\",\"urlTemplate\":\"https:\/\/www.praha14.cz\/zivot-na-praze-14\/?s={search_term_string}\"},\"query-input\":{\"@type\":\"PropertyValueSpecification\",\"valueRequired\":true,\"valueName\":\"search_term_string\"}}],\"inLanguage\":\"cs\"},{\"@type\":\"Person\",\"@id\":\"https:\/\/www.praha14.cz\/zivot-na-praze-14\/#\/schema\/person\/127a1d778cbcf76b257f93fb8c42591c\",\"name\":\"Odd\u011blen\u00ed komunikace\",\"image\":{\"@type\":\"ImageObject\",\"inLanguage\":\"cs\",\"@id\":\"https:\/\/secure.gravatar.com\/avatar\/e958f3d1e915848093abf89585ec4bb6a7daede2e0322c416842d9f94c3fdaca?s=96&d=mm&r=g\",\"url\":\"https:\/\/secure.gravatar.com\/avatar\/e958f3d1e915848093abf89585ec4bb6a7daede2e0322c416842d9f94c3fdaca?s=96&d=mm&r=g\",\"contentUrl\":\"https:\/\/secure.gravatar.com\/avatar\/e958f3d1e915848093abf89585ec4bb6a7daede2e0322c416842d9f94c3fdaca?s=96&d=mm&r=g\",\"caption\":\"Odd\u011blen\u00ed komunikace\"},\"url\":\"https:\/\/www.praha14.cz\/zivot-na-praze-14\/author\/luciehlavackova\/\"}]}<\/script>\n<!-- \/ Yoast SEO plugin. -->","yoast_head_json":{"title":"Farm\u00e1\u0159sk\u00e9 trhy se vracej\u00ed na sv\u00e1 tradi\u010dn\u00ed m\u00edsta - \u017divot na Praze 14","robots":{"index":"index","follow":"follow","max-snippet":"max-snippet:-1","max-image-preview":"max-image-preview:large","max-video-preview":"max-video-preview:-1"},"canonical":"https:\/\/www.praha14.cz\/zivot-na-praze-14\/farmarske-trhy-se-vraceji-na-sva-tradicni-mista\/","og_locale":"cs_CZ","og_type":"article","og_title":"Farm\u00e1\u0159sk\u00e9 trhy se vracej\u00ed na sv\u00e1 tradi\u010dn\u00ed m\u00edsta - \u017divot na Praze 14","og_description":"Od \u00fater\u00fd 10. b\u0159ezna 2026 se na tradi\u010dn\u00ed m\u00edsta vracej\u00ed farm\u00e1\u0159sk\u00e9 trhy. \u010cerstvou zeleninu, uzeniny a dal\u0161\u00ed dobroty p\u0159\u00edmo od \u010desk\u00fdch farm\u00e1\u0159\u016f si m\u016f\u017eete zakoupit ka\u017ed\u00e9 \u00fater\u00fd na hloub\u011bt\u00ednsk\u00e9m n\u00e1m\u011bst\u00ed, ve st\u0159edu na dl\u00e1\u017ed\u011bn\u00e9 plo\u0161e u stanice metra Rajsk\u00e1 zahrada a ka\u017ed\u00fd p\u00e1tek na prostranstv\u00ed u stanice metra \u010cern\u00fd Most, v\u017edy v \u010dase od 9.00...","og_url":"https:\/\/www.praha14.cz\/zivot-na-praze-14\/farmarske-trhy-se-vraceji-na-sva-tradicni-mista\/","og_site_name":"\u017divot na Praze 14","article_published_time":"2026-03-03T11:05:43+00:00","article_modified_time":"2026-03-04T16:14:04+00:00","author":"Odd\u011blen\u00ed komunikace","twitter_card":"summary_large_image","twitter_misc":{"Written by":"Odd\u011blen\u00ed komunikace","Est. reading time":"1 minuta"},"schema":{"@context":"https:\/\/schema.org","@graph":[{"@type":"Article","@id":"https:\/\/www.praha14.cz\/zivot-na-praze-14\/farmarske-trhy-se-vraceji-na-sva-tradicni-mista\/#article","isPartOf":{"@id":"https:\/\/www.praha14.cz\/zivot-na-praze-14\/farmarske-trhy-se-vraceji-na-sva-tradicni-mista\/"},"author":{"name":"Odd\u011blen\u00ed komunikace","@id":"https:\/\/www.praha14.cz\/zivot-na-praze-14\/#\/schema\/person\/127a1d778cbcf76b257f93fb8c42591c"},"headline":"Farm\u00e1\u0159sk\u00e9 trhy se vracej\u00ed na sv\u00e1 tradi\u010dn\u00ed m\u00edsta","datePublished":"2026-03-03T11:05:43+00:00","dateModified":"2026-03-04T16:14:04+00:00","mainEntityOfPage":{"@id":"https:\/\/www.praha14.cz\/zivot-na-praze-14\/farmarske-trhy-se-vraceji-na-sva-tradicni-mista\/"},"wordCount":97,"inLanguage":"cs"},{"@type":"WebPage","@id":"https:\/\/www.praha14.cz\/zivot-na-praze-14\/farmarske-trhy-se-vraceji-na-sva-tradicni-mista\/","url":"https:\/\/www.praha14.cz\/zivot-na-praze-14\/farmarske-trhy-se-vraceji-na-sva-tradicni-mista\/","name":"Farm\u00e1\u0159sk\u00e9 trhy se vracej\u00ed na sv\u00e1 tradi\u010dn\u00ed m\u00edsta - \u017divot na Praze 14","isPartOf":{"@id":"https:\/\/www.praha14.cz\/zivot-na-praze-14\/#website"},"datePublished":"2026-03-03T11:05:43+00:00","dateModified":"2026-03-04T16:14:04+00:00","author":{"@id":"https:\/\/www.praha14.cz\/zivot-na-praze-14\/#\/schema\/person\/127a1d778cbcf76b257f93fb8c42591c"},"breadcrumb":{"@id":"https:\/\/www.praha14.cz\/zivot-na-praze-14\/farmarske-trhy-se-vraceji-na-sva-tradicni-mista\/#breadcrumb"},"inLanguage":"cs","potentialAction":[{"@type":"ReadAction","target":["https:\/\/www.praha14.cz\/zivot-na-praze-14\/farmarske-trhy-se-vraceji-na-sva-tradicni-mista\/"]}]},{"@type":"BreadcrumbList","@id":"https:\/\/www.praha14.cz\/zivot-na-praze-14\/farmarske-trhy-se-vraceji-na-sva-tradicni-mista\/#breadcrumb","itemListElement":[{"@type":"ListItem","position":1,"name":"\u017divot na Praze 14","item":"https:\/\/www.praha14.cz\/zivot-na-praze-14\/"},{"@type":"ListItem","position":2,"name":"Farm\u00e1\u0159sk\u00e9 trhy se vracej\u00ed na sv\u00e1 tradi\u010dn\u00ed m\u00edsta"}]},{"@type":"WebSite","@id":"https:\/\/www.praha14.cz\/zivot-na-praze-14\/#website","url":"https:\/\/www.praha14.cz\/zivot-na-praze-14\/","name":"\u017divot na Praze 14","description":"","potentialAction":[{"@type":"SearchAction","target":{"@type":"EntryPoint","urlTemplate":"https:\/\/www.praha14.cz\/zivot-na-praze-14\/?s={search_term_string}"},"query-input":{"@type":"PropertyValueSpecification","valueRequired":true,"valueName":"search_term_string"}}],"inLanguage":"cs"},{"@type":"Person","@id":"https:\/\/www.praha14.cz\/zivot-na-praze-14\/#\/schema\/person\/127a1d778cbcf76b257f93fb8c42591c","name":"Odd\u011blen\u00ed komunikace","image":{"@type":"ImageObject","inLanguage":"cs","@id":"https:\/\/secure.gravatar.com\/avatar\/e958f3d1e915848093abf89585ec4bb6a7daede2e0322c416842d9f94c3fdaca?s=96&d=mm&r=g","url":"https:\/\/secure.gravatar.com\/avatar\/e958f3d1e915848093abf89585ec4bb6a7daede2e0322c416842d9f94c3fdaca?s=96&d=mm&r=g","contentUrl":"https:\/\/secure.gravatar.com\/avatar\/e958f3d1e915848093abf89585ec4bb6a7daede2e0322c416842d9f94c3fdaca?s=96&d=mm&r=g","caption":"Odd\u011blen\u00ed komunikace"},"url":"https:\/\/www.praha14.cz\/zivot-na-praze-14\/author\/luciehlavackova\/"}]}},"_links":{"self":[{"href":"https:\/\/www.praha14.cz\/zivot-na-praze-14\/wp-json\/wp\/v2\/posts\/73846","targetHints":{"allow":["GET"]}}],"collection":[{"href":"https:\/\/www.praha14.cz\/zivot-na-praze-14\/wp-json\/wp\/v2\/posts"}],"about":[{"href":"https:\/\/www.praha14.cz\/zivot-na-praze-14\/wp-json\/wp\/v2\/types\/post"}],"author":[{"embeddable":true,"href":"https:\/\/www.praha14.cz\/zivot-na-praze-14\/wp-json\/wp\/v2\/users\/1057"}],"replies":[{"embeddable":true,"href":"https:\/\/www.praha14.cz\/zivot-na-praze-14\/wp-json\/wp\/v2\/comments?post=73846"}],"version-history":[{"count":2,"href":"https:\/\/www.praha14.cz\/zivot-na-praze-14\/wp-json\/wp\/v2\/posts\/73846\/revisions"}],"predecessor-version":[{"id":73848,"href":"https:\/\/www.praha14.cz\/zivot-na-praze-14\/wp-json\/wp\/v2\/posts\/73846\/revisions\/73848"}],"wp:attachment":[{"href":"https:\/\/www.praha14.cz\/zivot-na-praze-14\/wp-json\/wp\/v2\/media?parent=73846"}],"wp:term":[{"taxonomy":"category","embeddable":true,"href":"https:\/\/www.praha14.cz\/zivot-na-praze-14\/wp-json\/wp\/v2\/categories?post=73846"},{"taxonomy":"post_tag","embeddable":true,"href":"https:\/\/www.praha14.cz\/zivot-na-praze-14\/wp-json\/wp\/v2\/tags?post=73846"}],"curies":[{"name":"wp","href":"https:\/\/api.w.org\/{rel}","templated":true}]}}