{"id":74139,"date":"2026-03-12T09:46:14","date_gmt":"2026-03-12T09:46:14","guid":{"rendered":"https:\/\/www.praha14.cz\/zivot-na-praze-14\/?p=74139"},"modified":"2026-03-12T09:46:14","modified_gmt":"2026-03-12T09:46:14","slug":"harmonogram-deratizace-zajistovane-magistratem-hl-m-prahy","status":"publish","type":"post","link":"https:\/\/www.praha14.cz\/zivot-na-praze-14\/harmonogram-deratizace-zajistovane-magistratem-hl-m-prahy\/","title":{"rendered":"Harmonogram deratizace zaji\u0161\u0165ovan\u00e9 Magistr\u00e1tem hl. m. Prahy"},"content":{"rendered":"<p>Hlavn\u00ed m\u011bsto Praha bude i v leto\u0161n\u00edm roce prov\u00e1d\u011bt pravidelnou cyklickou deratizaci v kanaliza\u010dn\u00ed s\u00edti a na venkovn\u00edch ploch\u00e1ch, kter\u00e9 vlastn\u00ed \u010di spravuje. N\u00ed\u017ee uv\u00e1d\u00edme term\u00edny, kdy bude o\u0161et\u0159en\u00ed prob\u00edhat na \u00fazem\u00ed Prahy 14, v p\u0159\u00edpad\u011b z\u00e1jmu si v\u0161ak m\u016f\u017eete st\u00e1hnout i <a href=\"https:\/\/www.praha14.cz\/app\/uploads\/sites\/4\/2026\/03\/Harmonogram_2026_final.pdf\" target=\"_blank\" rel=\"noopener\">kompletn\u00ed harmonogram pro cel\u00e9 m\u011bsto<\/a>.<\/p>\n<p>\u010casov\u00fd pl\u00e1n deratizace byl vytvo\u0159en mimo jin\u00e9 i na z\u00e1klad\u011b podn\u011bt\u016f, kter\u00e9 Magistr\u00e1t hl. m. Prahy loni obdr\u017eel od z\u00e1stupc\u016f m\u011bstsk\u00fdch \u010d\u00e1st\u00ed a jejich obyvatel. <strong>Hlavn\u00ed m\u011bsto z\u00e1rove\u0148 \u017e\u00e1d\u00e1 spr\u00e1vce a majitele ostatn\u00edch pozemk\u016f (m\u011bstsk\u00e9 \u010d\u00e1sti, SVJ, BD atd.), aby i vlastn\u00ed odborn\u00e9 deratiza\u010dn\u00ed z\u00e1sahy na zelen\u00fdch ploch\u00e1ch a dal\u0161\u00edm sv\u011b\u0159en\u00e9m majetku term\u00ednov\u011b sladili s m\u011bstsk\u00fdm harmonogramem. \u00da\u010dinnost deratizace se t\u00edm zv\u00fd\u0161\u00ed.\u00a0<\/strong><\/p>\n<p>Upozor\u0148ujeme, \u017ee deratiza\u010dn\u00ed pl\u00e1n hl. m\u011bsta je a bude pr\u016fb\u011b\u017en\u011b aktualizov\u00e1n podle pot\u0159eby akutn\u00edch z\u00e1sah\u016f. Z tohoto d\u016fvodu m\u016f\u017ee doj\u00edt k posunu n\u011bkter\u00fdch prac\u00ed do pozd\u011bj\u0161\u00edch term\u00edn\u016f, av\u0161ak st\u00e1le v r\u00e1mci pl\u00e1novan\u00e9ho m\u011bs\u00edce. Harmonogram se m\u016f\u017ee v pr\u016fb\u011bhu deratiza\u010dn\u00edch prac\u00ed m\u011bnit, a to jak v z\u00e1vislosti na klimatick\u00fdch podm\u00ednk\u00e1ch, tak na nutnosti neodkladn\u00fdch z\u00e1sah\u016f ve v\u00edce zasa\u017een\u00fdch lokalit\u00e1ch.<\/p>\n<p><strong>Harmonogram deratizace prov\u00e1d\u011bn\u00e9 hl. m. Prahou na \u00fazem\u00ed M\u010c Praha 14\u00a0<\/strong><\/p>\n<table width=\"841\">\n<tbody>\n<tr>\n<td style=\"text-align: center;\" width=\"202\"><strong>Term\u00edn<\/strong><\/td>\n<td style=\"text-align: center;\" width=\"135\"><strong>Lokalita<\/strong><\/td>\n<td style=\"text-align: center;\" width=\"504\"><strong>Ulice<\/strong><\/td>\n<\/tr>\n<tr>\n<td width=\"202\"><strong>1. a\u017e 8. dubna 2026; 18. a\u017e 31. srpna 2026<\/strong><\/td>\n<td>\u010cern\u00fd Most<\/td>\n<td width=\"504\">Va\u0161\u00e1tkova, Dole\u017ealova, Hla\u010fova, \u0160e\u010fova, Mare\u0161ova, Ocelkova, Vl\u010dkova, Boj\u010denkova, Dygr\u00fdnova, C\u00edglerova, Kpt. Str\u00e1nsk\u00e9ho, Vyb\u00edralova, Gen. Janou\u0161ka, Ku\u010derova, Mansfeldova, Ma\u0148\u00e1kova, Bobkova, Bryksova, Anderleho, Ocelkova, Arno\u0161ta Valenty, Dobrovoln\u00e9ho \u2013 okol\u00ed kone\u010dn\u00e9 stanice metra \u010cern\u00fd Most a Rajsk\u00e1 zahrada, n\u00e1m. Plk. Vl\u010dka, Irvingova<\/td>\n<\/tr>\n<tr>\n<td width=\"202\"><strong>15. a\u017e 28. \u010dervna 2026; 31. srpna a\u017e 13. z\u00e1\u0159\u00ed 2026<\/strong><\/td>\n<td>Hostavice<\/td>\n<td>Travn\u00e1<\/td>\n<\/tr>\n<tr>\n<td width=\"202\"><\/td>\n<td>Kyje<\/td>\n<td width=\"504\">Hod\u011bjovsk\u00e1, Koberkova, Ro\u017embersk\u00e1, Kyjsk\u00fd rybn\u00edk \u2013 okol\u00ed sm\u011brem k T\u00e1linsk\u00e9 ul., U Rybn\u00edka, Vajgarsk\u00e1, Zacharsk\u00e1, Za Rokytkou<\/td>\n<\/tr>\n<tr>\n<td width=\"202\"><strong>1. a\u017e 14. \u010dervna 2026; 31. srpna a\u017e 13. z\u00e1\u0159\u00ed 2026<\/strong><\/td>\n<td>Hloub\u011bt\u00edn<\/td>\n<td width=\"504\">Kryloveck\u00e1, Karda\u0161ovsk\u00e1, Modr\u00e9ho \u2013 okol\u00ed popelnic, Pod\u011bbradsk\u00e1, Rochovsk\u00e1, Sl\u00e9va\u010dsk\u00e1, Konzumn\u00ed, Kbelsk\u00e1, Hloub\u011bt\u00ednsk\u00e1, \u0160estajovick\u00e1, Za \u010cern\u00fdm mostem<\/td>\n<\/tr>\n<\/tbody>\n<\/table>\n<p>Kontrola lokalit se zv\u00fd\u0161en\u00fdm v\u00fdskytem a o\u0161et\u0159en\u00ed lokalit dle dodate\u010dn\u00fdch po\u017eadavk\u016f Magistr\u00e1tu hl. m. Prahy: <strong>29. \u010dervna a\u017e 16. srpna 2026; 14. z\u00e1\u0159\u00ed a\u017e 31. \u0159\u00edjna 2026<\/strong><\/p>\n<p><em>Zdroj: Magistr\u00e1t hl. m. Prahy<\/em><\/p>\n<p>Zve\u0159ejn\u011bno: 12. 3. 2026<\/p>\n<p>&nbsp;<\/p>\n<p>&nbsp;<\/p>\n<p>&nbsp;<\/p>\n<p>&nbsp;<\/p>\n<p><strong>\u00a0<\/strong><\/p>\n<p><strong>\u00a0<\/strong><\/p>\n<p><strong>\u00a0<\/strong><\/p>\n<div><\/div>\n","protected":false},"excerpt":{"rendered":"<p>Hlavn\u00ed m\u011bsto Praha bude i v leto\u0161n\u00edm roce prov\u00e1d\u011bt pravidelnou cyklickou deratizaci v kanaliza\u010dn\u00ed s\u00edti a na venkovn\u00edch ploch\u00e1ch, kter\u00e9 vlastn\u00ed \u010di spravuje. N\u00ed\u017ee uv\u00e1d\u00edme term\u00edny, kdy bude o\u0161et\u0159en\u00ed prob\u00edhat na \u00fazem\u00ed Prahy 14, v p\u0159\u00edpad\u011b z\u00e1jmu si v\u0161ak m\u016f\u017eete st\u00e1hnout i kompletn\u00ed harmonogram pro cel\u00e9 m\u011bsto. \u010casov\u00fd pl\u00e1n deratizace byl vytvo\u0159en mimo jin\u00e9 i&#8230;<\/p>\n","protected":false},"author":6,"featured_media":0,"comment_status":"closed","ping_status":"closed","sticky":true,"template":"","format":"standard","meta":{"_acf_changed":false,"footnotes":""},"categories":[1],"tags":[],"class_list":["post-74139","post","type-post","status-publish","format-standard","hentry","category-nezarazene"],"acf":[],"geo":null,"yoast_head":"<!-- This site is optimized with the Yoast SEO plugin v27.2 - https:\/\/yoast.com\/product\/yoast-seo-wordpress\/ -->\n<title>Harmonogram deratizace zaji\u0161\u0165ovan\u00e9 Magistr\u00e1tem hl. m. Prahy - \u017divot na Praze 14<\/title>\n<meta name=\"robots\" content=\"index, follow, max-snippet:-1, max-image-preview:large, max-video-preview:-1\" \/>\n<link rel=\"canonical\" href=\"https:\/\/www.praha14.cz\/zivot-na-praze-14\/harmonogram-deratizace-zajistovane-magistratem-hl-m-prahy\/\" \/>\n<meta property=\"og:locale\" content=\"cs_CZ\" \/>\n<meta property=\"og:type\" content=\"article\" \/>\n<meta property=\"og:title\" content=\"Harmonogram deratizace zaji\u0161\u0165ovan\u00e9 Magistr\u00e1tem hl. m. Prahy - \u017divot na Praze 14\" \/>\n<meta property=\"og:description\" content=\"Hlavn\u00ed m\u011bsto Praha bude i v leto\u0161n\u00edm roce prov\u00e1d\u011bt pravidelnou cyklickou deratizaci v kanaliza\u010dn\u00ed s\u00edti a na venkovn\u00edch ploch\u00e1ch, kter\u00e9 vlastn\u00ed \u010di spravuje. N\u00ed\u017ee uv\u00e1d\u00edme term\u00edny, kdy bude o\u0161et\u0159en\u00ed prob\u00edhat na \u00fazem\u00ed Prahy 14, v p\u0159\u00edpad\u011b z\u00e1jmu si v\u0161ak m\u016f\u017eete st\u00e1hnout i kompletn\u00ed harmonogram pro cel\u00e9 m\u011bsto. \u010casov\u00fd pl\u00e1n deratizace byl vytvo\u0159en mimo jin\u00e9 i...\" \/>\n<meta property=\"og:url\" content=\"https:\/\/www.praha14.cz\/zivot-na-praze-14\/harmonogram-deratizace-zajistovane-magistratem-hl-m-prahy\/\" \/>\n<meta property=\"og:site_name\" content=\"\u017divot na Praze 14\" \/>\n<meta property=\"article:published_time\" content=\"2026-03-12T09:46:14+00:00\" \/>\n<meta name=\"author\" content=\"M\u011bstsk\u00e1 \u010d\u00e1st Praha 14\" \/>\n<meta name=\"twitter:card\" content=\"summary_large_image\" \/>\n<meta name=\"twitter:label1\" content=\"Written by\" \/>\n\t<meta name=\"twitter:data1\" content=\"M\u011bstsk\u00e1 \u010d\u00e1st Praha 14\" \/>\n\t<meta name=\"twitter:label2\" content=\"Est. reading time\" \/>\n\t<meta name=\"twitter:data2\" content=\"2 minuty\" \/>\n<script type=\"application\/ld+json\" class=\"yoast-schema-graph\">{\"@context\":\"https:\/\/schema.org\",\"@graph\":[{\"@type\":\"Article\",\"@id\":\"https:\/\/www.praha14.cz\/zivot-na-praze-14\/harmonogram-deratizace-zajistovane-magistratem-hl-m-prahy\/#article\",\"isPartOf\":{\"@id\":\"https:\/\/www.praha14.cz\/zivot-na-praze-14\/harmonogram-deratizace-zajistovane-magistratem-hl-m-prahy\/\"},\"author\":{\"name\":\"M\u011bstsk\u00e1 \u010d\u00e1st Praha 14\",\"@id\":\"https:\/\/www.praha14.cz\/zivot-na-praze-14\/#\/schema\/person\/1474cc87232cf4e8fd1ceb216decb2ce\"},\"headline\":\"Harmonogram deratizace zaji\u0161\u0165ovan\u00e9 Magistr\u00e1tem hl. m. Prahy\",\"datePublished\":\"2026-03-12T09:46:14+00:00\",\"mainEntityOfPage\":{\"@id\":\"https:\/\/www.praha14.cz\/zivot-na-praze-14\/harmonogram-deratizace-zajistovane-magistratem-hl-m-prahy\/\"},\"wordCount\":447,\"inLanguage\":\"cs\"},{\"@type\":\"WebPage\",\"@id\":\"https:\/\/www.praha14.cz\/zivot-na-praze-14\/harmonogram-deratizace-zajistovane-magistratem-hl-m-prahy\/\",\"url\":\"https:\/\/www.praha14.cz\/zivot-na-praze-14\/harmonogram-deratizace-zajistovane-magistratem-hl-m-prahy\/\",\"name\":\"Harmonogram deratizace zaji\u0161\u0165ovan\u00e9 Magistr\u00e1tem hl. m. Prahy - \u017divot na Praze 14\",\"isPartOf\":{\"@id\":\"https:\/\/www.praha14.cz\/zivot-na-praze-14\/#website\"},\"datePublished\":\"2026-03-12T09:46:14+00:00\",\"author\":{\"@id\":\"https:\/\/www.praha14.cz\/zivot-na-praze-14\/#\/schema\/person\/1474cc87232cf4e8fd1ceb216decb2ce\"},\"breadcrumb\":{\"@id\":\"https:\/\/www.praha14.cz\/zivot-na-praze-14\/harmonogram-deratizace-zajistovane-magistratem-hl-m-prahy\/#breadcrumb\"},\"inLanguage\":\"cs\",\"potentialAction\":[{\"@type\":\"ReadAction\",\"target\":[\"https:\/\/www.praha14.cz\/zivot-na-praze-14\/harmonogram-deratizace-zajistovane-magistratem-hl-m-prahy\/\"]}]},{\"@type\":\"BreadcrumbList\",\"@id\":\"https:\/\/www.praha14.cz\/zivot-na-praze-14\/harmonogram-deratizace-zajistovane-magistratem-hl-m-prahy\/#breadcrumb\",\"itemListElement\":[{\"@type\":\"ListItem\",\"position\":1,\"name\":\"\u017divot na Praze 14\",\"item\":\"https:\/\/www.praha14.cz\/zivot-na-praze-14\/\"},{\"@type\":\"ListItem\",\"position\":2,\"name\":\"Harmonogram deratizace zaji\u0161\u0165ovan\u00e9 Magistr\u00e1tem hl. m. Prahy\"}]},{\"@type\":\"WebSite\",\"@id\":\"https:\/\/www.praha14.cz\/zivot-na-praze-14\/#website\",\"url\":\"https:\/\/www.praha14.cz\/zivot-na-praze-14\/\",\"name\":\"\u017divot na Praze 14\",\"description\":\"\",\"potentialAction\":[{\"@type\":\"SearchAction\",\"target\":{\"@type\":\"EntryPoint\",\"urlTemplate\":\"https:\/\/www.praha14.cz\/zivot-na-praze-14\/?s={search_term_string}\"},\"query-input\":{\"@type\":\"PropertyValueSpecification\",\"valueRequired\":true,\"valueName\":\"search_term_string\"}}],\"inLanguage\":\"cs\"},{\"@type\":\"Person\",\"@id\":\"https:\/\/www.praha14.cz\/zivot-na-praze-14\/#\/schema\/person\/1474cc87232cf4e8fd1ceb216decb2ce\",\"name\":\"M\u011bstsk\u00e1 \u010d\u00e1st Praha 14\",\"image\":{\"@type\":\"ImageObject\",\"inLanguage\":\"cs\",\"@id\":\"https:\/\/secure.gravatar.com\/avatar\/e51dd751c5fcbc2776e05ea4f0dca77132897c8db7e45d2d1d7d428fc20c00ef?s=96&d=mm&r=g\",\"url\":\"https:\/\/secure.gravatar.com\/avatar\/e51dd751c5fcbc2776e05ea4f0dca77132897c8db7e45d2d1d7d428fc20c00ef?s=96&d=mm&r=g\",\"contentUrl\":\"https:\/\/secure.gravatar.com\/avatar\/e51dd751c5fcbc2776e05ea4f0dca77132897c8db7e45d2d1d7d428fc20c00ef?s=96&d=mm&r=g\",\"caption\":\"M\u011bstsk\u00e1 \u010d\u00e1st Praha 14\"},\"url\":\"https:\/\/www.praha14.cz\/zivot-na-praze-14\/author\/veronikaberna\/\"}]}<\/script>\n<!-- \/ Yoast SEO plugin. -->","yoast_head_json":{"title":"Harmonogram deratizace zaji\u0161\u0165ovan\u00e9 Magistr\u00e1tem hl. m. Prahy - \u017divot na Praze 14","robots":{"index":"index","follow":"follow","max-snippet":"max-snippet:-1","max-image-preview":"max-image-preview:large","max-video-preview":"max-video-preview:-1"},"canonical":"https:\/\/www.praha14.cz\/zivot-na-praze-14\/harmonogram-deratizace-zajistovane-magistratem-hl-m-prahy\/","og_locale":"cs_CZ","og_type":"article","og_title":"Harmonogram deratizace zaji\u0161\u0165ovan\u00e9 Magistr\u00e1tem hl. m. Prahy - \u017divot na Praze 14","og_description":"Hlavn\u00ed m\u011bsto Praha bude i v leto\u0161n\u00edm roce prov\u00e1d\u011bt pravidelnou cyklickou deratizaci v kanaliza\u010dn\u00ed s\u00edti a na venkovn\u00edch ploch\u00e1ch, kter\u00e9 vlastn\u00ed \u010di spravuje. N\u00ed\u017ee uv\u00e1d\u00edme term\u00edny, kdy bude o\u0161et\u0159en\u00ed prob\u00edhat na \u00fazem\u00ed Prahy 14, v p\u0159\u00edpad\u011b z\u00e1jmu si v\u0161ak m\u016f\u017eete st\u00e1hnout i kompletn\u00ed harmonogram pro cel\u00e9 m\u011bsto. \u010casov\u00fd pl\u00e1n deratizace byl vytvo\u0159en mimo jin\u00e9 i...","og_url":"https:\/\/www.praha14.cz\/zivot-na-praze-14\/harmonogram-deratizace-zajistovane-magistratem-hl-m-prahy\/","og_site_name":"\u017divot na Praze 14","article_published_time":"2026-03-12T09:46:14+00:00","author":"M\u011bstsk\u00e1 \u010d\u00e1st Praha 14","twitter_card":"summary_large_image","twitter_misc":{"Written by":"M\u011bstsk\u00e1 \u010d\u00e1st Praha 14","Est. reading time":"2 minuty"},"schema":{"@context":"https:\/\/schema.org","@graph":[{"@type":"Article","@id":"https:\/\/www.praha14.cz\/zivot-na-praze-14\/harmonogram-deratizace-zajistovane-magistratem-hl-m-prahy\/#article","isPartOf":{"@id":"https:\/\/www.praha14.cz\/zivot-na-praze-14\/harmonogram-deratizace-zajistovane-magistratem-hl-m-prahy\/"},"author":{"name":"M\u011bstsk\u00e1 \u010d\u00e1st Praha 14","@id":"https:\/\/www.praha14.cz\/zivot-na-praze-14\/#\/schema\/person\/1474cc87232cf4e8fd1ceb216decb2ce"},"headline":"Harmonogram deratizace zaji\u0161\u0165ovan\u00e9 Magistr\u00e1tem hl. m. Prahy","datePublished":"2026-03-12T09:46:14+00:00","mainEntityOfPage":{"@id":"https:\/\/www.praha14.cz\/zivot-na-praze-14\/harmonogram-deratizace-zajistovane-magistratem-hl-m-prahy\/"},"wordCount":447,"inLanguage":"cs"},{"@type":"WebPage","@id":"https:\/\/www.praha14.cz\/zivot-na-praze-14\/harmonogram-deratizace-zajistovane-magistratem-hl-m-prahy\/","url":"https:\/\/www.praha14.cz\/zivot-na-praze-14\/harmonogram-deratizace-zajistovane-magistratem-hl-m-prahy\/","name":"Harmonogram deratizace zaji\u0161\u0165ovan\u00e9 Magistr\u00e1tem hl. m. Prahy - \u017divot na Praze 14","isPartOf":{"@id":"https:\/\/www.praha14.cz\/zivot-na-praze-14\/#website"},"datePublished":"2026-03-12T09:46:14+00:00","author":{"@id":"https:\/\/www.praha14.cz\/zivot-na-praze-14\/#\/schema\/person\/1474cc87232cf4e8fd1ceb216decb2ce"},"breadcrumb":{"@id":"https:\/\/www.praha14.cz\/zivot-na-praze-14\/harmonogram-deratizace-zajistovane-magistratem-hl-m-prahy\/#breadcrumb"},"inLanguage":"cs","potentialAction":[{"@type":"ReadAction","target":["https:\/\/www.praha14.cz\/zivot-na-praze-14\/harmonogram-deratizace-zajistovane-magistratem-hl-m-prahy\/"]}]},{"@type":"BreadcrumbList","@id":"https:\/\/www.praha14.cz\/zivot-na-praze-14\/harmonogram-deratizace-zajistovane-magistratem-hl-m-prahy\/#breadcrumb","itemListElement":[{"@type":"ListItem","position":1,"name":"\u017divot na Praze 14","item":"https:\/\/www.praha14.cz\/zivot-na-praze-14\/"},{"@type":"ListItem","position":2,"name":"Harmonogram deratizace zaji\u0161\u0165ovan\u00e9 Magistr\u00e1tem hl. m. Prahy"}]},{"@type":"WebSite","@id":"https:\/\/www.praha14.cz\/zivot-na-praze-14\/#website","url":"https:\/\/www.praha14.cz\/zivot-na-praze-14\/","name":"\u017divot na Praze 14","description":"","potentialAction":[{"@type":"SearchAction","target":{"@type":"EntryPoint","urlTemplate":"https:\/\/www.praha14.cz\/zivot-na-praze-14\/?s={search_term_string}"},"query-input":{"@type":"PropertyValueSpecification","valueRequired":true,"valueName":"search_term_string"}}],"inLanguage":"cs"},{"@type":"Person","@id":"https:\/\/www.praha14.cz\/zivot-na-praze-14\/#\/schema\/person\/1474cc87232cf4e8fd1ceb216decb2ce","name":"M\u011bstsk\u00e1 \u010d\u00e1st Praha 14","image":{"@type":"ImageObject","inLanguage":"cs","@id":"https:\/\/secure.gravatar.com\/avatar\/e51dd751c5fcbc2776e05ea4f0dca77132897c8db7e45d2d1d7d428fc20c00ef?s=96&d=mm&r=g","url":"https:\/\/secure.gravatar.com\/avatar\/e51dd751c5fcbc2776e05ea4f0dca77132897c8db7e45d2d1d7d428fc20c00ef?s=96&d=mm&r=g","contentUrl":"https:\/\/secure.gravatar.com\/avatar\/e51dd751c5fcbc2776e05ea4f0dca77132897c8db7e45d2d1d7d428fc20c00ef?s=96&d=mm&r=g","caption":"M\u011bstsk\u00e1 \u010d\u00e1st Praha 14"},"url":"https:\/\/www.praha14.cz\/zivot-na-praze-14\/author\/veronikaberna\/"}]}},"_links":{"self":[{"href":"https:\/\/www.praha14.cz\/zivot-na-praze-14\/wp-json\/wp\/v2\/posts\/74139","targetHints":{"allow":["GET"]}}],"collection":[{"href":"https:\/\/www.praha14.cz\/zivot-na-praze-14\/wp-json\/wp\/v2\/posts"}],"about":[{"href":"https:\/\/www.praha14.cz\/zivot-na-praze-14\/wp-json\/wp\/v2\/types\/post"}],"author":[{"embeddable":true,"href":"https:\/\/www.praha14.cz\/zivot-na-praze-14\/wp-json\/wp\/v2\/users\/6"}],"replies":[{"embeddable":true,"href":"https:\/\/www.praha14.cz\/zivot-na-praze-14\/wp-json\/wp\/v2\/comments?post=74139"}],"version-history":[{"count":1,"href":"https:\/\/www.praha14.cz\/zivot-na-praze-14\/wp-json\/wp\/v2\/posts\/74139\/revisions"}],"predecessor-version":[{"id":74152,"href":"https:\/\/www.praha14.cz\/zivot-na-praze-14\/wp-json\/wp\/v2\/posts\/74139\/revisions\/74152"}],"wp:attachment":[{"href":"https:\/\/www.praha14.cz\/zivot-na-praze-14\/wp-json\/wp\/v2\/media?parent=74139"}],"wp:term":[{"taxonomy":"category","embeddable":true,"href":"https:\/\/www.praha14.cz\/zivot-na-praze-14\/wp-json\/wp\/v2\/categories?post=74139"},{"taxonomy":"post_tag","embeddable":true,"href":"https:\/\/www.praha14.cz\/zivot-na-praze-14\/wp-json\/wp\/v2\/tags?post=74139"}],"curies":[{"name":"wp","href":"https:\/\/api.w.org\/{rel}","templated":true}]}}