{"id":74691,"date":"2026-04-26T07:08:19","date_gmt":"2026-04-26T07:08:19","guid":{"rendered":"https:\/\/www.praha14.cz\/zivot-na-praze-14\/?p=74691"},"modified":"2026-04-27T07:45:52","modified_gmt":"2026-04-27T07:45:52","slug":"druhe-kolo-dotacni-vyzvy-pro-rok-2026-nebude-vyhlaseno","status":"publish","type":"post","link":"https:\/\/www.praha14.cz\/zivot-na-praze-14\/druhe-kolo-dotacni-vyzvy-pro-rok-2026-nebude-vyhlaseno\/","title":{"rendered":"Druh\u00e9 kolo dota\u010dn\u00ed v\u00fdzvy pro rok 2026 nebude vyhl\u00e1\u0161eno"},"content":{"rendered":"<p class=\"isSelectedEnd\">M\u011bstsk\u00e1 \u010d\u00e1st Praha 14 informuje ve\u0159ejnost, \u017ee II. kolo dota\u010dn\u00ed v\u00fdzvy v programu<strong> \u201eUdr\u017eiteln\u00fd rozvoj, t\u00e9mata glob\u00e1ln\u00ed odpov\u011bdnosti a zlep\u0161en\u00ed stavu ve\u0159ejn\u00e9ho prostoru\u201c pro rok 2026 nebude vyhl\u00e1\u0161eno<\/strong>.<\/p>\n<p class=\"isSelectedEnd\">Rada m\u011bstsk\u00e9 \u010d\u00e1sti Praha 14 o tom rozhodla na sv\u00e9m 110. jedn\u00e1n\u00ed dne 22. dubna 2026\u00a0<a href=\"https:\/\/www.praha14.cz\/app\/uploads\/sites\/3\/2026\/04\/USN_214_22.4_schvaleni-dotaci.pdf\" target=\"_blank\" rel=\"noopener\">usnesen\u00edm \u010d. 214\/RM\u010c\/2026<\/a>. D\u016fvodem je skute\u010dnost, \u017ee z celkov\u00e9 alokace 700 000 K\u010d bylo v r\u00e1mci I. kola rozd\u011bleno 673 950 K\u010d. Zb\u00fdvaj\u00edc\u00ed \u010d\u00e1stka nen\u00ed dostate\u010dn\u00e1 pro smyslupln\u00e9 vyu\u017eit\u00ed v samostatn\u00e9m druh\u00e9m kole v\u00fdzvy.<\/p>\n<p class=\"isSelectedEnd\">Sou\u010dasn\u011b rada schv\u00e1lila poskytnut\u00ed finan\u010dn\u00ed podpory \u00fasp\u011b\u0161n\u00fdm \u017eadatel\u016fm z I. kola a uzav\u0159en\u00ed p\u0159\u00edslu\u0161n\u00fdch ve\u0159ejnopr\u00e1vn\u00edch smluv.<\/p>\n<p>\u017dadatel\u00e9 budou o v\u00fdsledc\u00edch \u0159\u00edzen\u00ed informov\u00e1ni v nejbli\u017e\u0161\u00edm term\u00ednu.<\/p>\n<p style=\"text-align: right;\">Zve\u0159ejn\u011bno: 27. dubna 2026<\/p>\n","protected":false},"excerpt":{"rendered":"<p>M\u011bstsk\u00e1 \u010d\u00e1st Praha 14 informuje ve\u0159ejnost, \u017ee II. kolo dota\u010dn\u00ed v\u00fdzvy v programu \u201eUdr\u017eiteln\u00fd rozvoj, t\u00e9mata glob\u00e1ln\u00ed odpov\u011bdnosti a zlep\u0161en\u00ed stavu ve\u0159ejn\u00e9ho prostoru\u201c pro rok 2026 nebude vyhl\u00e1\u0161eno. Rada m\u011bstsk\u00e9 \u010d\u00e1sti Praha 14 o tom rozhodla na sv\u00e9m 110. jedn\u00e1n\u00ed dne 22. dubna 2026\u00a0usnesen\u00edm \u010d. 214\/RM\u010c\/2026. D\u016fvodem je skute\u010dnost, \u017ee z celkov\u00e9 alokace 700 000&#8230;<\/p>\n","protected":false},"author":1057,"featured_media":0,"comment_status":"closed","ping_status":"closed","sticky":false,"template":"","format":"standard","meta":{"_acf_changed":false,"footnotes":""},"categories":[1],"tags":[],"class_list":["post-74691","post","type-post","status-publish","format-standard","hentry","category-nezarazene"],"acf":[],"geo":null,"yoast_head":"<!-- This site is optimized with the Yoast SEO plugin v27.2 - https:\/\/yoast.com\/product\/yoast-seo-wordpress\/ -->\n<title>Druh\u00e9 kolo dota\u010dn\u00ed v\u00fdzvy pro rok 2026 nebude vyhl\u00e1\u0161eno - \u017divot na Praze 14<\/title>\n<meta name=\"robots\" content=\"index, follow, max-snippet:-1, max-image-preview:large, max-video-preview:-1\" \/>\n<link rel=\"canonical\" href=\"https:\/\/www.praha14.cz\/zivot-na-praze-14\/druhe-kolo-dotacni-vyzvy-pro-rok-2026-nebude-vyhlaseno\/\" \/>\n<meta property=\"og:locale\" content=\"cs_CZ\" \/>\n<meta property=\"og:type\" content=\"article\" \/>\n<meta property=\"og:title\" content=\"Druh\u00e9 kolo dota\u010dn\u00ed v\u00fdzvy pro rok 2026 nebude vyhl\u00e1\u0161eno - \u017divot na Praze 14\" \/>\n<meta property=\"og:description\" content=\"M\u011bstsk\u00e1 \u010d\u00e1st Praha 14 informuje ve\u0159ejnost, \u017ee II. kolo dota\u010dn\u00ed v\u00fdzvy v programu \u201eUdr\u017eiteln\u00fd rozvoj, t\u00e9mata glob\u00e1ln\u00ed odpov\u011bdnosti a zlep\u0161en\u00ed stavu ve\u0159ejn\u00e9ho prostoru\u201c pro rok 2026 nebude vyhl\u00e1\u0161eno. Rada m\u011bstsk\u00e9 \u010d\u00e1sti Praha 14 o tom rozhodla na sv\u00e9m 110. jedn\u00e1n\u00ed dne 22. dubna 2026\u00a0usnesen\u00edm \u010d. 214\/RM\u010c\/2026. D\u016fvodem je skute\u010dnost, \u017ee z celkov\u00e9 alokace 700 000...\" \/>\n<meta property=\"og:url\" content=\"https:\/\/www.praha14.cz\/zivot-na-praze-14\/druhe-kolo-dotacni-vyzvy-pro-rok-2026-nebude-vyhlaseno\/\" \/>\n<meta property=\"og:site_name\" content=\"\u017divot na Praze 14\" \/>\n<meta property=\"article:published_time\" content=\"2026-04-26T07:08:19+00:00\" \/>\n<meta property=\"article:modified_time\" content=\"2026-04-27T07:45:52+00:00\" \/>\n<meta name=\"author\" content=\"Odd\u011blen\u00ed komunikace\" \/>\n<meta name=\"twitter:card\" content=\"summary_large_image\" \/>\n<meta name=\"twitter:label1\" content=\"Written by\" \/>\n\t<meta name=\"twitter:data1\" content=\"Odd\u011blen\u00ed komunikace\" \/>\n\t<meta name=\"twitter:label2\" content=\"Est. reading time\" \/>\n\t<meta name=\"twitter:data2\" content=\"1 minuta\" \/>\n<script type=\"application\/ld+json\" class=\"yoast-schema-graph\">{\"@context\":\"https:\/\/schema.org\",\"@graph\":[{\"@type\":\"Article\",\"@id\":\"https:\/\/www.praha14.cz\/zivot-na-praze-14\/druhe-kolo-dotacni-vyzvy-pro-rok-2026-nebude-vyhlaseno\/#article\",\"isPartOf\":{\"@id\":\"https:\/\/www.praha14.cz\/zivot-na-praze-14\/druhe-kolo-dotacni-vyzvy-pro-rok-2026-nebude-vyhlaseno\/\"},\"author\":{\"name\":\"Odd\u011blen\u00ed komunikace\",\"@id\":\"https:\/\/www.praha14.cz\/zivot-na-praze-14\/#\/schema\/person\/127a1d778cbcf76b257f93fb8c42591c\"},\"headline\":\"Druh\u00e9 kolo dota\u010dn\u00ed v\u00fdzvy pro rok 2026 nebude vyhl\u00e1\u0161eno\",\"datePublished\":\"2026-04-26T07:08:19+00:00\",\"dateModified\":\"2026-04-27T07:45:52+00:00\",\"mainEntityOfPage\":{\"@id\":\"https:\/\/www.praha14.cz\/zivot-na-praze-14\/druhe-kolo-dotacni-vyzvy-pro-rok-2026-nebude-vyhlaseno\/\"},\"wordCount\":152,\"inLanguage\":\"cs\"},{\"@type\":\"WebPage\",\"@id\":\"https:\/\/www.praha14.cz\/zivot-na-praze-14\/druhe-kolo-dotacni-vyzvy-pro-rok-2026-nebude-vyhlaseno\/\",\"url\":\"https:\/\/www.praha14.cz\/zivot-na-praze-14\/druhe-kolo-dotacni-vyzvy-pro-rok-2026-nebude-vyhlaseno\/\",\"name\":\"Druh\u00e9 kolo dota\u010dn\u00ed v\u00fdzvy pro rok 2026 nebude vyhl\u00e1\u0161eno - \u017divot na Praze 14\",\"isPartOf\":{\"@id\":\"https:\/\/www.praha14.cz\/zivot-na-praze-14\/#website\"},\"datePublished\":\"2026-04-26T07:08:19+00:00\",\"dateModified\":\"2026-04-27T07:45:52+00:00\",\"author\":{\"@id\":\"https:\/\/www.praha14.cz\/zivot-na-praze-14\/#\/schema\/person\/127a1d778cbcf76b257f93fb8c42591c\"},\"breadcrumb\":{\"@id\":\"https:\/\/www.praha14.cz\/zivot-na-praze-14\/druhe-kolo-dotacni-vyzvy-pro-rok-2026-nebude-vyhlaseno\/#breadcrumb\"},\"inLanguage\":\"cs\",\"potentialAction\":[{\"@type\":\"ReadAction\",\"target\":[\"https:\/\/www.praha14.cz\/zivot-na-praze-14\/druhe-kolo-dotacni-vyzvy-pro-rok-2026-nebude-vyhlaseno\/\"]}]},{\"@type\":\"BreadcrumbList\",\"@id\":\"https:\/\/www.praha14.cz\/zivot-na-praze-14\/druhe-kolo-dotacni-vyzvy-pro-rok-2026-nebude-vyhlaseno\/#breadcrumb\",\"itemListElement\":[{\"@type\":\"ListItem\",\"position\":1,\"name\":\"\u017divot na Praze 14\",\"item\":\"https:\/\/www.praha14.cz\/zivot-na-praze-14\/\"},{\"@type\":\"ListItem\",\"position\":2,\"name\":\"Druh\u00e9 kolo dota\u010dn\u00ed v\u00fdzvy pro rok 2026 nebude vyhl\u00e1\u0161eno\"}]},{\"@type\":\"WebSite\",\"@id\":\"https:\/\/www.praha14.cz\/zivot-na-praze-14\/#website\",\"url\":\"https:\/\/www.praha14.cz\/zivot-na-praze-14\/\",\"name\":\"\u017divot na Praze 14\",\"description\":\"\",\"potentialAction\":[{\"@type\":\"SearchAction\",\"target\":{\"@type\":\"EntryPoint\",\"urlTemplate\":\"https:\/\/www.praha14.cz\/zivot-na-praze-14\/?s={search_term_string}\"},\"query-input\":{\"@type\":\"PropertyValueSpecification\",\"valueRequired\":true,\"valueName\":\"search_term_string\"}}],\"inLanguage\":\"cs\"},{\"@type\":\"Person\",\"@id\":\"https:\/\/www.praha14.cz\/zivot-na-praze-14\/#\/schema\/person\/127a1d778cbcf76b257f93fb8c42591c\",\"name\":\"Odd\u011blen\u00ed komunikace\",\"image\":{\"@type\":\"ImageObject\",\"inLanguage\":\"cs\",\"@id\":\"https:\/\/secure.gravatar.com\/avatar\/e958f3d1e915848093abf89585ec4bb6a7daede2e0322c416842d9f94c3fdaca?s=96&d=mm&r=g\",\"url\":\"https:\/\/secure.gravatar.com\/avatar\/e958f3d1e915848093abf89585ec4bb6a7daede2e0322c416842d9f94c3fdaca?s=96&d=mm&r=g\",\"contentUrl\":\"https:\/\/secure.gravatar.com\/avatar\/e958f3d1e915848093abf89585ec4bb6a7daede2e0322c416842d9f94c3fdaca?s=96&d=mm&r=g\",\"caption\":\"Odd\u011blen\u00ed komunikace\"},\"url\":\"https:\/\/www.praha14.cz\/zivot-na-praze-14\/author\/luciehlavackova\/\"}]}<\/script>\n<!-- \/ Yoast SEO plugin. -->","yoast_head_json":{"title":"Druh\u00e9 kolo dota\u010dn\u00ed v\u00fdzvy pro rok 2026 nebude vyhl\u00e1\u0161eno - \u017divot na Praze 14","robots":{"index":"index","follow":"follow","max-snippet":"max-snippet:-1","max-image-preview":"max-image-preview:large","max-video-preview":"max-video-preview:-1"},"canonical":"https:\/\/www.praha14.cz\/zivot-na-praze-14\/druhe-kolo-dotacni-vyzvy-pro-rok-2026-nebude-vyhlaseno\/","og_locale":"cs_CZ","og_type":"article","og_title":"Druh\u00e9 kolo dota\u010dn\u00ed v\u00fdzvy pro rok 2026 nebude vyhl\u00e1\u0161eno - \u017divot na Praze 14","og_description":"M\u011bstsk\u00e1 \u010d\u00e1st Praha 14 informuje ve\u0159ejnost, \u017ee II. kolo dota\u010dn\u00ed v\u00fdzvy v programu \u201eUdr\u017eiteln\u00fd rozvoj, t\u00e9mata glob\u00e1ln\u00ed odpov\u011bdnosti a zlep\u0161en\u00ed stavu ve\u0159ejn\u00e9ho prostoru\u201c pro rok 2026 nebude vyhl\u00e1\u0161eno. Rada m\u011bstsk\u00e9 \u010d\u00e1sti Praha 14 o tom rozhodla na sv\u00e9m 110. jedn\u00e1n\u00ed dne 22. dubna 2026\u00a0usnesen\u00edm \u010d. 214\/RM\u010c\/2026. D\u016fvodem je skute\u010dnost, \u017ee z celkov\u00e9 alokace 700 000...","og_url":"https:\/\/www.praha14.cz\/zivot-na-praze-14\/druhe-kolo-dotacni-vyzvy-pro-rok-2026-nebude-vyhlaseno\/","og_site_name":"\u017divot na Praze 14","article_published_time":"2026-04-26T07:08:19+00:00","article_modified_time":"2026-04-27T07:45:52+00:00","author":"Odd\u011blen\u00ed komunikace","twitter_card":"summary_large_image","twitter_misc":{"Written by":"Odd\u011blen\u00ed komunikace","Est. reading time":"1 minuta"},"schema":{"@context":"https:\/\/schema.org","@graph":[{"@type":"Article","@id":"https:\/\/www.praha14.cz\/zivot-na-praze-14\/druhe-kolo-dotacni-vyzvy-pro-rok-2026-nebude-vyhlaseno\/#article","isPartOf":{"@id":"https:\/\/www.praha14.cz\/zivot-na-praze-14\/druhe-kolo-dotacni-vyzvy-pro-rok-2026-nebude-vyhlaseno\/"},"author":{"name":"Odd\u011blen\u00ed komunikace","@id":"https:\/\/www.praha14.cz\/zivot-na-praze-14\/#\/schema\/person\/127a1d778cbcf76b257f93fb8c42591c"},"headline":"Druh\u00e9 kolo dota\u010dn\u00ed v\u00fdzvy pro rok 2026 nebude vyhl\u00e1\u0161eno","datePublished":"2026-04-26T07:08:19+00:00","dateModified":"2026-04-27T07:45:52+00:00","mainEntityOfPage":{"@id":"https:\/\/www.praha14.cz\/zivot-na-praze-14\/druhe-kolo-dotacni-vyzvy-pro-rok-2026-nebude-vyhlaseno\/"},"wordCount":152,"inLanguage":"cs"},{"@type":"WebPage","@id":"https:\/\/www.praha14.cz\/zivot-na-praze-14\/druhe-kolo-dotacni-vyzvy-pro-rok-2026-nebude-vyhlaseno\/","url":"https:\/\/www.praha14.cz\/zivot-na-praze-14\/druhe-kolo-dotacni-vyzvy-pro-rok-2026-nebude-vyhlaseno\/","name":"Druh\u00e9 kolo dota\u010dn\u00ed v\u00fdzvy pro rok 2026 nebude vyhl\u00e1\u0161eno - \u017divot na Praze 14","isPartOf":{"@id":"https:\/\/www.praha14.cz\/zivot-na-praze-14\/#website"},"datePublished":"2026-04-26T07:08:19+00:00","dateModified":"2026-04-27T07:45:52+00:00","author":{"@id":"https:\/\/www.praha14.cz\/zivot-na-praze-14\/#\/schema\/person\/127a1d778cbcf76b257f93fb8c42591c"},"breadcrumb":{"@id":"https:\/\/www.praha14.cz\/zivot-na-praze-14\/druhe-kolo-dotacni-vyzvy-pro-rok-2026-nebude-vyhlaseno\/#breadcrumb"},"inLanguage":"cs","potentialAction":[{"@type":"ReadAction","target":["https:\/\/www.praha14.cz\/zivot-na-praze-14\/druhe-kolo-dotacni-vyzvy-pro-rok-2026-nebude-vyhlaseno\/"]}]},{"@type":"BreadcrumbList","@id":"https:\/\/www.praha14.cz\/zivot-na-praze-14\/druhe-kolo-dotacni-vyzvy-pro-rok-2026-nebude-vyhlaseno\/#breadcrumb","itemListElement":[{"@type":"ListItem","position":1,"name":"\u017divot na Praze 14","item":"https:\/\/www.praha14.cz\/zivot-na-praze-14\/"},{"@type":"ListItem","position":2,"name":"Druh\u00e9 kolo dota\u010dn\u00ed v\u00fdzvy pro rok 2026 nebude vyhl\u00e1\u0161eno"}]},{"@type":"WebSite","@id":"https:\/\/www.praha14.cz\/zivot-na-praze-14\/#website","url":"https:\/\/www.praha14.cz\/zivot-na-praze-14\/","name":"\u017divot na Praze 14","description":"","potentialAction":[{"@type":"SearchAction","target":{"@type":"EntryPoint","urlTemplate":"https:\/\/www.praha14.cz\/zivot-na-praze-14\/?s={search_term_string}"},"query-input":{"@type":"PropertyValueSpecification","valueRequired":true,"valueName":"search_term_string"}}],"inLanguage":"cs"},{"@type":"Person","@id":"https:\/\/www.praha14.cz\/zivot-na-praze-14\/#\/schema\/person\/127a1d778cbcf76b257f93fb8c42591c","name":"Odd\u011blen\u00ed komunikace","image":{"@type":"ImageObject","inLanguage":"cs","@id":"https:\/\/secure.gravatar.com\/avatar\/e958f3d1e915848093abf89585ec4bb6a7daede2e0322c416842d9f94c3fdaca?s=96&d=mm&r=g","url":"https:\/\/secure.gravatar.com\/avatar\/e958f3d1e915848093abf89585ec4bb6a7daede2e0322c416842d9f94c3fdaca?s=96&d=mm&r=g","contentUrl":"https:\/\/secure.gravatar.com\/avatar\/e958f3d1e915848093abf89585ec4bb6a7daede2e0322c416842d9f94c3fdaca?s=96&d=mm&r=g","caption":"Odd\u011blen\u00ed komunikace"},"url":"https:\/\/www.praha14.cz\/zivot-na-praze-14\/author\/luciehlavackova\/"}]}},"_links":{"self":[{"href":"https:\/\/www.praha14.cz\/zivot-na-praze-14\/wp-json\/wp\/v2\/posts\/74691","targetHints":{"allow":["GET"]}}],"collection":[{"href":"https:\/\/www.praha14.cz\/zivot-na-praze-14\/wp-json\/wp\/v2\/posts"}],"about":[{"href":"https:\/\/www.praha14.cz\/zivot-na-praze-14\/wp-json\/wp\/v2\/types\/post"}],"author":[{"embeddable":true,"href":"https:\/\/www.praha14.cz\/zivot-na-praze-14\/wp-json\/wp\/v2\/users\/1057"}],"replies":[{"embeddable":true,"href":"https:\/\/www.praha14.cz\/zivot-na-praze-14\/wp-json\/wp\/v2\/comments?post=74691"}],"version-history":[{"count":2,"href":"https:\/\/www.praha14.cz\/zivot-na-praze-14\/wp-json\/wp\/v2\/posts\/74691\/revisions"}],"predecessor-version":[{"id":74693,"href":"https:\/\/www.praha14.cz\/zivot-na-praze-14\/wp-json\/wp\/v2\/posts\/74691\/revisions\/74693"}],"wp:attachment":[{"href":"https:\/\/www.praha14.cz\/zivot-na-praze-14\/wp-json\/wp\/v2\/media?parent=74691"}],"wp:term":[{"taxonomy":"category","embeddable":true,"href":"https:\/\/www.praha14.cz\/zivot-na-praze-14\/wp-json\/wp\/v2\/categories?post=74691"},{"taxonomy":"post_tag","embeddable":true,"href":"https:\/\/www.praha14.cz\/zivot-na-praze-14\/wp-json\/wp\/v2\/tags?post=74691"}],"curies":[{"name":"wp","href":"https:\/\/api.w.org\/{rel}","templated":true}]}}