{"id":74697,"date":"2026-04-27T10:43:03","date_gmt":"2026-04-27T10:43:03","guid":{"rendered":"https:\/\/www.praha14.cz\/zivot-na-praze-14\/?p=74697"},"modified":"2026-04-27T10:43:03","modified_gmt":"2026-04-27T10:43:03","slug":"stribro-ze-svetoveho-sampionatu-i-diky-podpore-mestske-casti","status":"publish","type":"post","link":"https:\/\/www.praha14.cz\/zivot-na-praze-14\/stribro-ze-svetoveho-sampionatu-i-diky-podpore-mestske-casti\/","title":{"rendered":"St\u0159\u00edbro ze sv\u011btov\u00e9ho \u0161ampion\u00e1tu i d\u00edky podpo\u0159e m\u011bstsk\u00e9 \u010d\u00e1sti"},"content":{"rendered":"<p>M\u011bstsk\u00e1 \u010d\u00e1st gratuluje mlad\u00fdm sportovkyn\u00edm z m\u00edstn\u00edho klubu <strong><a href=\"https:\/\/www.cheeracademy.cz\/junior-world-world-cheerleading-championships-2026-uspech-pro-cheer-academy\/\" target=\"_blank\" rel=\"noopener\">Cheer Academy<\/a><\/strong> k mimo\u0159\u00e1dn\u00e9mu \u00fasp\u011bchu na presti\u017en\u00ed sout\u011b\u017ei ICU World &amp; Junior World Championships 2026, kter\u00e1 se konala v americk\u00e9m Orlandu.<\/p>\n<p>\u010cty\u0159i d\u00edvky z tohoto klubu (Magdalena Schejbalov\u00e1, Matylda Rabi\u0148\u00e1kov\u00e1, B\u00e1ra Hor\u00e1\u010dkov\u00e1 a Kl\u00e1ra Pol\u00e1kov\u00e1) se staly sou\u010d\u00e1st\u00ed \u010desk\u00e9ho reprezenta\u010dn\u00edho t\u00fdmu Team Czechia Youth a spole\u010dn\u011b dos\u00e1hly skv\u011bl\u00e9ho v\u00fdsledku \u2013<strong> 2. m\u00edsta v divizi Youth Median<\/strong>. Tento \u00fasp\u011bch je v\u00fdsledkem jejich dlouhodob\u00e9 p\u00edle, odhodl\u00e1n\u00ed a intenzivn\u00ed p\u0159\u00edpravy.<br \/>\nM\u011bstsk\u00e1 \u010d\u00e1st m\u011bla tu \u010dest podpo\u0159it \u00fa\u010dast t\u011bchto talentovan\u00fdch sportovky\u0148 na sv\u011btov\u00e9m \u0161ampion\u00e1tu finan\u010dn\u00edm p\u0159\u00edsp\u011bvkem. Velmi n\u00e1s t\u011b\u0161\u00ed, \u017ee i d\u00edky t\u00e9to podpo\u0159e mohly reprezentovat nejen \u010ceskou republiku, ale tak\u00e9 na\u0161e m\u011bsto na nejvy\u0161\u0161\u00ed mezin\u00e1rodn\u00ed \u00farovni.<\/p>\n<p>\u00dasp\u011bch d\u00edvek je d\u016fkazem, \u017ee systematick\u00e1 pr\u00e1ce s ml\u00e1de\u017e\u00ed m\u00e1 smysl a p\u0159in\u00e1\u0161\u00ed konkr\u00e9tn\u00ed v\u00fdsledky. Z\u00e1rove\u0148 je motivac\u00ed pro dal\u0161\u00ed mlad\u00e9 sportovce, aby se neb\u00e1li j\u00edt za sv\u00fdmi sny.<\/p>\n<p>D\u011bkujeme za skv\u011blou reprezentaci a p\u0159ejeme mnoho dal\u0161\u00edch \u00fasp\u011bch\u016f na sportovn\u00edm i osobn\u00edm poli.<\/p>\n<p><a href=\"https:\/\/www.praha14.cz\/app\/uploads\/sites\/4\/2026\/04\/IMG-20260424-WA0001.jpg\" target=\"_blank\" rel=\"noopener\" data-rel=\"lightbox-image-0\" data-rl_title=\"\" data-rl_caption=\"\" title=\"\"><img loading=\"lazy\" decoding=\"async\" class=\"alignnone wp-image-74700 size-medium\" src=\"https:\/\/www.praha14.cz\/app\/uploads\/sites\/4\/2026\/04\/IMG-20260424-WA0001-278x370.jpg\" alt=\"IMG-20260424-WA0001\" width=\"278\" height=\"370\" srcset=\"https:\/\/www.praha14.cz\/app\/uploads\/sites\/4\/2026\/04\/IMG-20260424-WA0001-278x370.jpg 278w, https:\/\/www.praha14.cz\/app\/uploads\/sites\/4\/2026\/04\/IMG-20260424-WA0001-768x1024.jpg 768w, https:\/\/www.praha14.cz\/app\/uploads\/sites\/4\/2026\/04\/IMG-20260424-WA0001-1152x1536.jpg 1152w, https:\/\/www.praha14.cz\/app\/uploads\/sites\/4\/2026\/04\/IMG-20260424-WA0001.jpg 1200w\" sizes=\"(max-width: 278px) 100vw, 278px\" \/><\/a>\u00a0 <a href=\"https:\/\/www.praha14.cz\/app\/uploads\/sites\/4\/2026\/04\/IMG-20260424-WA0002.jpg\" target=\"_blank\" rel=\"noopener\" data-rel=\"lightbox-image-1\" data-rl_title=\"\" data-rl_caption=\"\" title=\"\"><img loading=\"lazy\" decoding=\"async\" class=\"alignnone wp-image-74701 size-medium\" src=\"https:\/\/www.praha14.cz\/app\/uploads\/sites\/4\/2026\/04\/IMG-20260424-WA0002-278x370.jpg\" alt=\"IMG-20260424-WA0002\" width=\"278\" height=\"370\" srcset=\"https:\/\/www.praha14.cz\/app\/uploads\/sites\/4\/2026\/04\/IMG-20260424-WA0002-278x370.jpg 278w, https:\/\/www.praha14.cz\/app\/uploads\/sites\/4\/2026\/04\/IMG-20260424-WA0002-768x1024.jpg 768w, https:\/\/www.praha14.cz\/app\/uploads\/sites\/4\/2026\/04\/IMG-20260424-WA0002-1152x1536.jpg 1152w, https:\/\/www.praha14.cz\/app\/uploads\/sites\/4\/2026\/04\/IMG-20260424-WA0002.jpg 1200w\" sizes=\"(max-width: 278px) 100vw, 278px\" \/><\/a><\/p>\n<p style=\"text-align: right;\">Zve\u0159ejn\u011bno: 27. dubna 2026<\/p>\n","protected":false},"excerpt":{"rendered":"<p>M\u011bstsk\u00e1 \u010d\u00e1st gratuluje mlad\u00fdm sportovkyn\u00edm z m\u00edstn\u00edho klubu Cheer Academy k mimo\u0159\u00e1dn\u00e9mu \u00fasp\u011bchu na presti\u017en\u00ed sout\u011b\u017ei ICU World &amp; Junior World Championships 2026, kter\u00e1 se konala v americk\u00e9m Orlandu. \u010cty\u0159i d\u00edvky z tohoto klubu (Magdalena Schejbalov\u00e1, Matylda Rabi\u0148\u00e1kov\u00e1, B\u00e1ra Hor\u00e1\u010dkov\u00e1 a Kl\u00e1ra Pol\u00e1kov\u00e1) se staly sou\u010d\u00e1st\u00ed \u010desk\u00e9ho reprezenta\u010dn\u00edho t\u00fdmu Team Czechia Youth a spole\u010dn\u011b dos\u00e1hly&#8230;<\/p>\n","protected":false},"author":1057,"featured_media":0,"comment_status":"closed","ping_status":"closed","sticky":false,"template":"","format":"standard","meta":{"_acf_changed":false,"footnotes":""},"categories":[1],"tags":[],"class_list":["post-74697","post","type-post","status-publish","format-standard","hentry","category-nezarazene"],"acf":[],"geo":null,"yoast_head":"<!-- This site is optimized with the Yoast SEO plugin v27.2 - https:\/\/yoast.com\/product\/yoast-seo-wordpress\/ -->\n<title>St\u0159\u00edbro ze sv\u011btov\u00e9ho \u0161ampion\u00e1tu i d\u00edky podpo\u0159e m\u011bstsk\u00e9 \u010d\u00e1sti - \u017divot na Praze 14<\/title>\n<meta name=\"robots\" content=\"index, follow, max-snippet:-1, max-image-preview:large, max-video-preview:-1\" \/>\n<link rel=\"canonical\" href=\"https:\/\/www.praha14.cz\/zivot-na-praze-14\/stribro-ze-svetoveho-sampionatu-i-diky-podpore-mestske-casti\/\" \/>\n<meta property=\"og:locale\" content=\"cs_CZ\" \/>\n<meta property=\"og:type\" content=\"article\" \/>\n<meta property=\"og:title\" content=\"St\u0159\u00edbro ze sv\u011btov\u00e9ho \u0161ampion\u00e1tu i d\u00edky podpo\u0159e m\u011bstsk\u00e9 \u010d\u00e1sti - \u017divot na Praze 14\" \/>\n<meta property=\"og:description\" content=\"M\u011bstsk\u00e1 \u010d\u00e1st gratuluje mlad\u00fdm sportovkyn\u00edm z m\u00edstn\u00edho klubu Cheer Academy k mimo\u0159\u00e1dn\u00e9mu \u00fasp\u011bchu na presti\u017en\u00ed sout\u011b\u017ei ICU World &amp; Junior World Championships 2026, kter\u00e1 se konala v americk\u00e9m Orlandu. \u010cty\u0159i d\u00edvky z tohoto klubu (Magdalena Schejbalov\u00e1, Matylda Rabi\u0148\u00e1kov\u00e1, B\u00e1ra Hor\u00e1\u010dkov\u00e1 a Kl\u00e1ra Pol\u00e1kov\u00e1) se staly sou\u010d\u00e1st\u00ed \u010desk\u00e9ho reprezenta\u010dn\u00edho t\u00fdmu Team Czechia Youth a spole\u010dn\u011b dos\u00e1hly...\" \/>\n<meta property=\"og:url\" content=\"https:\/\/www.praha14.cz\/zivot-na-praze-14\/stribro-ze-svetoveho-sampionatu-i-diky-podpore-mestske-casti\/\" \/>\n<meta property=\"og:site_name\" content=\"\u017divot na Praze 14\" \/>\n<meta property=\"article:published_time\" content=\"2026-04-27T10:43:03+00:00\" \/>\n<meta property=\"og:image\" content=\"https:\/\/www.praha14.cz\/app\/uploads\/sites\/4\/2026\/04\/IMG-20260424-WA0001.jpg\" \/>\n\t<meta property=\"og:image:width\" content=\"1200\" \/>\n\t<meta property=\"og:image:height\" content=\"1600\" \/>\n\t<meta property=\"og:image:type\" content=\"image\/jpeg\" \/>\n<meta name=\"author\" content=\"Odd\u011blen\u00ed komunikace\" \/>\n<meta name=\"twitter:card\" content=\"summary_large_image\" \/>\n<meta name=\"twitter:label1\" content=\"Written by\" \/>\n\t<meta name=\"twitter:data1\" content=\"Odd\u011blen\u00ed komunikace\" \/>\n\t<meta name=\"twitter:label2\" content=\"Est. reading time\" \/>\n\t<meta name=\"twitter:data2\" content=\"2 minuty\" \/>\n<script type=\"application\/ld+json\" class=\"yoast-schema-graph\">{\"@context\":\"https:\/\/schema.org\",\"@graph\":[{\"@type\":\"Article\",\"@id\":\"https:\/\/www.praha14.cz\/zivot-na-praze-14\/stribro-ze-svetoveho-sampionatu-i-diky-podpore-mestske-casti\/#article\",\"isPartOf\":{\"@id\":\"https:\/\/www.praha14.cz\/zivot-na-praze-14\/stribro-ze-svetoveho-sampionatu-i-diky-podpore-mestske-casti\/\"},\"author\":{\"name\":\"Odd\u011blen\u00ed komunikace\",\"@id\":\"https:\/\/www.praha14.cz\/zivot-na-praze-14\/#\/schema\/person\/127a1d778cbcf76b257f93fb8c42591c\"},\"headline\":\"St\u0159\u00edbro ze sv\u011btov\u00e9ho \u0161ampion\u00e1tu i d\u00edky podpo\u0159e m\u011bstsk\u00e9 \u010d\u00e1sti\",\"datePublished\":\"2026-04-27T10:43:03+00:00\",\"mainEntityOfPage\":{\"@id\":\"https:\/\/www.praha14.cz\/zivot-na-praze-14\/stribro-ze-svetoveho-sampionatu-i-diky-podpore-mestske-casti\/\"},\"wordCount\":243,\"image\":{\"@id\":\"https:\/\/www.praha14.cz\/zivot-na-praze-14\/stribro-ze-svetoveho-sampionatu-i-diky-podpore-mestske-casti\/#primaryimage\"},\"thumbnailUrl\":\"https:\/\/www.praha14.cz\/app\/uploads\/sites\/4\/2026\/04\/IMG-20260424-WA0001-278x370.jpg\",\"inLanguage\":\"cs\"},{\"@type\":\"WebPage\",\"@id\":\"https:\/\/www.praha14.cz\/zivot-na-praze-14\/stribro-ze-svetoveho-sampionatu-i-diky-podpore-mestske-casti\/\",\"url\":\"https:\/\/www.praha14.cz\/zivot-na-praze-14\/stribro-ze-svetoveho-sampionatu-i-diky-podpore-mestske-casti\/\",\"name\":\"St\u0159\u00edbro ze sv\u011btov\u00e9ho \u0161ampion\u00e1tu i d\u00edky podpo\u0159e m\u011bstsk\u00e9 \u010d\u00e1sti - \u017divot na Praze 14\",\"isPartOf\":{\"@id\":\"https:\/\/www.praha14.cz\/zivot-na-praze-14\/#website\"},\"primaryImageOfPage\":{\"@id\":\"https:\/\/www.praha14.cz\/zivot-na-praze-14\/stribro-ze-svetoveho-sampionatu-i-diky-podpore-mestske-casti\/#primaryimage\"},\"image\":{\"@id\":\"https:\/\/www.praha14.cz\/zivot-na-praze-14\/stribro-ze-svetoveho-sampionatu-i-diky-podpore-mestske-casti\/#primaryimage\"},\"thumbnailUrl\":\"https:\/\/www.praha14.cz\/app\/uploads\/sites\/4\/2026\/04\/IMG-20260424-WA0001-278x370.jpg\",\"datePublished\":\"2026-04-27T10:43:03+00:00\",\"author\":{\"@id\":\"https:\/\/www.praha14.cz\/zivot-na-praze-14\/#\/schema\/person\/127a1d778cbcf76b257f93fb8c42591c\"},\"breadcrumb\":{\"@id\":\"https:\/\/www.praha14.cz\/zivot-na-praze-14\/stribro-ze-svetoveho-sampionatu-i-diky-podpore-mestske-casti\/#breadcrumb\"},\"inLanguage\":\"cs\",\"potentialAction\":[{\"@type\":\"ReadAction\",\"target\":[\"https:\/\/www.praha14.cz\/zivot-na-praze-14\/stribro-ze-svetoveho-sampionatu-i-diky-podpore-mestske-casti\/\"]}]},{\"@type\":\"ImageObject\",\"inLanguage\":\"cs\",\"@id\":\"https:\/\/www.praha14.cz\/zivot-na-praze-14\/stribro-ze-svetoveho-sampionatu-i-diky-podpore-mestske-casti\/#primaryimage\",\"url\":\"https:\/\/www.praha14.cz\/app\/uploads\/sites\/4\/2026\/04\/IMG-20260424-WA0001-278x370.jpg\",\"contentUrl\":\"https:\/\/www.praha14.cz\/app\/uploads\/sites\/4\/2026\/04\/IMG-20260424-WA0001-278x370.jpg\"},{\"@type\":\"BreadcrumbList\",\"@id\":\"https:\/\/www.praha14.cz\/zivot-na-praze-14\/stribro-ze-svetoveho-sampionatu-i-diky-podpore-mestske-casti\/#breadcrumb\",\"itemListElement\":[{\"@type\":\"ListItem\",\"position\":1,\"name\":\"\u017divot na Praze 14\",\"item\":\"https:\/\/www.praha14.cz\/zivot-na-praze-14\/\"},{\"@type\":\"ListItem\",\"position\":2,\"name\":\"St\u0159\u00edbro ze sv\u011btov\u00e9ho \u0161ampion\u00e1tu i d\u00edky podpo\u0159e m\u011bstsk\u00e9 \u010d\u00e1sti\"}]},{\"@type\":\"WebSite\",\"@id\":\"https:\/\/www.praha14.cz\/zivot-na-praze-14\/#website\",\"url\":\"https:\/\/www.praha14.cz\/zivot-na-praze-14\/\",\"name\":\"\u017divot na Praze 14\",\"description\":\"\",\"potentialAction\":[{\"@type\":\"SearchAction\",\"target\":{\"@type\":\"EntryPoint\",\"urlTemplate\":\"https:\/\/www.praha14.cz\/zivot-na-praze-14\/?s={search_term_string}\"},\"query-input\":{\"@type\":\"PropertyValueSpecification\",\"valueRequired\":true,\"valueName\":\"search_term_string\"}}],\"inLanguage\":\"cs\"},{\"@type\":\"Person\",\"@id\":\"https:\/\/www.praha14.cz\/zivot-na-praze-14\/#\/schema\/person\/127a1d778cbcf76b257f93fb8c42591c\",\"name\":\"Odd\u011blen\u00ed komunikace\",\"image\":{\"@type\":\"ImageObject\",\"inLanguage\":\"cs\",\"@id\":\"https:\/\/secure.gravatar.com\/avatar\/e958f3d1e915848093abf89585ec4bb6a7daede2e0322c416842d9f94c3fdaca?s=96&d=mm&r=g\",\"url\":\"https:\/\/secure.gravatar.com\/avatar\/e958f3d1e915848093abf89585ec4bb6a7daede2e0322c416842d9f94c3fdaca?s=96&d=mm&r=g\",\"contentUrl\":\"https:\/\/secure.gravatar.com\/avatar\/e958f3d1e915848093abf89585ec4bb6a7daede2e0322c416842d9f94c3fdaca?s=96&d=mm&r=g\",\"caption\":\"Odd\u011blen\u00ed komunikace\"},\"url\":\"https:\/\/www.praha14.cz\/zivot-na-praze-14\/author\/luciehlavackova\/\"}]}<\/script>\n<!-- \/ Yoast SEO plugin. -->","yoast_head_json":{"title":"St\u0159\u00edbro ze sv\u011btov\u00e9ho \u0161ampion\u00e1tu i d\u00edky podpo\u0159e m\u011bstsk\u00e9 \u010d\u00e1sti - \u017divot na Praze 14","robots":{"index":"index","follow":"follow","max-snippet":"max-snippet:-1","max-image-preview":"max-image-preview:large","max-video-preview":"max-video-preview:-1"},"canonical":"https:\/\/www.praha14.cz\/zivot-na-praze-14\/stribro-ze-svetoveho-sampionatu-i-diky-podpore-mestske-casti\/","og_locale":"cs_CZ","og_type":"article","og_title":"St\u0159\u00edbro ze sv\u011btov\u00e9ho \u0161ampion\u00e1tu i d\u00edky podpo\u0159e m\u011bstsk\u00e9 \u010d\u00e1sti - \u017divot na Praze 14","og_description":"M\u011bstsk\u00e1 \u010d\u00e1st gratuluje mlad\u00fdm sportovkyn\u00edm z m\u00edstn\u00edho klubu Cheer Academy k mimo\u0159\u00e1dn\u00e9mu \u00fasp\u011bchu na presti\u017en\u00ed sout\u011b\u017ei ICU World &amp; Junior World Championships 2026, kter\u00e1 se konala v americk\u00e9m Orlandu. \u010cty\u0159i d\u00edvky z tohoto klubu (Magdalena Schejbalov\u00e1, Matylda Rabi\u0148\u00e1kov\u00e1, B\u00e1ra Hor\u00e1\u010dkov\u00e1 a Kl\u00e1ra Pol\u00e1kov\u00e1) se staly sou\u010d\u00e1st\u00ed \u010desk\u00e9ho reprezenta\u010dn\u00edho t\u00fdmu Team Czechia Youth a spole\u010dn\u011b dos\u00e1hly...","og_url":"https:\/\/www.praha14.cz\/zivot-na-praze-14\/stribro-ze-svetoveho-sampionatu-i-diky-podpore-mestske-casti\/","og_site_name":"\u017divot na Praze 14","article_published_time":"2026-04-27T10:43:03+00:00","og_image":[{"width":1200,"height":1600,"url":"https:\/\/www.praha14.cz\/app\/uploads\/sites\/4\/2026\/04\/IMG-20260424-WA0001.jpg","type":"image\/jpeg"}],"author":"Odd\u011blen\u00ed komunikace","twitter_card":"summary_large_image","twitter_misc":{"Written by":"Odd\u011blen\u00ed komunikace","Est. reading time":"2 minuty"},"schema":{"@context":"https:\/\/schema.org","@graph":[{"@type":"Article","@id":"https:\/\/www.praha14.cz\/zivot-na-praze-14\/stribro-ze-svetoveho-sampionatu-i-diky-podpore-mestske-casti\/#article","isPartOf":{"@id":"https:\/\/www.praha14.cz\/zivot-na-praze-14\/stribro-ze-svetoveho-sampionatu-i-diky-podpore-mestske-casti\/"},"author":{"name":"Odd\u011blen\u00ed komunikace","@id":"https:\/\/www.praha14.cz\/zivot-na-praze-14\/#\/schema\/person\/127a1d778cbcf76b257f93fb8c42591c"},"headline":"St\u0159\u00edbro ze sv\u011btov\u00e9ho \u0161ampion\u00e1tu i d\u00edky podpo\u0159e m\u011bstsk\u00e9 \u010d\u00e1sti","datePublished":"2026-04-27T10:43:03+00:00","mainEntityOfPage":{"@id":"https:\/\/www.praha14.cz\/zivot-na-praze-14\/stribro-ze-svetoveho-sampionatu-i-diky-podpore-mestske-casti\/"},"wordCount":243,"image":{"@id":"https:\/\/www.praha14.cz\/zivot-na-praze-14\/stribro-ze-svetoveho-sampionatu-i-diky-podpore-mestske-casti\/#primaryimage"},"thumbnailUrl":"https:\/\/www.praha14.cz\/app\/uploads\/sites\/4\/2026\/04\/IMG-20260424-WA0001-278x370.jpg","inLanguage":"cs"},{"@type":"WebPage","@id":"https:\/\/www.praha14.cz\/zivot-na-praze-14\/stribro-ze-svetoveho-sampionatu-i-diky-podpore-mestske-casti\/","url":"https:\/\/www.praha14.cz\/zivot-na-praze-14\/stribro-ze-svetoveho-sampionatu-i-diky-podpore-mestske-casti\/","name":"St\u0159\u00edbro ze sv\u011btov\u00e9ho \u0161ampion\u00e1tu i d\u00edky podpo\u0159e m\u011bstsk\u00e9 \u010d\u00e1sti - \u017divot na Praze 14","isPartOf":{"@id":"https:\/\/www.praha14.cz\/zivot-na-praze-14\/#website"},"primaryImageOfPage":{"@id":"https:\/\/www.praha14.cz\/zivot-na-praze-14\/stribro-ze-svetoveho-sampionatu-i-diky-podpore-mestske-casti\/#primaryimage"},"image":{"@id":"https:\/\/www.praha14.cz\/zivot-na-praze-14\/stribro-ze-svetoveho-sampionatu-i-diky-podpore-mestske-casti\/#primaryimage"},"thumbnailUrl":"https:\/\/www.praha14.cz\/app\/uploads\/sites\/4\/2026\/04\/IMG-20260424-WA0001-278x370.jpg","datePublished":"2026-04-27T10:43:03+00:00","author":{"@id":"https:\/\/www.praha14.cz\/zivot-na-praze-14\/#\/schema\/person\/127a1d778cbcf76b257f93fb8c42591c"},"breadcrumb":{"@id":"https:\/\/www.praha14.cz\/zivot-na-praze-14\/stribro-ze-svetoveho-sampionatu-i-diky-podpore-mestske-casti\/#breadcrumb"},"inLanguage":"cs","potentialAction":[{"@type":"ReadAction","target":["https:\/\/www.praha14.cz\/zivot-na-praze-14\/stribro-ze-svetoveho-sampionatu-i-diky-podpore-mestske-casti\/"]}]},{"@type":"ImageObject","inLanguage":"cs","@id":"https:\/\/www.praha14.cz\/zivot-na-praze-14\/stribro-ze-svetoveho-sampionatu-i-diky-podpore-mestske-casti\/#primaryimage","url":"https:\/\/www.praha14.cz\/app\/uploads\/sites\/4\/2026\/04\/IMG-20260424-WA0001-278x370.jpg","contentUrl":"https:\/\/www.praha14.cz\/app\/uploads\/sites\/4\/2026\/04\/IMG-20260424-WA0001-278x370.jpg"},{"@type":"BreadcrumbList","@id":"https:\/\/www.praha14.cz\/zivot-na-praze-14\/stribro-ze-svetoveho-sampionatu-i-diky-podpore-mestske-casti\/#breadcrumb","itemListElement":[{"@type":"ListItem","position":1,"name":"\u017divot na Praze 14","item":"https:\/\/www.praha14.cz\/zivot-na-praze-14\/"},{"@type":"ListItem","position":2,"name":"St\u0159\u00edbro ze sv\u011btov\u00e9ho \u0161ampion\u00e1tu i d\u00edky podpo\u0159e m\u011bstsk\u00e9 \u010d\u00e1sti"}]},{"@type":"WebSite","@id":"https:\/\/www.praha14.cz\/zivot-na-praze-14\/#website","url":"https:\/\/www.praha14.cz\/zivot-na-praze-14\/","name":"\u017divot na Praze 14","description":"","potentialAction":[{"@type":"SearchAction","target":{"@type":"EntryPoint","urlTemplate":"https:\/\/www.praha14.cz\/zivot-na-praze-14\/?s={search_term_string}"},"query-input":{"@type":"PropertyValueSpecification","valueRequired":true,"valueName":"search_term_string"}}],"inLanguage":"cs"},{"@type":"Person","@id":"https:\/\/www.praha14.cz\/zivot-na-praze-14\/#\/schema\/person\/127a1d778cbcf76b257f93fb8c42591c","name":"Odd\u011blen\u00ed komunikace","image":{"@type":"ImageObject","inLanguage":"cs","@id":"https:\/\/secure.gravatar.com\/avatar\/e958f3d1e915848093abf89585ec4bb6a7daede2e0322c416842d9f94c3fdaca?s=96&d=mm&r=g","url":"https:\/\/secure.gravatar.com\/avatar\/e958f3d1e915848093abf89585ec4bb6a7daede2e0322c416842d9f94c3fdaca?s=96&d=mm&r=g","contentUrl":"https:\/\/secure.gravatar.com\/avatar\/e958f3d1e915848093abf89585ec4bb6a7daede2e0322c416842d9f94c3fdaca?s=96&d=mm&r=g","caption":"Odd\u011blen\u00ed komunikace"},"url":"https:\/\/www.praha14.cz\/zivot-na-praze-14\/author\/luciehlavackova\/"}]}},"_links":{"self":[{"href":"https:\/\/www.praha14.cz\/zivot-na-praze-14\/wp-json\/wp\/v2\/posts\/74697","targetHints":{"allow":["GET"]}}],"collection":[{"href":"https:\/\/www.praha14.cz\/zivot-na-praze-14\/wp-json\/wp\/v2\/posts"}],"about":[{"href":"https:\/\/www.praha14.cz\/zivot-na-praze-14\/wp-json\/wp\/v2\/types\/post"}],"author":[{"embeddable":true,"href":"https:\/\/www.praha14.cz\/zivot-na-praze-14\/wp-json\/wp\/v2\/users\/1057"}],"replies":[{"embeddable":true,"href":"https:\/\/www.praha14.cz\/zivot-na-praze-14\/wp-json\/wp\/v2\/comments?post=74697"}],"version-history":[{"count":1,"href":"https:\/\/www.praha14.cz\/zivot-na-praze-14\/wp-json\/wp\/v2\/posts\/74697\/revisions"}],"predecessor-version":[{"id":74702,"href":"https:\/\/www.praha14.cz\/zivot-na-praze-14\/wp-json\/wp\/v2\/posts\/74697\/revisions\/74702"}],"wp:attachment":[{"href":"https:\/\/www.praha14.cz\/zivot-na-praze-14\/wp-json\/wp\/v2\/media?parent=74697"}],"wp:term":[{"taxonomy":"category","embeddable":true,"href":"https:\/\/www.praha14.cz\/zivot-na-praze-14\/wp-json\/wp\/v2\/categories?post=74697"},{"taxonomy":"post_tag","embeddable":true,"href":"https:\/\/www.praha14.cz\/zivot-na-praze-14\/wp-json\/wp\/v2\/tags?post=74697"}],"curies":[{"name":"wp","href":"https:\/\/api.w.org\/{rel}","templated":true}]}}