{"id":74718,"date":"2026-04-29T15:13:30","date_gmt":"2026-04-29T15:13:30","guid":{"rendered":"https:\/\/www.praha14.cz\/zivot-na-praze-14\/?p=74718"},"modified":"2026-04-29T15:13:30","modified_gmt":"2026-04-29T15:13:30","slug":"tz-3-2026-praha-14-nastavuje-novy-standard-v-hodnoceni-udrzitelneho-rozvoje-jako-prvni-mestska-cast-v-cr-zavadi-komplexni-indikatorovy-ramec","status":"publish","type":"post","link":"https:\/\/www.praha14.cz\/zivot-na-praze-14\/tz-3-2026-praha-14-nastavuje-novy-standard-v-hodnoceni-udrzitelneho-rozvoje-jako-prvni-mestska-cast-v-cr-zavadi-komplexni-indikatorovy-ramec\/","title":{"rendered":"TZ 3\/2026 Praha 14 nastavuje nov\u00fd standard v hodnocen\u00ed udr\u017eiteln\u00e9ho rozvoje: Jako prvn\u00ed m\u011bstsk\u00e1 \u010d\u00e1st v \u010cR zav\u00e1d\u00ed komplexn\u00ed indik\u00e1torov\u00fd r\u00e1mec"},"content":{"rendered":"<p><strong><em>Praha, 29. 4. 2026<\/em><\/strong> <strong>\u2013 Praha 14 op\u011bt potvrzuje svou pov\u011bst inov\u00e1tora v oblasti strategick\u00e9ho \u0159\u00edzen\u00ed. Zastupitelstvo m\u011bstsk\u00e9 \u010d\u00e1sti schv\u00e1lilo 16. dubna 2026 unik\u00e1tn\u00ed indik\u00e1torov\u00fd r\u00e1mec ke Strategii udr\u017eiteln\u00e9ho rozvoje 2025+. Jde o n\u00e1stroj, kter\u00fd v \u010desk\u00e9m prost\u0159ed\u00ed zat\u00edm vyu\u017e\u00edv\u00e1 jen minimum m\u011bst \u2013 a Praha 14 v t\u00e9to oblasti hraje jednozna\u010dn\u011b prim.<\/strong><\/p>\n<p><em>\u201eNejde o novou strategii ani o nov\u00e9 z\u00e1vazky pro obyvatele. Indik\u00e1torov\u00fd r\u00e1mec je praktick\u00fd n\u00e1stroj, kter\u00fd n\u00e1m umo\u017en\u00ed pr\u016fb\u011b\u017en\u011b a objektivn\u011b sledovat, zda se stanoven\u00e9 c\u00edle skute\u010dn\u011b napl\u0148uj\u00ed \u2013 a v\u010das reagovat tam, kde je to pot\u0159eba. Chceme b\u00fdt je\u0161t\u011b lep\u0161\u00ed a posouvat kvalitu ve\u0159ejn\u00e9 spr\u00e1vy na vy\u0161\u0161\u00ed \u00farove\u0148,\u201c<\/em> uvedl radn\u00ed Prahy 14 Ing. Jan Li\u0161ka, kter\u00fd m\u00e1 v gesci strategick\u00e9 a \u00fazemn\u00ed pl\u00e1nov\u00e1n\u00ed.<\/p>\n<p><strong>Co je na tom nov\u00e9 a pro\u010d je to d\u016fle\u017eit\u00e9?<\/strong><\/p>\n<p>Praha 14 jako jedna z m\u00e1la m\u011bstsk\u00fdch \u010d\u00e1st\u00ed v \u010cR zav\u00e1d\u00ed syst\u00e9m, kter\u00fd propojuje konkr\u00e9tn\u00ed ukazatele (indik\u00e1tory) pro v\u0161echny kl\u00ed\u010dov\u00e9 oblasti \u017eivota \u2013 od ve\u0159ejn\u00e9ho prostoru p\u0159es bydlen\u00ed, dopravu, \u017eivotn\u00ed prost\u0159ed\u00ed a\u017e po soci\u00e1ln\u00ed slu\u017eby, vzd\u011bl\u00e1v\u00e1n\u00ed a spr\u00e1vu v\u011bc\u00ed ve\u0159ejn\u00fdch. Tyto indik\u00e1tory jsou nav\u00edc metodicky prov\u00e1z\u00e1ny s glob\u00e1ln\u00edmi C\u00edli udr\u017eiteln\u00e9ho rozvoje OSN (SDGs), co\u017e je v \u010desk\u00e9m prost\u0159ed\u00ed st\u00e1le sp\u00ed\u0161e v\u00fdjimkou.<\/p>\n<p>Nov\u00fd r\u00e1mec umo\u017en\u00ed ka\u017edoro\u010dn\u00ed monitoring a pravideln\u00e9 st\u0159edn\u011bdob\u00e9 hodnocen\u00ed strategie. D\u00edky tomu bude m\u00edt veden\u00ed m\u011bstsk\u00e9 \u010d\u00e1sti i ve\u0159ejnost jasn\u00fd p\u0159ehled o tom, jak se Praha 14 vyv\u00edj\u00ed a kde je prostor pro dal\u0161\u00ed zlep\u0161en\u00ed.<\/p>\n<p><strong>\u00a0<\/strong><strong>Praha 14 ud\u00e1v\u00e1 sm\u011br \u2013 a zlep\u0161uje slu\u017eby pro klienty \u00fa\u0159adu<\/strong><\/p>\n<p>V\u0161echny nov\u00e9 postupy a indik\u00e1tory jsou aktivn\u011b zapracov\u00e1v\u00e1ny do proces\u016f \u00fa\u0159adu. To znamen\u00e1 nejen vy\u0161\u0161\u00ed transparentnost a efektivitu, ale tak\u00e9 rychlej\u0161\u00ed a kvalitn\u011bj\u0161\u00ed slu\u017eby pro klienty \u00fa\u0159adu i ve\u0159ejnost. Praha 14 t\u00edmto krokem potvrzuje svou roli l\u00eddra a inspir\u00e1tora \u2013 a nastavuje nov\u00fd standard, kter\u00fd m\u016f\u017ee b\u00fdt vzorem pro dal\u0161\u00ed m\u011bsta v \u010cR.<\/p>\n<p><strong>\u00a0<\/strong><strong>Dal\u0161\u00ed kroky<\/strong><\/p>\n<p>Indik\u00e1torov\u00fd r\u00e1mec bude zahrnut do nejbli\u017e\u0161\u00ed aktualizace Strategie udr\u017eiteln\u00e9ho rozvoje 2025+<br \/>\na jej\u00edho ak\u010dn\u00edho pl\u00e1nu. Prvn\u00ed souhrnn\u00e1 monitorovac\u00ed zpr\u00e1va o napl\u0148ov\u00e1n\u00ed strategie vznikne po t\u00e9to aktualizaci a umo\u017en\u00ed zastupitel\u016fm i ve\u0159ejnosti p\u0159ehledn\u011b sledovat, jak se Praha 14 posouv\u00e1 v kl\u00ed\u010dov\u00fdch oblastech kvality \u017eivota.<\/p>\n<p>&nbsp;<\/p>\n<p><em>Pro v\u00edce informac\u00ed:<\/em><em><br \/>\nVeronika Bern\u00e1<br \/>\nvedouc\u00ed odd\u011blen\u00ed komunikace<br \/>\n<\/em><em>Odbor kultury a komunikace<br \/>\n<\/em><em>\u00daM\u010c Praha 14<\/em><em><br \/>\nTel.: \u00a0225\u00a0295\u00a0603, mobil: 605\u00a0222 238<br \/>\nE-mail: Veronika.Berna@praha14.cz<\/em><\/p>\n","protected":false},"excerpt":{"rendered":"<p>Praha, 29. 4. 2026 \u2013 Praha 14 op\u011bt potvrzuje svou pov\u011bst inov\u00e1tora v oblasti strategick\u00e9ho \u0159\u00edzen\u00ed. Zastupitelstvo m\u011bstsk\u00e9 \u010d\u00e1sti schv\u00e1lilo 16. dubna 2026 unik\u00e1tn\u00ed indik\u00e1torov\u00fd r\u00e1mec ke Strategii udr\u017eiteln\u00e9ho rozvoje 2025+. Jde o n\u00e1stroj, kter\u00fd v \u010desk\u00e9m prost\u0159ed\u00ed zat\u00edm vyu\u017e\u00edv\u00e1 jen minimum m\u011bst \u2013 a Praha 14 v t\u00e9to oblasti hraje jednozna\u010dn\u011b prim. \u201eNejde o&#8230;<\/p>\n","protected":false},"author":6,"featured_media":0,"comment_status":"closed","ping_status":"closed","sticky":false,"template":"","format":"standard","meta":{"_acf_changed":false,"footnotes":""},"categories":[1],"tags":[110],"class_list":["post-74718","post","type-post","status-publish","format-standard","hentry","category-nezarazene","tag-tiskove-zpravy"],"acf":[],"geo":null,"yoast_head":"<!-- This site is optimized with the Yoast SEO plugin v27.2 - https:\/\/yoast.com\/product\/yoast-seo-wordpress\/ -->\n<title>TZ 3\/2026 Praha 14 nastavuje nov\u00fd standard v hodnocen\u00ed udr\u017eiteln\u00e9ho rozvoje: Jako prvn\u00ed m\u011bstsk\u00e1 \u010d\u00e1st v \u010cR zav\u00e1d\u00ed komplexn\u00ed indik\u00e1torov\u00fd r\u00e1mec - \u017divot na Praze 14<\/title>\n<meta name=\"robots\" content=\"index, follow, max-snippet:-1, max-image-preview:large, max-video-preview:-1\" \/>\n<link rel=\"canonical\" href=\"https:\/\/www.praha14.cz\/zivot-na-praze-14\/tz-3-2026-praha-14-nastavuje-novy-standard-v-hodnoceni-udrzitelneho-rozvoje-jako-prvni-mestska-cast-v-cr-zavadi-komplexni-indikatorovy-ramec\/\" \/>\n<meta property=\"og:locale\" content=\"cs_CZ\" \/>\n<meta property=\"og:type\" content=\"article\" \/>\n<meta property=\"og:title\" content=\"TZ 3\/2026 Praha 14 nastavuje nov\u00fd standard v hodnocen\u00ed udr\u017eiteln\u00e9ho rozvoje: Jako prvn\u00ed m\u011bstsk\u00e1 \u010d\u00e1st v \u010cR zav\u00e1d\u00ed komplexn\u00ed indik\u00e1torov\u00fd r\u00e1mec - \u017divot na Praze 14\" \/>\n<meta property=\"og:description\" content=\"Praha, 29. 4. 2026 \u2013 Praha 14 op\u011bt potvrzuje svou pov\u011bst inov\u00e1tora v oblasti strategick\u00e9ho \u0159\u00edzen\u00ed. Zastupitelstvo m\u011bstsk\u00e9 \u010d\u00e1sti schv\u00e1lilo 16. dubna 2026 unik\u00e1tn\u00ed indik\u00e1torov\u00fd r\u00e1mec ke Strategii udr\u017eiteln\u00e9ho rozvoje 2025+. Jde o n\u00e1stroj, kter\u00fd v \u010desk\u00e9m prost\u0159ed\u00ed zat\u00edm vyu\u017e\u00edv\u00e1 jen minimum m\u011bst \u2013 a Praha 14 v t\u00e9to oblasti hraje jednozna\u010dn\u011b prim. \u201eNejde o...\" \/>\n<meta property=\"og:url\" content=\"https:\/\/www.praha14.cz\/zivot-na-praze-14\/tz-3-2026-praha-14-nastavuje-novy-standard-v-hodnoceni-udrzitelneho-rozvoje-jako-prvni-mestska-cast-v-cr-zavadi-komplexni-indikatorovy-ramec\/\" \/>\n<meta property=\"og:site_name\" content=\"\u017divot na Praze 14\" \/>\n<meta property=\"article:published_time\" content=\"2026-04-29T15:13:30+00:00\" \/>\n<meta name=\"author\" content=\"M\u011bstsk\u00e1 \u010d\u00e1st Praha 14\" \/>\n<meta name=\"twitter:card\" content=\"summary_large_image\" \/>\n<meta name=\"twitter:label1\" content=\"Written by\" \/>\n\t<meta name=\"twitter:data1\" content=\"M\u011bstsk\u00e1 \u010d\u00e1st Praha 14\" \/>\n\t<meta name=\"twitter:label2\" content=\"Est. reading time\" \/>\n\t<meta name=\"twitter:data2\" content=\"2 minuty\" \/>\n<script type=\"application\/ld+json\" class=\"yoast-schema-graph\">{\"@context\":\"https:\/\/schema.org\",\"@graph\":[{\"@type\":\"Article\",\"@id\":\"https:\/\/www.praha14.cz\/zivot-na-praze-14\/tz-3-2026-praha-14-nastavuje-novy-standard-v-hodnoceni-udrzitelneho-rozvoje-jako-prvni-mestska-cast-v-cr-zavadi-komplexni-indikatorovy-ramec\/#article\",\"isPartOf\":{\"@id\":\"https:\/\/www.praha14.cz\/zivot-na-praze-14\/tz-3-2026-praha-14-nastavuje-novy-standard-v-hodnoceni-udrzitelneho-rozvoje-jako-prvni-mestska-cast-v-cr-zavadi-komplexni-indikatorovy-ramec\/\"},\"author\":{\"name\":\"M\u011bstsk\u00e1 \u010d\u00e1st Praha 14\",\"@id\":\"https:\/\/www.praha14.cz\/zivot-na-praze-14\/#\/schema\/person\/1474cc87232cf4e8fd1ceb216decb2ce\"},\"headline\":\"TZ 3\/2026 Praha 14 nastavuje nov\u00fd standard v hodnocen\u00ed udr\u017eiteln\u00e9ho rozvoje: Jako prvn\u00ed m\u011bstsk\u00e1 \u010d\u00e1st v \u010cR zav\u00e1d\u00ed komplexn\u00ed indik\u00e1torov\u00fd r\u00e1mec\",\"datePublished\":\"2026-04-29T15:13:30+00:00\",\"mainEntityOfPage\":{\"@id\":\"https:\/\/www.praha14.cz\/zivot-na-praze-14\/tz-3-2026-praha-14-nastavuje-novy-standard-v-hodnoceni-udrzitelneho-rozvoje-jako-prvni-mestska-cast-v-cr-zavadi-komplexni-indikatorovy-ramec\/\"},\"wordCount\":485,\"keywords\":[\"Tiskov\u00e9 zpr\u00e1vy\"],\"inLanguage\":\"cs\"},{\"@type\":\"WebPage\",\"@id\":\"https:\/\/www.praha14.cz\/zivot-na-praze-14\/tz-3-2026-praha-14-nastavuje-novy-standard-v-hodnoceni-udrzitelneho-rozvoje-jako-prvni-mestska-cast-v-cr-zavadi-komplexni-indikatorovy-ramec\/\",\"url\":\"https:\/\/www.praha14.cz\/zivot-na-praze-14\/tz-3-2026-praha-14-nastavuje-novy-standard-v-hodnoceni-udrzitelneho-rozvoje-jako-prvni-mestska-cast-v-cr-zavadi-komplexni-indikatorovy-ramec\/\",\"name\":\"TZ 3\/2026 Praha 14 nastavuje nov\u00fd standard v hodnocen\u00ed udr\u017eiteln\u00e9ho rozvoje: Jako prvn\u00ed m\u011bstsk\u00e1 \u010d\u00e1st v \u010cR zav\u00e1d\u00ed komplexn\u00ed indik\u00e1torov\u00fd r\u00e1mec - \u017divot na Praze 14\",\"isPartOf\":{\"@id\":\"https:\/\/www.praha14.cz\/zivot-na-praze-14\/#website\"},\"datePublished\":\"2026-04-29T15:13:30+00:00\",\"author\":{\"@id\":\"https:\/\/www.praha14.cz\/zivot-na-praze-14\/#\/schema\/person\/1474cc87232cf4e8fd1ceb216decb2ce\"},\"breadcrumb\":{\"@id\":\"https:\/\/www.praha14.cz\/zivot-na-praze-14\/tz-3-2026-praha-14-nastavuje-novy-standard-v-hodnoceni-udrzitelneho-rozvoje-jako-prvni-mestska-cast-v-cr-zavadi-komplexni-indikatorovy-ramec\/#breadcrumb\"},\"inLanguage\":\"cs\",\"potentialAction\":[{\"@type\":\"ReadAction\",\"target\":[\"https:\/\/www.praha14.cz\/zivot-na-praze-14\/tz-3-2026-praha-14-nastavuje-novy-standard-v-hodnoceni-udrzitelneho-rozvoje-jako-prvni-mestska-cast-v-cr-zavadi-komplexni-indikatorovy-ramec\/\"]}]},{\"@type\":\"BreadcrumbList\",\"@id\":\"https:\/\/www.praha14.cz\/zivot-na-praze-14\/tz-3-2026-praha-14-nastavuje-novy-standard-v-hodnoceni-udrzitelneho-rozvoje-jako-prvni-mestska-cast-v-cr-zavadi-komplexni-indikatorovy-ramec\/#breadcrumb\",\"itemListElement\":[{\"@type\":\"ListItem\",\"position\":1,\"name\":\"\u017divot na Praze 14\",\"item\":\"https:\/\/www.praha14.cz\/zivot-na-praze-14\/\"},{\"@type\":\"ListItem\",\"position\":2,\"name\":\"TZ 3\/2026 Praha 14 nastavuje nov\u00fd standard v hodnocen\u00ed udr\u017eiteln\u00e9ho rozvoje: Jako prvn\u00ed m\u011bstsk\u00e1 \u010d\u00e1st v \u010cR zav\u00e1d\u00ed komplexn\u00ed indik\u00e1torov\u00fd r\u00e1mec\"}]},{\"@type\":\"WebSite\",\"@id\":\"https:\/\/www.praha14.cz\/zivot-na-praze-14\/#website\",\"url\":\"https:\/\/www.praha14.cz\/zivot-na-praze-14\/\",\"name\":\"\u017divot na Praze 14\",\"description\":\"\",\"potentialAction\":[{\"@type\":\"SearchAction\",\"target\":{\"@type\":\"EntryPoint\",\"urlTemplate\":\"https:\/\/www.praha14.cz\/zivot-na-praze-14\/?s={search_term_string}\"},\"query-input\":{\"@type\":\"PropertyValueSpecification\",\"valueRequired\":true,\"valueName\":\"search_term_string\"}}],\"inLanguage\":\"cs\"},{\"@type\":\"Person\",\"@id\":\"https:\/\/www.praha14.cz\/zivot-na-praze-14\/#\/schema\/person\/1474cc87232cf4e8fd1ceb216decb2ce\",\"name\":\"M\u011bstsk\u00e1 \u010d\u00e1st Praha 14\",\"image\":{\"@type\":\"ImageObject\",\"inLanguage\":\"cs\",\"@id\":\"https:\/\/secure.gravatar.com\/avatar\/e51dd751c5fcbc2776e05ea4f0dca77132897c8db7e45d2d1d7d428fc20c00ef?s=96&d=mm&r=g\",\"url\":\"https:\/\/secure.gravatar.com\/avatar\/e51dd751c5fcbc2776e05ea4f0dca77132897c8db7e45d2d1d7d428fc20c00ef?s=96&d=mm&r=g\",\"contentUrl\":\"https:\/\/secure.gravatar.com\/avatar\/e51dd751c5fcbc2776e05ea4f0dca77132897c8db7e45d2d1d7d428fc20c00ef?s=96&d=mm&r=g\",\"caption\":\"M\u011bstsk\u00e1 \u010d\u00e1st Praha 14\"},\"url\":\"https:\/\/www.praha14.cz\/zivot-na-praze-14\/author\/veronikaberna\/\"}]}<\/script>\n<!-- \/ Yoast SEO plugin. -->","yoast_head_json":{"title":"TZ 3\/2026 Praha 14 nastavuje nov\u00fd standard v hodnocen\u00ed udr\u017eiteln\u00e9ho rozvoje: Jako prvn\u00ed m\u011bstsk\u00e1 \u010d\u00e1st v \u010cR zav\u00e1d\u00ed komplexn\u00ed indik\u00e1torov\u00fd r\u00e1mec - \u017divot na Praze 14","robots":{"index":"index","follow":"follow","max-snippet":"max-snippet:-1","max-image-preview":"max-image-preview:large","max-video-preview":"max-video-preview:-1"},"canonical":"https:\/\/www.praha14.cz\/zivot-na-praze-14\/tz-3-2026-praha-14-nastavuje-novy-standard-v-hodnoceni-udrzitelneho-rozvoje-jako-prvni-mestska-cast-v-cr-zavadi-komplexni-indikatorovy-ramec\/","og_locale":"cs_CZ","og_type":"article","og_title":"TZ 3\/2026 Praha 14 nastavuje nov\u00fd standard v hodnocen\u00ed udr\u017eiteln\u00e9ho rozvoje: Jako prvn\u00ed m\u011bstsk\u00e1 \u010d\u00e1st v \u010cR zav\u00e1d\u00ed komplexn\u00ed indik\u00e1torov\u00fd r\u00e1mec - \u017divot na Praze 14","og_description":"Praha, 29. 4. 2026 \u2013 Praha 14 op\u011bt potvrzuje svou pov\u011bst inov\u00e1tora v oblasti strategick\u00e9ho \u0159\u00edzen\u00ed. Zastupitelstvo m\u011bstsk\u00e9 \u010d\u00e1sti schv\u00e1lilo 16. dubna 2026 unik\u00e1tn\u00ed indik\u00e1torov\u00fd r\u00e1mec ke Strategii udr\u017eiteln\u00e9ho rozvoje 2025+. Jde o n\u00e1stroj, kter\u00fd v \u010desk\u00e9m prost\u0159ed\u00ed zat\u00edm vyu\u017e\u00edv\u00e1 jen minimum m\u011bst \u2013 a Praha 14 v t\u00e9to oblasti hraje jednozna\u010dn\u011b prim. \u201eNejde o...","og_url":"https:\/\/www.praha14.cz\/zivot-na-praze-14\/tz-3-2026-praha-14-nastavuje-novy-standard-v-hodnoceni-udrzitelneho-rozvoje-jako-prvni-mestska-cast-v-cr-zavadi-komplexni-indikatorovy-ramec\/","og_site_name":"\u017divot na Praze 14","article_published_time":"2026-04-29T15:13:30+00:00","author":"M\u011bstsk\u00e1 \u010d\u00e1st Praha 14","twitter_card":"summary_large_image","twitter_misc":{"Written by":"M\u011bstsk\u00e1 \u010d\u00e1st Praha 14","Est. reading time":"2 minuty"},"schema":{"@context":"https:\/\/schema.org","@graph":[{"@type":"Article","@id":"https:\/\/www.praha14.cz\/zivot-na-praze-14\/tz-3-2026-praha-14-nastavuje-novy-standard-v-hodnoceni-udrzitelneho-rozvoje-jako-prvni-mestska-cast-v-cr-zavadi-komplexni-indikatorovy-ramec\/#article","isPartOf":{"@id":"https:\/\/www.praha14.cz\/zivot-na-praze-14\/tz-3-2026-praha-14-nastavuje-novy-standard-v-hodnoceni-udrzitelneho-rozvoje-jako-prvni-mestska-cast-v-cr-zavadi-komplexni-indikatorovy-ramec\/"},"author":{"name":"M\u011bstsk\u00e1 \u010d\u00e1st Praha 14","@id":"https:\/\/www.praha14.cz\/zivot-na-praze-14\/#\/schema\/person\/1474cc87232cf4e8fd1ceb216decb2ce"},"headline":"TZ 3\/2026 Praha 14 nastavuje nov\u00fd standard v hodnocen\u00ed udr\u017eiteln\u00e9ho rozvoje: Jako prvn\u00ed m\u011bstsk\u00e1 \u010d\u00e1st v \u010cR zav\u00e1d\u00ed komplexn\u00ed indik\u00e1torov\u00fd r\u00e1mec","datePublished":"2026-04-29T15:13:30+00:00","mainEntityOfPage":{"@id":"https:\/\/www.praha14.cz\/zivot-na-praze-14\/tz-3-2026-praha-14-nastavuje-novy-standard-v-hodnoceni-udrzitelneho-rozvoje-jako-prvni-mestska-cast-v-cr-zavadi-komplexni-indikatorovy-ramec\/"},"wordCount":485,"keywords":["Tiskov\u00e9 zpr\u00e1vy"],"inLanguage":"cs"},{"@type":"WebPage","@id":"https:\/\/www.praha14.cz\/zivot-na-praze-14\/tz-3-2026-praha-14-nastavuje-novy-standard-v-hodnoceni-udrzitelneho-rozvoje-jako-prvni-mestska-cast-v-cr-zavadi-komplexni-indikatorovy-ramec\/","url":"https:\/\/www.praha14.cz\/zivot-na-praze-14\/tz-3-2026-praha-14-nastavuje-novy-standard-v-hodnoceni-udrzitelneho-rozvoje-jako-prvni-mestska-cast-v-cr-zavadi-komplexni-indikatorovy-ramec\/","name":"TZ 3\/2026 Praha 14 nastavuje nov\u00fd standard v hodnocen\u00ed udr\u017eiteln\u00e9ho rozvoje: Jako prvn\u00ed m\u011bstsk\u00e1 \u010d\u00e1st v \u010cR zav\u00e1d\u00ed komplexn\u00ed indik\u00e1torov\u00fd r\u00e1mec - \u017divot na Praze 14","isPartOf":{"@id":"https:\/\/www.praha14.cz\/zivot-na-praze-14\/#website"},"datePublished":"2026-04-29T15:13:30+00:00","author":{"@id":"https:\/\/www.praha14.cz\/zivot-na-praze-14\/#\/schema\/person\/1474cc87232cf4e8fd1ceb216decb2ce"},"breadcrumb":{"@id":"https:\/\/www.praha14.cz\/zivot-na-praze-14\/tz-3-2026-praha-14-nastavuje-novy-standard-v-hodnoceni-udrzitelneho-rozvoje-jako-prvni-mestska-cast-v-cr-zavadi-komplexni-indikatorovy-ramec\/#breadcrumb"},"inLanguage":"cs","potentialAction":[{"@type":"ReadAction","target":["https:\/\/www.praha14.cz\/zivot-na-praze-14\/tz-3-2026-praha-14-nastavuje-novy-standard-v-hodnoceni-udrzitelneho-rozvoje-jako-prvni-mestska-cast-v-cr-zavadi-komplexni-indikatorovy-ramec\/"]}]},{"@type":"BreadcrumbList","@id":"https:\/\/www.praha14.cz\/zivot-na-praze-14\/tz-3-2026-praha-14-nastavuje-novy-standard-v-hodnoceni-udrzitelneho-rozvoje-jako-prvni-mestska-cast-v-cr-zavadi-komplexni-indikatorovy-ramec\/#breadcrumb","itemListElement":[{"@type":"ListItem","position":1,"name":"\u017divot na Praze 14","item":"https:\/\/www.praha14.cz\/zivot-na-praze-14\/"},{"@type":"ListItem","position":2,"name":"TZ 3\/2026 Praha 14 nastavuje nov\u00fd standard v hodnocen\u00ed udr\u017eiteln\u00e9ho rozvoje: Jako prvn\u00ed m\u011bstsk\u00e1 \u010d\u00e1st v \u010cR zav\u00e1d\u00ed komplexn\u00ed indik\u00e1torov\u00fd r\u00e1mec"}]},{"@type":"WebSite","@id":"https:\/\/www.praha14.cz\/zivot-na-praze-14\/#website","url":"https:\/\/www.praha14.cz\/zivot-na-praze-14\/","name":"\u017divot na Praze 14","description":"","potentialAction":[{"@type":"SearchAction","target":{"@type":"EntryPoint","urlTemplate":"https:\/\/www.praha14.cz\/zivot-na-praze-14\/?s={search_term_string}"},"query-input":{"@type":"PropertyValueSpecification","valueRequired":true,"valueName":"search_term_string"}}],"inLanguage":"cs"},{"@type":"Person","@id":"https:\/\/www.praha14.cz\/zivot-na-praze-14\/#\/schema\/person\/1474cc87232cf4e8fd1ceb216decb2ce","name":"M\u011bstsk\u00e1 \u010d\u00e1st Praha 14","image":{"@type":"ImageObject","inLanguage":"cs","@id":"https:\/\/secure.gravatar.com\/avatar\/e51dd751c5fcbc2776e05ea4f0dca77132897c8db7e45d2d1d7d428fc20c00ef?s=96&d=mm&r=g","url":"https:\/\/secure.gravatar.com\/avatar\/e51dd751c5fcbc2776e05ea4f0dca77132897c8db7e45d2d1d7d428fc20c00ef?s=96&d=mm&r=g","contentUrl":"https:\/\/secure.gravatar.com\/avatar\/e51dd751c5fcbc2776e05ea4f0dca77132897c8db7e45d2d1d7d428fc20c00ef?s=96&d=mm&r=g","caption":"M\u011bstsk\u00e1 \u010d\u00e1st Praha 14"},"url":"https:\/\/www.praha14.cz\/zivot-na-praze-14\/author\/veronikaberna\/"}]}},"_links":{"self":[{"href":"https:\/\/www.praha14.cz\/zivot-na-praze-14\/wp-json\/wp\/v2\/posts\/74718","targetHints":{"allow":["GET"]}}],"collection":[{"href":"https:\/\/www.praha14.cz\/zivot-na-praze-14\/wp-json\/wp\/v2\/posts"}],"about":[{"href":"https:\/\/www.praha14.cz\/zivot-na-praze-14\/wp-json\/wp\/v2\/types\/post"}],"author":[{"embeddable":true,"href":"https:\/\/www.praha14.cz\/zivot-na-praze-14\/wp-json\/wp\/v2\/users\/6"}],"replies":[{"embeddable":true,"href":"https:\/\/www.praha14.cz\/zivot-na-praze-14\/wp-json\/wp\/v2\/comments?post=74718"}],"version-history":[{"count":2,"href":"https:\/\/www.praha14.cz\/zivot-na-praze-14\/wp-json\/wp\/v2\/posts\/74718\/revisions"}],"predecessor-version":[{"id":74720,"href":"https:\/\/www.praha14.cz\/zivot-na-praze-14\/wp-json\/wp\/v2\/posts\/74718\/revisions\/74720"}],"wp:attachment":[{"href":"https:\/\/www.praha14.cz\/zivot-na-praze-14\/wp-json\/wp\/v2\/media?parent=74718"}],"wp:term":[{"taxonomy":"category","embeddable":true,"href":"https:\/\/www.praha14.cz\/zivot-na-praze-14\/wp-json\/wp\/v2\/categories?post=74718"},{"taxonomy":"post_tag","embeddable":true,"href":"https:\/\/www.praha14.cz\/zivot-na-praze-14\/wp-json\/wp\/v2\/tags?post=74718"}],"curies":[{"name":"wp","href":"https:\/\/api.w.org\/{rel}","templated":true}]}}