{"id":75469,"date":"2026-08-31T14:55:02","date_gmt":"2026-08-31T14:55:02","guid":{"rendered":"https:\/\/www.praha14.cz\/zivot-na-praze-14\/?p=75469"},"modified":"2026-08-31T14:55:24","modified_gmt":"2026-08-31T14:55:24","slug":"konec-prazdnin-v-praze-14-patril-take-nasim-nejmensim-obcankum","status":"publish","type":"post","link":"https:\/\/www.praha14.cz\/zivot-na-praze-14\/konec-prazdnin-v-praze-14-patril-take-nasim-nejmensim-obcankum\/","title":{"rendered":"Konec pr\u00e1zdnin v Praze 14 pat\u0159il tak\u00e9 na\u0161im nejmen\u0161\u00edm ob\u010d\u00e1nk\u016fm"},"content":{"rendered":"<p class=\"isSelectedEnd\">V pond\u011bl\u00ed 31. srpna 2026, symbolicky na sam\u00e9m konci letn\u00edch pr\u00e1zdnin, jsme m\u011bli tu \u010dest p\u0159iv\u00edtat nov\u00e9 mal\u00e9 ob\u010d\u00e1nky m\u011bstsk\u00e9 \u010d\u00e1sti Praha 14. Slavnostn\u00ed v\u00edt\u00e1n\u00ed se op\u011bt uskute\u010dnilo v kr\u00e1sn\u00fdch prostor\u00e1ch Galerie 14.\u00a0Milou atmosf\u00e9ru posledn\u00edho pr\u00e1zdninov\u00e9ho dne doprovodila tak\u00e9 slova radn\u00ed Prahy 14 pan\u00ed Kate\u0159iny Pavl\u00ed\u010dkov\u00e9, kter\u00e1 rodi\u010d\u016fm pop\u0159\u00e1la mnoho radosti, zdrav\u00ed a l\u00e1sky na spole\u010dn\u00e9 cest\u011b \u017eivotem s jejich d\u011btmi.<\/p>\n<p class=\"isSelectedEnd\">D\u011bkujeme v\u0161em rodin\u00e1m, kter\u00e9 se t\u00e9to v\u00fdjime\u010dn\u00e9 ud\u00e1losti z\u00fa\u010dastnily. Bylo n\u00e1m pot\u011b\u0161en\u00edm sd\u00edlet s v\u00e1mi tento d\u016fle\u017eit\u00fd okam\u017eik a spole\u010dn\u011b uzav\u0159\u00edt leto\u0161n\u00ed pr\u00e1zdniny tak kr\u00e1snou ud\u00e1lost\u00ed.<br \/>\nV\u0161em na\u0161im nejmen\u0161\u00edm ob\u010d\u00e1nk\u016fm p\u0159ejeme \u0161\u0165astn\u00fd, spokojen\u00fd a kr\u00e1sn\u00fd \u017eivot v na\u0161\u00ed m\u011bstsk\u00e9 \u010d\u00e1sti.<\/p>\n\n\t\t<style>\n\t\t\t#gallery-1 {\n\t\t\t\tmargin: auto;\n\t\t\t}\n\t\t\t#gallery-1 .gallery-item {\n\t\t\t\tfloat: left;\n\t\t\t\tmargin-top: 10px;\n\t\t\t\ttext-align: center;\n\t\t\t\twidth: 20%;\n\t\t\t}\n\t\t\t#gallery-1 img {\n\t\t\t\tborder: 2px solid #cfcfcf;\n\t\t\t}\n\t\t\t#gallery-1 .gallery-caption {\n\t\t\t\tmargin-left: 0;\n\t\t\t}\n\t\t\t\/* see gallery_shortcode() in wp-includes\/media.php *\/\n\t\t<\/style>\n\t\t<div id='gallery-1' class='gallery galleryid-75469 gallery-columns-5 gallery-size-thumbnail'><dl class='gallery-item'>\n\t\t\t<dt class='gallery-icon landscape'>\n\t\t\t\t<a rel=\"galleryInfomapa\" class=\"thickbox no_icon rl-gallery-link\"  href='https:\/\/www.praha14.cz\/app\/uploads\/sites\/4\/2026\/08\/IMG_8778-scaled.jpeg' title=\"\" data-rl_title=\"\" data-rl_caption=\"\" data-rel=\"lightbox-gallery-1\"><img loading=\"lazy\" decoding=\"async\" width=\"150\" height=\"150\" src=\"https:\/\/www.praha14.cz\/app\/uploads\/sites\/4\/2026\/08\/IMG_8778-150x150.jpeg\" class=\"attachment-thumbnail size-thumbnail\" alt=\"IMG_8778\" \/><\/a>\n\t\t\t<\/dt><\/dl><dl class='gallery-item'>\n\t\t\t<dt class='gallery-icon landscape'>\n\t\t\t\t<a rel=\"galleryInfomapa\" class=\"thickbox no_icon rl-gallery-link\"  href='https:\/\/www.praha14.cz\/app\/uploads\/sites\/4\/2026\/08\/IMG_8779-scaled.jpeg' title=\"\" data-rl_title=\"\" data-rl_caption=\"\" data-rel=\"lightbox-gallery-1\"><img loading=\"lazy\" decoding=\"async\" width=\"150\" height=\"150\" src=\"https:\/\/www.praha14.cz\/app\/uploads\/sites\/4\/2026\/08\/IMG_8779-150x150.jpeg\" class=\"attachment-thumbnail size-thumbnail\" alt=\"IMG_8779\" \/><\/a>\n\t\t\t<\/dt><\/dl><dl class='gallery-item'>\n\t\t\t<dt class='gallery-icon landscape'>\n\t\t\t\t<a rel=\"galleryInfomapa\" class=\"thickbox no_icon rl-gallery-link\"  href='https:\/\/www.praha14.cz\/app\/uploads\/sites\/4\/2026\/08\/IMG_8783-scaled.jpeg' title=\"\" data-rl_title=\"\" data-rl_caption=\"\" data-rel=\"lightbox-gallery-1\"><img loading=\"lazy\" decoding=\"async\" width=\"150\" height=\"150\" src=\"https:\/\/www.praha14.cz\/app\/uploads\/sites\/4\/2026\/08\/IMG_8783-150x150.jpeg\" class=\"attachment-thumbnail size-thumbnail\" alt=\"IMG_8783\" \/><\/a>\n\t\t\t<\/dt><\/dl><dl class='gallery-item'>\n\t\t\t<dt class='gallery-icon portrait'>\n\t\t\t\t<a rel=\"galleryInfomapa\" class=\"thickbox no_icon rl-gallery-link\"  href='https:\/\/www.praha14.cz\/app\/uploads\/sites\/4\/2026\/08\/IMG_8786-scaled.jpeg' title=\"\" data-rl_title=\"\" data-rl_caption=\"\" data-rel=\"lightbox-gallery-1\"><img loading=\"lazy\" decoding=\"async\" width=\"150\" height=\"150\" src=\"https:\/\/www.praha14.cz\/app\/uploads\/sites\/4\/2026\/08\/IMG_8786-150x150.jpeg\" class=\"attachment-thumbnail size-thumbnail\" alt=\"IMG_8786\" \/><\/a>\n\t\t\t<\/dt><\/dl><dl class='gallery-item'>\n\t\t\t<dt class='gallery-icon landscape'>\n\t\t\t\t<a rel=\"galleryInfomapa\" class=\"thickbox no_icon rl-gallery-link\"  href='https:\/\/www.praha14.cz\/app\/uploads\/sites\/4\/2026\/08\/IMG_8790-scaled.jpeg' title=\"\" data-rl_title=\"\" data-rl_caption=\"\" data-rel=\"lightbox-gallery-1\"><img loading=\"lazy\" decoding=\"async\" width=\"150\" height=\"150\" src=\"https:\/\/www.praha14.cz\/app\/uploads\/sites\/4\/2026\/08\/IMG_8790-150x150.jpeg\" class=\"attachment-thumbnail size-thumbnail\" alt=\"IMG_8790\" \/><\/a>\n\t\t\t<\/dt><\/dl><br style=\"clear: both\" \/><dl class='gallery-item'>\n\t\t\t<dt class='gallery-icon landscape'>\n\t\t\t\t<a rel=\"galleryInfomapa\" class=\"thickbox no_icon rl-gallery-link\"  href='https:\/\/www.praha14.cz\/app\/uploads\/sites\/4\/2026\/08\/IMG_8795-scaled.jpeg' title=\"\" data-rl_title=\"\" data-rl_caption=\"\" data-rel=\"lightbox-gallery-1\"><img loading=\"lazy\" decoding=\"async\" width=\"150\" height=\"150\" src=\"https:\/\/www.praha14.cz\/app\/uploads\/sites\/4\/2026\/08\/IMG_8795-150x150.jpeg\" class=\"attachment-thumbnail size-thumbnail\" alt=\"IMG_8795\" \/><\/a>\n\t\t\t<\/dt><\/dl><dl class='gallery-item'>\n\t\t\t<dt class='gallery-icon portrait'>\n\t\t\t\t<a rel=\"galleryInfomapa\" class=\"thickbox no_icon rl-gallery-link\"  href='https:\/\/www.praha14.cz\/app\/uploads\/sites\/4\/2026\/08\/IMG_8798-scaled.jpeg' title=\"\" data-rl_title=\"\" data-rl_caption=\"\" data-rel=\"lightbox-gallery-1\"><img loading=\"lazy\" decoding=\"async\" width=\"150\" height=\"150\" src=\"https:\/\/www.praha14.cz\/app\/uploads\/sites\/4\/2026\/08\/IMG_8798-150x150.jpeg\" class=\"attachment-thumbnail size-thumbnail\" alt=\"IMG_8798\" \/><\/a>\n\t\t\t<\/dt><\/dl><dl class='gallery-item'>\n\t\t\t<dt class='gallery-icon portrait'>\n\t\t\t\t<a rel=\"galleryInfomapa\" class=\"thickbox no_icon rl-gallery-link\"  href='https:\/\/www.praha14.cz\/app\/uploads\/sites\/4\/2026\/08\/IMG_8800-scaled.jpeg' title=\"\" data-rl_title=\"\" data-rl_caption=\"\" data-rel=\"lightbox-gallery-1\"><img loading=\"lazy\" decoding=\"async\" width=\"150\" height=\"150\" src=\"https:\/\/www.praha14.cz\/app\/uploads\/sites\/4\/2026\/08\/IMG_8800-150x150.jpeg\" class=\"attachment-thumbnail size-thumbnail\" alt=\"IMG_8800\" \/><\/a>\n\t\t\t<\/dt><\/dl><dl class='gallery-item'>\n\t\t\t<dt class='gallery-icon landscape'>\n\t\t\t\t<a rel=\"galleryInfomapa\" class=\"thickbox no_icon rl-gallery-link\"  href='https:\/\/www.praha14.cz\/app\/uploads\/sites\/4\/2026\/08\/IMG_8803-scaled.jpeg' title=\"\" data-rl_title=\"\" data-rl_caption=\"\" data-rel=\"lightbox-gallery-1\"><img loading=\"lazy\" decoding=\"async\" width=\"150\" height=\"150\" src=\"https:\/\/www.praha14.cz\/app\/uploads\/sites\/4\/2026\/08\/IMG_8803-150x150.jpeg\" class=\"attachment-thumbnail size-thumbnail\" alt=\"IMG_8803\" \/><\/a>\n\t\t\t<\/dt><\/dl><dl class='gallery-item'>\n\t\t\t<dt class='gallery-icon landscape'>\n\t\t\t\t<a rel=\"galleryInfomapa\" class=\"thickbox no_icon rl-gallery-link\"  href='https:\/\/www.praha14.cz\/app\/uploads\/sites\/4\/2026\/08\/IMG_8807-scaled.jpeg' title=\"\" data-rl_title=\"\" data-rl_caption=\"\" data-rel=\"lightbox-gallery-1\"><img loading=\"lazy\" decoding=\"async\" width=\"150\" height=\"150\" src=\"https:\/\/www.praha14.cz\/app\/uploads\/sites\/4\/2026\/08\/IMG_8807-150x150.jpeg\" class=\"attachment-thumbnail size-thumbnail\" alt=\"IMG_8807\" \/><\/a>\n\t\t\t<\/dt><\/dl><br style=\"clear: both\" \/><dl class='gallery-item'>\n\t\t\t<dt class='gallery-icon portrait'>\n\t\t\t\t<a rel=\"galleryInfomapa\" class=\"thickbox no_icon rl-gallery-link\"  href='https:\/\/www.praha14.cz\/app\/uploads\/sites\/4\/2026\/08\/IMG_8809-scaled.jpeg' title=\"\" data-rl_title=\"\" data-rl_caption=\"\" data-rel=\"lightbox-gallery-1\"><img loading=\"lazy\" decoding=\"async\" width=\"150\" height=\"150\" src=\"https:\/\/www.praha14.cz\/app\/uploads\/sites\/4\/2026\/08\/IMG_8809-150x150.jpeg\" class=\"attachment-thumbnail size-thumbnail\" alt=\"IMG_8809\" \/><\/a>\n\t\t\t<\/dt><\/dl><dl class='gallery-item'>\n\t\t\t<dt class='gallery-icon portrait'>\n\t\t\t\t<a rel=\"galleryInfomapa\" class=\"thickbox no_icon rl-gallery-link\"  href='https:\/\/www.praha14.cz\/app\/uploads\/sites\/4\/2026\/08\/IMG_8810-scaled.jpeg' title=\"\" data-rl_title=\"\" data-rl_caption=\"\" data-rel=\"lightbox-gallery-1\"><img loading=\"lazy\" decoding=\"async\" width=\"150\" height=\"150\" src=\"https:\/\/www.praha14.cz\/app\/uploads\/sites\/4\/2026\/08\/IMG_8810-150x150.jpeg\" class=\"attachment-thumbnail size-thumbnail\" alt=\"IMG_8810\" \/><\/a>\n\t\t\t<\/dt><\/dl><dl class='gallery-item'>\n\t\t\t<dt class='gallery-icon landscape'>\n\t\t\t\t<a rel=\"galleryInfomapa\" class=\"thickbox no_icon rl-gallery-link\"  href='https:\/\/www.praha14.cz\/app\/uploads\/sites\/4\/2026\/08\/IMG_8812-scaled.jpeg' title=\"\" data-rl_title=\"\" data-rl_caption=\"\" data-rel=\"lightbox-gallery-1\"><img loading=\"lazy\" decoding=\"async\" width=\"150\" height=\"150\" src=\"https:\/\/www.praha14.cz\/app\/uploads\/sites\/4\/2026\/08\/IMG_8812-150x150.jpeg\" class=\"attachment-thumbnail size-thumbnail\" alt=\"IMG_8812\" \/><\/a>\n\t\t\t<\/dt><\/dl><dl class='gallery-item'>\n\t\t\t<dt class='gallery-icon portrait'>\n\t\t\t\t<a rel=\"galleryInfomapa\" class=\"thickbox no_icon rl-gallery-link\"  href='https:\/\/www.praha14.cz\/app\/uploads\/sites\/4\/2026\/08\/IMG_8817-scaled.jpeg' title=\"\" data-rl_title=\"\" data-rl_caption=\"\" data-rel=\"lightbox-gallery-1\"><img loading=\"lazy\" decoding=\"async\" width=\"150\" height=\"150\" src=\"https:\/\/www.praha14.cz\/app\/uploads\/sites\/4\/2026\/08\/IMG_8817-150x150.jpeg\" class=\"attachment-thumbnail size-thumbnail\" alt=\"IMG_8817\" \/><\/a>\n\t\t\t<\/dt><\/dl><dl class='gallery-item'>\n\t\t\t<dt class='gallery-icon portrait'>\n\t\t\t\t<a rel=\"galleryInfomapa\" class=\"thickbox no_icon rl-gallery-link\"  href='https:\/\/www.praha14.cz\/app\/uploads\/sites\/4\/2026\/08\/IMG_8820-scaled.jpeg' title=\"\" data-rl_title=\"\" data-rl_caption=\"\" data-rel=\"lightbox-gallery-1\"><img loading=\"lazy\" decoding=\"async\" width=\"150\" height=\"150\" src=\"https:\/\/www.praha14.cz\/app\/uploads\/sites\/4\/2026\/08\/IMG_8820-150x150.jpeg\" class=\"attachment-thumbnail size-thumbnail\" alt=\"IMG_8820\" \/><\/a>\n\t\t\t<\/dt><\/dl><br style=\"clear: both\" \/><dl class='gallery-item'>\n\t\t\t<dt class='gallery-icon portrait'>\n\t\t\t\t<a rel=\"galleryInfomapa\" class=\"thickbox no_icon rl-gallery-link\"  href='https:\/\/www.praha14.cz\/app\/uploads\/sites\/4\/2026\/08\/IMG_8823-scaled.jpeg' title=\"\" data-rl_title=\"\" data-rl_caption=\"\" data-rel=\"lightbox-gallery-1\"><img loading=\"lazy\" decoding=\"async\" width=\"150\" height=\"150\" src=\"https:\/\/www.praha14.cz\/app\/uploads\/sites\/4\/2026\/08\/IMG_8823-150x150.jpeg\" class=\"attachment-thumbnail size-thumbnail\" alt=\"IMG_8823\" \/><\/a>\n\t\t\t<\/dt><\/dl><dl class='gallery-item'>\n\t\t\t<dt class='gallery-icon portrait'>\n\t\t\t\t<a rel=\"galleryInfomapa\" class=\"thickbox no_icon rl-gallery-link\"  href='https:\/\/www.praha14.cz\/app\/uploads\/sites\/4\/2026\/08\/IMG_8826-scaled.jpeg' title=\"\" data-rl_title=\"\" data-rl_caption=\"\" data-rel=\"lightbox-gallery-1\"><img loading=\"lazy\" decoding=\"async\" width=\"150\" height=\"150\" src=\"https:\/\/www.praha14.cz\/app\/uploads\/sites\/4\/2026\/08\/IMG_8826-150x150.jpeg\" class=\"attachment-thumbnail size-thumbnail\" alt=\"IMG_8826\" \/><\/a>\n\t\t\t<\/dt><\/dl><dl class='gallery-item'>\n\t\t\t<dt class='gallery-icon landscape'>\n\t\t\t\t<a rel=\"galleryInfomapa\" class=\"thickbox no_icon rl-gallery-link\"  href='https:\/\/www.praha14.cz\/app\/uploads\/sites\/4\/2026\/08\/IMG_8828-scaled.jpeg' title=\"\" data-rl_title=\"\" data-rl_caption=\"\" data-rel=\"lightbox-gallery-1\"><img loading=\"lazy\" decoding=\"async\" width=\"150\" height=\"150\" src=\"https:\/\/www.praha14.cz\/app\/uploads\/sites\/4\/2026\/08\/IMG_8828-150x150.jpeg\" class=\"attachment-thumbnail size-thumbnail\" alt=\"IMG_8828\" \/><\/a>\n\t\t\t<\/dt><\/dl><dl class='gallery-item'>\n\t\t\t<dt class='gallery-icon landscape'>\n\t\t\t\t<a rel=\"galleryInfomapa\" class=\"thickbox no_icon rl-gallery-link\"  href='https:\/\/www.praha14.cz\/app\/uploads\/sites\/4\/2026\/08\/IMG_8835-scaled.jpeg' title=\"\" data-rl_title=\"\" data-rl_caption=\"\" data-rel=\"lightbox-gallery-1\"><img loading=\"lazy\" decoding=\"async\" width=\"150\" height=\"150\" src=\"https:\/\/www.praha14.cz\/app\/uploads\/sites\/4\/2026\/08\/IMG_8835-150x150.jpeg\" class=\"attachment-thumbnail size-thumbnail\" alt=\"IMG_8835\" \/><\/a>\n\t\t\t<\/dt><\/dl><dl class='gallery-item'>\n\t\t\t<dt class='gallery-icon landscape'>\n\t\t\t\t<a rel=\"galleryInfomapa\" class=\"thickbox no_icon rl-gallery-link\"  href='https:\/\/www.praha14.cz\/app\/uploads\/sites\/4\/2026\/08\/IMG_8840-scaled.jpeg' title=\"\" data-rl_title=\"\" data-rl_caption=\"\" data-rel=\"lightbox-gallery-1\"><img loading=\"lazy\" decoding=\"async\" width=\"150\" height=\"150\" src=\"https:\/\/www.praha14.cz\/app\/uploads\/sites\/4\/2026\/08\/IMG_8840-150x150.jpeg\" class=\"attachment-thumbnail size-thumbnail\" alt=\"IMG_8840\" \/><\/a>\n\t\t\t<\/dt><\/dl><br style=\"clear: both\" \/><dl class='gallery-item'>\n\t\t\t<dt class='gallery-icon landscape'>\n\t\t\t\t<a rel=\"galleryInfomapa\" class=\"thickbox no_icon rl-gallery-link\"  href='https:\/\/www.praha14.cz\/app\/uploads\/sites\/4\/2026\/08\/IMG_8841-scaled.jpeg' title=\"\" data-rl_title=\"\" data-rl_caption=\"\" data-rel=\"lightbox-gallery-1\"><img loading=\"lazy\" decoding=\"async\" width=\"150\" height=\"150\" src=\"https:\/\/www.praha14.cz\/app\/uploads\/sites\/4\/2026\/08\/IMG_8841-150x150.jpeg\" class=\"attachment-thumbnail size-thumbnail\" alt=\"IMG_8841\" \/><\/a>\n\t\t\t<\/dt><\/dl><dl class='gallery-item'>\n\t\t\t<dt class='gallery-icon portrait'>\n\t\t\t\t<a rel=\"galleryInfomapa\" class=\"thickbox no_icon rl-gallery-link\"  href='https:\/\/www.praha14.cz\/app\/uploads\/sites\/4\/2026\/08\/IMG_8845-scaled.jpeg' title=\"\" data-rl_title=\"\" data-rl_caption=\"\" data-rel=\"lightbox-gallery-1\"><img loading=\"lazy\" decoding=\"async\" width=\"150\" height=\"150\" src=\"https:\/\/www.praha14.cz\/app\/uploads\/sites\/4\/2026\/08\/IMG_8845-150x150.jpeg\" class=\"attachment-thumbnail size-thumbnail\" alt=\"IMG_8845\" \/><\/a>\n\t\t\t<\/dt><\/dl><dl class='gallery-item'>\n\t\t\t<dt class='gallery-icon portrait'>\n\t\t\t\t<a rel=\"galleryInfomapa\" class=\"thickbox no_icon rl-gallery-link\"  href='https:\/\/www.praha14.cz\/app\/uploads\/sites\/4\/2026\/08\/IMG_8847-scaled.jpeg' title=\"\" data-rl_title=\"\" data-rl_caption=\"\" data-rel=\"lightbox-gallery-1\"><img loading=\"lazy\" decoding=\"async\" width=\"150\" height=\"150\" src=\"https:\/\/www.praha14.cz\/app\/uploads\/sites\/4\/2026\/08\/IMG_8847-150x150.jpeg\" class=\"attachment-thumbnail size-thumbnail\" alt=\"IMG_8847\" \/><\/a>\n\t\t\t<\/dt><\/dl><dl class='gallery-item'>\n\t\t\t<dt class='gallery-icon landscape'>\n\t\t\t\t<a rel=\"galleryInfomapa\" class=\"thickbox no_icon rl-gallery-link\"  href='https:\/\/www.praha14.cz\/app\/uploads\/sites\/4\/2026\/08\/IMG_8851-scaled.jpeg' title=\"\" data-rl_title=\"\" data-rl_caption=\"\" data-rel=\"lightbox-gallery-1\"><img loading=\"lazy\" decoding=\"async\" width=\"150\" height=\"150\" src=\"https:\/\/www.praha14.cz\/app\/uploads\/sites\/4\/2026\/08\/IMG_8851-150x150.jpeg\" class=\"attachment-thumbnail size-thumbnail\" alt=\"IMG_8851\" \/><\/a>\n\t\t\t<\/dt><\/dl><dl class='gallery-item'>\n\t\t\t<dt class='gallery-icon landscape'>\n\t\t\t\t<a rel=\"galleryInfomapa\" class=\"thickbox no_icon rl-gallery-link\"  href='https:\/\/www.praha14.cz\/app\/uploads\/sites\/4\/2026\/08\/IMG_8855-scaled.jpeg' title=\"\" data-rl_title=\"\" data-rl_caption=\"\" data-rel=\"lightbox-gallery-1\"><img loading=\"lazy\" decoding=\"async\" width=\"150\" height=\"150\" src=\"https:\/\/www.praha14.cz\/app\/uploads\/sites\/4\/2026\/08\/IMG_8855-150x150.jpeg\" class=\"attachment-thumbnail size-thumbnail\" alt=\"IMG_8855\" \/><\/a>\n\t\t\t<\/dt><\/dl><br style=\"clear: both\" \/><dl class='gallery-item'>\n\t\t\t<dt class='gallery-icon portrait'>\n\t\t\t\t<a rel=\"galleryInfomapa\" class=\"thickbox no_icon rl-gallery-link\"  href='https:\/\/www.praha14.cz\/app\/uploads\/sites\/4\/2026\/08\/IMG_8858-scaled.jpeg' title=\"\" data-rl_title=\"\" data-rl_caption=\"\" data-rel=\"lightbox-gallery-1\"><img loading=\"lazy\" decoding=\"async\" width=\"150\" height=\"150\" src=\"https:\/\/www.praha14.cz\/app\/uploads\/sites\/4\/2026\/08\/IMG_8858-150x150.jpeg\" class=\"attachment-thumbnail size-thumbnail\" alt=\"IMG_8858\" \/><\/a>\n\t\t\t<\/dt><\/dl><dl class='gallery-item'>\n\t\t\t<dt class='gallery-icon portrait'>\n\t\t\t\t<a rel=\"galleryInfomapa\" class=\"thickbox no_icon rl-gallery-link\"  href='https:\/\/www.praha14.cz\/app\/uploads\/sites\/4\/2026\/08\/IMG_8861-scaled.jpeg' title=\"\" data-rl_title=\"\" data-rl_caption=\"\" data-rel=\"lightbox-gallery-1\"><img loading=\"lazy\" decoding=\"async\" width=\"150\" height=\"150\" src=\"https:\/\/www.praha14.cz\/app\/uploads\/sites\/4\/2026\/08\/IMG_8861-150x150.jpeg\" class=\"attachment-thumbnail size-thumbnail\" alt=\"IMG_8861\" \/><\/a>\n\t\t\t<\/dt><\/dl><dl class='gallery-item'>\n\t\t\t<dt class='gallery-icon portrait'>\n\t\t\t\t<a rel=\"galleryInfomapa\" class=\"thickbox no_icon rl-gallery-link\"  href='https:\/\/www.praha14.cz\/app\/uploads\/sites\/4\/2026\/08\/IMG_8869-scaled.jpeg' title=\"\" data-rl_title=\"\" data-rl_caption=\"\" data-rel=\"lightbox-gallery-1\"><img loading=\"lazy\" decoding=\"async\" width=\"150\" height=\"150\" src=\"https:\/\/www.praha14.cz\/app\/uploads\/sites\/4\/2026\/08\/IMG_8869-150x150.jpeg\" class=\"attachment-thumbnail size-thumbnail\" alt=\"IMG_8869\" \/><\/a>\n\t\t\t<\/dt><\/dl><dl class='gallery-item'>\n\t\t\t<dt class='gallery-icon portrait'>\n\t\t\t\t<a rel=\"galleryInfomapa\" class=\"thickbox no_icon rl-gallery-link\"  href='https:\/\/www.praha14.cz\/app\/uploads\/sites\/4\/2026\/08\/IMG_8872-scaled.jpeg' title=\"\" data-rl_title=\"\" data-rl_caption=\"\" data-rel=\"lightbox-gallery-1\"><img loading=\"lazy\" decoding=\"async\" width=\"150\" height=\"150\" src=\"https:\/\/www.praha14.cz\/app\/uploads\/sites\/4\/2026\/08\/IMG_8872-150x150.jpeg\" class=\"attachment-thumbnail size-thumbnail\" alt=\"IMG_8872\" \/><\/a>\n\t\t\t<\/dt><\/dl><dl class='gallery-item'>\n\t\t\t<dt class='gallery-icon portrait'>\n\t\t\t\t<a rel=\"galleryInfomapa\" class=\"thickbox no_icon rl-gallery-link\"  href='https:\/\/www.praha14.cz\/app\/uploads\/sites\/4\/2026\/08\/IMG_8887-scaled.jpeg' title=\"\" data-rl_title=\"\" data-rl_caption=\"\" data-rel=\"lightbox-gallery-1\"><img loading=\"lazy\" decoding=\"async\" width=\"150\" height=\"150\" src=\"https:\/\/www.praha14.cz\/app\/uploads\/sites\/4\/2026\/08\/IMG_8887-150x150.jpeg\" class=\"attachment-thumbnail size-thumbnail\" alt=\"IMG_8887\" \/><\/a>\n\t\t\t<\/dt><\/dl><br style=\"clear: both\" \/><dl class='gallery-item'>\n\t\t\t<dt class='gallery-icon portrait'>\n\t\t\t\t<a rel=\"galleryInfomapa\" class=\"thickbox no_icon rl-gallery-link\"  href='https:\/\/www.praha14.cz\/app\/uploads\/sites\/4\/2026\/08\/IMG_8888-scaled.jpeg' title=\"\" data-rl_title=\"\" data-rl_caption=\"\" data-rel=\"lightbox-gallery-1\"><img loading=\"lazy\" decoding=\"async\" width=\"150\" height=\"150\" src=\"https:\/\/www.praha14.cz\/app\/uploads\/sites\/4\/2026\/08\/IMG_8888-150x150.jpeg\" class=\"attachment-thumbnail size-thumbnail\" alt=\"IMG_8888\" \/><\/a>\n\t\t\t<\/dt><\/dl><dl class='gallery-item'>\n\t\t\t<dt class='gallery-icon landscape'>\n\t\t\t\t<a rel=\"galleryInfomapa\" class=\"thickbox no_icon rl-gallery-link\"  href='https:\/\/www.praha14.cz\/app\/uploads\/sites\/4\/2026\/08\/IMG_8890-scaled.jpeg' title=\"\" data-rl_title=\"\" data-rl_caption=\"\" data-rel=\"lightbox-gallery-1\"><img loading=\"lazy\" decoding=\"async\" width=\"150\" height=\"150\" src=\"https:\/\/www.praha14.cz\/app\/uploads\/sites\/4\/2026\/08\/IMG_8890-150x150.jpeg\" class=\"attachment-thumbnail size-thumbnail\" alt=\"IMG_8890\" \/><\/a>\n\t\t\t<\/dt><\/dl><dl class='gallery-item'>\n\t\t\t<dt class='gallery-icon landscape'>\n\t\t\t\t<a rel=\"galleryInfomapa\" class=\"thickbox no_icon rl-gallery-link\"  href='https:\/\/www.praha14.cz\/app\/uploads\/sites\/4\/2026\/08\/IMG_8895-scaled.jpeg' title=\"\" data-rl_title=\"\" data-rl_caption=\"\" data-rel=\"lightbox-gallery-1\"><img loading=\"lazy\" decoding=\"async\" width=\"150\" height=\"150\" src=\"https:\/\/www.praha14.cz\/app\/uploads\/sites\/4\/2026\/08\/IMG_8895-150x150.jpeg\" class=\"attachment-thumbnail size-thumbnail\" alt=\"IMG_8895\" \/><\/a>\n\t\t\t<\/dt><\/dl><dl class='gallery-item'>\n\t\t\t<dt class='gallery-icon portrait'>\n\t\t\t\t<a rel=\"galleryInfomapa\" class=\"thickbox no_icon rl-gallery-link\"  href='https:\/\/www.praha14.cz\/app\/uploads\/sites\/4\/2026\/08\/IMG_8901-scaled.jpeg' title=\"\" data-rl_title=\"\" data-rl_caption=\"\" data-rel=\"lightbox-gallery-1\"><img loading=\"lazy\" decoding=\"async\" width=\"150\" height=\"150\" src=\"https:\/\/www.praha14.cz\/app\/uploads\/sites\/4\/2026\/08\/IMG_8901-150x150.jpeg\" class=\"attachment-thumbnail size-thumbnail\" alt=\"IMG_8901\" \/><\/a>\n\t\t\t<\/dt><\/dl><dl class='gallery-item'>\n\t\t\t<dt class='gallery-icon portrait'>\n\t\t\t\t<a rel=\"galleryInfomapa\" class=\"thickbox no_icon rl-gallery-link\"  href='https:\/\/www.praha14.cz\/app\/uploads\/sites\/4\/2026\/08\/IMG_8902-scaled.jpeg' title=\"\" data-rl_title=\"\" data-rl_caption=\"\" data-rel=\"lightbox-gallery-1\"><img loading=\"lazy\" decoding=\"async\" width=\"150\" height=\"150\" src=\"https:\/\/www.praha14.cz\/app\/uploads\/sites\/4\/2026\/08\/IMG_8902-150x150.jpeg\" class=\"attachment-thumbnail size-thumbnail\" alt=\"IMG_8902\" \/><\/a>\n\t\t\t<\/dt><\/dl><br style=\"clear: both\" \/><dl class='gallery-item'>\n\t\t\t<dt class='gallery-icon landscape'>\n\t\t\t\t<a rel=\"galleryInfomapa\" class=\"thickbox no_icon rl-gallery-link\"  href='https:\/\/www.praha14.cz\/app\/uploads\/sites\/4\/2026\/08\/IMG_8906-scaled.jpeg' title=\"\" data-rl_title=\"\" data-rl_caption=\"\" data-rel=\"lightbox-gallery-1\"><img loading=\"lazy\" decoding=\"async\" width=\"150\" height=\"150\" src=\"https:\/\/www.praha14.cz\/app\/uploads\/sites\/4\/2026\/08\/IMG_8906-150x150.jpeg\" class=\"attachment-thumbnail size-thumbnail\" alt=\"IMG_8906\" \/><\/a>\n\t\t\t<\/dt><\/dl><dl class='gallery-item'>\n\t\t\t<dt class='gallery-icon landscape'>\n\t\t\t\t<a rel=\"galleryInfomapa\" class=\"thickbox no_icon rl-gallery-link\"  href='https:\/\/www.praha14.cz\/app\/uploads\/sites\/4\/2026\/08\/IMG_8912-scaled.jpeg' title=\"\" data-rl_title=\"\" data-rl_caption=\"\" data-rel=\"lightbox-gallery-1\"><img loading=\"lazy\" decoding=\"async\" width=\"150\" height=\"150\" src=\"https:\/\/www.praha14.cz\/app\/uploads\/sites\/4\/2026\/08\/IMG_8912-150x150.jpeg\" class=\"attachment-thumbnail size-thumbnail\" alt=\"IMG_8912\" \/><\/a>\n\t\t\t<\/dt><\/dl>\n\t\t\t<br style='clear: both' \/>\n\t\t<\/div>\n\n<p style=\"text-align: right;\">Zve\u0159ejn\u011bno: 31. srpna 2026<\/p>\n","protected":false},"excerpt":{"rendered":"<p>V pond\u011bl\u00ed 31. srpna 2026, symbolicky na sam\u00e9m konci letn\u00edch pr\u00e1zdnin, jsme m\u011bli tu \u010dest p\u0159iv\u00edtat nov\u00e9 mal\u00e9 ob\u010d\u00e1nky m\u011bstsk\u00e9 \u010d\u00e1sti Praha 14. Slavnostn\u00ed v\u00edt\u00e1n\u00ed se op\u011bt uskute\u010dnilo v kr\u00e1sn\u00fdch prostor\u00e1ch Galerie 14.\u00a0Milou atmosf\u00e9ru posledn\u00edho pr\u00e1zdninov\u00e9ho dne doprovodila tak\u00e9 slova radn\u00ed Prahy 14 pan\u00ed Kate\u0159iny Pavl\u00ed\u010dkov\u00e9, kter\u00e1 rodi\u010d\u016fm pop\u0159\u00e1la mnoho radosti, zdrav\u00ed a l\u00e1sky na&#8230;<\/p>\n","protected":false},"author":1057,"featured_media":0,"comment_status":"closed","ping_status":"closed","sticky":false,"template":"","format":"standard","meta":{"_acf_changed":false,"footnotes":""},"categories":[1],"tags":[116],"class_list":["post-75469","post","type-post","status-publish","format-standard","hentry","category-nezarazene","tag-fotogalerie-akci"],"acf":[],"geo":null,"yoast_head":"<!-- This site is optimized with the Yoast SEO plugin v28.0 - https:\/\/yoast.com\/product\/yoast-seo-wordpress\/ -->\n<title>Konec pr\u00e1zdnin v Praze 14 pat\u0159il tak\u00e9 na\u0161im nejmen\u0161\u00edm ob\u010d\u00e1nk\u016fm - \u017divot na Praze 14<\/title>\n<meta name=\"robots\" content=\"index, follow, max-snippet:-1, max-image-preview:large, max-video-preview:-1\" \/>\n<link rel=\"canonical\" href=\"https:\/\/www.praha14.cz\/zivot-na-praze-14\/konec-prazdnin-v-praze-14-patril-take-nasim-nejmensim-obcankum\/\" \/>\n<meta property=\"og:locale\" content=\"cs_CZ\" \/>\n<meta property=\"og:type\" content=\"article\" \/>\n<meta property=\"og:title\" content=\"Konec pr\u00e1zdnin v Praze 14 pat\u0159il tak\u00e9 na\u0161im nejmen\u0161\u00edm ob\u010d\u00e1nk\u016fm - \u017divot na Praze 14\" \/>\n<meta property=\"og:description\" content=\"V pond\u011bl\u00ed 31. srpna 2026, symbolicky na sam\u00e9m konci letn\u00edch pr\u00e1zdnin, jsme m\u011bli tu \u010dest p\u0159iv\u00edtat nov\u00e9 mal\u00e9 ob\u010d\u00e1nky m\u011bstsk\u00e9 \u010d\u00e1sti Praha 14. Slavnostn\u00ed v\u00edt\u00e1n\u00ed se op\u011bt uskute\u010dnilo v kr\u00e1sn\u00fdch prostor\u00e1ch Galerie 14.\u00a0Milou atmosf\u00e9ru posledn\u00edho pr\u00e1zdninov\u00e9ho dne doprovodila tak\u00e9 slova radn\u00ed Prahy 14 pan\u00ed Kate\u0159iny Pavl\u00ed\u010dkov\u00e9, kter\u00e1 rodi\u010d\u016fm pop\u0159\u00e1la mnoho radosti, zdrav\u00ed a l\u00e1sky na...\" \/>\n<meta property=\"og:url\" content=\"https:\/\/www.praha14.cz\/zivot-na-praze-14\/konec-prazdnin-v-praze-14-patril-take-nasim-nejmensim-obcankum\/\" \/>\n<meta property=\"og:site_name\" content=\"\u017divot na Praze 14\" \/>\n<meta property=\"article:published_time\" content=\"2026-08-31T14:55:02+00:00\" \/>\n<meta property=\"article:modified_time\" content=\"2026-08-31T14:55:24+00:00\" \/>\n<meta property=\"og:image\" content=\"https:\/\/www.praha14.cz\/app\/uploads\/sites\/4\/2026\/08\/IMG_8778-150x150.jpeg\" \/>\n<meta name=\"author\" content=\"Odd\u011blen\u00ed komunikace\" \/>\n<meta name=\"twitter:card\" content=\"summary_large_image\" \/>\n<meta name=\"twitter:label1\" content=\"Written by\" \/>\n\t<meta name=\"twitter:data1\" content=\"Odd\u011blen\u00ed komunikace\" \/>\n\t<meta name=\"twitter:label2\" content=\"Est. reading time\" \/>\n\t<meta name=\"twitter:data2\" content=\"1 minuta\" \/>\n<script type=\"application\/ld+json\" class=\"yoast-schema-graph\">{\"@context\":\"https:\\\/\\\/schema.org\",\"@graph\":[{\"@type\":\"Article\",\"@id\":\"https:\\\/\\\/www.praha14.cz\\\/zivot-na-praze-14\\\/konec-prazdnin-v-praze-14-patril-take-nasim-nejmensim-obcankum\\\/#article\",\"isPartOf\":{\"@id\":\"https:\\\/\\\/www.praha14.cz\\\/zivot-na-praze-14\\\/konec-prazdnin-v-praze-14-patril-take-nasim-nejmensim-obcankum\\\/\"},\"author\":{\"name\":\"Odd\u011blen\u00ed komunikace\",\"@id\":\"https:\\\/\\\/www.praha14.cz\\\/zivot-na-praze-14\\\/#\\\/schema\\\/person\\\/127a1d778cbcf76b257f93fb8c42591c\"},\"headline\":\"Konec pr\u00e1zdnin v Praze 14 pat\u0159il tak\u00e9 na\u0161im nejmen\u0161\u00edm ob\u010d\u00e1nk\u016fm\",\"datePublished\":\"2026-08-31T14:55:02+00:00\",\"dateModified\":\"2026-08-31T14:55:24+00:00\",\"mainEntityOfPage\":{\"@id\":\"https:\\\/\\\/www.praha14.cz\\\/zivot-na-praze-14\\\/konec-prazdnin-v-praze-14-patril-take-nasim-nejmensim-obcankum\\\/\"},\"wordCount\":178,\"keywords\":[\"Fotogalerie akc\u00ed\"],\"inLanguage\":\"cs\"},{\"@type\":\"WebPage\",\"@id\":\"https:\\\/\\\/www.praha14.cz\\\/zivot-na-praze-14\\\/konec-prazdnin-v-praze-14-patril-take-nasim-nejmensim-obcankum\\\/\",\"url\":\"https:\\\/\\\/www.praha14.cz\\\/zivot-na-praze-14\\\/konec-prazdnin-v-praze-14-patril-take-nasim-nejmensim-obcankum\\\/\",\"name\":\"Konec pr\u00e1zdnin v Praze 14 pat\u0159il tak\u00e9 na\u0161im nejmen\u0161\u00edm ob\u010d\u00e1nk\u016fm - \u017divot na Praze 14\",\"isPartOf\":{\"@id\":\"https:\\\/\\\/www.praha14.cz\\\/zivot-na-praze-14\\\/#website\"},\"datePublished\":\"2026-08-31T14:55:02+00:00\",\"dateModified\":\"2026-08-31T14:55:24+00:00\",\"author\":{\"@id\":\"https:\\\/\\\/www.praha14.cz\\\/zivot-na-praze-14\\\/#\\\/schema\\\/person\\\/127a1d778cbcf76b257f93fb8c42591c\"},\"breadcrumb\":{\"@id\":\"https:\\\/\\\/www.praha14.cz\\\/zivot-na-praze-14\\\/konec-prazdnin-v-praze-14-patril-take-nasim-nejmensim-obcankum\\\/#breadcrumb\"},\"inLanguage\":\"cs\",\"potentialAction\":[{\"@type\":\"ReadAction\",\"target\":[\"https:\\\/\\\/www.praha14.cz\\\/zivot-na-praze-14\\\/konec-prazdnin-v-praze-14-patril-take-nasim-nejmensim-obcankum\\\/\"]}]},{\"@type\":\"BreadcrumbList\",\"@id\":\"https:\\\/\\\/www.praha14.cz\\\/zivot-na-praze-14\\\/konec-prazdnin-v-praze-14-patril-take-nasim-nejmensim-obcankum\\\/#breadcrumb\",\"itemListElement\":[{\"@type\":\"ListItem\",\"position\":1,\"name\":\"\u017divot na Praze 14\",\"item\":\"https:\\\/\\\/www.praha14.cz\\\/zivot-na-praze-14\\\/\"},{\"@type\":\"ListItem\",\"position\":2,\"name\":\"Konec pr\u00e1zdnin v Praze 14 pat\u0159il tak\u00e9 na\u0161im nejmen\u0161\u00edm ob\u010d\u00e1nk\u016fm\"}]},{\"@type\":\"WebSite\",\"@id\":\"https:\\\/\\\/www.praha14.cz\\\/zivot-na-praze-14\\\/#website\",\"url\":\"https:\\\/\\\/www.praha14.cz\\\/zivot-na-praze-14\\\/\",\"name\":\"\u017divot na Praze 14\",\"description\":\"\",\"potentialAction\":[{\"@type\":\"SearchAction\",\"target\":{\"@type\":\"EntryPoint\",\"urlTemplate\":\"https:\\\/\\\/www.praha14.cz\\\/zivot-na-praze-14\\\/?s={search_term_string}\"},\"query-input\":{\"@type\":\"PropertyValueSpecification\",\"valueRequired\":true,\"valueName\":\"search_term_string\"}}],\"inLanguage\":\"cs\"},{\"@type\":\"Person\",\"@id\":\"https:\\\/\\\/www.praha14.cz\\\/zivot-na-praze-14\\\/#\\\/schema\\\/person\\\/127a1d778cbcf76b257f93fb8c42591c\",\"name\":\"Odd\u011blen\u00ed komunikace\",\"image\":{\"@type\":\"ImageObject\",\"inLanguage\":\"cs\",\"@id\":\"https:\\\/\\\/secure.gravatar.com\\\/avatar\\\/e958f3d1e915848093abf89585ec4bb6a7daede2e0322c416842d9f94c3fdaca?s=96&d=mm&r=g\",\"url\":\"https:\\\/\\\/secure.gravatar.com\\\/avatar\\\/e958f3d1e915848093abf89585ec4bb6a7daede2e0322c416842d9f94c3fdaca?s=96&d=mm&r=g\",\"contentUrl\":\"https:\\\/\\\/secure.gravatar.com\\\/avatar\\\/e958f3d1e915848093abf89585ec4bb6a7daede2e0322c416842d9f94c3fdaca?s=96&d=mm&r=g\",\"caption\":\"Odd\u011blen\u00ed komunikace\"},\"url\":\"https:\\\/\\\/www.praha14.cz\\\/zivot-na-praze-14\\\/author\\\/luciehlavackova\\\/\"}]}<\/script>\n<!-- \/ Yoast SEO plugin. -->","yoast_head_json":{"title":"Konec pr\u00e1zdnin v Praze 14 pat\u0159il tak\u00e9 na\u0161im nejmen\u0161\u00edm ob\u010d\u00e1nk\u016fm - \u017divot na Praze 14","robots":{"index":"index","follow":"follow","max-snippet":"max-snippet:-1","max-image-preview":"max-image-preview:large","max-video-preview":"max-video-preview:-1"},"canonical":"https:\/\/www.praha14.cz\/zivot-na-praze-14\/konec-prazdnin-v-praze-14-patril-take-nasim-nejmensim-obcankum\/","og_locale":"cs_CZ","og_type":"article","og_title":"Konec pr\u00e1zdnin v Praze 14 pat\u0159il tak\u00e9 na\u0161im nejmen\u0161\u00edm ob\u010d\u00e1nk\u016fm - \u017divot na Praze 14","og_description":"V pond\u011bl\u00ed 31. srpna 2026, symbolicky na sam\u00e9m konci letn\u00edch pr\u00e1zdnin, jsme m\u011bli tu \u010dest p\u0159iv\u00edtat nov\u00e9 mal\u00e9 ob\u010d\u00e1nky m\u011bstsk\u00e9 \u010d\u00e1sti Praha 14. Slavnostn\u00ed v\u00edt\u00e1n\u00ed se op\u011bt uskute\u010dnilo v kr\u00e1sn\u00fdch prostor\u00e1ch Galerie 14.\u00a0Milou atmosf\u00e9ru posledn\u00edho pr\u00e1zdninov\u00e9ho dne doprovodila tak\u00e9 slova radn\u00ed Prahy 14 pan\u00ed Kate\u0159iny Pavl\u00ed\u010dkov\u00e9, kter\u00e1 rodi\u010d\u016fm pop\u0159\u00e1la mnoho radosti, zdrav\u00ed a l\u00e1sky na...","og_url":"https:\/\/www.praha14.cz\/zivot-na-praze-14\/konec-prazdnin-v-praze-14-patril-take-nasim-nejmensim-obcankum\/","og_site_name":"\u017divot na Praze 14","article_published_time":"2026-08-31T14:55:02+00:00","article_modified_time":"2026-08-31T14:55:24+00:00","og_image":[{"url":"https:\/\/www.praha14.cz\/app\/uploads\/sites\/4\/2026\/08\/IMG_8778-150x150.jpeg","type":"","width":"","height":""}],"author":"Odd\u011blen\u00ed komunikace","twitter_card":"summary_large_image","twitter_misc":{"Written by":"Odd\u011blen\u00ed komunikace","Est. reading time":"1 minuta"},"schema":{"@context":"https:\/\/schema.org","@graph":[{"@type":"Article","@id":"https:\/\/www.praha14.cz\/zivot-na-praze-14\/konec-prazdnin-v-praze-14-patril-take-nasim-nejmensim-obcankum\/#article","isPartOf":{"@id":"https:\/\/www.praha14.cz\/zivot-na-praze-14\/konec-prazdnin-v-praze-14-patril-take-nasim-nejmensim-obcankum\/"},"author":{"name":"Odd\u011blen\u00ed komunikace","@id":"https:\/\/www.praha14.cz\/zivot-na-praze-14\/#\/schema\/person\/127a1d778cbcf76b257f93fb8c42591c"},"headline":"Konec pr\u00e1zdnin v Praze 14 pat\u0159il tak\u00e9 na\u0161im nejmen\u0161\u00edm ob\u010d\u00e1nk\u016fm","datePublished":"2026-08-31T14:55:02+00:00","dateModified":"2026-08-31T14:55:24+00:00","mainEntityOfPage":{"@id":"https:\/\/www.praha14.cz\/zivot-na-praze-14\/konec-prazdnin-v-praze-14-patril-take-nasim-nejmensim-obcankum\/"},"wordCount":178,"keywords":["Fotogalerie akc\u00ed"],"inLanguage":"cs"},{"@type":"WebPage","@id":"https:\/\/www.praha14.cz\/zivot-na-praze-14\/konec-prazdnin-v-praze-14-patril-take-nasim-nejmensim-obcankum\/","url":"https:\/\/www.praha14.cz\/zivot-na-praze-14\/konec-prazdnin-v-praze-14-patril-take-nasim-nejmensim-obcankum\/","name":"Konec pr\u00e1zdnin v Praze 14 pat\u0159il tak\u00e9 na\u0161im nejmen\u0161\u00edm ob\u010d\u00e1nk\u016fm - \u017divot na Praze 14","isPartOf":{"@id":"https:\/\/www.praha14.cz\/zivot-na-praze-14\/#website"},"datePublished":"2026-08-31T14:55:02+00:00","dateModified":"2026-08-31T14:55:24+00:00","author":{"@id":"https:\/\/www.praha14.cz\/zivot-na-praze-14\/#\/schema\/person\/127a1d778cbcf76b257f93fb8c42591c"},"breadcrumb":{"@id":"https:\/\/www.praha14.cz\/zivot-na-praze-14\/konec-prazdnin-v-praze-14-patril-take-nasim-nejmensim-obcankum\/#breadcrumb"},"inLanguage":"cs","potentialAction":[{"@type":"ReadAction","target":["https:\/\/www.praha14.cz\/zivot-na-praze-14\/konec-prazdnin-v-praze-14-patril-take-nasim-nejmensim-obcankum\/"]}]},{"@type":"BreadcrumbList","@id":"https:\/\/www.praha14.cz\/zivot-na-praze-14\/konec-prazdnin-v-praze-14-patril-take-nasim-nejmensim-obcankum\/#breadcrumb","itemListElement":[{"@type":"ListItem","position":1,"name":"\u017divot na Praze 14","item":"https:\/\/www.praha14.cz\/zivot-na-praze-14\/"},{"@type":"ListItem","position":2,"name":"Konec pr\u00e1zdnin v Praze 14 pat\u0159il tak\u00e9 na\u0161im nejmen\u0161\u00edm ob\u010d\u00e1nk\u016fm"}]},{"@type":"WebSite","@id":"https:\/\/www.praha14.cz\/zivot-na-praze-14\/#website","url":"https:\/\/www.praha14.cz\/zivot-na-praze-14\/","name":"\u017divot na Praze 14","description":"","potentialAction":[{"@type":"SearchAction","target":{"@type":"EntryPoint","urlTemplate":"https:\/\/www.praha14.cz\/zivot-na-praze-14\/?s={search_term_string}"},"query-input":{"@type":"PropertyValueSpecification","valueRequired":true,"valueName":"search_term_string"}}],"inLanguage":"cs"},{"@type":"Person","@id":"https:\/\/www.praha14.cz\/zivot-na-praze-14\/#\/schema\/person\/127a1d778cbcf76b257f93fb8c42591c","name":"Odd\u011blen\u00ed komunikace","image":{"@type":"ImageObject","inLanguage":"cs","@id":"https:\/\/secure.gravatar.com\/avatar\/e958f3d1e915848093abf89585ec4bb6a7daede2e0322c416842d9f94c3fdaca?s=96&d=mm&r=g","url":"https:\/\/secure.gravatar.com\/avatar\/e958f3d1e915848093abf89585ec4bb6a7daede2e0322c416842d9f94c3fdaca?s=96&d=mm&r=g","contentUrl":"https:\/\/secure.gravatar.com\/avatar\/e958f3d1e915848093abf89585ec4bb6a7daede2e0322c416842d9f94c3fdaca?s=96&d=mm&r=g","caption":"Odd\u011blen\u00ed komunikace"},"url":"https:\/\/www.praha14.cz\/zivot-na-praze-14\/author\/luciehlavackova\/"}]}},"_links":{"self":[{"href":"https:\/\/www.praha14.cz\/zivot-na-praze-14\/wp-json\/wp\/v2\/posts\/75469","targetHints":{"allow":["GET"]}}],"collection":[{"href":"https:\/\/www.praha14.cz\/zivot-na-praze-14\/wp-json\/wp\/v2\/posts"}],"about":[{"href":"https:\/\/www.praha14.cz\/zivot-na-praze-14\/wp-json\/wp\/v2\/types\/post"}],"author":[{"embeddable":true,"href":"https:\/\/www.praha14.cz\/zivot-na-praze-14\/wp-json\/wp\/v2\/users\/1057"}],"replies":[{"embeddable":true,"href":"https:\/\/www.praha14.cz\/zivot-na-praze-14\/wp-json\/wp\/v2\/comments?post=75469"}],"version-history":[{"count":1,"href":"https:\/\/www.praha14.cz\/zivot-na-praze-14\/wp-json\/wp\/v2\/posts\/75469\/revisions"}],"predecessor-version":[{"id":75507,"href":"https:\/\/www.praha14.cz\/zivot-na-praze-14\/wp-json\/wp\/v2\/posts\/75469\/revisions\/75507"}],"wp:attachment":[{"href":"https:\/\/www.praha14.cz\/zivot-na-praze-14\/wp-json\/wp\/v2\/media?parent=75469"}],"wp:term":[{"taxonomy":"category","embeddable":true,"href":"https:\/\/www.praha14.cz\/zivot-na-praze-14\/wp-json\/wp\/v2\/categories?post=75469"},{"taxonomy":"post_tag","embeddable":true,"href":"https:\/\/www.praha14.cz\/zivot-na-praze-14\/wp-json\/wp\/v2\/tags?post=75469"}],"curies":[{"name":"wp","href":"https:\/\/api.w.org\/{rel}","templated":true}]}}