{"id":75508,"date":"2026-09-01T10:53:33","date_gmt":"2026-09-01T10:53:33","guid":{"rendered":"https:\/\/www.praha14.cz\/zivot-na-praze-14\/?p=75508"},"modified":"2026-09-01T10:56:23","modified_gmt":"2026-09-01T10:56:23","slug":"corrency-2026-je-tady-dneskem-startuji-dva-programy-najednou","status":"publish","type":"post","link":"https:\/\/www.praha14.cz\/zivot-na-praze-14\/corrency-2026-je-tady-dneskem-startuji-dva-programy-najednou\/","title":{"rendered":"Corrency 2026 je tady! Dne\u0161kem startuj\u00ed dva programy najednou"},"content":{"rendered":"<p class=\"isSelectedEnd\">Obyvatel\u00e9 Prahy 14 mohou od dne\u0161n\u00edho dne vyu\u017e\u00edt p\u0159\u00edsp\u011bvek a\u017e 1 000 K\u010d na n\u00e1kupy, slu\u017eby nebo aktivity podporuj\u00edc\u00ed zdrav\u00fd \u017eivotn\u00ed styl. Startuj\u00ed toti\u017e ob\u011b leto\u0161n\u00ed vlny programu Corrency \u2013 program na podporu lok\u00e1ln\u00ed ekonomiky i seniorsk\u00fd program zam\u011b\u0159en\u00fd na zdrav\u00ed a zdrav\u00fd \u017eivotn\u00ed styl.<\/p>\n<p><strong><span style=\"color: #000080;\">JE V\u00c1M 65 LET A V\u00cdCE? VYU\u017dIJTE SENIORSK\u00dd PROGRAM<br \/>\n<\/span><\/strong>Pro <strong>seniory star\u0161\u00ed 65 let<\/strong> je p\u0159ipraven samostatn\u00fd program zam\u011b\u0159en\u00fd na <strong>podporu zdrav\u00ed a zdrav\u00e9ho \u017eivotn\u00edho stylu<\/strong>.\u00a0I zde m\u016f\u017eete z\u00edskat <strong>p\u0159\u00edsp\u011bvek a\u017e 1 000 K\u010d<\/strong>, kter\u00fd lze vyu\u017e\u00edt u registrovan\u00fdch obchodn\u00edk\u016f a poskytovatel\u016f slu\u017eeb spl\u0148uj\u00edc\u00edch podm\u00ednky projektu.<\/p>\n<p class=\"isSelectedEnd\"><strong>Registrace a mo\u017enost \u010derp\u00e1n\u00ed p\u0159\u00edsp\u011bvku prob\u00edh\u00e1 od 1. 9. do 31. 12. 2026.<\/strong><br \/>\nTak\u00e9 v tomto programu plat\u00ed, \u017ee <strong>alespo\u0148 \u010d\u00e1st corrent\u016f je nutn\u00e9 uplatnit nejpozd\u011bji do 1. 11. 2026.<\/strong><\/p>\n<p><a href=\"https:\/\/www.praha14.cz\/app\/uploads\/sites\/4\/2026\/09\/IG-1_Praha-14-seniori-letak-obcane-1080-x-1350-px.png\" target=\"_blank\" rel=\"noopener\" data-rel=\"lightbox-image-0\" data-rl_title=\"\" data-rl_caption=\"\" title=\"\"><img loading=\"lazy\" decoding=\"async\" class=\"alignnone wp-image-75510 size-medium\" src=\"https:\/\/www.praha14.cz\/app\/uploads\/sites\/4\/2026\/09\/IG-1_Praha-14-seniori-letak-obcane-1080-x-1350-px-296x370.png\" alt=\"IG 1_Praha 14 senio\u0159i let\u00e1k ob\u010dan\u00e9 (1080 x 1350 px)\" width=\"296\" height=\"370\" srcset=\"https:\/\/www.praha14.cz\/app\/uploads\/sites\/4\/2026\/09\/IG-1_Praha-14-seniori-letak-obcane-1080-x-1350-px-296x370.png 296w, https:\/\/www.praha14.cz\/app\/uploads\/sites\/4\/2026\/09\/IG-1_Praha-14-seniori-letak-obcane-1080-x-1350-px-819x1024.png 819w, https:\/\/www.praha14.cz\/app\/uploads\/sites\/4\/2026\/09\/IG-1_Praha-14-seniori-letak-obcane-1080-x-1350-px-768x960.png 768w, https:\/\/www.praha14.cz\/app\/uploads\/sites\/4\/2026\/09\/IG-1_Praha-14-seniori-letak-obcane-1080-x-1350-px.png 1080w\" sizes=\"(max-width: 296px) 100vw, 296px\" \/><\/a> <a href=\"https:\/\/www.praha14.cz\/app\/uploads\/sites\/4\/2026\/09\/IG-2_Praha-14-seniori-letak-obcane-1080-x-1350-px.png\" target=\"_blank\" rel=\"noopener\" data-rel=\"lightbox-image-1\" data-rl_title=\"\" data-rl_caption=\"\" title=\"\"><img loading=\"lazy\" decoding=\"async\" class=\"alignnone wp-image-75511 size-medium\" src=\"https:\/\/www.praha14.cz\/app\/uploads\/sites\/4\/2026\/09\/IG-2_Praha-14-seniori-letak-obcane-1080-x-1350-px-296x370.png\" alt=\"IG 2_Praha 14 senio\u0159i let\u00e1k ob\u010dan\u00e9 (1080 x 1350 px)\" width=\"296\" height=\"370\" srcset=\"https:\/\/www.praha14.cz\/app\/uploads\/sites\/4\/2026\/09\/IG-2_Praha-14-seniori-letak-obcane-1080-x-1350-px-296x370.png 296w, https:\/\/www.praha14.cz\/app\/uploads\/sites\/4\/2026\/09\/IG-2_Praha-14-seniori-letak-obcane-1080-x-1350-px-819x1024.png 819w, https:\/\/www.praha14.cz\/app\/uploads\/sites\/4\/2026\/09\/IG-2_Praha-14-seniori-letak-obcane-1080-x-1350-px-768x960.png 768w, https:\/\/www.praha14.cz\/app\/uploads\/sites\/4\/2026\/09\/IG-2_Praha-14-seniori-letak-obcane-1080-x-1350-px.png 1080w\" sizes=\"(max-width: 296px) 100vw, 296px\" \/><\/a><\/p>\n<p>&nbsp;<\/p>\n<p><span style=\"color: #000080;\"><strong>JE V\u00c1M 18 LET A V\u00cdCE? Z\u00cdSKEJTE A\u017d 1 000 K\u010c NA \u00daTRATU<\/strong><\/span><br \/>\nJste <strong>ob\u010danem Prahy 14 a je v\u00e1m v\u00edce ne\u017e 18 let<\/strong>? Zapojte se do programu na podporu lok\u00e1ln\u00ed ekonomiky a z\u00edskejte <strong>p\u0159\u00edsp\u011bvek a\u017e 1 000 K\u010d<\/strong> na n\u00e1kup zbo\u017e\u00ed \u010di slu\u017eeb u registrovan\u00fdch podnikatel\u016f, kte\u0159\u00ed spl\u0148uj\u00ed podm\u00ednky projektu.<\/p>\n<p class=\"isSelectedEnd\"><strong>Registrace z\u00e1jemc\u016f a \u010derp\u00e1n\u00ed p\u0159\u00edsp\u011bvku prob\u00edh\u00e1 od 1. 9. do 31. 12. 2026.<\/strong><br \/>\nPozor: <strong>nejzaz\u0161\u00ed term\u00edn pro uplatn\u011bn\u00ed alespo\u0148 \u010d\u00e1sti corrent\u016f je 1. 11. 2026.<\/strong><\/p>\n<p><a href=\"https:\/\/www.praha14.cz\/app\/uploads\/sites\/4\/2026\/09\/IG-1_Letak-ekonomika-obcane-Praha-14-1080-x-1350-px.png\" target=\"_blank\" rel=\"noopener\" data-rel=\"lightbox-image-2\" data-rl_title=\"\" data-rl_caption=\"\" title=\"\"><img loading=\"lazy\" decoding=\"async\" class=\"alignnone wp-image-75512 size-medium\" src=\"https:\/\/www.praha14.cz\/app\/uploads\/sites\/4\/2026\/09\/IG-1_Letak-ekonomika-obcane-Praha-14-1080-x-1350-px-296x370.png\" alt=\"IG 1_Let\u00e1k ekonomika ob\u010dan\u00e9 Praha 14 (1080 x 1350 px)\" width=\"296\" height=\"370\" srcset=\"https:\/\/www.praha14.cz\/app\/uploads\/sites\/4\/2026\/09\/IG-1_Letak-ekonomika-obcane-Praha-14-1080-x-1350-px-296x370.png 296w, https:\/\/www.praha14.cz\/app\/uploads\/sites\/4\/2026\/09\/IG-1_Letak-ekonomika-obcane-Praha-14-1080-x-1350-px-819x1024.png 819w, https:\/\/www.praha14.cz\/app\/uploads\/sites\/4\/2026\/09\/IG-1_Letak-ekonomika-obcane-Praha-14-1080-x-1350-px-768x960.png 768w, https:\/\/www.praha14.cz\/app\/uploads\/sites\/4\/2026\/09\/IG-1_Letak-ekonomika-obcane-Praha-14-1080-x-1350-px.png 1080w\" sizes=\"(max-width: 296px) 100vw, 296px\" \/><\/a> <a href=\"https:\/\/www.praha14.cz\/app\/uploads\/sites\/4\/2026\/09\/IG-2_Letak-ekonomika-obcane-Praha-14-1080-x-1350-px.png\" target=\"_blank\" rel=\"noopener\" data-rel=\"lightbox-image-3\" data-rl_title=\"\" data-rl_caption=\"\" title=\"\"><img loading=\"lazy\" decoding=\"async\" class=\"alignnone wp-image-75513 size-medium\" src=\"https:\/\/www.praha14.cz\/app\/uploads\/sites\/4\/2026\/09\/IG-2_Letak-ekonomika-obcane-Praha-14-1080-x-1350-px-296x370.png\" alt=\"IG 2_Let\u00e1k ekonomika ob\u010dan\u00e9 Praha 14 (1080 x 1350 px)\" width=\"296\" height=\"370\" srcset=\"https:\/\/www.praha14.cz\/app\/uploads\/sites\/4\/2026\/09\/IG-2_Letak-ekonomika-obcane-Praha-14-1080-x-1350-px-296x370.png 296w, https:\/\/www.praha14.cz\/app\/uploads\/sites\/4\/2026\/09\/IG-2_Letak-ekonomika-obcane-Praha-14-1080-x-1350-px-819x1024.png 819w, https:\/\/www.praha14.cz\/app\/uploads\/sites\/4\/2026\/09\/IG-2_Letak-ekonomika-obcane-Praha-14-1080-x-1350-px-768x960.png 768w, https:\/\/www.praha14.cz\/app\/uploads\/sites\/4\/2026\/09\/IG-2_Letak-ekonomika-obcane-Praha-14-1080-x-1350-px.png 1080w\" sizes=\"(max-width: 296px) 100vw, 296px\" \/><\/a><\/p>\n<p>&nbsp;<\/p>\n<p><strong><span style=\"color: #000080;\">SPL\u0147UJETE PODM\u00cdNKY OBOU PROGRAM\u016e?<br \/>\n<\/span><\/strong>Skv\u011bl\u00e1 zpr\u00e1va \u2013 jednotliv\u00e9 programy v r\u00e1mci Correnc<strong>y lze kombinovat.<br \/>\n<\/strong>Pokud tedy spad\u00e1te do obou podporovan\u00fdch skupin, m\u016f\u017eete vyu\u017e\u00edt <strong>ob\u011b nab\u00edzen\u00e9 podpory<\/strong>. Nev\u00e1hejte a zapojte se hned od za\u010d\u00e1tku \u2013 na \u010derp\u00e1n\u00ed p\u0159\u00edsp\u011bvku m\u00e1te \u010das do konce roku, prvn\u00ed \u010d\u00e1st corrent\u016f je v\u0161ak pot\u0159eba uplatnit u\u017e do <strong>1. listopadu 2026<\/strong>.<\/p>\n<p>V\u00edce podrobnost\u00ed na <span style=\"color: #ff0000;\"><strong><a style=\"color: #ff0000;\" href=\"https:\/\/praha14.corrency.cz\/\" target=\"_blank\" rel=\"noopener\">webu projektu<\/a><\/strong><\/span>.<\/p>\n<p style=\"text-align: right;\">Zve\u0159ejn\u011bno: 1. z\u00e1\u0159\u00ed 2026<\/p>\n","protected":false},"excerpt":{"rendered":"<p>Obyvatel\u00e9 Prahy 14 mohou od dne\u0161n\u00edho dne vyu\u017e\u00edt p\u0159\u00edsp\u011bvek a\u017e 1 000 K\u010d na n\u00e1kupy, slu\u017eby nebo aktivity podporuj\u00edc\u00ed zdrav\u00fd \u017eivotn\u00ed styl. Startuj\u00ed toti\u017e ob\u011b leto\u0161n\u00ed vlny programu Corrency \u2013 program na podporu lok\u00e1ln\u00ed ekonomiky i seniorsk\u00fd program zam\u011b\u0159en\u00fd na zdrav\u00ed a zdrav\u00fd \u017eivotn\u00ed styl. JE V\u00c1M 65 LET A V\u00cdCE? VYU\u017dIJTE SENIORSK\u00dd PROGRAM Pro&#8230;<\/p>\n","protected":false},"author":1057,"featured_media":0,"comment_status":"closed","ping_status":"closed","sticky":false,"template":"","format":"standard","meta":{"_acf_changed":false,"footnotes":""},"categories":[1],"tags":[],"class_list":["post-75508","post","type-post","status-publish","format-standard","hentry","category-nezarazene"],"acf":[],"geo":null,"yoast_head":"<!-- This site is optimized with the Yoast SEO plugin v28.3 - https:\/\/yoast.com\/product\/yoast-seo-wordpress\/ -->\n<title>Corrency 2026 je tady! Dne\u0161kem startuj\u00ed dva programy najednou - \u017divot na Praze 14<\/title>\n<meta name=\"robots\" content=\"index, follow, max-snippet:-1, max-image-preview:large, max-video-preview:-1\" \/>\n<link rel=\"canonical\" href=\"https:\/\/www.praha14.cz\/zivot-na-praze-14\/corrency-2026-je-tady-dneskem-startuji-dva-programy-najednou\/\" \/>\n<meta property=\"og:locale\" content=\"cs_CZ\" \/>\n<meta property=\"og:type\" content=\"article\" \/>\n<meta property=\"og:title\" content=\"Corrency 2026 je tady! Dne\u0161kem startuj\u00ed dva programy najednou - \u017divot na Praze 14\" \/>\n<meta property=\"og:description\" content=\"Obyvatel\u00e9 Prahy 14 mohou od dne\u0161n\u00edho dne vyu\u017e\u00edt p\u0159\u00edsp\u011bvek a\u017e 1 000 K\u010d na n\u00e1kupy, slu\u017eby nebo aktivity podporuj\u00edc\u00ed zdrav\u00fd \u017eivotn\u00ed styl. Startuj\u00ed toti\u017e ob\u011b leto\u0161n\u00ed vlny programu Corrency \u2013 program na podporu lok\u00e1ln\u00ed ekonomiky i seniorsk\u00fd program zam\u011b\u0159en\u00fd na zdrav\u00ed a zdrav\u00fd \u017eivotn\u00ed styl. JE V\u00c1M 65 LET A V\u00cdCE? VYU\u017dIJTE SENIORSK\u00dd PROGRAM Pro...\" \/>\n<meta property=\"og:url\" content=\"https:\/\/www.praha14.cz\/zivot-na-praze-14\/corrency-2026-je-tady-dneskem-startuji-dva-programy-najednou\/\" \/>\n<meta property=\"og:site_name\" content=\"\u017divot na Praze 14\" \/>\n<meta property=\"article:published_time\" content=\"2026-09-01T10:53:33+00:00\" \/>\n<meta property=\"article:modified_time\" content=\"2026-09-01T10:56:23+00:00\" \/>\n<meta property=\"og:image\" content=\"https:\/\/www.praha14.cz\/app\/uploads\/sites\/4\/2026\/09\/IG-1_Praha-14-seniori-letak-obcane-1080-x-1350-px.png\" \/>\n\t<meta property=\"og:image:width\" content=\"1080\" \/>\n\t<meta property=\"og:image:height\" content=\"1350\" \/>\n\t<meta property=\"og:image:type\" content=\"image\/png\" \/>\n<meta name=\"author\" content=\"Odd\u011blen\u00ed komunikace\" \/>\n<meta name=\"twitter:card\" content=\"summary_large_image\" \/>\n<meta name=\"twitter:label1\" content=\"Written by\" \/>\n\t<meta name=\"twitter:data1\" content=\"Odd\u011blen\u00ed komunikace\" \/>\n\t<meta name=\"twitter:label2\" content=\"Est. reading time\" \/>\n\t<meta name=\"twitter:data2\" content=\"3 minuty\" \/>\n<script type=\"application\/ld+json\" class=\"yoast-schema-graph\">{\"@context\":\"https:\\\/\\\/schema.org\",\"@graph\":[{\"@type\":\"Article\",\"@id\":\"https:\\\/\\\/www.praha14.cz\\\/zivot-na-praze-14\\\/corrency-2026-je-tady-dneskem-startuji-dva-programy-najednou\\\/#article\",\"isPartOf\":{\"@id\":\"https:\\\/\\\/www.praha14.cz\\\/zivot-na-praze-14\\\/corrency-2026-je-tady-dneskem-startuji-dva-programy-najednou\\\/\"},\"author\":{\"name\":\"Odd\u011blen\u00ed komunikace\",\"@id\":\"https:\\\/\\\/www.praha14.cz\\\/zivot-na-praze-14\\\/#\\\/schema\\\/person\\\/127a1d778cbcf76b257f93fb8c42591c\"},\"headline\":\"Corrency 2026 je tady! Dne\u0161kem startuj\u00ed dva programy najednou\",\"datePublished\":\"2026-09-01T10:53:33+00:00\",\"dateModified\":\"2026-09-01T10:56:23+00:00\",\"mainEntityOfPage\":{\"@id\":\"https:\\\/\\\/www.praha14.cz\\\/zivot-na-praze-14\\\/corrency-2026-je-tady-dneskem-startuji-dva-programy-najednou\\\/\"},\"wordCount\":314,\"image\":{\"@id\":\"https:\\\/\\\/www.praha14.cz\\\/zivot-na-praze-14\\\/corrency-2026-je-tady-dneskem-startuji-dva-programy-najednou\\\/#primaryimage\"},\"thumbnailUrl\":\"https:\\\/\\\/www.praha14.cz\\\/app\\\/uploads\\\/sites\\\/4\\\/2026\\\/09\\\/IG-1_Praha-14-seniori-letak-obcane-1080-x-1350-px-296x370.png\",\"inLanguage\":\"cs\"},{\"@type\":\"WebPage\",\"@id\":\"https:\\\/\\\/www.praha14.cz\\\/zivot-na-praze-14\\\/corrency-2026-je-tady-dneskem-startuji-dva-programy-najednou\\\/\",\"url\":\"https:\\\/\\\/www.praha14.cz\\\/zivot-na-praze-14\\\/corrency-2026-je-tady-dneskem-startuji-dva-programy-najednou\\\/\",\"name\":\"Corrency 2026 je tady! Dne\u0161kem startuj\u00ed dva programy najednou - \u017divot na Praze 14\",\"isPartOf\":{\"@id\":\"https:\\\/\\\/www.praha14.cz\\\/zivot-na-praze-14\\\/#website\"},\"primaryImageOfPage\":{\"@id\":\"https:\\\/\\\/www.praha14.cz\\\/zivot-na-praze-14\\\/corrency-2026-je-tady-dneskem-startuji-dva-programy-najednou\\\/#primaryimage\"},\"image\":{\"@id\":\"https:\\\/\\\/www.praha14.cz\\\/zivot-na-praze-14\\\/corrency-2026-je-tady-dneskem-startuji-dva-programy-najednou\\\/#primaryimage\"},\"thumbnailUrl\":\"https:\\\/\\\/www.praha14.cz\\\/app\\\/uploads\\\/sites\\\/4\\\/2026\\\/09\\\/IG-1_Praha-14-seniori-letak-obcane-1080-x-1350-px-296x370.png\",\"datePublished\":\"2026-09-01T10:53:33+00:00\",\"dateModified\":\"2026-09-01T10:56:23+00:00\",\"author\":{\"@id\":\"https:\\\/\\\/www.praha14.cz\\\/zivot-na-praze-14\\\/#\\\/schema\\\/person\\\/127a1d778cbcf76b257f93fb8c42591c\"},\"breadcrumb\":{\"@id\":\"https:\\\/\\\/www.praha14.cz\\\/zivot-na-praze-14\\\/corrency-2026-je-tady-dneskem-startuji-dva-programy-najednou\\\/#breadcrumb\"},\"inLanguage\":\"cs\",\"potentialAction\":[{\"@type\":\"ReadAction\",\"target\":[\"https:\\\/\\\/www.praha14.cz\\\/zivot-na-praze-14\\\/corrency-2026-je-tady-dneskem-startuji-dva-programy-najednou\\\/\"]}]},{\"@type\":\"ImageObject\",\"inLanguage\":\"cs\",\"@id\":\"https:\\\/\\\/www.praha14.cz\\\/zivot-na-praze-14\\\/corrency-2026-je-tady-dneskem-startuji-dva-programy-najednou\\\/#primaryimage\",\"url\":\"https:\\\/\\\/www.praha14.cz\\\/app\\\/uploads\\\/sites\\\/4\\\/2026\\\/09\\\/IG-1_Praha-14-seniori-letak-obcane-1080-x-1350-px-296x370.png\",\"contentUrl\":\"https:\\\/\\\/www.praha14.cz\\\/app\\\/uploads\\\/sites\\\/4\\\/2026\\\/09\\\/IG-1_Praha-14-seniori-letak-obcane-1080-x-1350-px-296x370.png\"},{\"@type\":\"BreadcrumbList\",\"@id\":\"https:\\\/\\\/www.praha14.cz\\\/zivot-na-praze-14\\\/corrency-2026-je-tady-dneskem-startuji-dva-programy-najednou\\\/#breadcrumb\",\"itemListElement\":[{\"@type\":\"ListItem\",\"position\":1,\"name\":\"\u017divot na Praze 14\",\"item\":\"https:\\\/\\\/www.praha14.cz\\\/zivot-na-praze-14\\\/\"},{\"@type\":\"ListItem\",\"position\":2,\"name\":\"Corrency 2026 je tady! Dne\u0161kem startuj\u00ed dva programy najednou\"}]},{\"@type\":\"WebSite\",\"@id\":\"https:\\\/\\\/www.praha14.cz\\\/zivot-na-praze-14\\\/#website\",\"url\":\"https:\\\/\\\/www.praha14.cz\\\/zivot-na-praze-14\\\/\",\"name\":\"\u017divot na Praze 14\",\"description\":\"\",\"potentialAction\":[{\"@type\":\"SearchAction\",\"target\":{\"@type\":\"EntryPoint\",\"urlTemplate\":\"https:\\\/\\\/www.praha14.cz\\\/zivot-na-praze-14\\\/?s={search_term_string}\"},\"query-input\":{\"@type\":\"PropertyValueSpecification\",\"valueRequired\":true,\"valueName\":\"search_term_string\"}}],\"inLanguage\":\"cs\"},{\"@type\":\"Person\",\"@id\":\"https:\\\/\\\/www.praha14.cz\\\/zivot-na-praze-14\\\/#\\\/schema\\\/person\\\/127a1d778cbcf76b257f93fb8c42591c\",\"name\":\"Odd\u011blen\u00ed komunikace\",\"image\":{\"@type\":\"ImageObject\",\"inLanguage\":\"cs\",\"@id\":\"https:\\\/\\\/secure.gravatar.com\\\/avatar\\\/e958f3d1e915848093abf89585ec4bb6a7daede2e0322c416842d9f94c3fdaca?s=96&d=mm&r=g\",\"url\":\"https:\\\/\\\/secure.gravatar.com\\\/avatar\\\/e958f3d1e915848093abf89585ec4bb6a7daede2e0322c416842d9f94c3fdaca?s=96&d=mm&r=g\",\"contentUrl\":\"https:\\\/\\\/secure.gravatar.com\\\/avatar\\\/e958f3d1e915848093abf89585ec4bb6a7daede2e0322c416842d9f94c3fdaca?s=96&d=mm&r=g\",\"caption\":\"Odd\u011blen\u00ed komunikace\"},\"url\":\"https:\\\/\\\/www.praha14.cz\\\/zivot-na-praze-14\\\/author\\\/luciehlavackova\\\/\"}]}<\/script>\n<!-- \/ Yoast SEO plugin. -->","yoast_head_json":{"title":"Corrency 2026 je tady! Dne\u0161kem startuj\u00ed dva programy najednou - \u017divot na Praze 14","robots":{"index":"index","follow":"follow","max-snippet":"max-snippet:-1","max-image-preview":"max-image-preview:large","max-video-preview":"max-video-preview:-1"},"canonical":"https:\/\/www.praha14.cz\/zivot-na-praze-14\/corrency-2026-je-tady-dneskem-startuji-dva-programy-najednou\/","og_locale":"cs_CZ","og_type":"article","og_title":"Corrency 2026 je tady! Dne\u0161kem startuj\u00ed dva programy najednou - \u017divot na Praze 14","og_description":"Obyvatel\u00e9 Prahy 14 mohou od dne\u0161n\u00edho dne vyu\u017e\u00edt p\u0159\u00edsp\u011bvek a\u017e 1 000 K\u010d na n\u00e1kupy, slu\u017eby nebo aktivity podporuj\u00edc\u00ed zdrav\u00fd \u017eivotn\u00ed styl. Startuj\u00ed toti\u017e ob\u011b leto\u0161n\u00ed vlny programu Corrency \u2013 program na podporu lok\u00e1ln\u00ed ekonomiky i seniorsk\u00fd program zam\u011b\u0159en\u00fd na zdrav\u00ed a zdrav\u00fd \u017eivotn\u00ed styl. JE V\u00c1M 65 LET A V\u00cdCE? VYU\u017dIJTE SENIORSK\u00dd PROGRAM Pro...","og_url":"https:\/\/www.praha14.cz\/zivot-na-praze-14\/corrency-2026-je-tady-dneskem-startuji-dva-programy-najednou\/","og_site_name":"\u017divot na Praze 14","article_published_time":"2026-09-01T10:53:33+00:00","article_modified_time":"2026-09-01T10:56:23+00:00","og_image":[{"width":1080,"height":1350,"url":"https:\/\/www.praha14.cz\/app\/uploads\/sites\/4\/2026\/09\/IG-1_Praha-14-seniori-letak-obcane-1080-x-1350-px.png","type":"image\/png"}],"author":"Odd\u011blen\u00ed komunikace","twitter_card":"summary_large_image","twitter_misc":{"Written by":"Odd\u011blen\u00ed komunikace","Est. reading time":"3 minuty"},"schema":{"@context":"https:\/\/schema.org","@graph":[{"@type":"Article","@id":"https:\/\/www.praha14.cz\/zivot-na-praze-14\/corrency-2026-je-tady-dneskem-startuji-dva-programy-najednou\/#article","isPartOf":{"@id":"https:\/\/www.praha14.cz\/zivot-na-praze-14\/corrency-2026-je-tady-dneskem-startuji-dva-programy-najednou\/"},"author":{"name":"Odd\u011blen\u00ed komunikace","@id":"https:\/\/www.praha14.cz\/zivot-na-praze-14\/#\/schema\/person\/127a1d778cbcf76b257f93fb8c42591c"},"headline":"Corrency 2026 je tady! Dne\u0161kem startuj\u00ed dva programy najednou","datePublished":"2026-09-01T10:53:33+00:00","dateModified":"2026-09-01T10:56:23+00:00","mainEntityOfPage":{"@id":"https:\/\/www.praha14.cz\/zivot-na-praze-14\/corrency-2026-je-tady-dneskem-startuji-dva-programy-najednou\/"},"wordCount":314,"image":{"@id":"https:\/\/www.praha14.cz\/zivot-na-praze-14\/corrency-2026-je-tady-dneskem-startuji-dva-programy-najednou\/#primaryimage"},"thumbnailUrl":"https:\/\/www.praha14.cz\/app\/uploads\/sites\/4\/2026\/09\/IG-1_Praha-14-seniori-letak-obcane-1080-x-1350-px-296x370.png","inLanguage":"cs"},{"@type":"WebPage","@id":"https:\/\/www.praha14.cz\/zivot-na-praze-14\/corrency-2026-je-tady-dneskem-startuji-dva-programy-najednou\/","url":"https:\/\/www.praha14.cz\/zivot-na-praze-14\/corrency-2026-je-tady-dneskem-startuji-dva-programy-najednou\/","name":"Corrency 2026 je tady! Dne\u0161kem startuj\u00ed dva programy najednou - \u017divot na Praze 14","isPartOf":{"@id":"https:\/\/www.praha14.cz\/zivot-na-praze-14\/#website"},"primaryImageOfPage":{"@id":"https:\/\/www.praha14.cz\/zivot-na-praze-14\/corrency-2026-je-tady-dneskem-startuji-dva-programy-najednou\/#primaryimage"},"image":{"@id":"https:\/\/www.praha14.cz\/zivot-na-praze-14\/corrency-2026-je-tady-dneskem-startuji-dva-programy-najednou\/#primaryimage"},"thumbnailUrl":"https:\/\/www.praha14.cz\/app\/uploads\/sites\/4\/2026\/09\/IG-1_Praha-14-seniori-letak-obcane-1080-x-1350-px-296x370.png","datePublished":"2026-09-01T10:53:33+00:00","dateModified":"2026-09-01T10:56:23+00:00","author":{"@id":"https:\/\/www.praha14.cz\/zivot-na-praze-14\/#\/schema\/person\/127a1d778cbcf76b257f93fb8c42591c"},"breadcrumb":{"@id":"https:\/\/www.praha14.cz\/zivot-na-praze-14\/corrency-2026-je-tady-dneskem-startuji-dva-programy-najednou\/#breadcrumb"},"inLanguage":"cs","potentialAction":[{"@type":"ReadAction","target":["https:\/\/www.praha14.cz\/zivot-na-praze-14\/corrency-2026-je-tady-dneskem-startuji-dva-programy-najednou\/"]}]},{"@type":"ImageObject","inLanguage":"cs","@id":"https:\/\/www.praha14.cz\/zivot-na-praze-14\/corrency-2026-je-tady-dneskem-startuji-dva-programy-najednou\/#primaryimage","url":"https:\/\/www.praha14.cz\/app\/uploads\/sites\/4\/2026\/09\/IG-1_Praha-14-seniori-letak-obcane-1080-x-1350-px-296x370.png","contentUrl":"https:\/\/www.praha14.cz\/app\/uploads\/sites\/4\/2026\/09\/IG-1_Praha-14-seniori-letak-obcane-1080-x-1350-px-296x370.png"},{"@type":"BreadcrumbList","@id":"https:\/\/www.praha14.cz\/zivot-na-praze-14\/corrency-2026-je-tady-dneskem-startuji-dva-programy-najednou\/#breadcrumb","itemListElement":[{"@type":"ListItem","position":1,"name":"\u017divot na Praze 14","item":"https:\/\/www.praha14.cz\/zivot-na-praze-14\/"},{"@type":"ListItem","position":2,"name":"Corrency 2026 je tady! Dne\u0161kem startuj\u00ed dva programy najednou"}]},{"@type":"WebSite","@id":"https:\/\/www.praha14.cz\/zivot-na-praze-14\/#website","url":"https:\/\/www.praha14.cz\/zivot-na-praze-14\/","name":"\u017divot na Praze 14","description":"","potentialAction":[{"@type":"SearchAction","target":{"@type":"EntryPoint","urlTemplate":"https:\/\/www.praha14.cz\/zivot-na-praze-14\/?s={search_term_string}"},"query-input":{"@type":"PropertyValueSpecification","valueRequired":true,"valueName":"search_term_string"}}],"inLanguage":"cs"},{"@type":"Person","@id":"https:\/\/www.praha14.cz\/zivot-na-praze-14\/#\/schema\/person\/127a1d778cbcf76b257f93fb8c42591c","name":"Odd\u011blen\u00ed komunikace","image":{"@type":"ImageObject","inLanguage":"cs","@id":"https:\/\/secure.gravatar.com\/avatar\/e958f3d1e915848093abf89585ec4bb6a7daede2e0322c416842d9f94c3fdaca?s=96&d=mm&r=g","url":"https:\/\/secure.gravatar.com\/avatar\/e958f3d1e915848093abf89585ec4bb6a7daede2e0322c416842d9f94c3fdaca?s=96&d=mm&r=g","contentUrl":"https:\/\/secure.gravatar.com\/avatar\/e958f3d1e915848093abf89585ec4bb6a7daede2e0322c416842d9f94c3fdaca?s=96&d=mm&r=g","caption":"Odd\u011blen\u00ed komunikace"},"url":"https:\/\/www.praha14.cz\/zivot-na-praze-14\/author\/luciehlavackova\/"}]}},"_links":{"self":[{"href":"https:\/\/www.praha14.cz\/zivot-na-praze-14\/wp-json\/wp\/v2\/posts\/75508","targetHints":{"allow":["GET"]}}],"collection":[{"href":"https:\/\/www.praha14.cz\/zivot-na-praze-14\/wp-json\/wp\/v2\/posts"}],"about":[{"href":"https:\/\/www.praha14.cz\/zivot-na-praze-14\/wp-json\/wp\/v2\/types\/post"}],"author":[{"embeddable":true,"href":"https:\/\/www.praha14.cz\/zivot-na-praze-14\/wp-json\/wp\/v2\/users\/1057"}],"replies":[{"embeddable":true,"href":"https:\/\/www.praha14.cz\/zivot-na-praze-14\/wp-json\/wp\/v2\/comments?post=75508"}],"version-history":[{"count":6,"href":"https:\/\/www.praha14.cz\/zivot-na-praze-14\/wp-json\/wp\/v2\/posts\/75508\/revisions"}],"predecessor-version":[{"id":75518,"href":"https:\/\/www.praha14.cz\/zivot-na-praze-14\/wp-json\/wp\/v2\/posts\/75508\/revisions\/75518"}],"wp:attachment":[{"href":"https:\/\/www.praha14.cz\/zivot-na-praze-14\/wp-json\/wp\/v2\/media?parent=75508"}],"wp:term":[{"taxonomy":"category","embeddable":true,"href":"https:\/\/www.praha14.cz\/zivot-na-praze-14\/wp-json\/wp\/v2\/categories?post=75508"},{"taxonomy":"post_tag","embeddable":true,"href":"https:\/\/www.praha14.cz\/zivot-na-praze-14\/wp-json\/wp\/v2\/tags?post=75508"}],"curies":[{"name":"wp","href":"https:\/\/api.w.org\/{rel}","templated":true}]}}