{"id":75540,"date":"2026-09-02T10:34:34","date_gmt":"2026-09-02T10:34:34","guid":{"rendered":"https:\/\/www.praha14.cz\/zivot-na-praze-14\/?p=75540"},"modified":"2026-09-02T10:34:34","modified_gmt":"2026-09-02T10:34:34","slug":"planovane-preventivni-bezpecnostni-cviceni-na-urade","status":"publish","type":"post","link":"https:\/\/www.praha14.cz\/zivot-na-praze-14\/planovane-preventivni-bezpecnostni-cviceni-na-urade\/","title":{"rendered":"Pl\u00e1novan\u00e9 preventivn\u00ed bezpe\u010dnostn\u00ed cvi\u010den\u00ed na \u00fa\u0159ad\u011b"},"content":{"rendered":"<p>V p\u00e1tek <strong>11. z\u00e1\u0159\u00ed 2026 od 7:30 hodin<\/strong> prob\u011bhne ve spolupr\u00e1ci s Polici\u00ed \u010cesk\u00e9 republiky v\u00a0budov\u00e1ch \u00fa\u0159adu m\u011bstsk\u00e9 \u010d\u00e1sti (Brat\u0159\u00ed Vencl\u00edk\u016f \u010d. 1073 a 1072) pl\u00e1novan\u00e9 bezpe\u010dnostn\u00ed cvi\u010den\u00ed, zam\u011b\u0159en\u00e9 na p\u0159ipravenost na mimo\u0159\u00e1dn\u00e9 situace a ochranu osob v budov\u011b \u00fa\u0159adu.<\/p>\n<p>Cvi\u010den\u00ed m\u00e1 <strong>v\u00fdhradn\u011b preventivn\u00ed charakter<\/strong> a jeho c\u00edlem je prov\u011b\u0159it a zdokonalit postupy, kter\u00e9 p\u0159isp\u00edvaj\u00ed k zaji\u0161t\u011bn\u00ed bezpe\u010dnosti ob\u010dan\u016f i zam\u011bstnanc\u016f \u00fa\u0159adu. Nejedn\u00e1 se o skute\u010dnou mimo\u0159\u00e1dnou ud\u00e1lost ani o situaci ohro\u017euj\u00edc\u00ed ve\u0159ejnost.<\/p>\n<p>Z tohoto d\u016fvodu bude <strong><span style=\"color: #ff0000;\">\u00fa\u0159ad v p\u00e1tek 11. 9. 2026<\/span><\/strong> pro ve\u0159ejnost<span style=\"color: #ff0000;\"><strong> uzav\u0159en<\/strong><\/span>.<br \/>\nD\u011bkujeme za pochopen\u00ed.<\/p>\n<p style=\"text-align: right;\">Zve\u0159ejn\u011bno: 2. z\u00e1\u0159\u00ed 2026<\/p>\n","protected":false},"excerpt":{"rendered":"<p>V p\u00e1tek 11. z\u00e1\u0159\u00ed 2026 od 7:30 hodin prob\u011bhne ve spolupr\u00e1ci s Polici\u00ed \u010cesk\u00e9 republiky v\u00a0budov\u00e1ch \u00fa\u0159adu m\u011bstsk\u00e9 \u010d\u00e1sti (Brat\u0159\u00ed Vencl\u00edk\u016f \u010d. 1073 a 1072) pl\u00e1novan\u00e9 bezpe\u010dnostn\u00ed cvi\u010den\u00ed, zam\u011b\u0159en\u00e9 na p\u0159ipravenost na mimo\u0159\u00e1dn\u00e9 situace a ochranu osob v budov\u011b \u00fa\u0159adu. Cvi\u010den\u00ed m\u00e1 v\u00fdhradn\u011b preventivn\u00ed charakter a jeho c\u00edlem je prov\u011b\u0159it a zdokonalit postupy, kter\u00e9 p\u0159isp\u00edvaj\u00ed&#8230;<\/p>\n","protected":false},"author":1057,"featured_media":0,"comment_status":"closed","ping_status":"closed","sticky":false,"template":"","format":"standard","meta":{"_acf_changed":false,"footnotes":""},"categories":[1],"tags":[],"class_list":["post-75540","post","type-post","status-publish","format-standard","hentry","category-nezarazene"],"acf":[],"geo":null,"yoast_head":"<!-- This site is optimized with the Yoast SEO plugin v28.3 - https:\/\/yoast.com\/product\/yoast-seo-wordpress\/ -->\n<title>Pl\u00e1novan\u00e9 preventivn\u00ed bezpe\u010dnostn\u00ed cvi\u010den\u00ed na \u00fa\u0159ad\u011b - \u017divot na Praze 14<\/title>\n<meta name=\"robots\" content=\"index, follow, max-snippet:-1, max-image-preview:large, max-video-preview:-1\" \/>\n<link rel=\"canonical\" href=\"https:\/\/www.praha14.cz\/zivot-na-praze-14\/planovane-preventivni-bezpecnostni-cviceni-na-urade\/\" \/>\n<meta property=\"og:locale\" content=\"cs_CZ\" \/>\n<meta property=\"og:type\" content=\"article\" \/>\n<meta property=\"og:title\" content=\"Pl\u00e1novan\u00e9 preventivn\u00ed bezpe\u010dnostn\u00ed cvi\u010den\u00ed na \u00fa\u0159ad\u011b - \u017divot na Praze 14\" \/>\n<meta property=\"og:description\" content=\"V p\u00e1tek 11. z\u00e1\u0159\u00ed 2026 od 7:30 hodin prob\u011bhne ve spolupr\u00e1ci s Polici\u00ed \u010cesk\u00e9 republiky v\u00a0budov\u00e1ch \u00fa\u0159adu m\u011bstsk\u00e9 \u010d\u00e1sti (Brat\u0159\u00ed Vencl\u00edk\u016f \u010d. 1073 a 1072) pl\u00e1novan\u00e9 bezpe\u010dnostn\u00ed cvi\u010den\u00ed, zam\u011b\u0159en\u00e9 na p\u0159ipravenost na mimo\u0159\u00e1dn\u00e9 situace a ochranu osob v budov\u011b \u00fa\u0159adu. Cvi\u010den\u00ed m\u00e1 v\u00fdhradn\u011b preventivn\u00ed charakter a jeho c\u00edlem je prov\u011b\u0159it a zdokonalit postupy, kter\u00e9 p\u0159isp\u00edvaj\u00ed...\" \/>\n<meta property=\"og:url\" content=\"https:\/\/www.praha14.cz\/zivot-na-praze-14\/planovane-preventivni-bezpecnostni-cviceni-na-urade\/\" \/>\n<meta property=\"og:site_name\" content=\"\u017divot na Praze 14\" \/>\n<meta property=\"article:published_time\" content=\"2026-09-02T10:34:34+00:00\" \/>\n<meta name=\"author\" content=\"Odd\u011blen\u00ed komunikace\" \/>\n<meta name=\"twitter:card\" content=\"summary_large_image\" \/>\n<meta name=\"twitter:label1\" content=\"Written by\" \/>\n\t<meta name=\"twitter:data1\" content=\"Odd\u011blen\u00ed komunikace\" \/>\n\t<meta name=\"twitter:label2\" content=\"Est. reading time\" \/>\n\t<meta name=\"twitter:data2\" content=\"1 minuta\" \/>\n<script type=\"application\/ld+json\" class=\"yoast-schema-graph\">{\"@context\":\"https:\\\/\\\/schema.org\",\"@graph\":[{\"@type\":\"Article\",\"@id\":\"https:\\\/\\\/www.praha14.cz\\\/zivot-na-praze-14\\\/planovane-preventivni-bezpecnostni-cviceni-na-urade\\\/#article\",\"isPartOf\":{\"@id\":\"https:\\\/\\\/www.praha14.cz\\\/zivot-na-praze-14\\\/planovane-preventivni-bezpecnostni-cviceni-na-urade\\\/\"},\"author\":{\"name\":\"Odd\u011blen\u00ed komunikace\",\"@id\":\"https:\\\/\\\/www.praha14.cz\\\/zivot-na-praze-14\\\/#\\\/schema\\\/person\\\/127a1d778cbcf76b257f93fb8c42591c\"},\"headline\":\"Pl\u00e1novan\u00e9 preventivn\u00ed bezpe\u010dnostn\u00ed cvi\u010den\u00ed na \u00fa\u0159ad\u011b\",\"datePublished\":\"2026-09-02T10:34:34+00:00\",\"mainEntityOfPage\":{\"@id\":\"https:\\\/\\\/www.praha14.cz\\\/zivot-na-praze-14\\\/planovane-preventivni-bezpecnostni-cviceni-na-urade\\\/\"},\"wordCount\":128,\"inLanguage\":\"cs\"},{\"@type\":\"WebPage\",\"@id\":\"https:\\\/\\\/www.praha14.cz\\\/zivot-na-praze-14\\\/planovane-preventivni-bezpecnostni-cviceni-na-urade\\\/\",\"url\":\"https:\\\/\\\/www.praha14.cz\\\/zivot-na-praze-14\\\/planovane-preventivni-bezpecnostni-cviceni-na-urade\\\/\",\"name\":\"Pl\u00e1novan\u00e9 preventivn\u00ed bezpe\u010dnostn\u00ed cvi\u010den\u00ed na \u00fa\u0159ad\u011b - \u017divot na Praze 14\",\"isPartOf\":{\"@id\":\"https:\\\/\\\/www.praha14.cz\\\/zivot-na-praze-14\\\/#website\"},\"datePublished\":\"2026-09-02T10:34:34+00:00\",\"author\":{\"@id\":\"https:\\\/\\\/www.praha14.cz\\\/zivot-na-praze-14\\\/#\\\/schema\\\/person\\\/127a1d778cbcf76b257f93fb8c42591c\"},\"breadcrumb\":{\"@id\":\"https:\\\/\\\/www.praha14.cz\\\/zivot-na-praze-14\\\/planovane-preventivni-bezpecnostni-cviceni-na-urade\\\/#breadcrumb\"},\"inLanguage\":\"cs\",\"potentialAction\":[{\"@type\":\"ReadAction\",\"target\":[\"https:\\\/\\\/www.praha14.cz\\\/zivot-na-praze-14\\\/planovane-preventivni-bezpecnostni-cviceni-na-urade\\\/\"]}]},{\"@type\":\"BreadcrumbList\",\"@id\":\"https:\\\/\\\/www.praha14.cz\\\/zivot-na-praze-14\\\/planovane-preventivni-bezpecnostni-cviceni-na-urade\\\/#breadcrumb\",\"itemListElement\":[{\"@type\":\"ListItem\",\"position\":1,\"name\":\"\u017divot na Praze 14\",\"item\":\"https:\\\/\\\/www.praha14.cz\\\/zivot-na-praze-14\\\/\"},{\"@type\":\"ListItem\",\"position\":2,\"name\":\"Pl\u00e1novan\u00e9 preventivn\u00ed bezpe\u010dnostn\u00ed cvi\u010den\u00ed na \u00fa\u0159ad\u011b\"}]},{\"@type\":\"WebSite\",\"@id\":\"https:\\\/\\\/www.praha14.cz\\\/zivot-na-praze-14\\\/#website\",\"url\":\"https:\\\/\\\/www.praha14.cz\\\/zivot-na-praze-14\\\/\",\"name\":\"\u017divot na Praze 14\",\"description\":\"\",\"potentialAction\":[{\"@type\":\"SearchAction\",\"target\":{\"@type\":\"EntryPoint\",\"urlTemplate\":\"https:\\\/\\\/www.praha14.cz\\\/zivot-na-praze-14\\\/?s={search_term_string}\"},\"query-input\":{\"@type\":\"PropertyValueSpecification\",\"valueRequired\":true,\"valueName\":\"search_term_string\"}}],\"inLanguage\":\"cs\"},{\"@type\":\"Person\",\"@id\":\"https:\\\/\\\/www.praha14.cz\\\/zivot-na-praze-14\\\/#\\\/schema\\\/person\\\/127a1d778cbcf76b257f93fb8c42591c\",\"name\":\"Odd\u011blen\u00ed komunikace\",\"image\":{\"@type\":\"ImageObject\",\"inLanguage\":\"cs\",\"@id\":\"https:\\\/\\\/secure.gravatar.com\\\/avatar\\\/e958f3d1e915848093abf89585ec4bb6a7daede2e0322c416842d9f94c3fdaca?s=96&d=mm&r=g\",\"url\":\"https:\\\/\\\/secure.gravatar.com\\\/avatar\\\/e958f3d1e915848093abf89585ec4bb6a7daede2e0322c416842d9f94c3fdaca?s=96&d=mm&r=g\",\"contentUrl\":\"https:\\\/\\\/secure.gravatar.com\\\/avatar\\\/e958f3d1e915848093abf89585ec4bb6a7daede2e0322c416842d9f94c3fdaca?s=96&d=mm&r=g\",\"caption\":\"Odd\u011blen\u00ed komunikace\"},\"url\":\"https:\\\/\\\/www.praha14.cz\\\/zivot-na-praze-14\\\/author\\\/luciehlavackova\\\/\"}]}<\/script>\n<!-- \/ Yoast SEO plugin. -->","yoast_head_json":{"title":"Pl\u00e1novan\u00e9 preventivn\u00ed bezpe\u010dnostn\u00ed cvi\u010den\u00ed na \u00fa\u0159ad\u011b - \u017divot na Praze 14","robots":{"index":"index","follow":"follow","max-snippet":"max-snippet:-1","max-image-preview":"max-image-preview:large","max-video-preview":"max-video-preview:-1"},"canonical":"https:\/\/www.praha14.cz\/zivot-na-praze-14\/planovane-preventivni-bezpecnostni-cviceni-na-urade\/","og_locale":"cs_CZ","og_type":"article","og_title":"Pl\u00e1novan\u00e9 preventivn\u00ed bezpe\u010dnostn\u00ed cvi\u010den\u00ed na \u00fa\u0159ad\u011b - \u017divot na Praze 14","og_description":"V p\u00e1tek 11. z\u00e1\u0159\u00ed 2026 od 7:30 hodin prob\u011bhne ve spolupr\u00e1ci s Polici\u00ed \u010cesk\u00e9 republiky v\u00a0budov\u00e1ch \u00fa\u0159adu m\u011bstsk\u00e9 \u010d\u00e1sti (Brat\u0159\u00ed Vencl\u00edk\u016f \u010d. 1073 a 1072) pl\u00e1novan\u00e9 bezpe\u010dnostn\u00ed cvi\u010den\u00ed, zam\u011b\u0159en\u00e9 na p\u0159ipravenost na mimo\u0159\u00e1dn\u00e9 situace a ochranu osob v budov\u011b \u00fa\u0159adu. Cvi\u010den\u00ed m\u00e1 v\u00fdhradn\u011b preventivn\u00ed charakter a jeho c\u00edlem je prov\u011b\u0159it a zdokonalit postupy, kter\u00e9 p\u0159isp\u00edvaj\u00ed...","og_url":"https:\/\/www.praha14.cz\/zivot-na-praze-14\/planovane-preventivni-bezpecnostni-cviceni-na-urade\/","og_site_name":"\u017divot na Praze 14","article_published_time":"2026-09-02T10:34:34+00:00","author":"Odd\u011blen\u00ed komunikace","twitter_card":"summary_large_image","twitter_misc":{"Written by":"Odd\u011blen\u00ed komunikace","Est. reading time":"1 minuta"},"schema":{"@context":"https:\/\/schema.org","@graph":[{"@type":"Article","@id":"https:\/\/www.praha14.cz\/zivot-na-praze-14\/planovane-preventivni-bezpecnostni-cviceni-na-urade\/#article","isPartOf":{"@id":"https:\/\/www.praha14.cz\/zivot-na-praze-14\/planovane-preventivni-bezpecnostni-cviceni-na-urade\/"},"author":{"name":"Odd\u011blen\u00ed komunikace","@id":"https:\/\/www.praha14.cz\/zivot-na-praze-14\/#\/schema\/person\/127a1d778cbcf76b257f93fb8c42591c"},"headline":"Pl\u00e1novan\u00e9 preventivn\u00ed bezpe\u010dnostn\u00ed cvi\u010den\u00ed na \u00fa\u0159ad\u011b","datePublished":"2026-09-02T10:34:34+00:00","mainEntityOfPage":{"@id":"https:\/\/www.praha14.cz\/zivot-na-praze-14\/planovane-preventivni-bezpecnostni-cviceni-na-urade\/"},"wordCount":128,"inLanguage":"cs"},{"@type":"WebPage","@id":"https:\/\/www.praha14.cz\/zivot-na-praze-14\/planovane-preventivni-bezpecnostni-cviceni-na-urade\/","url":"https:\/\/www.praha14.cz\/zivot-na-praze-14\/planovane-preventivni-bezpecnostni-cviceni-na-urade\/","name":"Pl\u00e1novan\u00e9 preventivn\u00ed bezpe\u010dnostn\u00ed cvi\u010den\u00ed na \u00fa\u0159ad\u011b - \u017divot na Praze 14","isPartOf":{"@id":"https:\/\/www.praha14.cz\/zivot-na-praze-14\/#website"},"datePublished":"2026-09-02T10:34:34+00:00","author":{"@id":"https:\/\/www.praha14.cz\/zivot-na-praze-14\/#\/schema\/person\/127a1d778cbcf76b257f93fb8c42591c"},"breadcrumb":{"@id":"https:\/\/www.praha14.cz\/zivot-na-praze-14\/planovane-preventivni-bezpecnostni-cviceni-na-urade\/#breadcrumb"},"inLanguage":"cs","potentialAction":[{"@type":"ReadAction","target":["https:\/\/www.praha14.cz\/zivot-na-praze-14\/planovane-preventivni-bezpecnostni-cviceni-na-urade\/"]}]},{"@type":"BreadcrumbList","@id":"https:\/\/www.praha14.cz\/zivot-na-praze-14\/planovane-preventivni-bezpecnostni-cviceni-na-urade\/#breadcrumb","itemListElement":[{"@type":"ListItem","position":1,"name":"\u017divot na Praze 14","item":"https:\/\/www.praha14.cz\/zivot-na-praze-14\/"},{"@type":"ListItem","position":2,"name":"Pl\u00e1novan\u00e9 preventivn\u00ed bezpe\u010dnostn\u00ed cvi\u010den\u00ed na \u00fa\u0159ad\u011b"}]},{"@type":"WebSite","@id":"https:\/\/www.praha14.cz\/zivot-na-praze-14\/#website","url":"https:\/\/www.praha14.cz\/zivot-na-praze-14\/","name":"\u017divot na Praze 14","description":"","potentialAction":[{"@type":"SearchAction","target":{"@type":"EntryPoint","urlTemplate":"https:\/\/www.praha14.cz\/zivot-na-praze-14\/?s={search_term_string}"},"query-input":{"@type":"PropertyValueSpecification","valueRequired":true,"valueName":"search_term_string"}}],"inLanguage":"cs"},{"@type":"Person","@id":"https:\/\/www.praha14.cz\/zivot-na-praze-14\/#\/schema\/person\/127a1d778cbcf76b257f93fb8c42591c","name":"Odd\u011blen\u00ed komunikace","image":{"@type":"ImageObject","inLanguage":"cs","@id":"https:\/\/secure.gravatar.com\/avatar\/e958f3d1e915848093abf89585ec4bb6a7daede2e0322c416842d9f94c3fdaca?s=96&d=mm&r=g","url":"https:\/\/secure.gravatar.com\/avatar\/e958f3d1e915848093abf89585ec4bb6a7daede2e0322c416842d9f94c3fdaca?s=96&d=mm&r=g","contentUrl":"https:\/\/secure.gravatar.com\/avatar\/e958f3d1e915848093abf89585ec4bb6a7daede2e0322c416842d9f94c3fdaca?s=96&d=mm&r=g","caption":"Odd\u011blen\u00ed komunikace"},"url":"https:\/\/www.praha14.cz\/zivot-na-praze-14\/author\/luciehlavackova\/"}]}},"_links":{"self":[{"href":"https:\/\/www.praha14.cz\/zivot-na-praze-14\/wp-json\/wp\/v2\/posts\/75540","targetHints":{"allow":["GET"]}}],"collection":[{"href":"https:\/\/www.praha14.cz\/zivot-na-praze-14\/wp-json\/wp\/v2\/posts"}],"about":[{"href":"https:\/\/www.praha14.cz\/zivot-na-praze-14\/wp-json\/wp\/v2\/types\/post"}],"author":[{"embeddable":true,"href":"https:\/\/www.praha14.cz\/zivot-na-praze-14\/wp-json\/wp\/v2\/users\/1057"}],"replies":[{"embeddable":true,"href":"https:\/\/www.praha14.cz\/zivot-na-praze-14\/wp-json\/wp\/v2\/comments?post=75540"}],"version-history":[{"count":1,"href":"https:\/\/www.praha14.cz\/zivot-na-praze-14\/wp-json\/wp\/v2\/posts\/75540\/revisions"}],"predecessor-version":[{"id":75542,"href":"https:\/\/www.praha14.cz\/zivot-na-praze-14\/wp-json\/wp\/v2\/posts\/75540\/revisions\/75542"}],"wp:attachment":[{"href":"https:\/\/www.praha14.cz\/zivot-na-praze-14\/wp-json\/wp\/v2\/media?parent=75540"}],"wp:term":[{"taxonomy":"category","embeddable":true,"href":"https:\/\/www.praha14.cz\/zivot-na-praze-14\/wp-json\/wp\/v2\/categories?post=75540"},{"taxonomy":"post_tag","embeddable":true,"href":"https:\/\/www.praha14.cz\/zivot-na-praze-14\/wp-json\/wp\/v2\/tags?post=75540"}],"curies":[{"name":"wp","href":"https:\/\/api.w.org\/{rel}","templated":true}]}}