{"id":75564,"date":"2026-09-03T08:50:55","date_gmt":"2026-09-03T08:50:55","guid":{"rendered":"https:\/\/www.praha14.cz\/zivot-na-praze-14\/?p=75564"},"modified":"2026-09-03T08:50:55","modified_gmt":"2026-09-03T08:50:55","slug":"tz-10-2026-nova-posila-pro-bezpecnejsi-prahu-14-do-ulic-miri-asistenti-prevence-kriminality","status":"publish","type":"post","link":"https:\/\/www.praha14.cz\/zivot-na-praze-14\/tz-10-2026-nova-posila-pro-bezpecnejsi-prahu-14-do-ulic-miri-asistenti-prevence-kriminality\/","title":{"rendered":"TZ 10\/2026 Nov\u00e1 posila pro bezpe\u010dn\u011bj\u0161\u00ed Prahu 14: do ulic m\u00ed\u0159\u00ed asistenti prevence kriminality"},"content":{"rendered":"<p><strong>V ulic\u00edch Prahy 14 nov\u011b p\u016fsob\u00ed asistenti prevence kriminality. Prvn\u00ed z nich nastoupili ji\u017e v pr\u016fb\u011bhu srpna, uplynul\u00e9 t\u00fddny v\u0161ak v\u011bnovali p\u0159edev\u0161\u00edm p\u0159\u00edprav\u011b na pr\u00e1ci v ter\u00e9nu. Nyn\u00ed, na za\u010d\u00e1tku z\u00e1\u0159\u00ed, zahajuj\u00ed svou \u010dinnost ve ve\u0159ejn\u00e9m prostoru. Projekt je jedn\u00edm z kl\u00ed\u010dov\u00fdch opat\u0159en\u00ed Koncepce prevence kriminality a bezpe\u010dnosti na obdob\u00ed 2026\u20132031, kterou zastupitel\u00e9 Prahy 14 schv\u00e1lili letos na ja\u0159e. Na jeho realizaci z\u00edskala radnice dotaci od Ministerstva vnitra \u010cR. <\/strong><\/p>\n<p><em>\u201eProjekt asistent\u016f prevence kriminality jsme p\u0159ipravili bezprost\u0159edn\u011b po schv\u00e1len\u00ed nov\u00e9 bezpe\u010dnostn\u00ed koncepce, kter\u00e1 se stala podkladem pro \u017e\u00e1dost o dotaci. To, \u017ee n\u00e1\u0161 projekt usp\u011bl v grantov\u00e9m \u0159\u00edzen\u00ed Ministerstva vnitra, pova\u017euji za velk\u00fd \u00fasp\u011bch. Nejde ale jen o z\u00edskan\u00e9 finan\u010dn\u00ed prost\u0159edky. P\u0159edev\u0161\u00edm se n\u00e1m poda\u0159ilo p\u0159ev\u00e9st dlouhodobou vizi bezpe\u010dn\u011bj\u0161\u00ed Prahy 14 do konkr\u00e9tn\u00edho opat\u0159en\u00ed. V\u011b\u0159\u00edm, \u017ee jeho p\u0159\u00ednos ob\u010dan\u00e9 poc\u00edt\u00ed p\u0159\u00edmo ve sv\u00e9m okol\u00ed,\u201c <\/em>uvedla m\u00edstostarostka Prahy 14 So\u0148a Tom\u00e1nkov\u00e1, kter\u00e1 m\u00e1 oblast bezpe\u010dnosti ve sv\u00e9 gesci.<\/p>\n<p><strong>\u00a0<\/strong><strong>P\u0159\u00edprava na pr\u00e1ci v ter\u00e9nu<\/strong><\/p>\n<p>Ne\u017e asistenti vyrazili do ulic, absolvovali t\u00e9m\u011b\u0159 dvout\u00fddenn\u00ed p\u0159\u00edpravu. Vedle person\u00e1ln\u00edch a administrativn\u00edch krok\u016f bylo nutn\u00e9 zajistit jejich vybaven\u00ed v\u010detn\u011b pracovn\u00edho o\u0161acen\u00ed a odborn\u011b je p\u0159ipravit na pr\u00e1ci ve ve\u0159ejn\u00e9m prostoru.<\/p>\n<p>Za\u010d\u00e1tek z\u00e1\u0159\u00ed pat\u0159\u00ed p\u0159edev\u0161\u00edm intenzivn\u00edmu seznamov\u00e1n\u00ed s ter\u00e9nem. Pod veden\u00edm mentora mjr. Pavla Mare\u010dka asistenti mapuj\u00ed jednotliv\u00e9 lokality, seznamuj\u00ed se s konkr\u00e9tn\u00edmi probl\u00e9my, kter\u00e9 se v Praze 14 opakovan\u011b objevuj\u00ed, a u\u010d\u00ed se spr\u00e1vn\u011b vyhodnocovat situace i volit postupy, kter\u00e9 mohou p\u0159isp\u011bt k jejich efektivn\u00edmu \u0159e\u0161en\u00ed.<\/p>\n<p><em>\u201eV r\u00e1mci Obvodn\u00edho \u0159editelstv\u00ed policie Praha III ji\u017e asistenti prevence kriminality p\u016fsob\u00ed na m\u011bstsk\u00fdch \u010d\u00e1stech Praha 3 a 9. Velice kvitujeme jejich \u010dinnost a spolupr\u00e1ci s p\u0159\u00edslu\u0161n\u00fdmi m\u00edstn\u00edmi odd\u011blen\u00edmi. Z\u00e1rove\u0148 vn\u00edm\u00e1me pozitivn\u00ed zp\u011btnou vazbu od ob\u010dan\u016f i municipalit. Asistenti prevence kriminality dok\u00e1zali dlouhodob\u00fdm p\u016fsoben\u00edm zv\u00fd\u0161it pocit bezpe\u010d\u00ed a kultivovat ve\u0159ejn\u00fd prostor v kritick\u00fdch lokalit\u00e1ch. Jsem p\u0159esv\u011bd\u010den, \u017ee jejich \u010dinnost se pozitivn\u011b projev\u00ed i na Praze 14,\u201c <\/em>\u0159ekl mjr. Pavel Mare\u010dek, vrchn\u00ed komisa\u0159 vn\u011bj\u0161\u00ed slu\u017eby Obvodn\u00edho \u0159editelstv\u00ed policie Praha III.<\/p>\n<p>Policie \u010cesk\u00e9 republiky nad projektem p\u0159evzala odbornou z\u00e1\u0161titu a prost\u0159ednictv\u00edm mentoringu se pod\u00edl\u00ed na p\u0159\u00edprav\u011b asistent\u016f pro jejich p\u016fsoben\u00ed v ter\u00e9nu.<\/p>\n<p><strong>\u00a0<\/strong><strong>Bezpe\u010dnost za\u010d\u00edn\u00e1 prevenc\u00ed<\/strong><\/p>\n<p>Asistenti prevence kriminality nejsou represivn\u00ed slo\u017ekou ani n\u00e1hradou Policie \u010cR \u010di M\u011bstsk\u00e9 policie hl. m. Prahy. Jejich role spo\u010d\u00edv\u00e1 p\u0159edev\u0161\u00edm v ka\u017edodenn\u00ed p\u0159\u00edtomnosti ve ve\u0159ejn\u00e9m prostoru, znalosti m\u00edstn\u00edho prost\u0159ed\u00ed a v\u010dasn\u00e9m \u0159e\u0161en\u00ed situac\u00ed d\u0159\u00edve, ne\u017e p\u0159erostou ve v\u00e1\u017en\u011bj\u0161\u00ed probl\u00e9m. Budou se pohybovat zejm\u00e9na v lokalit\u00e1ch, kde opakovan\u011b doch\u00e1z\u00ed k z\u00e1vadn\u00e9mu \u010di p\u0159estupkov\u00e9mu chov\u00e1n\u00ed ve ve\u0159ejn\u00e9m prostoru. Jejich \u00fakolem bude komunikovat s lidmi, pom\u00e1hat p\u0159edch\u00e1zet konfliktn\u00edm situac\u00edm, v\u010das upozor\u0148ovat na vznikaj\u00edc\u00ed probl\u00e9my a \u00fazce spolupracovat s Polici\u00ed \u010cR, m\u011bstskou polici\u00ed i dal\u0161\u00edmi institucemi.<\/p>\n<p>\u201e<em>Na\u0161\u00edm c\u00edlem nen\u00ed pouze reagovat na probl\u00e9mov\u00e9 situace, ale p\u0159edev\u0161\u00edm jim p\u0159edch\u00e1zet.<\/em> <em>Chceme pos\u00edlit pocit bezpe\u010d\u00ed obyvatel a vytvo\u0159it p\u0159irozen\u00fd spojovac\u00ed \u010dl\u00e1nek mezi ve\u0159ejnost\u00ed, samospr\u00e1vou a bezpe\u010dnostn\u00edmi slo\u017ekami. Pr\u00e1v\u011b v tom vid\u00edm nejv\u011bt\u0161\u00ed p\u0159\u00ednos asistent\u016f prevence kriminality,\u201c doplnila m\u00edstostarostka So\u0148a Tom\u00e1nkov\u00e1.<\/em><\/p>\n<p><em>\u00a0<\/em>Asistenti se budou postupn\u011b zam\u011b\u0159ovat na m\u00edsta, kde se probl\u00e9my ve ve\u0159ejn\u00e9m prostoru objevuj\u00ed nej\u010dast\u011bji. Pat\u0159\u00ed mezi n\u011b nap\u0159\u00edklad okol\u00ed stanice metra \u010cern\u00fd Most, n\u011bkter\u00e9 s\u00eddli\u0161tn\u00ed vnitrobloky nebo ve\u0159ejn\u00e1 prostranstv\u00ed v Hloub\u011bt\u00edn\u011b.<\/p>\n<p><strong>Spolupr\u00e1ce s\u00a0Prahou 9<\/strong><\/p>\n<p>Praha 14 nen\u00ed v realizaci projektu asistent\u016f prevence kriminality sama. Se stejn\u00fdm modelem ji\u017e druh\u00fdm rokem pracuje tak\u00e9 sousedn\u00ed Praha 9, kde se asistenti stali b\u011b\u017enou sou\u010d\u00e1st\u00ed preventivn\u00edch opat\u0159en\u00ed ve ve\u0159ejn\u00e9m prostoru. Dobr\u00e9 vztahy mezi ob\u011bma m\u011bstsk\u00fdmi \u010d\u00e1stmi nyn\u00ed otev\u00edraj\u00ed prostor i pro u\u017e\u0161\u00ed spolupr\u00e1ci v oblasti bezpe\u010dnosti a prevence kriminality.<\/p>\n<p>Vzhledem k tomu, \u017ee \u0159ada negativn\u00edch jev\u016f ve ve\u0159ejn\u00e9m prostoru p\u0159irozen\u011b nekon\u010d\u00ed na hranic\u00edch jednotliv\u00fdch m\u011bstsk\u00fdch \u010d\u00e1st\u00ed, m\u016f\u017ee vz\u00e1jemn\u00e1 koordinace, sd\u00edlen\u00ed zku\u0161enost\u00ed a p\u0159\u00edpadn\u00e1 spolupr\u00e1ce asistent\u016f p\u0159in\u00e9st konkr\u00e9tn\u00ed v\u00fdhody jak Praze 14, tak Praze 9. Spole\u010dn\u00fdm c\u00edlem je p\u0159edev\u0161\u00edm \u00fa\u010dinn\u011bji \u0159e\u0161it problematick\u00e9 jevy, kter\u00e9 se p\u0159esouvaj\u00ed mezi jednotliv\u00fdmi lokalitami.<\/p>\n<p><strong><em>\u00a0<\/em><\/strong><em>\u201eV\u00edt\u00e1m, \u017ee se na\u0161i soused\u00e9 do projektu pustili. Hodn\u011b probl\u00e9mov\u00fdch osob se toti\u017e p\u0159esouv\u00e1 linkou B od nich k\u00a0n\u00e1m a zp\u011bt. S\u00a0m\u011bstskou \u010d\u00e1st\u00ed Praha 14 budeme spolupracovat, vym\u011b\u0148ovat si pravideln\u011b poznatky a\u00a0zku\u0161enosti,\u201c<\/em> dodal m\u00edstostarosta Prahy 9 Adam V\u00e1\u017eansk\u00fd, do jeho\u017e gesce spad\u00e1 mimo jin\u00e9 i bezpe\u010dnost a prevence kriminality.<\/p>\n<p>Projekt je financov\u00e1n z prost\u0159edk\u016f m\u011bstsk\u00e9 \u010d\u00e1sti Praha 14 a z dotace Ministerstva vnitra, kter\u00e1 pokr\u00fdv\u00e1 p\u0159ibli\u017en\u011b polovinu n\u00e1klad\u016f.<\/p>\n<p><em>\u201eJsem r\u00e1da, \u017ee se n\u00e1m pro projekt asistent\u016f prevence kriminality poda\u0159ilo z\u00edskat podporu Ministerstva vnitra \u010cR. Celkov\u00e9 n\u00e1klady dosahuj\u00ed p\u0159ibli\u017en\u011b 1,4 milionu korun, p\u0159i\u010dem\u017e polovinu pokr\u00fdv\u00e1 ministersk\u00e1 dotace a druhou polovinu hrad\u00ed Praha 14 ze sv\u00e9ho rozpo\u010dtu. Bezpe\u010dnost na\u0161ich obyvatel pova\u017eujeme za jednu z priorit, a proto v\u011b\u0159\u00edm, \u017ee se asistenti prevence kriminality stanou trvalou sou\u010d\u00e1st\u00ed syst\u00e9mu preventivn\u00edch opat\u0159en\u00ed v Praze 14 i v dal\u0161\u00edch letech,\u201c<\/em> uvedla 1. m\u00edstostarostka Prahy 14 M\u00e1ria \u0160ev\u010d\u00edkov\u00e1, kter\u00e1 m\u00e1 v\u00a0gesci rozpo\u010det a investice.<\/p>\n<p>&nbsp;<\/p>\n<p><em><strong>Pro v\u00edce informac\u00ed:<\/strong><\/em><em><br \/>\nVeronika Bern\u00e1<br \/>\nvedouc\u00ed odd\u011blen\u00ed komunikace<br \/>\n<\/em><em>Odbor kultury a komunikace \u00daM\u010c Praha 14<\/em><em><br \/>\nTel.: \u00a0225\u00a0295\u00a0603, mobil: 605\u00a0222 238<br \/>\nE-mail: veronika.berna@praha14.cz<\/em><\/p>\n","protected":false},"excerpt":{"rendered":"<p>V ulic\u00edch Prahy 14 nov\u011b p\u016fsob\u00ed asistenti prevence kriminality. Prvn\u00ed z nich nastoupili ji\u017e v pr\u016fb\u011bhu srpna, uplynul\u00e9 t\u00fddny v\u0161ak v\u011bnovali p\u0159edev\u0161\u00edm p\u0159\u00edprav\u011b na pr\u00e1ci v ter\u00e9nu. Nyn\u00ed, na za\u010d\u00e1tku z\u00e1\u0159\u00ed, zahajuj\u00ed svou \u010dinnost ve ve\u0159ejn\u00e9m prostoru. Projekt je jedn\u00edm z kl\u00ed\u010dov\u00fdch opat\u0159en\u00ed Koncepce prevence kriminality a bezpe\u010dnosti na obdob\u00ed 2026\u20132031, kterou zastupitel\u00e9 Prahy 14&#8230;<\/p>\n","protected":false},"author":6,"featured_media":0,"comment_status":"closed","ping_status":"closed","sticky":false,"template":"","format":"standard","meta":{"_acf_changed":false,"footnotes":""},"categories":[1],"tags":[110],"class_list":["post-75564","post","type-post","status-publish","format-standard","hentry","category-nezarazene","tag-tiskove-zpravy"],"acf":[],"geo":null,"yoast_head":"<!-- This site is optimized with the Yoast SEO plugin v28.3 - https:\/\/yoast.com\/product\/yoast-seo-wordpress\/ -->\n<title>TZ 10\/2026 Nov\u00e1 posila pro bezpe\u010dn\u011bj\u0161\u00ed Prahu 14: do ulic m\u00ed\u0159\u00ed asistenti prevence kriminality - \u017divot na Praze 14<\/title>\n<meta name=\"robots\" content=\"index, follow, max-snippet:-1, max-image-preview:large, max-video-preview:-1\" \/>\n<link rel=\"canonical\" href=\"https:\/\/www.praha14.cz\/zivot-na-praze-14\/tz-10-2026-nova-posila-pro-bezpecnejsi-prahu-14-do-ulic-miri-asistenti-prevence-kriminality\/\" \/>\n<meta property=\"og:locale\" content=\"cs_CZ\" \/>\n<meta property=\"og:type\" content=\"article\" \/>\n<meta property=\"og:title\" content=\"TZ 10\/2026 Nov\u00e1 posila pro bezpe\u010dn\u011bj\u0161\u00ed Prahu 14: do ulic m\u00ed\u0159\u00ed asistenti prevence kriminality - \u017divot na Praze 14\" \/>\n<meta property=\"og:description\" content=\"V ulic\u00edch Prahy 14 nov\u011b p\u016fsob\u00ed asistenti prevence kriminality. Prvn\u00ed z nich nastoupili ji\u017e v pr\u016fb\u011bhu srpna, uplynul\u00e9 t\u00fddny v\u0161ak v\u011bnovali p\u0159edev\u0161\u00edm p\u0159\u00edprav\u011b na pr\u00e1ci v ter\u00e9nu. Nyn\u00ed, na za\u010d\u00e1tku z\u00e1\u0159\u00ed, zahajuj\u00ed svou \u010dinnost ve ve\u0159ejn\u00e9m prostoru. Projekt je jedn\u00edm z kl\u00ed\u010dov\u00fdch opat\u0159en\u00ed Koncepce prevence kriminality a bezpe\u010dnosti na obdob\u00ed 2026\u20132031, kterou zastupitel\u00e9 Prahy 14...\" \/>\n<meta property=\"og:url\" content=\"https:\/\/www.praha14.cz\/zivot-na-praze-14\/tz-10-2026-nova-posila-pro-bezpecnejsi-prahu-14-do-ulic-miri-asistenti-prevence-kriminality\/\" \/>\n<meta property=\"og:site_name\" content=\"\u017divot na Praze 14\" \/>\n<meta property=\"article:published_time\" content=\"2026-09-03T08:50:55+00:00\" \/>\n<meta name=\"author\" content=\"M\u011bstsk\u00e1 \u010d\u00e1st Praha 14\" \/>\n<meta name=\"twitter:card\" content=\"summary_large_image\" \/>\n<meta name=\"twitter:label1\" content=\"Written by\" \/>\n\t<meta name=\"twitter:data1\" content=\"M\u011bstsk\u00e1 \u010d\u00e1st Praha 14\" \/>\n\t<meta name=\"twitter:label2\" content=\"Est. reading time\" \/>\n\t<meta name=\"twitter:data2\" content=\"5 minut\" \/>\n<script type=\"application\/ld+json\" class=\"yoast-schema-graph\">{\"@context\":\"https:\\\/\\\/schema.org\",\"@graph\":[{\"@type\":\"Article\",\"@id\":\"https:\\\/\\\/www.praha14.cz\\\/zivot-na-praze-14\\\/tz-10-2026-nova-posila-pro-bezpecnejsi-prahu-14-do-ulic-miri-asistenti-prevence-kriminality\\\/#article\",\"isPartOf\":{\"@id\":\"https:\\\/\\\/www.praha14.cz\\\/zivot-na-praze-14\\\/tz-10-2026-nova-posila-pro-bezpecnejsi-prahu-14-do-ulic-miri-asistenti-prevence-kriminality\\\/\"},\"author\":{\"name\":\"M\u011bstsk\u00e1 \u010d\u00e1st Praha 14\",\"@id\":\"https:\\\/\\\/www.praha14.cz\\\/zivot-na-praze-14\\\/#\\\/schema\\\/person\\\/1474cc87232cf4e8fd1ceb216decb2ce\"},\"headline\":\"TZ 10\\\/2026 Nov\u00e1 posila pro bezpe\u010dn\u011bj\u0161\u00ed Prahu 14: do ulic m\u00ed\u0159\u00ed asistenti prevence kriminality\",\"datePublished\":\"2026-09-03T08:50:55+00:00\",\"mainEntityOfPage\":{\"@id\":\"https:\\\/\\\/www.praha14.cz\\\/zivot-na-praze-14\\\/tz-10-2026-nova-posila-pro-bezpecnejsi-prahu-14-do-ulic-miri-asistenti-prevence-kriminality\\\/\"},\"wordCount\":1054,\"keywords\":[\"Tiskov\u00e9 zpr\u00e1vy\"],\"inLanguage\":\"cs\"},{\"@type\":\"WebPage\",\"@id\":\"https:\\\/\\\/www.praha14.cz\\\/zivot-na-praze-14\\\/tz-10-2026-nova-posila-pro-bezpecnejsi-prahu-14-do-ulic-miri-asistenti-prevence-kriminality\\\/\",\"url\":\"https:\\\/\\\/www.praha14.cz\\\/zivot-na-praze-14\\\/tz-10-2026-nova-posila-pro-bezpecnejsi-prahu-14-do-ulic-miri-asistenti-prevence-kriminality\\\/\",\"name\":\"TZ 10\\\/2026 Nov\u00e1 posila pro bezpe\u010dn\u011bj\u0161\u00ed Prahu 14: do ulic m\u00ed\u0159\u00ed asistenti prevence kriminality - \u017divot na Praze 14\",\"isPartOf\":{\"@id\":\"https:\\\/\\\/www.praha14.cz\\\/zivot-na-praze-14\\\/#website\"},\"datePublished\":\"2026-09-03T08:50:55+00:00\",\"author\":{\"@id\":\"https:\\\/\\\/www.praha14.cz\\\/zivot-na-praze-14\\\/#\\\/schema\\\/person\\\/1474cc87232cf4e8fd1ceb216decb2ce\"},\"breadcrumb\":{\"@id\":\"https:\\\/\\\/www.praha14.cz\\\/zivot-na-praze-14\\\/tz-10-2026-nova-posila-pro-bezpecnejsi-prahu-14-do-ulic-miri-asistenti-prevence-kriminality\\\/#breadcrumb\"},\"inLanguage\":\"cs\",\"potentialAction\":[{\"@type\":\"ReadAction\",\"target\":[\"https:\\\/\\\/www.praha14.cz\\\/zivot-na-praze-14\\\/tz-10-2026-nova-posila-pro-bezpecnejsi-prahu-14-do-ulic-miri-asistenti-prevence-kriminality\\\/\"]}]},{\"@type\":\"BreadcrumbList\",\"@id\":\"https:\\\/\\\/www.praha14.cz\\\/zivot-na-praze-14\\\/tz-10-2026-nova-posila-pro-bezpecnejsi-prahu-14-do-ulic-miri-asistenti-prevence-kriminality\\\/#breadcrumb\",\"itemListElement\":[{\"@type\":\"ListItem\",\"position\":1,\"name\":\"\u017divot na Praze 14\",\"item\":\"https:\\\/\\\/www.praha14.cz\\\/zivot-na-praze-14\\\/\"},{\"@type\":\"ListItem\",\"position\":2,\"name\":\"TZ 10\\\/2026 Nov\u00e1 posila pro bezpe\u010dn\u011bj\u0161\u00ed Prahu 14: do ulic m\u00ed\u0159\u00ed asistenti prevence kriminality\"}]},{\"@type\":\"WebSite\",\"@id\":\"https:\\\/\\\/www.praha14.cz\\\/zivot-na-praze-14\\\/#website\",\"url\":\"https:\\\/\\\/www.praha14.cz\\\/zivot-na-praze-14\\\/\",\"name\":\"\u017divot na Praze 14\",\"description\":\"\",\"potentialAction\":[{\"@type\":\"SearchAction\",\"target\":{\"@type\":\"EntryPoint\",\"urlTemplate\":\"https:\\\/\\\/www.praha14.cz\\\/zivot-na-praze-14\\\/?s={search_term_string}\"},\"query-input\":{\"@type\":\"PropertyValueSpecification\",\"valueRequired\":true,\"valueName\":\"search_term_string\"}}],\"inLanguage\":\"cs\"},{\"@type\":\"Person\",\"@id\":\"https:\\\/\\\/www.praha14.cz\\\/zivot-na-praze-14\\\/#\\\/schema\\\/person\\\/1474cc87232cf4e8fd1ceb216decb2ce\",\"name\":\"M\u011bstsk\u00e1 \u010d\u00e1st Praha 14\",\"image\":{\"@type\":\"ImageObject\",\"inLanguage\":\"cs\",\"@id\":\"https:\\\/\\\/secure.gravatar.com\\\/avatar\\\/e51dd751c5fcbc2776e05ea4f0dca77132897c8db7e45d2d1d7d428fc20c00ef?s=96&d=mm&r=g\",\"url\":\"https:\\\/\\\/secure.gravatar.com\\\/avatar\\\/e51dd751c5fcbc2776e05ea4f0dca77132897c8db7e45d2d1d7d428fc20c00ef?s=96&d=mm&r=g\",\"contentUrl\":\"https:\\\/\\\/secure.gravatar.com\\\/avatar\\\/e51dd751c5fcbc2776e05ea4f0dca77132897c8db7e45d2d1d7d428fc20c00ef?s=96&d=mm&r=g\",\"caption\":\"M\u011bstsk\u00e1 \u010d\u00e1st Praha 14\"},\"url\":\"https:\\\/\\\/www.praha14.cz\\\/zivot-na-praze-14\\\/author\\\/veronikaberna\\\/\"}]}<\/script>\n<!-- \/ Yoast SEO plugin. -->","yoast_head_json":{"title":"TZ 10\/2026 Nov\u00e1 posila pro bezpe\u010dn\u011bj\u0161\u00ed Prahu 14: do ulic m\u00ed\u0159\u00ed asistenti prevence kriminality - \u017divot na Praze 14","robots":{"index":"index","follow":"follow","max-snippet":"max-snippet:-1","max-image-preview":"max-image-preview:large","max-video-preview":"max-video-preview:-1"},"canonical":"https:\/\/www.praha14.cz\/zivot-na-praze-14\/tz-10-2026-nova-posila-pro-bezpecnejsi-prahu-14-do-ulic-miri-asistenti-prevence-kriminality\/","og_locale":"cs_CZ","og_type":"article","og_title":"TZ 10\/2026 Nov\u00e1 posila pro bezpe\u010dn\u011bj\u0161\u00ed Prahu 14: do ulic m\u00ed\u0159\u00ed asistenti prevence kriminality - \u017divot na Praze 14","og_description":"V ulic\u00edch Prahy 14 nov\u011b p\u016fsob\u00ed asistenti prevence kriminality. Prvn\u00ed z nich nastoupili ji\u017e v pr\u016fb\u011bhu srpna, uplynul\u00e9 t\u00fddny v\u0161ak v\u011bnovali p\u0159edev\u0161\u00edm p\u0159\u00edprav\u011b na pr\u00e1ci v ter\u00e9nu. Nyn\u00ed, na za\u010d\u00e1tku z\u00e1\u0159\u00ed, zahajuj\u00ed svou \u010dinnost ve ve\u0159ejn\u00e9m prostoru. Projekt je jedn\u00edm z kl\u00ed\u010dov\u00fdch opat\u0159en\u00ed Koncepce prevence kriminality a bezpe\u010dnosti na obdob\u00ed 2026\u20132031, kterou zastupitel\u00e9 Prahy 14...","og_url":"https:\/\/www.praha14.cz\/zivot-na-praze-14\/tz-10-2026-nova-posila-pro-bezpecnejsi-prahu-14-do-ulic-miri-asistenti-prevence-kriminality\/","og_site_name":"\u017divot na Praze 14","article_published_time":"2026-09-03T08:50:55+00:00","author":"M\u011bstsk\u00e1 \u010d\u00e1st Praha 14","twitter_card":"summary_large_image","twitter_misc":{"Written by":"M\u011bstsk\u00e1 \u010d\u00e1st Praha 14","Est. reading time":"5 minut"},"schema":{"@context":"https:\/\/schema.org","@graph":[{"@type":"Article","@id":"https:\/\/www.praha14.cz\/zivot-na-praze-14\/tz-10-2026-nova-posila-pro-bezpecnejsi-prahu-14-do-ulic-miri-asistenti-prevence-kriminality\/#article","isPartOf":{"@id":"https:\/\/www.praha14.cz\/zivot-na-praze-14\/tz-10-2026-nova-posila-pro-bezpecnejsi-prahu-14-do-ulic-miri-asistenti-prevence-kriminality\/"},"author":{"name":"M\u011bstsk\u00e1 \u010d\u00e1st Praha 14","@id":"https:\/\/www.praha14.cz\/zivot-na-praze-14\/#\/schema\/person\/1474cc87232cf4e8fd1ceb216decb2ce"},"headline":"TZ 10\/2026 Nov\u00e1 posila pro bezpe\u010dn\u011bj\u0161\u00ed Prahu 14: do ulic m\u00ed\u0159\u00ed asistenti prevence kriminality","datePublished":"2026-09-03T08:50:55+00:00","mainEntityOfPage":{"@id":"https:\/\/www.praha14.cz\/zivot-na-praze-14\/tz-10-2026-nova-posila-pro-bezpecnejsi-prahu-14-do-ulic-miri-asistenti-prevence-kriminality\/"},"wordCount":1054,"keywords":["Tiskov\u00e9 zpr\u00e1vy"],"inLanguage":"cs"},{"@type":"WebPage","@id":"https:\/\/www.praha14.cz\/zivot-na-praze-14\/tz-10-2026-nova-posila-pro-bezpecnejsi-prahu-14-do-ulic-miri-asistenti-prevence-kriminality\/","url":"https:\/\/www.praha14.cz\/zivot-na-praze-14\/tz-10-2026-nova-posila-pro-bezpecnejsi-prahu-14-do-ulic-miri-asistenti-prevence-kriminality\/","name":"TZ 10\/2026 Nov\u00e1 posila pro bezpe\u010dn\u011bj\u0161\u00ed Prahu 14: do ulic m\u00ed\u0159\u00ed asistenti prevence kriminality - \u017divot na Praze 14","isPartOf":{"@id":"https:\/\/www.praha14.cz\/zivot-na-praze-14\/#website"},"datePublished":"2026-09-03T08:50:55+00:00","author":{"@id":"https:\/\/www.praha14.cz\/zivot-na-praze-14\/#\/schema\/person\/1474cc87232cf4e8fd1ceb216decb2ce"},"breadcrumb":{"@id":"https:\/\/www.praha14.cz\/zivot-na-praze-14\/tz-10-2026-nova-posila-pro-bezpecnejsi-prahu-14-do-ulic-miri-asistenti-prevence-kriminality\/#breadcrumb"},"inLanguage":"cs","potentialAction":[{"@type":"ReadAction","target":["https:\/\/www.praha14.cz\/zivot-na-praze-14\/tz-10-2026-nova-posila-pro-bezpecnejsi-prahu-14-do-ulic-miri-asistenti-prevence-kriminality\/"]}]},{"@type":"BreadcrumbList","@id":"https:\/\/www.praha14.cz\/zivot-na-praze-14\/tz-10-2026-nova-posila-pro-bezpecnejsi-prahu-14-do-ulic-miri-asistenti-prevence-kriminality\/#breadcrumb","itemListElement":[{"@type":"ListItem","position":1,"name":"\u017divot na Praze 14","item":"https:\/\/www.praha14.cz\/zivot-na-praze-14\/"},{"@type":"ListItem","position":2,"name":"TZ 10\/2026 Nov\u00e1 posila pro bezpe\u010dn\u011bj\u0161\u00ed Prahu 14: do ulic m\u00ed\u0159\u00ed asistenti prevence kriminality"}]},{"@type":"WebSite","@id":"https:\/\/www.praha14.cz\/zivot-na-praze-14\/#website","url":"https:\/\/www.praha14.cz\/zivot-na-praze-14\/","name":"\u017divot na Praze 14","description":"","potentialAction":[{"@type":"SearchAction","target":{"@type":"EntryPoint","urlTemplate":"https:\/\/www.praha14.cz\/zivot-na-praze-14\/?s={search_term_string}"},"query-input":{"@type":"PropertyValueSpecification","valueRequired":true,"valueName":"search_term_string"}}],"inLanguage":"cs"},{"@type":"Person","@id":"https:\/\/www.praha14.cz\/zivot-na-praze-14\/#\/schema\/person\/1474cc87232cf4e8fd1ceb216decb2ce","name":"M\u011bstsk\u00e1 \u010d\u00e1st Praha 14","image":{"@type":"ImageObject","inLanguage":"cs","@id":"https:\/\/secure.gravatar.com\/avatar\/e51dd751c5fcbc2776e05ea4f0dca77132897c8db7e45d2d1d7d428fc20c00ef?s=96&d=mm&r=g","url":"https:\/\/secure.gravatar.com\/avatar\/e51dd751c5fcbc2776e05ea4f0dca77132897c8db7e45d2d1d7d428fc20c00ef?s=96&d=mm&r=g","contentUrl":"https:\/\/secure.gravatar.com\/avatar\/e51dd751c5fcbc2776e05ea4f0dca77132897c8db7e45d2d1d7d428fc20c00ef?s=96&d=mm&r=g","caption":"M\u011bstsk\u00e1 \u010d\u00e1st Praha 14"},"url":"https:\/\/www.praha14.cz\/zivot-na-praze-14\/author\/veronikaberna\/"}]}},"_links":{"self":[{"href":"https:\/\/www.praha14.cz\/zivot-na-praze-14\/wp-json\/wp\/v2\/posts\/75564","targetHints":{"allow":["GET"]}}],"collection":[{"href":"https:\/\/www.praha14.cz\/zivot-na-praze-14\/wp-json\/wp\/v2\/posts"}],"about":[{"href":"https:\/\/www.praha14.cz\/zivot-na-praze-14\/wp-json\/wp\/v2\/types\/post"}],"author":[{"embeddable":true,"href":"https:\/\/www.praha14.cz\/zivot-na-praze-14\/wp-json\/wp\/v2\/users\/6"}],"replies":[{"embeddable":true,"href":"https:\/\/www.praha14.cz\/zivot-na-praze-14\/wp-json\/wp\/v2\/comments?post=75564"}],"version-history":[{"count":4,"href":"https:\/\/www.praha14.cz\/zivot-na-praze-14\/wp-json\/wp\/v2\/posts\/75564\/revisions"}],"predecessor-version":[{"id":75568,"href":"https:\/\/www.praha14.cz\/zivot-na-praze-14\/wp-json\/wp\/v2\/posts\/75564\/revisions\/75568"}],"wp:attachment":[{"href":"https:\/\/www.praha14.cz\/zivot-na-praze-14\/wp-json\/wp\/v2\/media?parent=75564"}],"wp:term":[{"taxonomy":"category","embeddable":true,"href":"https:\/\/www.praha14.cz\/zivot-na-praze-14\/wp-json\/wp\/v2\/categories?post=75564"},{"taxonomy":"post_tag","embeddable":true,"href":"https:\/\/www.praha14.cz\/zivot-na-praze-14\/wp-json\/wp\/v2\/tags?post=75564"}],"curies":[{"name":"wp","href":"https:\/\/api.w.org\/{rel}","templated":true}]}}